{"id":34689,"date":"2025-01-13T17:20:32","date_gmt":"2025-01-13T20:20:32","guid":{"rendered":"https:\/\/cmvsf2.org\/web\/?p=34689"},"modified":"2025-01-13T17:20:32","modified_gmt":"2025-01-13T20:20:32","slug":"hablemos-de-salud-mental-el-cmvsf2-junto-al-instituto-de-la-salud-juan-lazarte-realizara-una-encuesta-entre-sus-matriculados-as","status":"publish","type":"post","link":"https:\/\/cmvsf2.org\/web\/2025\/01\/13\/hablemos-de-salud-mental-el-cmvsf2-junto-al-instituto-de-la-salud-juan-lazarte-realizara-una-encuesta-entre-sus-matriculados-as\/","title":{"rendered":"Hablemos de Salud Mental: El CMVSF2 junto al Instituto de la Salud Juan Lazarte realizar\u00e1 una encuesta entre sus matriculados\/ as"},"content":{"rendered":"<p>El CMVSF2 junto con el Instituto de la Salud Juan Lazarte realizar\u00e1 a partir del mes de enero de 2025, <strong><em>un relevamiento respecto de la percepci\u00f3n que tienen las y los profesionales veterinarios respecto de la problem\u00e1tica de la Salud Mental en su \u00e1mbito espec\u00edfico de trabajo. <\/em><\/strong><\/p>\n<p>Se trata de <strong><em>un estudio <\/em><\/strong>que se desarrollar\u00e1, en un primer momento, a trav\u00e9s de <strong><em>una encuesta online autoadministrable<\/em><\/strong> que recibir\u00e1n todos\/as los\/as matriculados\/as de nuestro colegio. El tiempo de llenado de la misma est\u00e1 calculado en aproximadamente 20 minutos.<\/p>\n<p>El objetivo es elaborar un diagn\u00f3stico de situaci\u00f3n de salud\/ salud mental y las condiciones de trabajo e inserci\u00f3n laboral de las y los profesionales m\u00e9dicos veterinarios de la provincia de Santa Fe 2\u00ba Circ.<\/p>\n<p>Los datos relevados ser\u00e1n confidenciales y debidamente resguardados. Las responsables del estudio ser\u00e1n las psic\u00f3logas Ana Cecilia Augsburger y Sandra Gerlero.<\/p>\n<p>Desde la Mesa Directiva del CMVSF2 solicitamos la colaboraci\u00f3n de todos\/as, ya que ser\u00e1 una valiosa herramienta en el camino iniciado de \u201chablar de salud mental en la profesi\u00f3n veterinaria\u201d.\u00a0En los pr\u00f3ximos d\u00edas, nos pondremos nuevamente en contacto para enviarles el link correspondiente y ponemos a disposici\u00f3n las v\u00edas de contacto habituales del Colegio para cualquier consulta que quisieran realizar.<\/p>\n","protected":false},"excerpt":{"rendered":"<p>El CMVSF2 junto con el Instituto de la Salud Juan Lazarte realizar\u00e1 a partir del mes de enero de 2025, un relevamiento respecto de la percepci\u00f3n que tienen las y los profesionales veterinarios respecto de la problem\u00e1tica de la Salud Mental en su \u00e1mbito espec\u00edfico de trabajo. Se trata de un estudio que se desarrollar\u00e1, en un primer momento, a trav\u00e9s de una encuesta [&hellip;]<\/p>\n","protected":false},"author":3,"featured_media":34690,"comment_status":"closed","ping_status":"closed","sticky":false,"template":"","format":"standard","meta":{"_acf_changed":false,"footnotes":""},"categories":[343,345],"tags":[1023,352,925],"class_list":["post-34689","post","type-post","status-publish","format-standard","has-post-thumbnail","hentry","category-destacada","category-institucionales","tag-encuesta","tag-estudio","tag-salud-mental"],"acf":[],"yoast_head":"<!-- This site is optimized with the Yoast SEO plugin v28.2 - https:\/\/yoast.com\/product\/yoast-seo-wordpress\/ -->\n<title>Hablemos de Salud Mental: El CMVSF2 junto al Instituto de la Salud Juan Lazarte realizar\u00e1 una encuesta entre sus matriculados\/ as - Colegio De Veterinarios De Santa Fe 2da. Circunscripci\u00f3n<\/title>\n<meta name=\"description\" content=\"El CMVSF2 junto con el Instituto de la Salud Juan Lazarte realizar\u00e1 a partir del mes de enero de 2025, un relevamiento respecto de la percepci\u00f3n que\" \/>\n<meta name=\"robots\" content=\"index, follow, max-snippet:-1, max-image-preview:large, max-video-preview:-1\" \/>\n<link rel=\"canonical\" href=\"https:\/\/cmvsf2.org\/web\/2025\/01\/13\/hablemos-de-salud-mental-el-cmvsf2-junto-al-instituto-de-la-salud-juan-lazarte-realizara-una-encuesta-entre-sus-matriculados-as\/\" \/>\n<meta property=\"og:locale\" content=\"es_ES\" \/>\n<meta property=\"og:type\" content=\"article\" \/>\n<meta property=\"og:title\" content=\"Hablemos de Salud Mental: El CMVSF2 junto al Instituto de la Salud Juan Lazarte realizar\u00e1 una encuesta entre sus matriculados\/ as - Colegio De Veterinarios De Santa Fe 2da. Circunscripci\u00f3n\" \/>\n<meta property=\"og:description\" content=\"El CMVSF2 junto con el Instituto de la Salud Juan Lazarte realizar\u00e1 a partir del mes de enero de 2025, un relevamiento respecto de la percepci\u00f3n que\" \/>\n<meta property=\"og:url\" content=\"https:\/\/cmvsf2.org\/web\/2025\/01\/13\/hablemos-de-salud-mental-el-cmvsf2-junto-al-instituto-de-la-salud-juan-lazarte-realizara-una-encuesta-entre-sus-matriculados-as\/\" \/>\n<meta property=\"og:site_name\" content=\"Colegio De Veterinarios De Santa Fe 2da. Circunscripci\u00f3n\" \/>\n<meta property=\"article:published_time\" content=\"2025-01-13T20:20:32+00:00\" \/>\n<meta property=\"og:image\" content=\"https:\/\/cmvsf2.org\/web\/wp-content\/uploads\/2025\/01\/caratulas-2025-1.png\" \/>\n\t<meta property=\"og:image:width\" content=\"1080\" \/>\n\t<meta property=\"og:image:height\" content=\"1080\" \/>\n\t<meta property=\"og:image:type\" content=\"image\/png\" \/>\n<meta name=\"author\" content=\"cmvsf2\" \/>\n<meta name=\"twitter:card\" content=\"summary_large_image\" \/>\n<meta name=\"twitter:label1\" content=\"Escrito por\" \/>\n\t<meta name=\"twitter:data1\" content=\"cmvsf2\" \/>\n\t<meta name=\"twitter:label2\" content=\"Tiempo de lectura\" \/>\n\t<meta name=\"twitter:data2\" content=\"2 minutos\" \/>\n<script type=\"application\/ld+json\" class=\"yoast-schema-graph\">{\"@context\":\"https:\\\/\\\/schema.org\",\"@graph\":[{\"@type\":\"Article\",\"@id\":\"https:\\\/\\\/cmvsf2.org\\\/web\\\/2025\\\/01\\\/13\\\/hablemos-de-salud-mental-el-cmvsf2-junto-al-instituto-de-la-salud-juan-lazarte-realizara-una-encuesta-entre-sus-matriculados-as\\\/#article\",\"isPartOf\":{\"@id\":\"https:\\\/\\\/cmvsf2.org\\\/web\\\/2025\\\/01\\\/13\\\/hablemos-de-salud-mental-el-cmvsf2-junto-al-instituto-de-la-salud-juan-lazarte-realizara-una-encuesta-entre-sus-matriculados-as\\\/\"},\"author\":{\"name\":\"cmvsf2\",\"@id\":\"https:\\\/\\\/cmvsf2.org\\\/web\\\/#\\\/schema\\\/person\\\/46ea3630099a4a3df8d89f07cf5f7520\"},\"headline\":\"Hablemos de Salud Mental: El CMVSF2 junto al Instituto de la Salud Juan Lazarte realizar\u00e1 una encuesta entre sus matriculados\\\/ as\",\"datePublished\":\"2025-01-13T20:20:32+00:00\",\"mainEntityOfPage\":{\"@id\":\"https:\\\/\\\/cmvsf2.org\\\/web\\\/2025\\\/01\\\/13\\\/hablemos-de-salud-mental-el-cmvsf2-junto-al-instituto-de-la-salud-juan-lazarte-realizara-una-encuesta-entre-sus-matriculados-as\\\/\"},\"wordCount\":244,\"publisher\":{\"@id\":\"https:\\\/\\\/cmvsf2.org\\\/web\\\/#organization\"},\"image\":{\"@id\":\"https:\\\/\\\/cmvsf2.org\\\/web\\\/2025\\\/01\\\/13\\\/hablemos-de-salud-mental-el-cmvsf2-junto-al-instituto-de-la-salud-juan-lazarte-realizara-una-encuesta-entre-sus-matriculados-as\\\/#primaryimage\"},\"thumbnailUrl\":\"https:\\\/\\\/cmvsf2.org\\\/web\\\/wp-content\\\/uploads\\\/2025\\\/01\\\/caratulas-2025-1.png\",\"keywords\":[\"encuesta\",\"estudio\",\"salud mental\"],\"articleSection\":[\"Destacada\",\"Institucionales\"],\"inLanguage\":\"es\"},{\"@type\":\"WebPage\",\"@id\":\"https:\\\/\\\/cmvsf2.org\\\/web\\\/2025\\\/01\\\/13\\\/hablemos-de-salud-mental-el-cmvsf2-junto-al-instituto-de-la-salud-juan-lazarte-realizara-una-encuesta-entre-sus-matriculados-as\\\/\",\"url\":\"https:\\\/\\\/cmvsf2.org\\\/web\\\/2025\\\/01\\\/13\\\/hablemos-de-salud-mental-el-cmvsf2-junto-al-instituto-de-la-salud-juan-lazarte-realizara-una-encuesta-entre-sus-matriculados-as\\\/\",\"name\":\"Hablemos de Salud Mental: El CMVSF2 junto al Instituto de la Salud Juan Lazarte realizar\u00e1 una encuesta entre sus matriculados\\\/ as - Colegio De Veterinarios De Santa Fe 2da. Circunscripci\u00f3n\",\"isPartOf\":{\"@id\":\"https:\\\/\\\/cmvsf2.org\\\/web\\\/#website\"},\"primaryImageOfPage\":{\"@id\":\"https:\\\/\\\/cmvsf2.org\\\/web\\\/2025\\\/01\\\/13\\\/hablemos-de-salud-mental-el-cmvsf2-junto-al-instituto-de-la-salud-juan-lazarte-realizara-una-encuesta-entre-sus-matriculados-as\\\/#primaryimage\"},\"image\":{\"@id\":\"https:\\\/\\\/cmvsf2.org\\\/web\\\/2025\\\/01\\\/13\\\/hablemos-de-salud-mental-el-cmvsf2-junto-al-instituto-de-la-salud-juan-lazarte-realizara-una-encuesta-entre-sus-matriculados-as\\\/#primaryimage\"},\"thumbnailUrl\":\"https:\\\/\\\/cmvsf2.org\\\/web\\\/wp-content\\\/uploads\\\/2025\\\/01\\\/caratulas-2025-1.png\",\"datePublished\":\"2025-01-13T20:20:32+00:00\",\"description\":\"El CMVSF2 junto con el Instituto de la Salud Juan Lazarte realizar\u00e1 a partir del mes de enero de 2025, un relevamiento respecto de la percepci\u00f3n que\",\"breadcrumb\":{\"@id\":\"https:\\\/\\\/cmvsf2.org\\\/web\\\/2025\\\/01\\\/13\\\/hablemos-de-salud-mental-el-cmvsf2-junto-al-instituto-de-la-salud-juan-lazarte-realizara-una-encuesta-entre-sus-matriculados-as\\\/#breadcrumb\"},\"inLanguage\":\"es\",\"potentialAction\":[{\"@type\":\"ReadAction\",\"target\":[\"https:\\\/\\\/cmvsf2.org\\\/web\\\/2025\\\/01\\\/13\\\/hablemos-de-salud-mental-el-cmvsf2-junto-al-instituto-de-la-salud-juan-lazarte-realizara-una-encuesta-entre-sus-matriculados-as\\\/\"]}]},{\"@type\":\"ImageObject\",\"inLanguage\":\"es\",\"@id\":\"https:\\\/\\\/cmvsf2.org\\\/web\\\/2025\\\/01\\\/13\\\/hablemos-de-salud-mental-el-cmvsf2-junto-al-instituto-de-la-salud-juan-lazarte-realizara-una-encuesta-entre-sus-matriculados-as\\\/#primaryimage\",\"url\":\"https:\\\/\\\/cmvsf2.org\\\/web\\\/wp-content\\\/uploads\\\/2025\\\/01\\\/caratulas-2025-1.png\",\"contentUrl\":\"https:\\\/\\\/cmvsf2.org\\\/web\\\/wp-content\\\/uploads\\\/2025\\\/01\\\/caratulas-2025-1.png\",\"width\":1080,\"height\":1080},{\"@type\":\"BreadcrumbList\",\"@id\":\"https:\\\/\\\/cmvsf2.org\\\/web\\\/2025\\\/01\\\/13\\\/hablemos-de-salud-mental-el-cmvsf2-junto-al-instituto-de-la-salud-juan-lazarte-realizara-una-encuesta-entre-sus-matriculados-as\\\/#breadcrumb\",\"itemListElement\":[{\"@type\":\"ListItem\",\"position\":1,\"name\":\"Portada\",\"item\":\"https:\\\/\\\/cmvsf2.org\\\/web\\\/\"},{\"@type\":\"ListItem\",\"position\":2,\"name\":\"Hablemos de Salud Mental: El CMVSF2 junto al Instituto de la Salud Juan Lazarte realizar\u00e1 una encuesta entre sus matriculados\\\/ as\"}]},{\"@type\":\"WebSite\",\"@id\":\"https:\\\/\\\/cmvsf2.org\\\/web\\\/#website\",\"url\":\"https:\\\/\\\/cmvsf2.org\\\/web\\\/\",\"name\":\"Colegio De Veterinarios De Santa Fe 2da. Circunscripci\u00f3n\",\"description\":\"Sitio institucional del Colegio de M\u00e9dicos Veterinario de Santa Fe 2da. Circunscripci\u00f3n\",\"publisher\":{\"@id\":\"https:\\\/\\\/cmvsf2.org\\\/web\\\/#organization\"},\"potentialAction\":[{\"@type\":\"SearchAction\",\"target\":{\"@type\":\"EntryPoint\",\"urlTemplate\":\"https:\\\/\\\/cmvsf2.org\\\/web\\\/?s={search_term_string}\"},\"query-input\":{\"@type\":\"PropertyValueSpecification\",\"valueRequired\":true,\"valueName\":\"search_term_string\"}}],\"inLanguage\":\"es\"},{\"@type\":\"Organization\",\"@id\":\"https:\\\/\\\/cmvsf2.org\\\/web\\\/#organization\",\"name\":\"Colegio De Veterinarios De Santa Fe 2da. Circunscripci\u00f3n\",\"url\":\"https:\\\/\\\/cmvsf2.org\\\/web\\\/\",\"logo\":{\"@type\":\"ImageObject\",\"inLanguage\":\"es\",\"@id\":\"https:\\\/\\\/cmvsf2.org\\\/web\\\/#\\\/schema\\\/logo\\\/image\\\/\",\"url\":\"http:\\\/\\\/cmvsf2.org\\\/web\\\/wp-content\\\/uploads\\\/2020\\\/03\\\/vector-logo-02.png\",\"contentUrl\":\"http:\\\/\\\/cmvsf2.org\\\/web\\\/wp-content\\\/uploads\\\/2020\\\/03\\\/vector-logo-02.png\",\"width\":2750,\"height\":642,\"caption\":\"Colegio De Veterinarios De Santa Fe 2da. Circunscripci\u00f3n\"},\"image\":{\"@id\":\"https:\\\/\\\/cmvsf2.org\\\/web\\\/#\\\/schema\\\/logo\\\/image\\\/\"}},{\"@type\":\"Person\",\"@id\":\"https:\\\/\\\/cmvsf2.org\\\/web\\\/#\\\/schema\\\/person\\\/46ea3630099a4a3df8d89f07cf5f7520\",\"name\":\"cmvsf2\",\"image\":{\"@type\":\"ImageObject\",\"inLanguage\":\"es\",\"@id\":\"https:\\\/\\\/secure.gravatar.com\\\/avatar\\\/669647b61c77f28f1aa51df04174a5ecb296e9988b4a93d2870666cd1f502cd7?s=96&d=mm&r=g\",\"url\":\"https:\\\/\\\/secure.gravatar.com\\\/avatar\\\/669647b61c77f28f1aa51df04174a5ecb296e9988b4a93d2870666cd1f502cd7?s=96&d=mm&r=g\",\"contentUrl\":\"https:\\\/\\\/secure.gravatar.com\\\/avatar\\\/669647b61c77f28f1aa51df04174a5ecb296e9988b4a93d2870666cd1f502cd7?s=96&d=mm&r=g\",\"caption\":\"cmvsf2\"}}]}<\/script>\n<!-- \/ Yoast SEO plugin. -->","yoast_head_json":{"title":"Hablemos de Salud Mental: El CMVSF2 junto al Instituto de la Salud Juan Lazarte realizar\u00e1 una encuesta entre sus matriculados\/ as - Colegio De Veterinarios De Santa Fe 2da. Circunscripci\u00f3n","description":"El CMVSF2 junto con el Instituto de la Salud Juan Lazarte realizar\u00e1 a partir del mes de enero de 2025, un relevamiento respecto de la percepci\u00f3n que","robots":{"index":"index","follow":"follow","max-snippet":"max-snippet:-1","max-image-preview":"max-image-preview:large","max-video-preview":"max-video-preview:-1"},"canonical":"https:\/\/cmvsf2.org\/web\/2025\/01\/13\/hablemos-de-salud-mental-el-cmvsf2-junto-al-instituto-de-la-salud-juan-lazarte-realizara-una-encuesta-entre-sus-matriculados-as\/","og_locale":"es_ES","og_type":"article","og_title":"Hablemos de Salud Mental: El CMVSF2 junto al Instituto de la Salud Juan Lazarte realizar\u00e1 una encuesta entre sus matriculados\/ as - Colegio De Veterinarios De Santa Fe 2da. Circunscripci\u00f3n","og_description":"El CMVSF2 junto con el Instituto de la Salud Juan Lazarte realizar\u00e1 a partir del mes de enero de 2025, un relevamiento respecto de la percepci\u00f3n que","og_url":"https:\/\/cmvsf2.org\/web\/2025\/01\/13\/hablemos-de-salud-mental-el-cmvsf2-junto-al-instituto-de-la-salud-juan-lazarte-realizara-una-encuesta-entre-sus-matriculados-as\/","og_site_name":"Colegio De Veterinarios De Santa Fe 2da. Circunscripci\u00f3n","article_published_time":"2025-01-13T20:20:32+00:00","og_image":[{"width":1080,"height":1080,"url":"https:\/\/cmvsf2.org\/web\/wp-content\/uploads\/2025\/01\/caratulas-2025-1.png","type":"image\/png"}],"author":"cmvsf2","twitter_card":"summary_large_image","twitter_misc":{"Escrito por":"cmvsf2","Tiempo de lectura":"2 minutos"},"schema":{"@context":"https:\/\/schema.org","@graph":[{"@type":"Article","@id":"https:\/\/cmvsf2.org\/web\/2025\/01\/13\/hablemos-de-salud-mental-el-cmvsf2-junto-al-instituto-de-la-salud-juan-lazarte-realizara-una-encuesta-entre-sus-matriculados-as\/#article","isPartOf":{"@id":"https:\/\/cmvsf2.org\/web\/2025\/01\/13\/hablemos-de-salud-mental-el-cmvsf2-junto-al-instituto-de-la-salud-juan-lazarte-realizara-una-encuesta-entre-sus-matriculados-as\/"},"author":{"name":"cmvsf2","@id":"https:\/\/cmvsf2.org\/web\/#\/schema\/person\/46ea3630099a4a3df8d89f07cf5f7520"},"headline":"Hablemos de Salud Mental: El CMVSF2 junto al Instituto de la Salud Juan Lazarte realizar\u00e1 una encuesta entre sus matriculados\/ as","datePublished":"2025-01-13T20:20:32+00:00","mainEntityOfPage":{"@id":"https:\/\/cmvsf2.org\/web\/2025\/01\/13\/hablemos-de-salud-mental-el-cmvsf2-junto-al-instituto-de-la-salud-juan-lazarte-realizara-una-encuesta-entre-sus-matriculados-as\/"},"wordCount":244,"publisher":{"@id":"https:\/\/cmvsf2.org\/web\/#organization"},"image":{"@id":"https:\/\/cmvsf2.org\/web\/2025\/01\/13\/hablemos-de-salud-mental-el-cmvsf2-junto-al-instituto-de-la-salud-juan-lazarte-realizara-una-encuesta-entre-sus-matriculados-as\/#primaryimage"},"thumbnailUrl":"https:\/\/cmvsf2.org\/web\/wp-content\/uploads\/2025\/01\/caratulas-2025-1.png","keywords":["encuesta","estudio","salud mental"],"articleSection":["Destacada","Institucionales"],"inLanguage":"es"},{"@type":"WebPage","@id":"https:\/\/cmvsf2.org\/web\/2025\/01\/13\/hablemos-de-salud-mental-el-cmvsf2-junto-al-instituto-de-la-salud-juan-lazarte-realizara-una-encuesta-entre-sus-matriculados-as\/","url":"https:\/\/cmvsf2.org\/web\/2025\/01\/13\/hablemos-de-salud-mental-el-cmvsf2-junto-al-instituto-de-la-salud-juan-lazarte-realizara-una-encuesta-entre-sus-matriculados-as\/","name":"Hablemos de Salud Mental: El CMVSF2 junto al Instituto de la Salud Juan Lazarte realizar\u00e1 una encuesta entre sus matriculados\/ as - Colegio De Veterinarios De Santa Fe 2da. Circunscripci\u00f3n","isPartOf":{"@id":"https:\/\/cmvsf2.org\/web\/#website"},"primaryImageOfPage":{"@id":"https:\/\/cmvsf2.org\/web\/2025\/01\/13\/hablemos-de-salud-mental-el-cmvsf2-junto-al-instituto-de-la-salud-juan-lazarte-realizara-una-encuesta-entre-sus-matriculados-as\/#primaryimage"},"image":{"@id":"https:\/\/cmvsf2.org\/web\/2025\/01\/13\/hablemos-de-salud-mental-el-cmvsf2-junto-al-instituto-de-la-salud-juan-lazarte-realizara-una-encuesta-entre-sus-matriculados-as\/#primaryimage"},"thumbnailUrl":"https:\/\/cmvsf2.org\/web\/wp-content\/uploads\/2025\/01\/caratulas-2025-1.png","datePublished":"2025-01-13T20:20:32+00:00","description":"El CMVSF2 junto con el Instituto de la Salud Juan Lazarte realizar\u00e1 a partir del mes de enero de 2025, un relevamiento respecto de la percepci\u00f3n que","breadcrumb":{"@id":"https:\/\/cmvsf2.org\/web\/2025\/01\/13\/hablemos-de-salud-mental-el-cmvsf2-junto-al-instituto-de-la-salud-juan-lazarte-realizara-una-encuesta-entre-sus-matriculados-as\/#breadcrumb"},"inLanguage":"es","potentialAction":[{"@type":"ReadAction","target":["https:\/\/cmvsf2.org\/web\/2025\/01\/13\/hablemos-de-salud-mental-el-cmvsf2-junto-al-instituto-de-la-salud-juan-lazarte-realizara-una-encuesta-entre-sus-matriculados-as\/"]}]},{"@type":"ImageObject","inLanguage":"es","@id":"https:\/\/cmvsf2.org\/web\/2025\/01\/13\/hablemos-de-salud-mental-el-cmvsf2-junto-al-instituto-de-la-salud-juan-lazarte-realizara-una-encuesta-entre-sus-matriculados-as\/#primaryimage","url":"https:\/\/cmvsf2.org\/web\/wp-content\/uploads\/2025\/01\/caratulas-2025-1.png","contentUrl":"https:\/\/cmvsf2.org\/web\/wp-content\/uploads\/2025\/01\/caratulas-2025-1.png","width":1080,"height":1080},{"@type":"BreadcrumbList","@id":"https:\/\/cmvsf2.org\/web\/2025\/01\/13\/hablemos-de-salud-mental-el-cmvsf2-junto-al-instituto-de-la-salud-juan-lazarte-realizara-una-encuesta-entre-sus-matriculados-as\/#breadcrumb","itemListElement":[{"@type":"ListItem","position":1,"name":"Portada","item":"https:\/\/cmvsf2.org\/web\/"},{"@type":"ListItem","position":2,"name":"Hablemos de Salud Mental: El CMVSF2 junto al Instituto de la Salud Juan Lazarte realizar\u00e1 una encuesta entre sus matriculados\/ as"}]},{"@type":"WebSite","@id":"https:\/\/cmvsf2.org\/web\/#website","url":"https:\/\/cmvsf2.org\/web\/","name":"Colegio De Veterinarios De Santa Fe 2da. Circunscripci\u00f3n","description":"Sitio institucional del Colegio de M\u00e9dicos Veterinario de Santa Fe 2da. Circunscripci\u00f3n","publisher":{"@id":"https:\/\/cmvsf2.org\/web\/#organization"},"potentialAction":[{"@type":"SearchAction","target":{"@type":"EntryPoint","urlTemplate":"https:\/\/cmvsf2.org\/web\/?s={search_term_string}"},"query-input":{"@type":"PropertyValueSpecification","valueRequired":true,"valueName":"search_term_string"}}],"inLanguage":"es"},{"@type":"Organization","@id":"https:\/\/cmvsf2.org\/web\/#organization","name":"Colegio De Veterinarios De Santa Fe 2da. Circunscripci\u00f3n","url":"https:\/\/cmvsf2.org\/web\/","logo":{"@type":"ImageObject","inLanguage":"es","@id":"https:\/\/cmvsf2.org\/web\/#\/schema\/logo\/image\/","url":"http:\/\/cmvsf2.org\/web\/wp-content\/uploads\/2020\/03\/vector-logo-02.png","contentUrl":"http:\/\/cmvsf2.org\/web\/wp-content\/uploads\/2020\/03\/vector-logo-02.png","width":2750,"height":642,"caption":"Colegio De Veterinarios De Santa Fe 2da. Circunscripci\u00f3n"},"image":{"@id":"https:\/\/cmvsf2.org\/web\/#\/schema\/logo\/image\/"}},{"@type":"Person","@id":"https:\/\/cmvsf2.org\/web\/#\/schema\/person\/46ea3630099a4a3df8d89f07cf5f7520","name":"cmvsf2","image":{"@type":"ImageObject","inLanguage":"es","@id":"https:\/\/secure.gravatar.com\/avatar\/669647b61c77f28f1aa51df04174a5ecb296e9988b4a93d2870666cd1f502cd7?s=96&d=mm&r=g","url":"https:\/\/secure.gravatar.com\/avatar\/669647b61c77f28f1aa51df04174a5ecb296e9988b4a93d2870666cd1f502cd7?s=96&d=mm&r=g","contentUrl":"https:\/\/secure.gravatar.com\/avatar\/669647b61c77f28f1aa51df04174a5ecb296e9988b4a93d2870666cd1f502cd7?s=96&d=mm&r=g","caption":"cmvsf2"}}]}},"_links":{"self":[{"href":"https:\/\/cmvsf2.org\/web\/wp-json\/wp\/v2\/posts\/34689","targetHints":{"allow":["GET"]}}],"collection":[{"href":"https:\/\/cmvsf2.org\/web\/wp-json\/wp\/v2\/posts"}],"about":[{"href":"https:\/\/cmvsf2.org\/web\/wp-json\/wp\/v2\/types\/post"}],"author":[{"embeddable":true,"href":"https:\/\/cmvsf2.org\/web\/wp-json\/wp\/v2\/users\/3"}],"replies":[{"embeddable":true,"href":"https:\/\/cmvsf2.org\/web\/wp-json\/wp\/v2\/comments?post=34689"}],"version-history":[{"count":1,"href":"https:\/\/cmvsf2.org\/web\/wp-json\/wp\/v2\/posts\/34689\/revisions"}],"predecessor-version":[{"id":34691,"href":"https:\/\/cmvsf2.org\/web\/wp-json\/wp\/v2\/posts\/34689\/revisions\/34691"}],"wp:featuredmedia":[{"embeddable":true,"href":"https:\/\/cmvsf2.org\/web\/wp-json\/wp\/v2\/media\/34690"}],"wp:attachment":[{"href":"https:\/\/cmvsf2.org\/web\/wp-json\/wp\/v2\/media?parent=34689"}],"wp:term":[{"taxonomy":"category","embeddable":true,"href":"https:\/\/cmvsf2.org\/web\/wp-json\/wp\/v2\/categories?post=34689"},{"taxonomy":"post_tag","embeddable":true,"href":"https:\/\/cmvsf2.org\/web\/wp-json\/wp\/v2\/tags?post=34689"}],"curies":[{"name":"wp","href":"https:\/\/api.w.org\/{rel}","templated":true}]}}