{"id":34679,"date":"2025-01-03T14:54:25","date_gmt":"2025-01-03T17:54:25","guid":{"rendered":"https:\/\/cmvsf2.org\/web\/?p=34679"},"modified":"2025-01-03T19:57:08","modified_gmt":"2025-01-03T22:57:08","slug":"acciones-para-incluir-a-los-veterinarios-en-el-programa-objetivo-dengue","status":"publish","type":"post","link":"https:\/\/cmvsf2.org\/web\/2025\/01\/03\/acciones-para-incluir-a-los-veterinarios-en-el-programa-objetivo-dengue\/","title":{"rendered":"Acciones para incluir a los veterinarios en el programa \u201cObjetivo Dengue\u201d"},"content":{"rendered":"<p>Desde el Colegio de M\u00e9dicos Veterinarios de la Provincia de Santa Fe, queremos informar l<em><strong>as acciones que hemos realizado para que se incluya en el programa \u201cObjetivo Dengue\u201d la vacunaci\u00f3n de m\u00e9dicas y m\u00e9dicos veterinarios matriculados del Colegio de M\u00e9dicos Veterinarios de la provincia de Santa Fe, 1\u00aa y 2\u00aa circunscripci\u00f3n, de la franja etaria entre 20 y 39 a\u00f1os.<\/strong><\/em><\/p>\n<p>El 3 de octubre de 2024, como Cuerpo Directivo, enviamos una nota a la Dra. Silvia Ciancio, Ministra de Salud de la Prov. de Santa Fe, con los siguientes fundamentos:<\/p>\n<ul>\n<li>Que los MV Integramos el grupo de la sanidad que\u00a0desempe\u00f1a roles fundamentales e irremplazables, vigilantes permanentes de la Salud P\u00fablica, nuestras actividades cotidianas se desarrollan tanto en zonas urbanas como rurales.<\/li>\n<li>La Resoluci\u00f3n del Ministerio de Salud de la Naci\u00f3n 185\/2023 declara de inter\u00e9s sanitario la actividad que desarrollan los y las profesionales veterinarios y veterinarias, en la prevenci\u00f3n y el manejo de enfermedades, incluidas las transmisibles a las personas, en el marco de la pol\u00edtica \u201cUna Salud\u201d: enfoque integral para abordar las amenazas para la salud en la interfaz entre los seres humanos, los animales y el ambiente\u201d, aprobada por Resoluci\u00f3n CD59.R4 de la ORGANIZACI\u00d3N PANAMERICANA DE LA SALUD.<\/li>\n<li>Nos parece sumamente relevante considerar que \u201cSanta Fe, Una Salud\u201d, es el esfuerzo integrado de m\u00faltiples disciplinas que debemos trabajar a nivel local, regional y provincial para lograr una salud \u00f3ptima para los humanos, los animales y el medio ambiente.<\/li>\n<li>Tambi\u00e9n integramos la Red Federal de Registros de Profesionales de la Salud (REFEPS) que abarca a la totalidad de los efectores de salud del pa\u00eds, ya que es la articulaci\u00f3n de los registros de profesionales de todas las provincias.<\/li>\n<li>La ley 13925 sobre el \u201cEJERCIClO PROFESIONAL DE LAS ClENCIAS VETERINARIAS EN LA PROVINCIA DE SANTA FE\u201d en su art\u00edculo 2\u00ba determina que la autoridad de aplicaci\u00f3n de esta es el Ministerio de Salud.<\/li>\n<\/ul>\n<p>La respuesta a la nota fue la siguiente:<\/p>\n<div id='gallery-1' class='gallery galleryid-34679 gallery-columns-1 gallery-size-large'><figure class='gallery-item'>\n\t\t\t<div class='gallery-icon portrait'>\n\t\t\t\t<a href='https:\/\/cmvsf2.org\/web\/2025\/01\/03\/acciones-para-incluir-a-los-veterinarios-en-el-programa-objetivo-dengue\/objetivo-dengue_pagina_11\/'><img loading=\"lazy\" decoding=\"async\" width=\"724\" height=\"1024\" src=\"https:\/\/cmvsf2.org\/web\/wp-content\/uploads\/2025\/01\/objetivo-dengue_Pagina_11-724x1024.png\" class=\"attachment-large size-large\" alt=\"\" srcset=\"https:\/\/cmvsf2.org\/web\/wp-content\/uploads\/2025\/01\/objetivo-dengue_Pagina_11-724x1024.png 724w, https:\/\/cmvsf2.org\/web\/wp-content\/uploads\/2025\/01\/objetivo-dengue_Pagina_11-212x300.png 212w, https:\/\/cmvsf2.org\/web\/wp-content\/uploads\/2025\/01\/objetivo-dengue_Pagina_11-768x1086.png 768w, https:\/\/cmvsf2.org\/web\/wp-content\/uploads\/2025\/01\/objetivo-dengue_Pagina_11-1086x1536.png 1086w, https:\/\/cmvsf2.org\/web\/wp-content\/uploads\/2025\/01\/objetivo-dengue_Pagina_11-1448x2048.png 1448w, https:\/\/cmvsf2.org\/web\/wp-content\/uploads\/2025\/01\/objetivo-dengue_Pagina_11-750x1061.png 750w, https:\/\/cmvsf2.org\/web\/wp-content\/uploads\/2025\/01\/objetivo-dengue_Pagina_11-1140x1612.png 1140w\" sizes=\"auto, (max-width: 724px) 100vw, 724px\" \/><\/a>\n\t\t\t<\/div><\/figure><figure class='gallery-item'>\n\t\t\t<div class='gallery-icon portrait'>\n\t\t\t\t<a href='https:\/\/cmvsf2.org\/web\/2025\/01\/03\/acciones-para-incluir-a-los-veterinarios-en-el-programa-objetivo-dengue\/objetivo-dengue_pagina_12\/'><img loading=\"lazy\" decoding=\"async\" width=\"724\" height=\"1024\" src=\"https:\/\/cmvsf2.org\/web\/wp-content\/uploads\/2025\/01\/objetivo-dengue_Pagina_12-724x1024.png\" class=\"attachment-large size-large\" alt=\"\" srcset=\"https:\/\/cmvsf2.org\/web\/wp-content\/uploads\/2025\/01\/objetivo-dengue_Pagina_12-724x1024.png 724w, https:\/\/cmvsf2.org\/web\/wp-content\/uploads\/2025\/01\/objetivo-dengue_Pagina_12-212x300.png 212w, https:\/\/cmvsf2.org\/web\/wp-content\/uploads\/2025\/01\/objetivo-dengue_Pagina_12-768x1086.png 768w, https:\/\/cmvsf2.org\/web\/wp-content\/uploads\/2025\/01\/objetivo-dengue_Pagina_12-1086x1536.png 1086w, https:\/\/cmvsf2.org\/web\/wp-content\/uploads\/2025\/01\/objetivo-dengue_Pagina_12-1448x2048.png 1448w, https:\/\/cmvsf2.org\/web\/wp-content\/uploads\/2025\/01\/objetivo-dengue_Pagina_12-750x1061.png 750w, https:\/\/cmvsf2.org\/web\/wp-content\/uploads\/2025\/01\/objetivo-dengue_Pagina_12-1140x1612.png 1140w\" sizes=\"auto, (max-width: 724px) 100vw, 724px\" \/><\/a>\n\t\t\t<\/div><\/figure><figure class='gallery-item'>\n\t\t\t<div class='gallery-icon portrait'>\n\t\t\t\t<a href='https:\/\/cmvsf2.org\/web\/2025\/01\/03\/acciones-para-incluir-a-los-veterinarios-en-el-programa-objetivo-dengue\/objetivo-dengue_pagina_13\/'><img loading=\"lazy\" decoding=\"async\" width=\"724\" height=\"1024\" src=\"https:\/\/cmvsf2.org\/web\/wp-content\/uploads\/2025\/01\/objetivo-dengue_Pagina_13-724x1024.png\" class=\"attachment-large size-large\" alt=\"\" srcset=\"https:\/\/cmvsf2.org\/web\/wp-content\/uploads\/2025\/01\/objetivo-dengue_Pagina_13-724x1024.png 724w, https:\/\/cmvsf2.org\/web\/wp-content\/uploads\/2025\/01\/objetivo-dengue_Pagina_13-212x300.png 212w, https:\/\/cmvsf2.org\/web\/wp-content\/uploads\/2025\/01\/objetivo-dengue_Pagina_13-768x1086.png 768w, https:\/\/cmvsf2.org\/web\/wp-content\/uploads\/2025\/01\/objetivo-dengue_Pagina_13-1086x1536.png 1086w, https:\/\/cmvsf2.org\/web\/wp-content\/uploads\/2025\/01\/objetivo-dengue_Pagina_13-1448x2048.png 1448w, https:\/\/cmvsf2.org\/web\/wp-content\/uploads\/2025\/01\/objetivo-dengue_Pagina_13-750x1061.png 750w, https:\/\/cmvsf2.org\/web\/wp-content\/uploads\/2025\/01\/objetivo-dengue_Pagina_13-1140x1612.png 1140w\" sizes=\"auto, (max-width: 724px) 100vw, 724px\" \/><\/a>\n\t\t\t<\/div><\/figure>\n\t\t<\/div>\n\n<p>Ante la negativa de parte del Ministerio de Salud de la Provincia de Santa Fe, nuevamente como Cuerpo Directivo, enviamos otro documento ampliando los fundamentos por los cuales consideramos necesario que se incluya a nuestros matriculados y matriculadas en esta etapa de vacunaci\u00f3n. En esta oportunidad:<\/p>\n<ul>\n<li>Insistimos en destacar la relevancia del rol de los y las veterinarios\/as dentro del enfoque de \u00abUna sola salud\u00bb. La integraci\u00f3n de los organismos encargados de proteger la salud humana, animal y ambiental ha facilitado avances en el control de enfermedades transmitidas por vectores.<\/li>\n<li>El enfoque \u201cUna sola salud\u201d reconoce que los seres humanos, los animales, las plantas y los ecosistemas son interdependientes, al igual que su salud. Este enfoque fomenta la colaboraci\u00f3n entre sectores y disciplinas para prevenir, detectar y responder eficazmente a las enfermedades emergentes.<\/li>\n<li>Las enfermedades transmitidas por vectores \u2014infecciones propagadas por organismos como mosquitos, jejenes y garrapatas\u2014 representan m\u00e1s del 17% de todas las enfermedades infecciosas a nivel mundial. Debido al cambio clim\u00e1tico, cada vez es m\u00e1s probable que los vectores sobrevivan en \u00e1reas donde antes no estaban presentes, favoreciendo brotes en nuevas zonas. Esta interacci\u00f3n entre el medio ambiente y los vectores hace que el control de estas enfermedades dependa, en gran medida, de la colaboraci\u00f3n multisectorial, en la cual la sanidad animal es esencial para prevenir brotes en humanos.<\/li>\n<li>Las enfermedades transmitidas por vectores constituyen hoy en d\u00eda un serio problema de salud p\u00fablica. A pesar de los avances significativos logrados en su control, es necesario realizar esfuerzos constantes para gestionar el riesgo de estas enfermedades.<\/li>\n<li>La profesi\u00f3n veterinaria siempre ha colaborado con las consignas del Ministerio de Salud.<\/li>\n<\/ul>\n<p>La respuesta de la segunda nota fue la siguiente:<\/p>\n<p><img loading=\"lazy\" decoding=\"async\" class=\"aligncenter wp-image-34683 size-full\" src=\"https:\/\/cmvsf2.org\/web\/wp-content\/uploads\/2025\/01\/objetivo-dengue_Pagina_17.png\" alt=\"\" width=\"3307\" height=\"4677\" srcset=\"https:\/\/cmvsf2.org\/web\/wp-content\/uploads\/2025\/01\/objetivo-dengue_Pagina_17.png 3307w, https:\/\/cmvsf2.org\/web\/wp-content\/uploads\/2025\/01\/objetivo-dengue_Pagina_17-212x300.png 212w, https:\/\/cmvsf2.org\/web\/wp-content\/uploads\/2025\/01\/objetivo-dengue_Pagina_17-724x1024.png 724w, https:\/\/cmvsf2.org\/web\/wp-content\/uploads\/2025\/01\/objetivo-dengue_Pagina_17-768x1086.png 768w, https:\/\/cmvsf2.org\/web\/wp-content\/uploads\/2025\/01\/objetivo-dengue_Pagina_17-1086x1536.png 1086w, https:\/\/cmvsf2.org\/web\/wp-content\/uploads\/2025\/01\/objetivo-dengue_Pagina_17-1448x2048.png 1448w, https:\/\/cmvsf2.org\/web\/wp-content\/uploads\/2025\/01\/objetivo-dengue_Pagina_17-750x1061.png 750w, https:\/\/cmvsf2.org\/web\/wp-content\/uploads\/2025\/01\/objetivo-dengue_Pagina_17-1140x1612.png 1140w\" sizes=\"auto, (max-width: 3307px) 100vw, 3307px\" \/><\/p>\n","protected":false},"excerpt":{"rendered":"<p>Desde el Colegio de M\u00e9dicos Veterinarios de la Provincia de Santa Fe, queremos informar las acciones que hemos realizado para que se incluya en el programa \u201cObjetivo Dengue\u201d la vacunaci\u00f3n de m\u00e9dicas y m\u00e9dicos veterinarios matriculados del Colegio de M\u00e9dicos Veterinarios de la provincia de Santa Fe, 1\u00aa y 2\u00aa circunscripci\u00f3n, de la franja etaria entre 20 y 39 a\u00f1os. El 3 de octubre [&hellip;]<\/p>\n","protected":false},"author":3,"featured_media":34684,"comment_status":"closed","ping_status":"closed","sticky":false,"template":"","format":"standard","meta":{"_acf_changed":false,"footnotes":""},"categories":[343,345],"tags":[1022,288],"class_list":["post-34679","post","type-post","status-publish","format-standard","has-post-thumbnail","hentry","category-destacada","category-institucionales","tag-dengue","tag-vacuna"],"acf":[],"yoast_head":"<!-- This site is optimized with the Yoast SEO plugin v28.2 - https:\/\/yoast.com\/product\/yoast-seo-wordpress\/ -->\n<title>Acciones para incluir a los veterinarios en el programa \u201cObjetivo Dengue\u201d - Colegio De Veterinarios De Santa Fe 2da. Circunscripci\u00f3n<\/title>\n<meta name=\"description\" content=\"Desde el Colegio de M\u00e9dicos Veterinarios de la Provincia de Santa Fe, queremos informar las acciones que hemos realizado para que se incluya en el\" \/>\n<meta name=\"robots\" content=\"index, follow, max-snippet:-1, max-image-preview:large, max-video-preview:-1\" \/>\n<link rel=\"canonical\" href=\"https:\/\/cmvsf2.org\/web\/2025\/01\/03\/acciones-para-incluir-a-los-veterinarios-en-el-programa-objetivo-dengue\/\" \/>\n<meta property=\"og:locale\" content=\"es_ES\" \/>\n<meta property=\"og:type\" content=\"article\" \/>\n<meta property=\"og:title\" content=\"Acciones para incluir a los veterinarios en el programa \u201cObjetivo Dengue\u201d - Colegio De Veterinarios De Santa Fe 2da. Circunscripci\u00f3n\" \/>\n<meta property=\"og:description\" content=\"Desde el Colegio de M\u00e9dicos Veterinarios de la Provincia de Santa Fe, queremos informar las acciones que hemos realizado para que se incluya en el\" \/>\n<meta property=\"og:url\" content=\"https:\/\/cmvsf2.org\/web\/2025\/01\/03\/acciones-para-incluir-a-los-veterinarios-en-el-programa-objetivo-dengue\/\" \/>\n<meta property=\"og:site_name\" content=\"Colegio De Veterinarios De Santa Fe 2da. Circunscripci\u00f3n\" \/>\n<meta property=\"article:published_time\" content=\"2025-01-03T17:54:25+00:00\" \/>\n<meta property=\"article:modified_time\" content=\"2025-01-03T22:57:08+00:00\" \/>\n<meta property=\"og:image\" content=\"https:\/\/cmvsf2.org\/web\/wp-content\/uploads\/2025\/01\/vet-BENEFICIO-POR-EL-3.png\" \/>\n\t<meta property=\"og:image:width\" content=\"1080\" \/>\n\t<meta property=\"og:image:height\" content=\"1080\" \/>\n\t<meta property=\"og:image:type\" content=\"image\/png\" \/>\n<meta name=\"author\" content=\"cmvsf2\" \/>\n<meta name=\"twitter:card\" content=\"summary_large_image\" \/>\n<meta name=\"twitter:label1\" content=\"Escrito por\" \/>\n\t<meta name=\"twitter:data1\" content=\"cmvsf2\" \/>\n\t<meta name=\"twitter:label2\" content=\"Tiempo de lectura\" \/>\n\t<meta name=\"twitter:data2\" content=\"4 minutos\" \/>\n<script type=\"application\/ld+json\" class=\"yoast-schema-graph\">{\"@context\":\"https:\\\/\\\/schema.org\",\"@graph\":[{\"@type\":\"Article\",\"@id\":\"https:\\\/\\\/cmvsf2.org\\\/web\\\/2025\\\/01\\\/03\\\/acciones-para-incluir-a-los-veterinarios-en-el-programa-objetivo-dengue\\\/#article\",\"isPartOf\":{\"@id\":\"https:\\\/\\\/cmvsf2.org\\\/web\\\/2025\\\/01\\\/03\\\/acciones-para-incluir-a-los-veterinarios-en-el-programa-objetivo-dengue\\\/\"},\"author\":{\"name\":\"cmvsf2\",\"@id\":\"https:\\\/\\\/cmvsf2.org\\\/web\\\/#\\\/schema\\\/person\\\/46ea3630099a4a3df8d89f07cf5f7520\"},\"headline\":\"Acciones para incluir a los veterinarios en el programa \u201cObjetivo Dengue\u201d\",\"datePublished\":\"2025-01-03T17:54:25+00:00\",\"dateModified\":\"2025-01-03T22:57:08+00:00\",\"mainEntityOfPage\":{\"@id\":\"https:\\\/\\\/cmvsf2.org\\\/web\\\/2025\\\/01\\\/03\\\/acciones-para-incluir-a-los-veterinarios-en-el-programa-objetivo-dengue\\\/\"},\"wordCount\":644,\"publisher\":{\"@id\":\"https:\\\/\\\/cmvsf2.org\\\/web\\\/#organization\"},\"image\":{\"@id\":\"https:\\\/\\\/cmvsf2.org\\\/web\\\/2025\\\/01\\\/03\\\/acciones-para-incluir-a-los-veterinarios-en-el-programa-objetivo-dengue\\\/#primaryimage\"},\"thumbnailUrl\":\"https:\\\/\\\/cmvsf2.org\\\/web\\\/wp-content\\\/uploads\\\/2025\\\/01\\\/vet-BENEFICIO-POR-EL-3.png\",\"keywords\":[\"dengue\",\"vacuna\"],\"articleSection\":[\"Destacada\",\"Institucionales\"],\"inLanguage\":\"es\"},{\"@type\":\"WebPage\",\"@id\":\"https:\\\/\\\/cmvsf2.org\\\/web\\\/2025\\\/01\\\/03\\\/acciones-para-incluir-a-los-veterinarios-en-el-programa-objetivo-dengue\\\/\",\"url\":\"https:\\\/\\\/cmvsf2.org\\\/web\\\/2025\\\/01\\\/03\\\/acciones-para-incluir-a-los-veterinarios-en-el-programa-objetivo-dengue\\\/\",\"name\":\"Acciones para incluir a los veterinarios en el programa \u201cObjetivo Dengue\u201d - Colegio De Veterinarios De Santa Fe 2da. Circunscripci\u00f3n\",\"isPartOf\":{\"@id\":\"https:\\\/\\\/cmvsf2.org\\\/web\\\/#website\"},\"primaryImageOfPage\":{\"@id\":\"https:\\\/\\\/cmvsf2.org\\\/web\\\/2025\\\/01\\\/03\\\/acciones-para-incluir-a-los-veterinarios-en-el-programa-objetivo-dengue\\\/#primaryimage\"},\"image\":{\"@id\":\"https:\\\/\\\/cmvsf2.org\\\/web\\\/2025\\\/01\\\/03\\\/acciones-para-incluir-a-los-veterinarios-en-el-programa-objetivo-dengue\\\/#primaryimage\"},\"thumbnailUrl\":\"https:\\\/\\\/cmvsf2.org\\\/web\\\/wp-content\\\/uploads\\\/2025\\\/01\\\/vet-BENEFICIO-POR-EL-3.png\",\"datePublished\":\"2025-01-03T17:54:25+00:00\",\"dateModified\":\"2025-01-03T22:57:08+00:00\",\"description\":\"Desde el Colegio de M\u00e9dicos Veterinarios de la Provincia de Santa Fe, queremos informar las acciones que hemos realizado para que se incluya en el\",\"breadcrumb\":{\"@id\":\"https:\\\/\\\/cmvsf2.org\\\/web\\\/2025\\\/01\\\/03\\\/acciones-para-incluir-a-los-veterinarios-en-el-programa-objetivo-dengue\\\/#breadcrumb\"},\"inLanguage\":\"es\",\"potentialAction\":[{\"@type\":\"ReadAction\",\"target\":[\"https:\\\/\\\/cmvsf2.org\\\/web\\\/2025\\\/01\\\/03\\\/acciones-para-incluir-a-los-veterinarios-en-el-programa-objetivo-dengue\\\/\"]}]},{\"@type\":\"ImageObject\",\"inLanguage\":\"es\",\"@id\":\"https:\\\/\\\/cmvsf2.org\\\/web\\\/2025\\\/01\\\/03\\\/acciones-para-incluir-a-los-veterinarios-en-el-programa-objetivo-dengue\\\/#primaryimage\",\"url\":\"https:\\\/\\\/cmvsf2.org\\\/web\\\/wp-content\\\/uploads\\\/2025\\\/01\\\/vet-BENEFICIO-POR-EL-3.png\",\"contentUrl\":\"https:\\\/\\\/cmvsf2.org\\\/web\\\/wp-content\\\/uploads\\\/2025\\\/01\\\/vet-BENEFICIO-POR-EL-3.png\",\"width\":1080,\"height\":1080},{\"@type\":\"BreadcrumbList\",\"@id\":\"https:\\\/\\\/cmvsf2.org\\\/web\\\/2025\\\/01\\\/03\\\/acciones-para-incluir-a-los-veterinarios-en-el-programa-objetivo-dengue\\\/#breadcrumb\",\"itemListElement\":[{\"@type\":\"ListItem\",\"position\":1,\"name\":\"Portada\",\"item\":\"https:\\\/\\\/cmvsf2.org\\\/web\\\/\"},{\"@type\":\"ListItem\",\"position\":2,\"name\":\"Acciones para incluir a los veterinarios en el programa \u201cObjetivo Dengue\u201d\"}]},{\"@type\":\"WebSite\",\"@id\":\"https:\\\/\\\/cmvsf2.org\\\/web\\\/#website\",\"url\":\"https:\\\/\\\/cmvsf2.org\\\/web\\\/\",\"name\":\"Colegio De Veterinarios De Santa Fe 2da. Circunscripci\u00f3n\",\"description\":\"Sitio institucional del Colegio de M\u00e9dicos Veterinario de Santa Fe 2da. Circunscripci\u00f3n\",\"publisher\":{\"@id\":\"https:\\\/\\\/cmvsf2.org\\\/web\\\/#organization\"},\"potentialAction\":[{\"@type\":\"SearchAction\",\"target\":{\"@type\":\"EntryPoint\",\"urlTemplate\":\"https:\\\/\\\/cmvsf2.org\\\/web\\\/?s={search_term_string}\"},\"query-input\":{\"@type\":\"PropertyValueSpecification\",\"valueRequired\":true,\"valueName\":\"search_term_string\"}}],\"inLanguage\":\"es\"},{\"@type\":\"Organization\",\"@id\":\"https:\\\/\\\/cmvsf2.org\\\/web\\\/#organization\",\"name\":\"Colegio De Veterinarios De Santa Fe 2da. Circunscripci\u00f3n\",\"url\":\"https:\\\/\\\/cmvsf2.org\\\/web\\\/\",\"logo\":{\"@type\":\"ImageObject\",\"inLanguage\":\"es\",\"@id\":\"https:\\\/\\\/cmvsf2.org\\\/web\\\/#\\\/schema\\\/logo\\\/image\\\/\",\"url\":\"http:\\\/\\\/cmvsf2.org\\\/web\\\/wp-content\\\/uploads\\\/2020\\\/03\\\/vector-logo-02.png\",\"contentUrl\":\"http:\\\/\\\/cmvsf2.org\\\/web\\\/wp-content\\\/uploads\\\/2020\\\/03\\\/vector-logo-02.png\",\"width\":2750,\"height\":642,\"caption\":\"Colegio De Veterinarios De Santa Fe 2da. Circunscripci\u00f3n\"},\"image\":{\"@id\":\"https:\\\/\\\/cmvsf2.org\\\/web\\\/#\\\/schema\\\/logo\\\/image\\\/\"}},{\"@type\":\"Person\",\"@id\":\"https:\\\/\\\/cmvsf2.org\\\/web\\\/#\\\/schema\\\/person\\\/46ea3630099a4a3df8d89f07cf5f7520\",\"name\":\"cmvsf2\",\"image\":{\"@type\":\"ImageObject\",\"inLanguage\":\"es\",\"@id\":\"https:\\\/\\\/secure.gravatar.com\\\/avatar\\\/669647b61c77f28f1aa51df04174a5ecb296e9988b4a93d2870666cd1f502cd7?s=96&d=mm&r=g\",\"url\":\"https:\\\/\\\/secure.gravatar.com\\\/avatar\\\/669647b61c77f28f1aa51df04174a5ecb296e9988b4a93d2870666cd1f502cd7?s=96&d=mm&r=g\",\"contentUrl\":\"https:\\\/\\\/secure.gravatar.com\\\/avatar\\\/669647b61c77f28f1aa51df04174a5ecb296e9988b4a93d2870666cd1f502cd7?s=96&d=mm&r=g\",\"caption\":\"cmvsf2\"}}]}<\/script>\n<!-- \/ Yoast SEO plugin. -->","yoast_head_json":{"title":"Acciones para incluir a los veterinarios en el programa \u201cObjetivo Dengue\u201d - Colegio De Veterinarios De Santa Fe 2da. Circunscripci\u00f3n","description":"Desde el Colegio de M\u00e9dicos Veterinarios de la Provincia de Santa Fe, queremos informar las acciones que hemos realizado para que se incluya en el","robots":{"index":"index","follow":"follow","max-snippet":"max-snippet:-1","max-image-preview":"max-image-preview:large","max-video-preview":"max-video-preview:-1"},"canonical":"https:\/\/cmvsf2.org\/web\/2025\/01\/03\/acciones-para-incluir-a-los-veterinarios-en-el-programa-objetivo-dengue\/","og_locale":"es_ES","og_type":"article","og_title":"Acciones para incluir a los veterinarios en el programa \u201cObjetivo Dengue\u201d - Colegio De Veterinarios De Santa Fe 2da. Circunscripci\u00f3n","og_description":"Desde el Colegio de M\u00e9dicos Veterinarios de la Provincia de Santa Fe, queremos informar las acciones que hemos realizado para que se incluya en el","og_url":"https:\/\/cmvsf2.org\/web\/2025\/01\/03\/acciones-para-incluir-a-los-veterinarios-en-el-programa-objetivo-dengue\/","og_site_name":"Colegio De Veterinarios De Santa Fe 2da. Circunscripci\u00f3n","article_published_time":"2025-01-03T17:54:25+00:00","article_modified_time":"2025-01-03T22:57:08+00:00","og_image":[{"width":1080,"height":1080,"url":"https:\/\/cmvsf2.org\/web\/wp-content\/uploads\/2025\/01\/vet-BENEFICIO-POR-EL-3.png","type":"image\/png"}],"author":"cmvsf2","twitter_card":"summary_large_image","twitter_misc":{"Escrito por":"cmvsf2","Tiempo de lectura":"4 minutos"},"schema":{"@context":"https:\/\/schema.org","@graph":[{"@type":"Article","@id":"https:\/\/cmvsf2.org\/web\/2025\/01\/03\/acciones-para-incluir-a-los-veterinarios-en-el-programa-objetivo-dengue\/#article","isPartOf":{"@id":"https:\/\/cmvsf2.org\/web\/2025\/01\/03\/acciones-para-incluir-a-los-veterinarios-en-el-programa-objetivo-dengue\/"},"author":{"name":"cmvsf2","@id":"https:\/\/cmvsf2.org\/web\/#\/schema\/person\/46ea3630099a4a3df8d89f07cf5f7520"},"headline":"Acciones para incluir a los veterinarios en el programa \u201cObjetivo Dengue\u201d","datePublished":"2025-01-03T17:54:25+00:00","dateModified":"2025-01-03T22:57:08+00:00","mainEntityOfPage":{"@id":"https:\/\/cmvsf2.org\/web\/2025\/01\/03\/acciones-para-incluir-a-los-veterinarios-en-el-programa-objetivo-dengue\/"},"wordCount":644,"publisher":{"@id":"https:\/\/cmvsf2.org\/web\/#organization"},"image":{"@id":"https:\/\/cmvsf2.org\/web\/2025\/01\/03\/acciones-para-incluir-a-los-veterinarios-en-el-programa-objetivo-dengue\/#primaryimage"},"thumbnailUrl":"https:\/\/cmvsf2.org\/web\/wp-content\/uploads\/2025\/01\/vet-BENEFICIO-POR-EL-3.png","keywords":["dengue","vacuna"],"articleSection":["Destacada","Institucionales"],"inLanguage":"es"},{"@type":"WebPage","@id":"https:\/\/cmvsf2.org\/web\/2025\/01\/03\/acciones-para-incluir-a-los-veterinarios-en-el-programa-objetivo-dengue\/","url":"https:\/\/cmvsf2.org\/web\/2025\/01\/03\/acciones-para-incluir-a-los-veterinarios-en-el-programa-objetivo-dengue\/","name":"Acciones para incluir a los veterinarios en el programa \u201cObjetivo Dengue\u201d - Colegio De Veterinarios De Santa Fe 2da. Circunscripci\u00f3n","isPartOf":{"@id":"https:\/\/cmvsf2.org\/web\/#website"},"primaryImageOfPage":{"@id":"https:\/\/cmvsf2.org\/web\/2025\/01\/03\/acciones-para-incluir-a-los-veterinarios-en-el-programa-objetivo-dengue\/#primaryimage"},"image":{"@id":"https:\/\/cmvsf2.org\/web\/2025\/01\/03\/acciones-para-incluir-a-los-veterinarios-en-el-programa-objetivo-dengue\/#primaryimage"},"thumbnailUrl":"https:\/\/cmvsf2.org\/web\/wp-content\/uploads\/2025\/01\/vet-BENEFICIO-POR-EL-3.png","datePublished":"2025-01-03T17:54:25+00:00","dateModified":"2025-01-03T22:57:08+00:00","description":"Desde el Colegio de M\u00e9dicos Veterinarios de la Provincia de Santa Fe, queremos informar las acciones que hemos realizado para que se incluya en el","breadcrumb":{"@id":"https:\/\/cmvsf2.org\/web\/2025\/01\/03\/acciones-para-incluir-a-los-veterinarios-en-el-programa-objetivo-dengue\/#breadcrumb"},"inLanguage":"es","potentialAction":[{"@type":"ReadAction","target":["https:\/\/cmvsf2.org\/web\/2025\/01\/03\/acciones-para-incluir-a-los-veterinarios-en-el-programa-objetivo-dengue\/"]}]},{"@type":"ImageObject","inLanguage":"es","@id":"https:\/\/cmvsf2.org\/web\/2025\/01\/03\/acciones-para-incluir-a-los-veterinarios-en-el-programa-objetivo-dengue\/#primaryimage","url":"https:\/\/cmvsf2.org\/web\/wp-content\/uploads\/2025\/01\/vet-BENEFICIO-POR-EL-3.png","contentUrl":"https:\/\/cmvsf2.org\/web\/wp-content\/uploads\/2025\/01\/vet-BENEFICIO-POR-EL-3.png","width":1080,"height":1080},{"@type":"BreadcrumbList","@id":"https:\/\/cmvsf2.org\/web\/2025\/01\/03\/acciones-para-incluir-a-los-veterinarios-en-el-programa-objetivo-dengue\/#breadcrumb","itemListElement":[{"@type":"ListItem","position":1,"name":"Portada","item":"https:\/\/cmvsf2.org\/web\/"},{"@type":"ListItem","position":2,"name":"Acciones para incluir a los veterinarios en el programa \u201cObjetivo Dengue\u201d"}]},{"@type":"WebSite","@id":"https:\/\/cmvsf2.org\/web\/#website","url":"https:\/\/cmvsf2.org\/web\/","name":"Colegio De Veterinarios De Santa Fe 2da. Circunscripci\u00f3n","description":"Sitio institucional del Colegio de M\u00e9dicos Veterinario de Santa Fe 2da. Circunscripci\u00f3n","publisher":{"@id":"https:\/\/cmvsf2.org\/web\/#organization"},"potentialAction":[{"@type":"SearchAction","target":{"@type":"EntryPoint","urlTemplate":"https:\/\/cmvsf2.org\/web\/?s={search_term_string}"},"query-input":{"@type":"PropertyValueSpecification","valueRequired":true,"valueName":"search_term_string"}}],"inLanguage":"es"},{"@type":"Organization","@id":"https:\/\/cmvsf2.org\/web\/#organization","name":"Colegio De Veterinarios De Santa Fe 2da. Circunscripci\u00f3n","url":"https:\/\/cmvsf2.org\/web\/","logo":{"@type":"ImageObject","inLanguage":"es","@id":"https:\/\/cmvsf2.org\/web\/#\/schema\/logo\/image\/","url":"http:\/\/cmvsf2.org\/web\/wp-content\/uploads\/2020\/03\/vector-logo-02.png","contentUrl":"http:\/\/cmvsf2.org\/web\/wp-content\/uploads\/2020\/03\/vector-logo-02.png","width":2750,"height":642,"caption":"Colegio De Veterinarios De Santa Fe 2da. Circunscripci\u00f3n"},"image":{"@id":"https:\/\/cmvsf2.org\/web\/#\/schema\/logo\/image\/"}},{"@type":"Person","@id":"https:\/\/cmvsf2.org\/web\/#\/schema\/person\/46ea3630099a4a3df8d89f07cf5f7520","name":"cmvsf2","image":{"@type":"ImageObject","inLanguage":"es","@id":"https:\/\/secure.gravatar.com\/avatar\/669647b61c77f28f1aa51df04174a5ecb296e9988b4a93d2870666cd1f502cd7?s=96&d=mm&r=g","url":"https:\/\/secure.gravatar.com\/avatar\/669647b61c77f28f1aa51df04174a5ecb296e9988b4a93d2870666cd1f502cd7?s=96&d=mm&r=g","contentUrl":"https:\/\/secure.gravatar.com\/avatar\/669647b61c77f28f1aa51df04174a5ecb296e9988b4a93d2870666cd1f502cd7?s=96&d=mm&r=g","caption":"cmvsf2"}}]}},"_links":{"self":[{"href":"https:\/\/cmvsf2.org\/web\/wp-json\/wp\/v2\/posts\/34679","targetHints":{"allow":["GET"]}}],"collection":[{"href":"https:\/\/cmvsf2.org\/web\/wp-json\/wp\/v2\/posts"}],"about":[{"href":"https:\/\/cmvsf2.org\/web\/wp-json\/wp\/v2\/types\/post"}],"author":[{"embeddable":true,"href":"https:\/\/cmvsf2.org\/web\/wp-json\/wp\/v2\/users\/3"}],"replies":[{"embeddable":true,"href":"https:\/\/cmvsf2.org\/web\/wp-json\/wp\/v2\/comments?post=34679"}],"version-history":[{"count":4,"href":"https:\/\/cmvsf2.org\/web\/wp-json\/wp\/v2\/posts\/34679\/revisions"}],"predecessor-version":[{"id":34688,"href":"https:\/\/cmvsf2.org\/web\/wp-json\/wp\/v2\/posts\/34679\/revisions\/34688"}],"wp:featuredmedia":[{"embeddable":true,"href":"https:\/\/cmvsf2.org\/web\/wp-json\/wp\/v2\/media\/34684"}],"wp:attachment":[{"href":"https:\/\/cmvsf2.org\/web\/wp-json\/wp\/v2\/media?parent=34679"}],"wp:term":[{"taxonomy":"category","embeddable":true,"href":"https:\/\/cmvsf2.org\/web\/wp-json\/wp\/v2\/categories?post=34679"},{"taxonomy":"post_tag","embeddable":true,"href":"https:\/\/cmvsf2.org\/web\/wp-json\/wp\/v2\/tags?post=34679"}],"curies":[{"name":"wp","href":"https:\/\/api.w.org\/{rel}","templated":true}]}}