{"id":34600,"date":"2024-11-19T20:11:24","date_gmt":"2024-11-19T23:11:24","guid":{"rendered":"https:\/\/cmvsf2.org\/web\/?p=34600"},"modified":"2024-11-20T10:04:08","modified_gmt":"2024-11-20T13:04:08","slug":"jornadas-de-medicina-con-cannabis-hongos-adaptogenos-y-psilocibes-en-humanos-y-animales","status":"publish","type":"post","link":"https:\/\/cmvsf2.org\/web\/2024\/11\/19\/jornadas-de-medicina-con-cannabis-hongos-adaptogenos-y-psilocibes-en-humanos-y-animales\/","title":{"rendered":"Jornadas de Medicina con Cannabis, Hongos adapt\u00f3genos y psilocibes en humanos y animales"},"content":{"rendered":"<p>El CMVSF2 invita a participar de las \u201c<strong>Jornadas de Medicina con Cannabis, Hongos adapt\u00f3genos y psilocibes en humanos y animales\u201d<\/strong> que se realizar\u00e1n <strong>los d\u00edas 29 y 30 de noviembre de 2024<\/strong>, organizadas por la Subcomisi\u00f3n de Animales de Compa\u00f1\u00eda.<\/p>\n<p>Las mismas contar\u00e1n con la participaci\u00f3n de reconocidos\/as profesionales de la salud expertos en fito y micoterapias, y tendr\u00e1n como objetivo brindar conferencias informativas acerca de las terapias con cannabis y hongos adapt\u00f3genos y psilocibes, en pacientes humanos y animales no humanos.<\/p>\n<p>Las jornadas se realizar\u00e1n <strong>de manera presencial en la sede del Colegio de M\u00e9dicos Veterinarios 2da Circunscripci\u00f3n cita en Suipacha 347, con cupos limitados, y con la modalidad virtual, para participantes de todo el pa\u00eds y del exterior.<\/strong><\/p>\n<p>La primera es abierta a la comunidad y tiene como destinatarios principales al p\u00fablico general, pacientes y\/o personas interesadas en estas terapias; a quienes esperamos el viernes 29\/11 de 14 a 22 horas.<\/p>\n<p>En tanto, la segunda jornada estar\u00e1 dirigida exclusivamente a profesionales y estudiantes de las carreras vinculadas a la Salud: m\u00e9dicos\/as, m\u00e9dicos\/as veterinarios\/as, enfermeros\/as, psic\u00f3logos\/as, kinesi\u00f3logos\/as, etc; \u00a0y tendr\u00e1 lugar el s\u00e1bado 30\/11 de 8 a 16 horas.<\/p>\n<p>Se trata de una oportunidad \u00fanica para conocer los \u00faltimos avances e investigaciones sobre estas innovadoras alternativas que est\u00e1n marcando el camino hacia nuevos tratamientos en el \u00e1mbito de la Salud.<\/p>\n<p><strong>Aranceles:<\/strong><\/p>\n<p>Jornada para p\u00fablico general $20 mil<\/p>\n<p><strong>Link de inscripci\u00f3n: <\/strong><\/p>\n<p><a href=\"https:\/\/docs.google.com\/forms\/d\/e\/1FAIpQLSd6gwwwFWv852L1qi1yF1lTqzSgUS3uq1Lg5itw4EM8o92Vew\/viewform\">https:\/\/docs.google.com\/forms\/d\/e\/1FAIpQLSd6gwwwFWv852L1qi1yF1lTqzSgUS3uq1Lg5itw4EM8o92Vew\/viewform<\/a><\/p>\n<p>Jornada para profesionales $30mil<\/p>\n<p><strong>Link de inscripci\u00f3n: <\/strong><\/p>\n<p><a href=\"https:\/\/docs.google.com\/forms\/d\/e\/1FAIpQLSdsAy5CTYMLXino6XEMV2ahjxHXTMtXDLB16WDliJzgb9QfWw\/viewform\">https:\/\/docs.google.com\/forms\/d\/e\/1FAIpQLSdsAy5CTYMLXino6XEMV2ahjxHXTMtXDLB16WDliJzgb9QfWw\/viewform<\/a><\/p>\n<p><strong>CRONOGRAMA:<\/strong><\/p>\n<p><strong>D\u00eda 29\/11\/24 &#8211; Jornada para p\u00fablico general<\/strong><\/p>\n<p><strong>14:00hs<\/strong> Inicio de las Jornadas \u2013 Acreditaciones \u2013 Bienvenida<\/p>\n<p><strong>14:15hs<\/strong> Conferencia de cannabis \u2013 A cargo de Aupac &#8211; \u201cIntroducci\u00f3n a la terapia con cannabis. H\u00e1bitos y salud integral. Usos terap\u00e9uticos\u201d<\/p>\n<p>Disertantes: Lic. Nutrici\u00f3n Nerina Ceriani y Dr. Julio Feccia.<\/p>\n<p><strong>16:15hs<\/strong> Conferencia Veterinarios Aupac &#8211; Introducci\u00f3n a la terapia y diferentes usos en veterinaria.<\/p>\n<p>M.V. Piero Teruggi<\/p>\n<p>M.V. Gast\u00f3n Nielsen<\/p>\n<p><strong>17:00hs<\/strong> Break<\/p>\n<p><strong>17:15hs<\/strong> Hongos Adapt\u00f3genos &#8211; Lic. Maximiliano L\u00f3pez<\/p>\n<p>5 hongos y sus propiedades medicinales, etiquetado de extractos, tips de preparaciones filtraci\u00f3n. Interacciones entre s\u00ed y prevenci\u00f3n de usos. Usos y justificaciones.<\/p>\n<p><strong>18:45hs<\/strong> Uso de adapt\u00f3genos en Medicina Veterinaria &#8211; M.V. Diana Banach, M.V. Marcos Malerbi y M.V. Duilio Bakst<\/p>\n<p><strong>19:30hs <\/strong>Conferencia Hongos Psilocibes &#8211; Dr.Luis Acosta<\/p>\n<p><strong>21:00hs <\/strong>Mesa redonda a cargo de la Terapeuta Ps. Gisela Morelli y m\u00e9dicos invitados para hablar de\u00a0 procesos terap\u00e9uticos<\/p>\n<p><strong>D\u00eda 30\/11\/24 &#8211; Jornada para profesionales (y estudiantes) de la Salud (m\u00e9dicos\/as, m\u00e9dicos\/as veterinarios\/as, psic\u00f3logos\/as, enfermeros\/as, etc)<\/strong><\/p>\n<p><strong>8:00hs <\/strong>Bienvenida.<\/p>\n<p><strong>8.15<\/strong> <strong>hs<\/strong> Hongos Adapt\u00f3genos &#8211; Lic. Maximiliano L\u00f3pez<\/p>\n<p><strong>9:30hs <\/strong><\/p>\n<p>Adapt\u00f3genos en Medicina Veterinaria &#8211; Casos Cl\u00ednicos &#8211; M.V. Diana Banach, M.V. Marcos Malerbi y M.V. Duilio Bakst<\/p>\n<p><strong>10:15hs <\/strong>Hongos Psilocibes &#8211; Dr. Luis Acosta<\/p>\n<p><strong>11:45hs<\/strong> Mesa Redonda: Terapeuta Gisela Morelli e invitados. Procesos terap\u00e9uticos<\/p>\n<p>Break de almuerzo<\/p>\n<p><strong>13:30hs<\/strong> Cannabis en medicina Humana, usos terap\u00e9uticos y casos cl\u00ednicos &#8211; Aupac\u00a0 Disertante Dr. Feccia Julio<\/p>\n<p><strong>15:30hs<\/strong> Cannabis en la Cl\u00ednica Veterinaria &#8211; M.V. Eliana Sauret y M.V. Gaston Nielsen<\/p>\n<p><strong>16:15hs<\/strong> fin de la actividad<\/p>\n<p>Entrega de Certificados v\u00eda mail<strong>\u00a0<\/strong><\/p>\n<p><strong>Consultas y m\u00e1s informaci\u00f3n:<\/strong><\/p>\n<p>sac.cmvsf2@gmail.com<\/p>\n<p>M.V. Duilio Bakst 341 5791509<\/p>\n","protected":false},"excerpt":{"rendered":"<p>El CMVSF2 invita a participar de las \u201cJornadas de Medicina con Cannabis, Hongos adapt\u00f3genos y psilocibes en humanos y animales\u201d que se realizar\u00e1n los d\u00edas 29 y 30 de noviembre de 2024, organizadas por la Subcomisi\u00f3n de Animales de Compa\u00f1\u00eda. Las mismas contar\u00e1n con la participaci\u00f3n de reconocidos\/as profesionales de la salud expertos en fito y micoterapias, y tendr\u00e1n como objetivo brindar conferencias informativas [&hellip;]<\/p>\n","protected":false},"author":3,"featured_media":34601,"comment_status":"closed","ping_status":"closed","sticky":false,"template":"","format":"standard","meta":{"_acf_changed":false,"footnotes":""},"categories":[6,343,35],"tags":[654,1017,112],"class_list":["post-34600","post","type-post","status-publish","format-standard","has-post-thumbnail","hentry","category-animales-compania2","category-destacada","category-formacion","tag-cannabis","tag-hongos-adaptogenos","tag-jornadas"],"acf":[],"yoast_head":"<!-- This site is optimized with the Yoast SEO plugin v28.2 - https:\/\/yoast.com\/product\/yoast-seo-wordpress\/ -->\n<title>Jornadas de Medicina con Cannabis, Hongos adapt\u00f3genos y psilocibes en humanos y animales - Colegio De Veterinarios De Santa Fe 2da. Circunscripci\u00f3n<\/title>\n<meta name=\"description\" content=\"El CMVSF2 invita a participar de las \u201cJornadas de Medicina con Cannabis, Hongos adapt\u00f3genos y psilocibes en humanos y animales\u201d que se realizar\u00e1n los d\u00edas\" \/>\n<meta name=\"robots\" content=\"index, follow, max-snippet:-1, max-image-preview:large, max-video-preview:-1\" \/>\n<link rel=\"canonical\" href=\"https:\/\/cmvsf2.org\/web\/2024\/11\/19\/jornadas-de-medicina-con-cannabis-hongos-adaptogenos-y-psilocibes-en-humanos-y-animales\/\" \/>\n<meta property=\"og:locale\" content=\"es_ES\" \/>\n<meta property=\"og:type\" content=\"article\" \/>\n<meta property=\"og:title\" content=\"Jornadas de Medicina con Cannabis, Hongos adapt\u00f3genos y psilocibes en humanos y animales - Colegio De Veterinarios De Santa Fe 2da. Circunscripci\u00f3n\" \/>\n<meta property=\"og:description\" content=\"El CMVSF2 invita a participar de las \u201cJornadas de Medicina con Cannabis, Hongos adapt\u00f3genos y psilocibes en humanos y animales\u201d que se realizar\u00e1n los d\u00edas\" \/>\n<meta property=\"og:url\" content=\"https:\/\/cmvsf2.org\/web\/2024\/11\/19\/jornadas-de-medicina-con-cannabis-hongos-adaptogenos-y-psilocibes-en-humanos-y-animales\/\" \/>\n<meta property=\"og:site_name\" content=\"Colegio De Veterinarios De Santa Fe 2da. Circunscripci\u00f3n\" \/>\n<meta property=\"article:published_time\" content=\"2024-11-19T23:11:24+00:00\" \/>\n<meta property=\"article:modified_time\" content=\"2024-11-20T13:04:08+00:00\" \/>\n<meta property=\"og:image\" content=\"https:\/\/cmvsf2.org\/web\/wp-content\/uploads\/2024\/11\/Diseno-sin-titulo-1.png\" \/>\n\t<meta property=\"og:image:width\" content=\"940\" \/>\n\t<meta property=\"og:image:height\" content=\"788\" \/>\n\t<meta property=\"og:image:type\" content=\"image\/png\" \/>\n<meta name=\"author\" content=\"cmvsf2\" \/>\n<meta name=\"twitter:card\" content=\"summary_large_image\" \/>\n<meta name=\"twitter:label1\" content=\"Escrito por\" \/>\n\t<meta name=\"twitter:data1\" content=\"cmvsf2\" \/>\n\t<meta name=\"twitter:label2\" content=\"Tiempo de lectura\" \/>\n\t<meta name=\"twitter:data2\" content=\"3 minutos\" \/>\n<script type=\"application\/ld+json\" class=\"yoast-schema-graph\">{\"@context\":\"https:\\\/\\\/schema.org\",\"@graph\":[{\"@type\":\"Article\",\"@id\":\"https:\\\/\\\/cmvsf2.org\\\/web\\\/2024\\\/11\\\/19\\\/jornadas-de-medicina-con-cannabis-hongos-adaptogenos-y-psilocibes-en-humanos-y-animales\\\/#article\",\"isPartOf\":{\"@id\":\"https:\\\/\\\/cmvsf2.org\\\/web\\\/2024\\\/11\\\/19\\\/jornadas-de-medicina-con-cannabis-hongos-adaptogenos-y-psilocibes-en-humanos-y-animales\\\/\"},\"author\":{\"name\":\"cmvsf2\",\"@id\":\"https:\\\/\\\/cmvsf2.org\\\/web\\\/#\\\/schema\\\/person\\\/46ea3630099a4a3df8d89f07cf5f7520\"},\"headline\":\"Jornadas de Medicina con Cannabis, Hongos adapt\u00f3genos y psilocibes en humanos y animales\",\"datePublished\":\"2024-11-19T23:11:24+00:00\",\"dateModified\":\"2024-11-20T13:04:08+00:00\",\"mainEntityOfPage\":{\"@id\":\"https:\\\/\\\/cmvsf2.org\\\/web\\\/2024\\\/11\\\/19\\\/jornadas-de-medicina-con-cannabis-hongos-adaptogenos-y-psilocibes-en-humanos-y-animales\\\/\"},\"wordCount\":607,\"publisher\":{\"@id\":\"https:\\\/\\\/cmvsf2.org\\\/web\\\/#organization\"},\"image\":{\"@id\":\"https:\\\/\\\/cmvsf2.org\\\/web\\\/2024\\\/11\\\/19\\\/jornadas-de-medicina-con-cannabis-hongos-adaptogenos-y-psilocibes-en-humanos-y-animales\\\/#primaryimage\"},\"thumbnailUrl\":\"https:\\\/\\\/cmvsf2.org\\\/web\\\/wp-content\\\/uploads\\\/2024\\\/11\\\/Diseno-sin-titulo-1.png\",\"keywords\":[\"cannabis\",\"hongos adapt\u00f3genos\",\"jornadas\"],\"articleSection\":[\"Animales de Compan\u00eda\",\"Destacada\",\"Formaci\u00f3n\"],\"inLanguage\":\"es\"},{\"@type\":\"WebPage\",\"@id\":\"https:\\\/\\\/cmvsf2.org\\\/web\\\/2024\\\/11\\\/19\\\/jornadas-de-medicina-con-cannabis-hongos-adaptogenos-y-psilocibes-en-humanos-y-animales\\\/\",\"url\":\"https:\\\/\\\/cmvsf2.org\\\/web\\\/2024\\\/11\\\/19\\\/jornadas-de-medicina-con-cannabis-hongos-adaptogenos-y-psilocibes-en-humanos-y-animales\\\/\",\"name\":\"Jornadas de Medicina con Cannabis, Hongos adapt\u00f3genos y psilocibes en humanos y animales - Colegio De Veterinarios De Santa Fe 2da. Circunscripci\u00f3n\",\"isPartOf\":{\"@id\":\"https:\\\/\\\/cmvsf2.org\\\/web\\\/#website\"},\"primaryImageOfPage\":{\"@id\":\"https:\\\/\\\/cmvsf2.org\\\/web\\\/2024\\\/11\\\/19\\\/jornadas-de-medicina-con-cannabis-hongos-adaptogenos-y-psilocibes-en-humanos-y-animales\\\/#primaryimage\"},\"image\":{\"@id\":\"https:\\\/\\\/cmvsf2.org\\\/web\\\/2024\\\/11\\\/19\\\/jornadas-de-medicina-con-cannabis-hongos-adaptogenos-y-psilocibes-en-humanos-y-animales\\\/#primaryimage\"},\"thumbnailUrl\":\"https:\\\/\\\/cmvsf2.org\\\/web\\\/wp-content\\\/uploads\\\/2024\\\/11\\\/Diseno-sin-titulo-1.png\",\"datePublished\":\"2024-11-19T23:11:24+00:00\",\"dateModified\":\"2024-11-20T13:04:08+00:00\",\"description\":\"El CMVSF2 invita a participar de las \u201cJornadas de Medicina con Cannabis, Hongos adapt\u00f3genos y psilocibes en humanos y animales\u201d que se realizar\u00e1n los d\u00edas\",\"breadcrumb\":{\"@id\":\"https:\\\/\\\/cmvsf2.org\\\/web\\\/2024\\\/11\\\/19\\\/jornadas-de-medicina-con-cannabis-hongos-adaptogenos-y-psilocibes-en-humanos-y-animales\\\/#breadcrumb\"},\"inLanguage\":\"es\",\"potentialAction\":[{\"@type\":\"ReadAction\",\"target\":[\"https:\\\/\\\/cmvsf2.org\\\/web\\\/2024\\\/11\\\/19\\\/jornadas-de-medicina-con-cannabis-hongos-adaptogenos-y-psilocibes-en-humanos-y-animales\\\/\"]}]},{\"@type\":\"ImageObject\",\"inLanguage\":\"es\",\"@id\":\"https:\\\/\\\/cmvsf2.org\\\/web\\\/2024\\\/11\\\/19\\\/jornadas-de-medicina-con-cannabis-hongos-adaptogenos-y-psilocibes-en-humanos-y-animales\\\/#primaryimage\",\"url\":\"https:\\\/\\\/cmvsf2.org\\\/web\\\/wp-content\\\/uploads\\\/2024\\\/11\\\/Diseno-sin-titulo-1.png\",\"contentUrl\":\"https:\\\/\\\/cmvsf2.org\\\/web\\\/wp-content\\\/uploads\\\/2024\\\/11\\\/Diseno-sin-titulo-1.png\",\"width\":940,\"height\":788},{\"@type\":\"BreadcrumbList\",\"@id\":\"https:\\\/\\\/cmvsf2.org\\\/web\\\/2024\\\/11\\\/19\\\/jornadas-de-medicina-con-cannabis-hongos-adaptogenos-y-psilocibes-en-humanos-y-animales\\\/#breadcrumb\",\"itemListElement\":[{\"@type\":\"ListItem\",\"position\":1,\"name\":\"Portada\",\"item\":\"https:\\\/\\\/cmvsf2.org\\\/web\\\/\"},{\"@type\":\"ListItem\",\"position\":2,\"name\":\"Jornadas de Medicina con Cannabis, Hongos adapt\u00f3genos y psilocibes en humanos y animales\"}]},{\"@type\":\"WebSite\",\"@id\":\"https:\\\/\\\/cmvsf2.org\\\/web\\\/#website\",\"url\":\"https:\\\/\\\/cmvsf2.org\\\/web\\\/\",\"name\":\"Colegio De Veterinarios De Santa Fe 2da. Circunscripci\u00f3n\",\"description\":\"Sitio institucional del Colegio de M\u00e9dicos Veterinario de Santa Fe 2da. Circunscripci\u00f3n\",\"publisher\":{\"@id\":\"https:\\\/\\\/cmvsf2.org\\\/web\\\/#organization\"},\"potentialAction\":[{\"@type\":\"SearchAction\",\"target\":{\"@type\":\"EntryPoint\",\"urlTemplate\":\"https:\\\/\\\/cmvsf2.org\\\/web\\\/?s={search_term_string}\"},\"query-input\":{\"@type\":\"PropertyValueSpecification\",\"valueRequired\":true,\"valueName\":\"search_term_string\"}}],\"inLanguage\":\"es\"},{\"@type\":\"Organization\",\"@id\":\"https:\\\/\\\/cmvsf2.org\\\/web\\\/#organization\",\"name\":\"Colegio De Veterinarios De Santa Fe 2da. Circunscripci\u00f3n\",\"url\":\"https:\\\/\\\/cmvsf2.org\\\/web\\\/\",\"logo\":{\"@type\":\"ImageObject\",\"inLanguage\":\"es\",\"@id\":\"https:\\\/\\\/cmvsf2.org\\\/web\\\/#\\\/schema\\\/logo\\\/image\\\/\",\"url\":\"http:\\\/\\\/cmvsf2.org\\\/web\\\/wp-content\\\/uploads\\\/2020\\\/03\\\/vector-logo-02.png\",\"contentUrl\":\"http:\\\/\\\/cmvsf2.org\\\/web\\\/wp-content\\\/uploads\\\/2020\\\/03\\\/vector-logo-02.png\",\"width\":2750,\"height\":642,\"caption\":\"Colegio De Veterinarios De Santa Fe 2da. Circunscripci\u00f3n\"},\"image\":{\"@id\":\"https:\\\/\\\/cmvsf2.org\\\/web\\\/#\\\/schema\\\/logo\\\/image\\\/\"}},{\"@type\":\"Person\",\"@id\":\"https:\\\/\\\/cmvsf2.org\\\/web\\\/#\\\/schema\\\/person\\\/46ea3630099a4a3df8d89f07cf5f7520\",\"name\":\"cmvsf2\",\"image\":{\"@type\":\"ImageObject\",\"inLanguage\":\"es\",\"@id\":\"https:\\\/\\\/secure.gravatar.com\\\/avatar\\\/669647b61c77f28f1aa51df04174a5ecb296e9988b4a93d2870666cd1f502cd7?s=96&d=mm&r=g\",\"url\":\"https:\\\/\\\/secure.gravatar.com\\\/avatar\\\/669647b61c77f28f1aa51df04174a5ecb296e9988b4a93d2870666cd1f502cd7?s=96&d=mm&r=g\",\"contentUrl\":\"https:\\\/\\\/secure.gravatar.com\\\/avatar\\\/669647b61c77f28f1aa51df04174a5ecb296e9988b4a93d2870666cd1f502cd7?s=96&d=mm&r=g\",\"caption\":\"cmvsf2\"}}]}<\/script>\n<!-- \/ Yoast SEO plugin. -->","yoast_head_json":{"title":"Jornadas de Medicina con Cannabis, Hongos adapt\u00f3genos y psilocibes en humanos y animales - Colegio De Veterinarios De Santa Fe 2da. Circunscripci\u00f3n","description":"El CMVSF2 invita a participar de las \u201cJornadas de Medicina con Cannabis, Hongos adapt\u00f3genos y psilocibes en humanos y animales\u201d que se realizar\u00e1n los d\u00edas","robots":{"index":"index","follow":"follow","max-snippet":"max-snippet:-1","max-image-preview":"max-image-preview:large","max-video-preview":"max-video-preview:-1"},"canonical":"https:\/\/cmvsf2.org\/web\/2024\/11\/19\/jornadas-de-medicina-con-cannabis-hongos-adaptogenos-y-psilocibes-en-humanos-y-animales\/","og_locale":"es_ES","og_type":"article","og_title":"Jornadas de Medicina con Cannabis, Hongos adapt\u00f3genos y psilocibes en humanos y animales - Colegio De Veterinarios De Santa Fe 2da. Circunscripci\u00f3n","og_description":"El CMVSF2 invita a participar de las \u201cJornadas de Medicina con Cannabis, Hongos adapt\u00f3genos y psilocibes en humanos y animales\u201d que se realizar\u00e1n los d\u00edas","og_url":"https:\/\/cmvsf2.org\/web\/2024\/11\/19\/jornadas-de-medicina-con-cannabis-hongos-adaptogenos-y-psilocibes-en-humanos-y-animales\/","og_site_name":"Colegio De Veterinarios De Santa Fe 2da. Circunscripci\u00f3n","article_published_time":"2024-11-19T23:11:24+00:00","article_modified_time":"2024-11-20T13:04:08+00:00","og_image":[{"width":940,"height":788,"url":"https:\/\/cmvsf2.org\/web\/wp-content\/uploads\/2024\/11\/Diseno-sin-titulo-1.png","type":"image\/png"}],"author":"cmvsf2","twitter_card":"summary_large_image","twitter_misc":{"Escrito por":"cmvsf2","Tiempo de lectura":"3 minutos"},"schema":{"@context":"https:\/\/schema.org","@graph":[{"@type":"Article","@id":"https:\/\/cmvsf2.org\/web\/2024\/11\/19\/jornadas-de-medicina-con-cannabis-hongos-adaptogenos-y-psilocibes-en-humanos-y-animales\/#article","isPartOf":{"@id":"https:\/\/cmvsf2.org\/web\/2024\/11\/19\/jornadas-de-medicina-con-cannabis-hongos-adaptogenos-y-psilocibes-en-humanos-y-animales\/"},"author":{"name":"cmvsf2","@id":"https:\/\/cmvsf2.org\/web\/#\/schema\/person\/46ea3630099a4a3df8d89f07cf5f7520"},"headline":"Jornadas de Medicina con Cannabis, Hongos adapt\u00f3genos y psilocibes en humanos y animales","datePublished":"2024-11-19T23:11:24+00:00","dateModified":"2024-11-20T13:04:08+00:00","mainEntityOfPage":{"@id":"https:\/\/cmvsf2.org\/web\/2024\/11\/19\/jornadas-de-medicina-con-cannabis-hongos-adaptogenos-y-psilocibes-en-humanos-y-animales\/"},"wordCount":607,"publisher":{"@id":"https:\/\/cmvsf2.org\/web\/#organization"},"image":{"@id":"https:\/\/cmvsf2.org\/web\/2024\/11\/19\/jornadas-de-medicina-con-cannabis-hongos-adaptogenos-y-psilocibes-en-humanos-y-animales\/#primaryimage"},"thumbnailUrl":"https:\/\/cmvsf2.org\/web\/wp-content\/uploads\/2024\/11\/Diseno-sin-titulo-1.png","keywords":["cannabis","hongos adapt\u00f3genos","jornadas"],"articleSection":["Animales de Compan\u00eda","Destacada","Formaci\u00f3n"],"inLanguage":"es"},{"@type":"WebPage","@id":"https:\/\/cmvsf2.org\/web\/2024\/11\/19\/jornadas-de-medicina-con-cannabis-hongos-adaptogenos-y-psilocibes-en-humanos-y-animales\/","url":"https:\/\/cmvsf2.org\/web\/2024\/11\/19\/jornadas-de-medicina-con-cannabis-hongos-adaptogenos-y-psilocibes-en-humanos-y-animales\/","name":"Jornadas de Medicina con Cannabis, Hongos adapt\u00f3genos y psilocibes en humanos y animales - Colegio De Veterinarios De Santa Fe 2da. Circunscripci\u00f3n","isPartOf":{"@id":"https:\/\/cmvsf2.org\/web\/#website"},"primaryImageOfPage":{"@id":"https:\/\/cmvsf2.org\/web\/2024\/11\/19\/jornadas-de-medicina-con-cannabis-hongos-adaptogenos-y-psilocibes-en-humanos-y-animales\/#primaryimage"},"image":{"@id":"https:\/\/cmvsf2.org\/web\/2024\/11\/19\/jornadas-de-medicina-con-cannabis-hongos-adaptogenos-y-psilocibes-en-humanos-y-animales\/#primaryimage"},"thumbnailUrl":"https:\/\/cmvsf2.org\/web\/wp-content\/uploads\/2024\/11\/Diseno-sin-titulo-1.png","datePublished":"2024-11-19T23:11:24+00:00","dateModified":"2024-11-20T13:04:08+00:00","description":"El CMVSF2 invita a participar de las \u201cJornadas de Medicina con Cannabis, Hongos adapt\u00f3genos y psilocibes en humanos y animales\u201d que se realizar\u00e1n los d\u00edas","breadcrumb":{"@id":"https:\/\/cmvsf2.org\/web\/2024\/11\/19\/jornadas-de-medicina-con-cannabis-hongos-adaptogenos-y-psilocibes-en-humanos-y-animales\/#breadcrumb"},"inLanguage":"es","potentialAction":[{"@type":"ReadAction","target":["https:\/\/cmvsf2.org\/web\/2024\/11\/19\/jornadas-de-medicina-con-cannabis-hongos-adaptogenos-y-psilocibes-en-humanos-y-animales\/"]}]},{"@type":"ImageObject","inLanguage":"es","@id":"https:\/\/cmvsf2.org\/web\/2024\/11\/19\/jornadas-de-medicina-con-cannabis-hongos-adaptogenos-y-psilocibes-en-humanos-y-animales\/#primaryimage","url":"https:\/\/cmvsf2.org\/web\/wp-content\/uploads\/2024\/11\/Diseno-sin-titulo-1.png","contentUrl":"https:\/\/cmvsf2.org\/web\/wp-content\/uploads\/2024\/11\/Diseno-sin-titulo-1.png","width":940,"height":788},{"@type":"BreadcrumbList","@id":"https:\/\/cmvsf2.org\/web\/2024\/11\/19\/jornadas-de-medicina-con-cannabis-hongos-adaptogenos-y-psilocibes-en-humanos-y-animales\/#breadcrumb","itemListElement":[{"@type":"ListItem","position":1,"name":"Portada","item":"https:\/\/cmvsf2.org\/web\/"},{"@type":"ListItem","position":2,"name":"Jornadas de Medicina con Cannabis, Hongos adapt\u00f3genos y psilocibes en humanos y animales"}]},{"@type":"WebSite","@id":"https:\/\/cmvsf2.org\/web\/#website","url":"https:\/\/cmvsf2.org\/web\/","name":"Colegio De Veterinarios De Santa Fe 2da. Circunscripci\u00f3n","description":"Sitio institucional del Colegio de M\u00e9dicos Veterinario de Santa Fe 2da. Circunscripci\u00f3n","publisher":{"@id":"https:\/\/cmvsf2.org\/web\/#organization"},"potentialAction":[{"@type":"SearchAction","target":{"@type":"EntryPoint","urlTemplate":"https:\/\/cmvsf2.org\/web\/?s={search_term_string}"},"query-input":{"@type":"PropertyValueSpecification","valueRequired":true,"valueName":"search_term_string"}}],"inLanguage":"es"},{"@type":"Organization","@id":"https:\/\/cmvsf2.org\/web\/#organization","name":"Colegio De Veterinarios De Santa Fe 2da. Circunscripci\u00f3n","url":"https:\/\/cmvsf2.org\/web\/","logo":{"@type":"ImageObject","inLanguage":"es","@id":"https:\/\/cmvsf2.org\/web\/#\/schema\/logo\/image\/","url":"http:\/\/cmvsf2.org\/web\/wp-content\/uploads\/2020\/03\/vector-logo-02.png","contentUrl":"http:\/\/cmvsf2.org\/web\/wp-content\/uploads\/2020\/03\/vector-logo-02.png","width":2750,"height":642,"caption":"Colegio De Veterinarios De Santa Fe 2da. Circunscripci\u00f3n"},"image":{"@id":"https:\/\/cmvsf2.org\/web\/#\/schema\/logo\/image\/"}},{"@type":"Person","@id":"https:\/\/cmvsf2.org\/web\/#\/schema\/person\/46ea3630099a4a3df8d89f07cf5f7520","name":"cmvsf2","image":{"@type":"ImageObject","inLanguage":"es","@id":"https:\/\/secure.gravatar.com\/avatar\/669647b61c77f28f1aa51df04174a5ecb296e9988b4a93d2870666cd1f502cd7?s=96&d=mm&r=g","url":"https:\/\/secure.gravatar.com\/avatar\/669647b61c77f28f1aa51df04174a5ecb296e9988b4a93d2870666cd1f502cd7?s=96&d=mm&r=g","contentUrl":"https:\/\/secure.gravatar.com\/avatar\/669647b61c77f28f1aa51df04174a5ecb296e9988b4a93d2870666cd1f502cd7?s=96&d=mm&r=g","caption":"cmvsf2"}}]}},"_links":{"self":[{"href":"https:\/\/cmvsf2.org\/web\/wp-json\/wp\/v2\/posts\/34600","targetHints":{"allow":["GET"]}}],"collection":[{"href":"https:\/\/cmvsf2.org\/web\/wp-json\/wp\/v2\/posts"}],"about":[{"href":"https:\/\/cmvsf2.org\/web\/wp-json\/wp\/v2\/types\/post"}],"author":[{"embeddable":true,"href":"https:\/\/cmvsf2.org\/web\/wp-json\/wp\/v2\/users\/3"}],"replies":[{"embeddable":true,"href":"https:\/\/cmvsf2.org\/web\/wp-json\/wp\/v2\/comments?post=34600"}],"version-history":[{"count":6,"href":"https:\/\/cmvsf2.org\/web\/wp-json\/wp\/v2\/posts\/34600\/revisions"}],"predecessor-version":[{"id":34608,"href":"https:\/\/cmvsf2.org\/web\/wp-json\/wp\/v2\/posts\/34600\/revisions\/34608"}],"wp:featuredmedia":[{"embeddable":true,"href":"https:\/\/cmvsf2.org\/web\/wp-json\/wp\/v2\/media\/34601"}],"wp:attachment":[{"href":"https:\/\/cmvsf2.org\/web\/wp-json\/wp\/v2\/media?parent=34600"}],"wp:term":[{"taxonomy":"category","embeddable":true,"href":"https:\/\/cmvsf2.org\/web\/wp-json\/wp\/v2\/categories?post=34600"},{"taxonomy":"post_tag","embeddable":true,"href":"https:\/\/cmvsf2.org\/web\/wp-json\/wp\/v2\/tags?post=34600"}],"curies":[{"name":"wp","href":"https:\/\/api.w.org\/{rel}","templated":true}]}}