{"id":3447,"date":"2017-03-22T18:58:55","date_gmt":"2017-03-22T18:58:55","guid":{"rendered":"http:\/\/sessionstudio.ar\/vet\/web\/?p=3447"},"modified":"2017-03-22T18:58:55","modified_gmt":"2017-03-22T18:58:55","slug":"conicet-lanza-la-unidad-tecnologica-salud-produccion-animal-respuesta-las-necesidades-los-sectores-socio-productivos","status":"publish","type":"post","link":"https:\/\/cmvsf2.org\/web\/2017\/03\/22\/conicet-lanza-la-unidad-tecnologica-salud-produccion-animal-respuesta-las-necesidades-los-sectores-socio-productivos\/","title":{"rendered":"El CONICET lanza la Unidad Tecnol\u00f3gica Salud y Producci\u00f3n Animal como respuesta a las necesidades de los sectores socio-productivos"},"content":{"rendered":"<h4 class=\"detalle-volanta\"><span class=\"date\">15\/03\/2017<\/span> | VINCULACI\u00d3N TECNOL\u00d3GICA<\/h4>\n<h1 class=\"detalle-titulo\">El CONICET lanza la Unidad Tecnol\u00f3gica Salud y Producci\u00f3n Animal como respuesta a las necesidades de los sectores socio-productivos<\/h1>\n<h5 class=\"detalle-copete\">El jueves 23 de marzo, el Consejo se prepara para dar a conocer una nueva estructura de trabajo que brinda soluciones tecnol\u00f3gicas al sector privado.<\/h5>\n<p>&nbsp;<br \/>\n<img loading=\"lazy\" decoding=\"async\" class=\"aligncenter wp-image-3448\" src=\"http:\/\/sessionstudio.ar\/vet\/web\/wp-content\/uploads\/2017\/03\/postal-ut-web.jpg\" alt=\"\" width=\"743\" height=\"418\" \/><br \/>\n&nbsp;<br \/>\n\u00bfC\u00f3mo el organismo de ciencia y tecnolog\u00eda m\u00e1s grande a nivel nacional puede aportar <strong>soluciones a la producci\u00f3n<\/strong> y ser un <strong>socio estrat\u00e9gico del I+D<\/strong> de las industrias? Es una de las preguntas a las que el Consejo Nacional de Investigaciones Cient\u00edficas y T\u00e9cnicas intentar\u00e1 dar respuesta el jueves 23 de marzo con el lanzamiento de la <a href=\"http:\/\/ut-saludanimal.conicet.gob.ar\/\"><strong>Unidad Tecnol\u00f3gica Salud<\/strong><\/a><strong> y Producci\u00f3n Animal<\/strong>.<br \/>\nProductores agropecuarios, representantes de c\u00e1maras empresariales, industriales y de instituciones, autoridades provinciales y nacionales, profesionales, m\u00e9dicos veterinarios, investigadores y becarios fueron convocados por la <a href=\"http:\/\/vinculacion.conicet.gov.ar\/\"><strong>Direcci\u00f3n de Vinculaci\u00f3n Tecnol\u00f3gica<\/strong><\/a> para que conozcan de qu\u00e9 se trata esta nueva estructura de trabajo que vincula al Consejo con los sectores socio-productivos. DichaUnidad Tecnol\u00f3gica (UT) tiene por objetivo organizar el universo de servicios y capacidades del organismo en torno a una tem\u00e1tica tecnol\u00f3gica en particular, con el fin de promover el desarrollo y la transferencia de conocimientos y tecnolog\u00edas.<br \/>\n\u201cLa Unidad Tecnol\u00f3gica Salud y Producci\u00f3n Animal es una red de vinculaci\u00f3n entre centros de investigaci\u00f3n del CONICET abocados a temas de salud y producci\u00f3n animal, y al desarrollo de f\u00e1rmacos de uso veterinario, que se cre\u00f3 en 2016 para dar respuesta a las necesidades que plantea el sector productivo\u201d, explic\u00f3 Juan Soria, Director de Vinculaci\u00f3n Tecnol\u00f3gica del CONICET.<br \/>\nA prop\u00f3sito del evento de lanzamiento, Soria manifest\u00f3 que \u201cse pens\u00f3 en un programa integral que fuera de inter\u00e9s para el p\u00fablico invitado. De este modo se hizo foco en casos de \u00e9xito tanto de desarrollos como de servicios y hasta de conformaci\u00f3n de Empresas de Base Tecnol\u00f3gica, que puedan ser relatados por sus protagonistas. Tambi\u00e9n se pens\u00f3 en dar lugar a representantes del sector privado que de alg\u00fan modo pudieran poner de relieve las demandas tecnol\u00f3gicas del sector socio-productivo\u201d.<br \/>\n<strong>\u00a0<\/strong><\/p>\n<h3><strong>Propuesta con fuerte anclaje en el medio productivo<\/strong><\/h3>\n<p>El evento se realizar\u00e1 desde las 14 hasta las 17 hs. en el Centro Cultura de la Ciencia (C3), ubicado en el Polo Cient\u00edfico Tecnol\u00f3gico (Godoy Cruz 2270, CABA) y contar\u00e1 con la presencia del presidente del CONICET, Dr. Alejandro Ceccatto.<br \/>\nDurante el primer bloque, moderado por el coordinador de la mencionada UT, Med. Vet. Mat\u00edas Nardello, se presentar\u00e1n tres casos exitosos de interacci\u00f3n p\u00fablico\/privada. Estar\u00e1n presentes la Dra. Ana Mar\u00eda Espinoza de Biog\u00e9nesis Bag\u00f3, la Dra. M. Susana Levy de Cell Tonics S.A., el Ing. Ariel V\u00e1zquez del Laboratorio Bedson e investigadores vinculados a diversos emprendimientos asociados.<br \/>\nEl segundo bloque est\u00e1 reservado para ponencias breves basadas en desarrollos de alto impacto. As\u00ed, la Dra. Carolina Bluguermann hablar\u00e1 sobre \u201cC\u00e9lulas madres e impresi\u00f3n de tejidos para uso terap\u00e9utico\u201d; el Dr. Guillermo Giovanbatistta expondr\u00e1 sobre \u201cUso de marcadores gen\u00e9ticos para producci\u00f3n. Plataforma ArBos \u201c y la Dra. Vanina Grippo tendr\u00e1 su espacio para hablar sobre \u201cUso de nanoanticuerpos y desarrollo de nuevas vacunas\u201d.<br \/>\nEl \u00faltimo bloque, abordar\u00e1 las demandas tecnol\u00f3gicas del sector socio-productivo e intentar\u00e1 responder, a trav\u00e9s de un debate moderado por el Ing. Hector Huergo de Clar\u00edn Rural y el Lic. F\u00e9lix Sammartino de La Naci\u00f3n Campo, la pregunta: \u00bfC\u00f3mo articular \u00e9stas con el sector cient\u00edfico? Del espacio participar\u00e1n Francisco Iguerabide, Presidente de la Asociaci\u00f3n Argentina de Consorcios Regionales de Experimentaci\u00f3n Agr\u00edcola -AACREA-; Rodrigo Troncoso, Subsecretario de ganader\u00eda del Ministerio de Agroindustria de la Naci\u00f3n; el Dr. Juan Carlos Aba, presidente de la C\u00e1mara Argentina de la Industria de Productos Veterinarios \u2013CAPROVE-, y el Dr. Carlos Lanusse director del centro de Investigaci\u00f3n Veterinaria Tandil (CIVETAN, CONICET-UNCPBA-CIC).<br \/>\n&nbsp;<br \/>\n<strong>Para m\u00e1s informaci\u00f3n sobre la UT Salud y Producci\u00f3n Animal haga <\/strong><a href=\"http:\/\/ut-saludanimal.conicet.gob.ar\/\"><strong>Click Aqu\u00ed<\/strong><\/a><br \/>\n<strong>Para participar del evento y descargar el programa on line, haga <\/strong><a href=\"http:\/\/ut-saludanimal.conicet.gob.ar\/eventos\/\"><strong>Click Aqu\u00ed<\/strong><\/a><br \/>\n&nbsp;<\/p>\n<pre>Fuente: <a href=\"http:\/\/www.conicet.gov.ar\/el-conicet-lanza-la-unidad-tecnologica-salud-y-produccion-animal-como-respuesta-a-las-necesidades-de-los-sectores-socio-productivos\/\">P\u00e1gina Oficial del CONICET<\/a><\/pre>\n","protected":false},"excerpt":{"rendered":"<p>15\/03\/2017 | VINCULACI\u00d3N TECNOL\u00d3GICA El CONICET lanza la Unidad Tecnol\u00f3gica Salud y Producci\u00f3n Animal como respuesta a las necesidades de los sectores socio-productivos El jueves 23 de marzo, el Consejo se prepara para dar a conocer una nueva estructura de trabajo que brinda soluciones tecnol\u00f3gicas al sector privado. &nbsp; &nbsp; \u00bfC\u00f3mo el organismo de ciencia y tecnolog\u00eda m\u00e1s grande a nivel nacional puede aportar [&hellip;]<\/p>\n","protected":false},"author":3,"featured_media":3448,"comment_status":"open","ping_status":"open","sticky":false,"template":"","format":"standard","meta":{"_acf_changed":false,"footnotes":""},"categories":[1],"tags":[],"class_list":["post-3447","post","type-post","status-publish","format-standard","has-post-thumbnail","hentry","category-sin-categoria"],"acf":[],"yoast_head":"<!-- This site is optimized with the Yoast SEO plugin v28.2 - https:\/\/yoast.com\/product\/yoast-seo-wordpress\/ -->\n<title>El CONICET lanza la Unidad Tecnol\u00f3gica Salud y Producci\u00f3n Animal como respuesta a las necesidades de los sectores socio-productivos - Colegio De Veterinarios De Santa Fe 2da. Circunscripci\u00f3n<\/title>\n<meta name=\"description\" content=\"15\/03\/2017 | VINCULACI\u00d3N TECNOL\u00d3GICA El CONICET lanza la Unidad Tecnol\u00f3gica Salud y Producci\u00f3n Animal como respuesta a las necesidades de los sectores\" \/>\n<meta name=\"robots\" content=\"index, follow, max-snippet:-1, max-image-preview:large, max-video-preview:-1\" \/>\n<link rel=\"canonical\" href=\"https:\/\/cmvsf2.org\/web\/2017\/03\/22\/conicet-lanza-la-unidad-tecnologica-salud-produccion-animal-respuesta-las-necesidades-los-sectores-socio-productivos\/\" \/>\n<meta property=\"og:locale\" content=\"es_ES\" \/>\n<meta property=\"og:type\" content=\"article\" \/>\n<meta property=\"og:title\" content=\"El CONICET lanza la Unidad Tecnol\u00f3gica Salud y Producci\u00f3n Animal como respuesta a las necesidades de los sectores socio-productivos - Colegio De Veterinarios De Santa Fe 2da. Circunscripci\u00f3n\" \/>\n<meta property=\"og:description\" content=\"15\/03\/2017 | VINCULACI\u00d3N TECNOL\u00d3GICA El CONICET lanza la Unidad Tecnol\u00f3gica Salud y Producci\u00f3n Animal como respuesta a las necesidades de los sectores\" \/>\n<meta property=\"og:url\" content=\"https:\/\/cmvsf2.org\/web\/2017\/03\/22\/conicet-lanza-la-unidad-tecnologica-salud-produccion-animal-respuesta-las-necesidades-los-sectores-socio-productivos\/\" \/>\n<meta property=\"og:site_name\" content=\"Colegio De Veterinarios De Santa Fe 2da. Circunscripci\u00f3n\" \/>\n<meta property=\"article:published_time\" content=\"2017-03-22T18:58:55+00:00\" \/>\n<meta property=\"og:image\" content=\"https:\/\/cmvsf2.org\/web\/wp-content\/uploads\/2020\/09\/logo.png\" \/>\n\t<meta property=\"og:image:width\" content=\"441\" \/>\n\t<meta property=\"og:image:height\" content=\"100\" \/>\n\t<meta property=\"og:image:type\" content=\"image\/png\" \/>\n<meta name=\"author\" content=\"cmvsf2\" \/>\n<meta name=\"twitter:card\" content=\"summary_large_image\" \/>\n<meta name=\"twitter:label1\" content=\"Escrito por\" \/>\n\t<meta name=\"twitter:data1\" content=\"cmvsf2\" \/>\n\t<meta name=\"twitter:label2\" content=\"Tiempo de lectura\" \/>\n\t<meta name=\"twitter:data2\" content=\"4 minutos\" \/>\n<script type=\"application\/ld+json\" class=\"yoast-schema-graph\">{\"@context\":\"https:\\\/\\\/schema.org\",\"@graph\":[{\"@type\":\"Article\",\"@id\":\"https:\\\/\\\/cmvsf2.org\\\/web\\\/2017\\\/03\\\/22\\\/conicet-lanza-la-unidad-tecnologica-salud-produccion-animal-respuesta-las-necesidades-los-sectores-socio-productivos\\\/#article\",\"isPartOf\":{\"@id\":\"https:\\\/\\\/cmvsf2.org\\\/web\\\/2017\\\/03\\\/22\\\/conicet-lanza-la-unidad-tecnologica-salud-produccion-animal-respuesta-las-necesidades-los-sectores-socio-productivos\\\/\"},\"author\":{\"name\":\"cmvsf2\",\"@id\":\"https:\\\/\\\/cmvsf2.org\\\/web\\\/#\\\/schema\\\/person\\\/46ea3630099a4a3df8d89f07cf5f7520\"},\"headline\":\"El CONICET lanza la Unidad Tecnol\u00f3gica Salud y Producci\u00f3n Animal como respuesta a las necesidades de los sectores socio-productivos\",\"datePublished\":\"2017-03-22T18:58:55+00:00\",\"mainEntityOfPage\":{\"@id\":\"https:\\\/\\\/cmvsf2.org\\\/web\\\/2017\\\/03\\\/22\\\/conicet-lanza-la-unidad-tecnologica-salud-produccion-animal-respuesta-las-necesidades-los-sectores-socio-productivos\\\/\"},\"wordCount\":727,\"commentCount\":0,\"publisher\":{\"@id\":\"https:\\\/\\\/cmvsf2.org\\\/web\\\/#organization\"},\"image\":{\"@id\":\"https:\\\/\\\/cmvsf2.org\\\/web\\\/2017\\\/03\\\/22\\\/conicet-lanza-la-unidad-tecnologica-salud-produccion-animal-respuesta-las-necesidades-los-sectores-socio-productivos\\\/#primaryimage\"},\"thumbnailUrl\":\"\",\"inLanguage\":\"es\"},{\"@type\":\"WebPage\",\"@id\":\"https:\\\/\\\/cmvsf2.org\\\/web\\\/2017\\\/03\\\/22\\\/conicet-lanza-la-unidad-tecnologica-salud-produccion-animal-respuesta-las-necesidades-los-sectores-socio-productivos\\\/\",\"url\":\"https:\\\/\\\/cmvsf2.org\\\/web\\\/2017\\\/03\\\/22\\\/conicet-lanza-la-unidad-tecnologica-salud-produccion-animal-respuesta-las-necesidades-los-sectores-socio-productivos\\\/\",\"name\":\"El CONICET lanza la Unidad Tecnol\u00f3gica Salud y Producci\u00f3n Animal como respuesta a las necesidades de los sectores socio-productivos - Colegio De Veterinarios De Santa Fe 2da. Circunscripci\u00f3n\",\"isPartOf\":{\"@id\":\"https:\\\/\\\/cmvsf2.org\\\/web\\\/#website\"},\"primaryImageOfPage\":{\"@id\":\"https:\\\/\\\/cmvsf2.org\\\/web\\\/2017\\\/03\\\/22\\\/conicet-lanza-la-unidad-tecnologica-salud-produccion-animal-respuesta-las-necesidades-los-sectores-socio-productivos\\\/#primaryimage\"},\"image\":{\"@id\":\"https:\\\/\\\/cmvsf2.org\\\/web\\\/2017\\\/03\\\/22\\\/conicet-lanza-la-unidad-tecnologica-salud-produccion-animal-respuesta-las-necesidades-los-sectores-socio-productivos\\\/#primaryimage\"},\"thumbnailUrl\":\"\",\"datePublished\":\"2017-03-22T18:58:55+00:00\",\"description\":\"15\\\/03\\\/2017 | VINCULACI\u00d3N TECNOL\u00d3GICA El CONICET lanza la Unidad Tecnol\u00f3gica Salud y Producci\u00f3n Animal como respuesta a las necesidades de los sectores\",\"breadcrumb\":{\"@id\":\"https:\\\/\\\/cmvsf2.org\\\/web\\\/2017\\\/03\\\/22\\\/conicet-lanza-la-unidad-tecnologica-salud-produccion-animal-respuesta-las-necesidades-los-sectores-socio-productivos\\\/#breadcrumb\"},\"inLanguage\":\"es\",\"potentialAction\":[{\"@type\":\"ReadAction\",\"target\":[\"https:\\\/\\\/cmvsf2.org\\\/web\\\/2017\\\/03\\\/22\\\/conicet-lanza-la-unidad-tecnologica-salud-produccion-animal-respuesta-las-necesidades-los-sectores-socio-productivos\\\/\"]}]},{\"@type\":\"ImageObject\",\"inLanguage\":\"es\",\"@id\":\"https:\\\/\\\/cmvsf2.org\\\/web\\\/2017\\\/03\\\/22\\\/conicet-lanza-la-unidad-tecnologica-salud-produccion-animal-respuesta-las-necesidades-los-sectores-socio-productivos\\\/#primaryimage\",\"url\":\"\",\"contentUrl\":\"\"},{\"@type\":\"BreadcrumbList\",\"@id\":\"https:\\\/\\\/cmvsf2.org\\\/web\\\/2017\\\/03\\\/22\\\/conicet-lanza-la-unidad-tecnologica-salud-produccion-animal-respuesta-las-necesidades-los-sectores-socio-productivos\\\/#breadcrumb\",\"itemListElement\":[{\"@type\":\"ListItem\",\"position\":1,\"name\":\"Portada\",\"item\":\"https:\\\/\\\/cmvsf2.org\\\/web\\\/\"},{\"@type\":\"ListItem\",\"position\":2,\"name\":\"El CONICET lanza la Unidad Tecnol\u00f3gica Salud y Producci\u00f3n Animal como respuesta a las necesidades de los sectores socio-productivos\"}]},{\"@type\":\"WebSite\",\"@id\":\"https:\\\/\\\/cmvsf2.org\\\/web\\\/#website\",\"url\":\"https:\\\/\\\/cmvsf2.org\\\/web\\\/\",\"name\":\"Colegio De Veterinarios De Santa Fe 2da. Circunscripci\u00f3n\",\"description\":\"Sitio institucional del Colegio de M\u00e9dicos Veterinario de Santa Fe 2da. Circunscripci\u00f3n\",\"publisher\":{\"@id\":\"https:\\\/\\\/cmvsf2.org\\\/web\\\/#organization\"},\"potentialAction\":[{\"@type\":\"SearchAction\",\"target\":{\"@type\":\"EntryPoint\",\"urlTemplate\":\"https:\\\/\\\/cmvsf2.org\\\/web\\\/?s={search_term_string}\"},\"query-input\":{\"@type\":\"PropertyValueSpecification\",\"valueRequired\":true,\"valueName\":\"search_term_string\"}}],\"inLanguage\":\"es\"},{\"@type\":\"Organization\",\"@id\":\"https:\\\/\\\/cmvsf2.org\\\/web\\\/#organization\",\"name\":\"Colegio De Veterinarios De Santa Fe 2da. Circunscripci\u00f3n\",\"url\":\"https:\\\/\\\/cmvsf2.org\\\/web\\\/\",\"logo\":{\"@type\":\"ImageObject\",\"inLanguage\":\"es\",\"@id\":\"https:\\\/\\\/cmvsf2.org\\\/web\\\/#\\\/schema\\\/logo\\\/image\\\/\",\"url\":\"http:\\\/\\\/cmvsf2.org\\\/web\\\/wp-content\\\/uploads\\\/2020\\\/03\\\/vector-logo-02.png\",\"contentUrl\":\"http:\\\/\\\/cmvsf2.org\\\/web\\\/wp-content\\\/uploads\\\/2020\\\/03\\\/vector-logo-02.png\",\"width\":2750,\"height\":642,\"caption\":\"Colegio De Veterinarios De Santa Fe 2da. Circunscripci\u00f3n\"},\"image\":{\"@id\":\"https:\\\/\\\/cmvsf2.org\\\/web\\\/#\\\/schema\\\/logo\\\/image\\\/\"}},{\"@type\":\"Person\",\"@id\":\"https:\\\/\\\/cmvsf2.org\\\/web\\\/#\\\/schema\\\/person\\\/46ea3630099a4a3df8d89f07cf5f7520\",\"name\":\"cmvsf2\",\"image\":{\"@type\":\"ImageObject\",\"inLanguage\":\"es\",\"@id\":\"https:\\\/\\\/secure.gravatar.com\\\/avatar\\\/669647b61c77f28f1aa51df04174a5ecb296e9988b4a93d2870666cd1f502cd7?s=96&d=mm&r=g\",\"url\":\"https:\\\/\\\/secure.gravatar.com\\\/avatar\\\/669647b61c77f28f1aa51df04174a5ecb296e9988b4a93d2870666cd1f502cd7?s=96&d=mm&r=g\",\"contentUrl\":\"https:\\\/\\\/secure.gravatar.com\\\/avatar\\\/669647b61c77f28f1aa51df04174a5ecb296e9988b4a93d2870666cd1f502cd7?s=96&d=mm&r=g\",\"caption\":\"cmvsf2\"}}]}<\/script>\n<!-- \/ Yoast SEO plugin. -->","yoast_head_json":{"title":"El CONICET lanza la Unidad Tecnol\u00f3gica Salud y Producci\u00f3n Animal como respuesta a las necesidades de los sectores socio-productivos - Colegio De Veterinarios De Santa Fe 2da. Circunscripci\u00f3n","description":"15\/03\/2017 | VINCULACI\u00d3N TECNOL\u00d3GICA El CONICET lanza la Unidad Tecnol\u00f3gica Salud y Producci\u00f3n Animal como respuesta a las necesidades de los sectores","robots":{"index":"index","follow":"follow","max-snippet":"max-snippet:-1","max-image-preview":"max-image-preview:large","max-video-preview":"max-video-preview:-1"},"canonical":"https:\/\/cmvsf2.org\/web\/2017\/03\/22\/conicet-lanza-la-unidad-tecnologica-salud-produccion-animal-respuesta-las-necesidades-los-sectores-socio-productivos\/","og_locale":"es_ES","og_type":"article","og_title":"El CONICET lanza la Unidad Tecnol\u00f3gica Salud y Producci\u00f3n Animal como respuesta a las necesidades de los sectores socio-productivos - Colegio De Veterinarios De Santa Fe 2da. Circunscripci\u00f3n","og_description":"15\/03\/2017 | VINCULACI\u00d3N TECNOL\u00d3GICA El CONICET lanza la Unidad Tecnol\u00f3gica Salud y Producci\u00f3n Animal como respuesta a las necesidades de los sectores","og_url":"https:\/\/cmvsf2.org\/web\/2017\/03\/22\/conicet-lanza-la-unidad-tecnologica-salud-produccion-animal-respuesta-las-necesidades-los-sectores-socio-productivos\/","og_site_name":"Colegio De Veterinarios De Santa Fe 2da. Circunscripci\u00f3n","article_published_time":"2017-03-22T18:58:55+00:00","og_image":[{"width":441,"height":100,"url":"https:\/\/cmvsf2.org\/web\/wp-content\/uploads\/2020\/09\/logo.png","type":"image\/png"}],"author":"cmvsf2","twitter_card":"summary_large_image","twitter_misc":{"Escrito por":"cmvsf2","Tiempo de lectura":"4 minutos"},"schema":{"@context":"https:\/\/schema.org","@graph":[{"@type":"Article","@id":"https:\/\/cmvsf2.org\/web\/2017\/03\/22\/conicet-lanza-la-unidad-tecnologica-salud-produccion-animal-respuesta-las-necesidades-los-sectores-socio-productivos\/#article","isPartOf":{"@id":"https:\/\/cmvsf2.org\/web\/2017\/03\/22\/conicet-lanza-la-unidad-tecnologica-salud-produccion-animal-respuesta-las-necesidades-los-sectores-socio-productivos\/"},"author":{"name":"cmvsf2","@id":"https:\/\/cmvsf2.org\/web\/#\/schema\/person\/46ea3630099a4a3df8d89f07cf5f7520"},"headline":"El CONICET lanza la Unidad Tecnol\u00f3gica Salud y Producci\u00f3n Animal como respuesta a las necesidades de los sectores socio-productivos","datePublished":"2017-03-22T18:58:55+00:00","mainEntityOfPage":{"@id":"https:\/\/cmvsf2.org\/web\/2017\/03\/22\/conicet-lanza-la-unidad-tecnologica-salud-produccion-animal-respuesta-las-necesidades-los-sectores-socio-productivos\/"},"wordCount":727,"commentCount":0,"publisher":{"@id":"https:\/\/cmvsf2.org\/web\/#organization"},"image":{"@id":"https:\/\/cmvsf2.org\/web\/2017\/03\/22\/conicet-lanza-la-unidad-tecnologica-salud-produccion-animal-respuesta-las-necesidades-los-sectores-socio-productivos\/#primaryimage"},"thumbnailUrl":"","inLanguage":"es"},{"@type":"WebPage","@id":"https:\/\/cmvsf2.org\/web\/2017\/03\/22\/conicet-lanza-la-unidad-tecnologica-salud-produccion-animal-respuesta-las-necesidades-los-sectores-socio-productivos\/","url":"https:\/\/cmvsf2.org\/web\/2017\/03\/22\/conicet-lanza-la-unidad-tecnologica-salud-produccion-animal-respuesta-las-necesidades-los-sectores-socio-productivos\/","name":"El CONICET lanza la Unidad Tecnol\u00f3gica Salud y Producci\u00f3n Animal como respuesta a las necesidades de los sectores socio-productivos - Colegio De Veterinarios De Santa Fe 2da. Circunscripci\u00f3n","isPartOf":{"@id":"https:\/\/cmvsf2.org\/web\/#website"},"primaryImageOfPage":{"@id":"https:\/\/cmvsf2.org\/web\/2017\/03\/22\/conicet-lanza-la-unidad-tecnologica-salud-produccion-animal-respuesta-las-necesidades-los-sectores-socio-productivos\/#primaryimage"},"image":{"@id":"https:\/\/cmvsf2.org\/web\/2017\/03\/22\/conicet-lanza-la-unidad-tecnologica-salud-produccion-animal-respuesta-las-necesidades-los-sectores-socio-productivos\/#primaryimage"},"thumbnailUrl":"","datePublished":"2017-03-22T18:58:55+00:00","description":"15\/03\/2017 | VINCULACI\u00d3N TECNOL\u00d3GICA El CONICET lanza la Unidad Tecnol\u00f3gica Salud y Producci\u00f3n Animal como respuesta a las necesidades de los sectores","breadcrumb":{"@id":"https:\/\/cmvsf2.org\/web\/2017\/03\/22\/conicet-lanza-la-unidad-tecnologica-salud-produccion-animal-respuesta-las-necesidades-los-sectores-socio-productivos\/#breadcrumb"},"inLanguage":"es","potentialAction":[{"@type":"ReadAction","target":["https:\/\/cmvsf2.org\/web\/2017\/03\/22\/conicet-lanza-la-unidad-tecnologica-salud-produccion-animal-respuesta-las-necesidades-los-sectores-socio-productivos\/"]}]},{"@type":"ImageObject","inLanguage":"es","@id":"https:\/\/cmvsf2.org\/web\/2017\/03\/22\/conicet-lanza-la-unidad-tecnologica-salud-produccion-animal-respuesta-las-necesidades-los-sectores-socio-productivos\/#primaryimage","url":"","contentUrl":""},{"@type":"BreadcrumbList","@id":"https:\/\/cmvsf2.org\/web\/2017\/03\/22\/conicet-lanza-la-unidad-tecnologica-salud-produccion-animal-respuesta-las-necesidades-los-sectores-socio-productivos\/#breadcrumb","itemListElement":[{"@type":"ListItem","position":1,"name":"Portada","item":"https:\/\/cmvsf2.org\/web\/"},{"@type":"ListItem","position":2,"name":"El CONICET lanza la Unidad Tecnol\u00f3gica Salud y Producci\u00f3n Animal como respuesta a las necesidades de los sectores socio-productivos"}]},{"@type":"WebSite","@id":"https:\/\/cmvsf2.org\/web\/#website","url":"https:\/\/cmvsf2.org\/web\/","name":"Colegio De Veterinarios De Santa Fe 2da. Circunscripci\u00f3n","description":"Sitio institucional del Colegio de M\u00e9dicos Veterinario de Santa Fe 2da. Circunscripci\u00f3n","publisher":{"@id":"https:\/\/cmvsf2.org\/web\/#organization"},"potentialAction":[{"@type":"SearchAction","target":{"@type":"EntryPoint","urlTemplate":"https:\/\/cmvsf2.org\/web\/?s={search_term_string}"},"query-input":{"@type":"PropertyValueSpecification","valueRequired":true,"valueName":"search_term_string"}}],"inLanguage":"es"},{"@type":"Organization","@id":"https:\/\/cmvsf2.org\/web\/#organization","name":"Colegio De Veterinarios De Santa Fe 2da. Circunscripci\u00f3n","url":"https:\/\/cmvsf2.org\/web\/","logo":{"@type":"ImageObject","inLanguage":"es","@id":"https:\/\/cmvsf2.org\/web\/#\/schema\/logo\/image\/","url":"http:\/\/cmvsf2.org\/web\/wp-content\/uploads\/2020\/03\/vector-logo-02.png","contentUrl":"http:\/\/cmvsf2.org\/web\/wp-content\/uploads\/2020\/03\/vector-logo-02.png","width":2750,"height":642,"caption":"Colegio De Veterinarios De Santa Fe 2da. Circunscripci\u00f3n"},"image":{"@id":"https:\/\/cmvsf2.org\/web\/#\/schema\/logo\/image\/"}},{"@type":"Person","@id":"https:\/\/cmvsf2.org\/web\/#\/schema\/person\/46ea3630099a4a3df8d89f07cf5f7520","name":"cmvsf2","image":{"@type":"ImageObject","inLanguage":"es","@id":"https:\/\/secure.gravatar.com\/avatar\/669647b61c77f28f1aa51df04174a5ecb296e9988b4a93d2870666cd1f502cd7?s=96&d=mm&r=g","url":"https:\/\/secure.gravatar.com\/avatar\/669647b61c77f28f1aa51df04174a5ecb296e9988b4a93d2870666cd1f502cd7?s=96&d=mm&r=g","contentUrl":"https:\/\/secure.gravatar.com\/avatar\/669647b61c77f28f1aa51df04174a5ecb296e9988b4a93d2870666cd1f502cd7?s=96&d=mm&r=g","caption":"cmvsf2"}}]}},"_links":{"self":[{"href":"https:\/\/cmvsf2.org\/web\/wp-json\/wp\/v2\/posts\/3447","targetHints":{"allow":["GET"]}}],"collection":[{"href":"https:\/\/cmvsf2.org\/web\/wp-json\/wp\/v2\/posts"}],"about":[{"href":"https:\/\/cmvsf2.org\/web\/wp-json\/wp\/v2\/types\/post"}],"author":[{"embeddable":true,"href":"https:\/\/cmvsf2.org\/web\/wp-json\/wp\/v2\/users\/3"}],"replies":[{"embeddable":true,"href":"https:\/\/cmvsf2.org\/web\/wp-json\/wp\/v2\/comments?post=3447"}],"version-history":[{"count":0,"href":"https:\/\/cmvsf2.org\/web\/wp-json\/wp\/v2\/posts\/3447\/revisions"}],"wp:featuredmedia":[{"embeddable":true,"href":"https:\/\/cmvsf2.org\/web\/wp-json\/"}],"wp:attachment":[{"href":"https:\/\/cmvsf2.org\/web\/wp-json\/wp\/v2\/media?parent=3447"}],"wp:term":[{"taxonomy":"category","embeddable":true,"href":"https:\/\/cmvsf2.org\/web\/wp-json\/wp\/v2\/categories?post=3447"},{"taxonomy":"post_tag","embeddable":true,"href":"https:\/\/cmvsf2.org\/web\/wp-json\/wp\/v2\/tags?post=3447"}],"curies":[{"name":"wp","href":"https:\/\/api.w.org\/{rel}","templated":true}]}}