{"id":34374,"date":"2024-07-19T09:42:47","date_gmt":"2024-07-19T12:42:47","guid":{"rendered":"https:\/\/cmvsf2.org\/web\/?p=34374"},"modified":"2024-07-19T09:53:42","modified_gmt":"2024-07-19T12:53:42","slug":"congreso-de-medicina-veterinaria-santa-fe-2024","status":"publish","type":"post","link":"https:\/\/cmvsf2.org\/web\/2024\/07\/19\/congreso-de-medicina-veterinaria-santa-fe-2024\/","title":{"rendered":"CONGRESO DE MEDICINA VETERINARIA SANTA FE 2024"},"content":{"rendered":"<p>Te invitamos a participar de la<em><strong> Tercera Edici\u00f3n del Congreso de Medicina Veterinaria de la Provincia de Santa Fe.<\/strong><\/em> El mismo\u00a0tendr\u00e1 lugar el <em><strong>s\u00e1bado 2 de noviembre de 2024 en el Centro de Convenciones \u201cLos Maderos\u201d <\/strong><\/em>de la ciudad de Santa Fe, luego de dos ediciones exitosas en los a\u00f1os anteriores.<\/p>\n<p>Los ejes tem\u00e1ticos ser\u00e1n sectorizados por: <em><strong>Animales de Compa\u00f1\u00eda, Avicultura, Equinos, Ganader\u00eda, Porcinos, Ovinos y Caprinos<\/strong><\/em>. Los disertantes y temas elegidos responden a las necesidades e intereses que presenta la profesi\u00f3n en la actualidad.<\/p>\n<p>La posibilidad de tener a disposici\u00f3n tantas salas en simult\u00e1neo, permitir\u00e1 llevar adelante un congreso din\u00e1mico y productivo. Cada participante podr\u00e1 capacitarse en los temas espec\u00edficos que son de su inter\u00e9s.<\/p>\n<p>Adem\u00e1s, en esta edici\u00f3n habr\u00e1 <em><strong>un taller te\u00f3rico \u2013 pr\u00e1ctico, que se dictar\u00e1 el viernes 1\u00ba de noviembre<\/strong><\/em> en las instalaciones del CMVSF1\u00a0sobre \u201cEnfermedad de ligamento cruzado anterior mediante t\u00e9cnicas de osteotom\u00eda en cu\u00f1a (CTWO) y avance de tuberosidad tibial (TTA)\u201d. Ingres\u00e1\u00a0al link para saber m\u00e1s sobre esta propuesta:<\/p>\n<p><a href=\"https:\/\/cmvsfe1c.ar\/taller-teorico-practico-de-enfermedad-de-ligamento-cruzado-anterior-mediante-tecnicas-de-osteotomia-en-cuna-ctwo-y-avance-de-tuberosidad-tibial-tta\/\">https:\/\/cmvsfe1c.ar\/taller-teorico-practico-de-enfermedad-de-ligamento-cruzado-anterior-mediante-tecnicas-de-osteotomia-en-cuna-ctwo-y-avance-de-tuberosidad-tibial-tta\/<\/a><\/p>\n<p>&nbsp;<\/p>\n<p><strong>INSCRIPCI\u00d3N:<\/strong><\/p>\n<p class=\"has-text-align-center\"><strong>\u00a1Ped\u00ed tu voucher a la distribuidora o laboratorio donde compr\u00e1s habitualmente!<\/strong><\/p>\n<ul class=\"wp-block-list\">\n<li>El \u00fanico medio de inscripci\u00f3n es a trav\u00e9s del link publicado:\u00a0<a href=\"http:\/\/congreso3.cmvsfe1c.ar\/\" data-type=\"link\" data-id=\"congreso3.cmvsfe1c.ar\">congreso3.cmvsfe1c.ar<\/a><\/li>\n<li>Si ten\u00e9s tu voucher que vale por una entrada, tendr\u00e1s que validarlo con el c\u00f3digo y luego inscribirte: <a href=\"http:\/\/congreso3.cmvsfe1c.ar\/\" data-type=\"link\" data-id=\"congreso3.cmvsfe1c.ar\">congreso3.cmvsfe1c.ar<\/a><\/li>\n<li>Si quer\u00e9s comprar una entrada, deb\u00e9s completar el formulario de inscripci\u00f3n y adjuntar el comprobante de pago con la transferencia correspondiente: <a href=\"http:\/\/congreso3.cmvsfe1c.ar\/\" data-type=\"link\" data-id=\"congreso3.cmvsfe1c.ar\">congreso3.cmvsfe1c.ar<\/a><\/li>\n<li>DATOS DE LA CUENTA PARA REALIZAR TRANSFERENCIAS:<br \/>\nColegio de M\u00e9dicos Veterinarios de la Provincia de Santa Fe \u2013 1\u00aa C.<br \/>\nCta. Cte. N\u00ba 3385\/04 \u2013 Nuevo Banco De Santa Fe SA \u2013 Suc. N\u00ba 500<br \/>\nCUIT: 30-62869647-7<br \/>\nCBU: 33005001 15000003385041<br \/>\nAlias: COL.VET.SF1<\/li>\n<li>Tambi\u00e9n pod\u00e9s abonar en cuotas sin inter\u00e9s (consultar en administraci\u00f3n del Colegio 1\u00ba Circ. Tel. 342 4556427 \/ 4565839)<\/li>\n<li>La cena de clausura se realizar\u00e1 el s\u00e1bado 02\/11 en el Sal\u00f3n Marinas, con cupos limitados. Los asistentes que deseen adquirir una tarjeta para acompa\u00f1antes, deben comunicarse con administraci\u00f3n del Colegio 1\u00ba Circ. Tel. 342 4556427 \/ 4565839).<\/li>\n<\/ul>\n<p><img loading=\"lazy\" decoding=\"async\" class=\"aligncenter wp-image-34375 size-jeg-featured-750\" src=\"https:\/\/cmvsf2.org\/web\/wp-content\/uploads\/2024\/07\/451370510_18312769246158792_8537903166337248629_n-750x750.jpg\" alt=\"\" width=\"750\" height=\"750\" srcset=\"https:\/\/cmvsf2.org\/web\/wp-content\/uploads\/2024\/07\/451370510_18312769246158792_8537903166337248629_n-750x750.jpg 750w, https:\/\/cmvsf2.org\/web\/wp-content\/uploads\/2024\/07\/451370510_18312769246158792_8537903166337248629_n-300x300.jpg 300w, https:\/\/cmvsf2.org\/web\/wp-content\/uploads\/2024\/07\/451370510_18312769246158792_8537903166337248629_n-1024x1024.jpg 1024w, https:\/\/cmvsf2.org\/web\/wp-content\/uploads\/2024\/07\/451370510_18312769246158792_8537903166337248629_n-150x150.jpg 150w, https:\/\/cmvsf2.org\/web\/wp-content\/uploads\/2024\/07\/451370510_18312769246158792_8537903166337248629_n-768x768.jpg 768w, https:\/\/cmvsf2.org\/web\/wp-content\/uploads\/2024\/07\/451370510_18312769246158792_8537903166337248629_n-90x90.jpg 90w, https:\/\/cmvsf2.org\/web\/wp-content\/uploads\/2024\/07\/451370510_18312769246158792_8537903166337248629_n-370x370.jpg 370w, https:\/\/cmvsf2.org\/web\/wp-content\/uploads\/2024\/07\/451370510_18312769246158792_8537903166337248629_n.jpg 1081w\" sizes=\"auto, (max-width: 750px) 100vw, 750px\" \/><\/p>\n<p>&nbsp;<\/p>\n<p><img loading=\"lazy\" decoding=\"async\" class=\"aligncenter wp-image-34376 size-jeg-featured-750\" src=\"https:\/\/cmvsf2.org\/web\/wp-content\/uploads\/2024\/07\/ANIMALES-DE-COMPANIA-750x750.png\" alt=\"\" width=\"750\" height=\"750\" srcset=\"https:\/\/cmvsf2.org\/web\/wp-content\/uploads\/2024\/07\/ANIMALES-DE-COMPANIA-750x750.png 750w, https:\/\/cmvsf2.org\/web\/wp-content\/uploads\/2024\/07\/ANIMALES-DE-COMPANIA-300x300.png 300w, https:\/\/cmvsf2.org\/web\/wp-content\/uploads\/2024\/07\/ANIMALES-DE-COMPANIA-1024x1024.png 1024w, https:\/\/cmvsf2.org\/web\/wp-content\/uploads\/2024\/07\/ANIMALES-DE-COMPANIA-150x150.png 150w, https:\/\/cmvsf2.org\/web\/wp-content\/uploads\/2024\/07\/ANIMALES-DE-COMPANIA-768x768.png 768w, https:\/\/cmvsf2.org\/web\/wp-content\/uploads\/2024\/07\/ANIMALES-DE-COMPANIA-90x90.png 90w, https:\/\/cmvsf2.org\/web\/wp-content\/uploads\/2024\/07\/ANIMALES-DE-COMPANIA-370x370.png 370w, https:\/\/cmvsf2.org\/web\/wp-content\/uploads\/2024\/07\/ANIMALES-DE-COMPANIA.png 1080w\" sizes=\"auto, (max-width: 750px) 100vw, 750px\" \/><\/p>\n<p><img loading=\"lazy\" decoding=\"async\" class=\"aligncenter wp-image-34380 size-jeg-featured-750\" src=\"https:\/\/cmvsf2.org\/web\/wp-content\/uploads\/2024\/07\/451733137_18312769288158792_2740414333241592269_n-750x750.jpg\" alt=\"\" width=\"750\" height=\"750\" srcset=\"https:\/\/cmvsf2.org\/web\/wp-content\/uploads\/2024\/07\/451733137_18312769288158792_2740414333241592269_n-750x750.jpg 750w, https:\/\/cmvsf2.org\/web\/wp-content\/uploads\/2024\/07\/451733137_18312769288158792_2740414333241592269_n-300x300.jpg 300w, https:\/\/cmvsf2.org\/web\/wp-content\/uploads\/2024\/07\/451733137_18312769288158792_2740414333241592269_n-1024x1024.jpg 1024w, https:\/\/cmvsf2.org\/web\/wp-content\/uploads\/2024\/07\/451733137_18312769288158792_2740414333241592269_n-150x150.jpg 150w, https:\/\/cmvsf2.org\/web\/wp-content\/uploads\/2024\/07\/451733137_18312769288158792_2740414333241592269_n-768x768.jpg 768w, https:\/\/cmvsf2.org\/web\/wp-content\/uploads\/2024\/07\/451733137_18312769288158792_2740414333241592269_n-90x90.jpg 90w, https:\/\/cmvsf2.org\/web\/wp-content\/uploads\/2024\/07\/451733137_18312769288158792_2740414333241592269_n-370x370.jpg 370w, https:\/\/cmvsf2.org\/web\/wp-content\/uploads\/2024\/07\/451733137_18312769288158792_2740414333241592269_n.jpg 1080w\" sizes=\"auto, (max-width: 750px) 100vw, 750px\" \/><\/p>\n<p><img loading=\"lazy\" decoding=\"async\" class=\"aligncenter wp-image-34377 size-jeg-featured-750\" src=\"https:\/\/cmvsf2.org\/web\/wp-content\/uploads\/2024\/07\/451483190_18312769273158792_98485825013677190_n-750x750.jpg\" alt=\"\" width=\"750\" height=\"750\" srcset=\"https:\/\/cmvsf2.org\/web\/wp-content\/uploads\/2024\/07\/451483190_18312769273158792_98485825013677190_n-750x750.jpg 750w, https:\/\/cmvsf2.org\/web\/wp-content\/uploads\/2024\/07\/451483190_18312769273158792_98485825013677190_n-300x300.jpg 300w, https:\/\/cmvsf2.org\/web\/wp-content\/uploads\/2024\/07\/451483190_18312769273158792_98485825013677190_n-1024x1024.jpg 1024w, https:\/\/cmvsf2.org\/web\/wp-content\/uploads\/2024\/07\/451483190_18312769273158792_98485825013677190_n-150x150.jpg 150w, https:\/\/cmvsf2.org\/web\/wp-content\/uploads\/2024\/07\/451483190_18312769273158792_98485825013677190_n-768x768.jpg 768w, https:\/\/cmvsf2.org\/web\/wp-content\/uploads\/2024\/07\/451483190_18312769273158792_98485825013677190_n-90x90.jpg 90w, https:\/\/cmvsf2.org\/web\/wp-content\/uploads\/2024\/07\/451483190_18312769273158792_98485825013677190_n-370x370.jpg 370w, https:\/\/cmvsf2.org\/web\/wp-content\/uploads\/2024\/07\/451483190_18312769273158792_98485825013677190_n.jpg 1080w\" sizes=\"auto, (max-width: 750px) 100vw, 750px\" \/><\/p>\n<p><img loading=\"lazy\" decoding=\"async\" class=\"aligncenter wp-image-34378 size-jeg-featured-750\" src=\"https:\/\/cmvsf2.org\/web\/wp-content\/uploads\/2024\/07\/451062607_18312769306158792_7420427394079940034_n-750x750.jpg\" alt=\"\" width=\"750\" height=\"750\" srcset=\"https:\/\/cmvsf2.org\/web\/wp-content\/uploads\/2024\/07\/451062607_18312769306158792_7420427394079940034_n-750x750.jpg 750w, https:\/\/cmvsf2.org\/web\/wp-content\/uploads\/2024\/07\/451062607_18312769306158792_7420427394079940034_n-300x300.jpg 300w, https:\/\/cmvsf2.org\/web\/wp-content\/uploads\/2024\/07\/451062607_18312769306158792_7420427394079940034_n-1024x1024.jpg 1024w, https:\/\/cmvsf2.org\/web\/wp-content\/uploads\/2024\/07\/451062607_18312769306158792_7420427394079940034_n-150x150.jpg 150w, https:\/\/cmvsf2.org\/web\/wp-content\/uploads\/2024\/07\/451062607_18312769306158792_7420427394079940034_n-768x768.jpg 768w, https:\/\/cmvsf2.org\/web\/wp-content\/uploads\/2024\/07\/451062607_18312769306158792_7420427394079940034_n-90x90.jpg 90w, https:\/\/cmvsf2.org\/web\/wp-content\/uploads\/2024\/07\/451062607_18312769306158792_7420427394079940034_n-370x370.jpg 370w, https:\/\/cmvsf2.org\/web\/wp-content\/uploads\/2024\/07\/451062607_18312769306158792_7420427394079940034_n.jpg 1080w\" sizes=\"auto, (max-width: 750px) 100vw, 750px\" \/><\/p>\n<p><img loading=\"lazy\" decoding=\"async\" class=\"aligncenter wp-image-34379 size-jeg-featured-750\" src=\"https:\/\/cmvsf2.org\/web\/wp-content\/uploads\/2024\/07\/451198774_18312769297158792_8939506925614856827_n-750x750.jpg\" alt=\"\" width=\"750\" height=\"750\" srcset=\"https:\/\/cmvsf2.org\/web\/wp-content\/uploads\/2024\/07\/451198774_18312769297158792_8939506925614856827_n-750x750.jpg 750w, https:\/\/cmvsf2.org\/web\/wp-content\/uploads\/2024\/07\/451198774_18312769297158792_8939506925614856827_n-300x300.jpg 300w, https:\/\/cmvsf2.org\/web\/wp-content\/uploads\/2024\/07\/451198774_18312769297158792_8939506925614856827_n-1024x1024.jpg 1024w, https:\/\/cmvsf2.org\/web\/wp-content\/uploads\/2024\/07\/451198774_18312769297158792_8939506925614856827_n-150x150.jpg 150w, https:\/\/cmvsf2.org\/web\/wp-content\/uploads\/2024\/07\/451198774_18312769297158792_8939506925614856827_n-768x768.jpg 768w, https:\/\/cmvsf2.org\/web\/wp-content\/uploads\/2024\/07\/451198774_18312769297158792_8939506925614856827_n-90x90.jpg 90w, https:\/\/cmvsf2.org\/web\/wp-content\/uploads\/2024\/07\/451198774_18312769297158792_8939506925614856827_n-370x370.jpg 370w, https:\/\/cmvsf2.org\/web\/wp-content\/uploads\/2024\/07\/451198774_18312769297158792_8939506925614856827_n.jpg 1080w\" sizes=\"auto, (max-width: 750px) 100vw, 750px\" \/><\/p>\n<p><img loading=\"lazy\" decoding=\"async\" class=\"aligncenter wp-image-34382 size-jeg-featured-750\" src=\"https:\/\/cmvsf2.org\/web\/wp-content\/uploads\/2024\/07\/AVICULTURA-750x750.png\" alt=\"\" width=\"750\" height=\"750\" srcset=\"https:\/\/cmvsf2.org\/web\/wp-content\/uploads\/2024\/07\/AVICULTURA-750x750.png 750w, https:\/\/cmvsf2.org\/web\/wp-content\/uploads\/2024\/07\/AVICULTURA-300x300.png 300w, https:\/\/cmvsf2.org\/web\/wp-content\/uploads\/2024\/07\/AVICULTURA-1024x1024.png 1024w, https:\/\/cmvsf2.org\/web\/wp-content\/uploads\/2024\/07\/AVICULTURA-150x150.png 150w, https:\/\/cmvsf2.org\/web\/wp-content\/uploads\/2024\/07\/AVICULTURA-768x768.png 768w, https:\/\/cmvsf2.org\/web\/wp-content\/uploads\/2024\/07\/AVICULTURA-90x90.png 90w, https:\/\/cmvsf2.org\/web\/wp-content\/uploads\/2024\/07\/AVICULTURA-370x370.png 370w, https:\/\/cmvsf2.org\/web\/wp-content\/uploads\/2024\/07\/AVICULTURA.png 1080w\" sizes=\"auto, (max-width: 750px) 100vw, 750px\" \/><\/p>\n<p><img loading=\"lazy\" decoding=\"async\" class=\"aligncenter wp-image-34381 size-jeg-featured-750\" src=\"https:\/\/cmvsf2.org\/web\/wp-content\/uploads\/2024\/07\/aranceles-750x750.png\" alt=\"\" width=\"750\" height=\"750\" srcset=\"https:\/\/cmvsf2.org\/web\/wp-content\/uploads\/2024\/07\/aranceles-750x750.png 750w, https:\/\/cmvsf2.org\/web\/wp-content\/uploads\/2024\/07\/aranceles-300x300.png 300w, https:\/\/cmvsf2.org\/web\/wp-content\/uploads\/2024\/07\/aranceles-1024x1024.png 1024w, https:\/\/cmvsf2.org\/web\/wp-content\/uploads\/2024\/07\/aranceles-150x150.png 150w, https:\/\/cmvsf2.org\/web\/wp-content\/uploads\/2024\/07\/aranceles-768x768.png 768w, https:\/\/cmvsf2.org\/web\/wp-content\/uploads\/2024\/07\/aranceles-90x90.png 90w, https:\/\/cmvsf2.org\/web\/wp-content\/uploads\/2024\/07\/aranceles-370x370.png 370w, https:\/\/cmvsf2.org\/web\/wp-content\/uploads\/2024\/07\/aranceles.png 1081w\" sizes=\"auto, (max-width: 750px) 100vw, 750px\" \/><\/p>\n<p>&nbsp;<\/p>\n<p>&nbsp;<\/p>\n","protected":false},"excerpt":{"rendered":"<p>Te invitamos a participar de la Tercera Edici\u00f3n del Congreso de Medicina Veterinaria de la Provincia de Santa Fe. El mismo\u00a0tendr\u00e1 lugar el s\u00e1bado 2 de noviembre de 2024 en el Centro de Convenciones \u201cLos Maderos\u201d de la ciudad de Santa Fe, luego de dos ediciones exitosas en los a\u00f1os anteriores. Los ejes tem\u00e1ticos ser\u00e1n sectorizados por: Animales de Compa\u00f1\u00eda, Avicultura, Equinos, Ganader\u00eda, Porcinos, [&hellip;]<\/p>\n","protected":false},"author":3,"featured_media":34383,"comment_status":"closed","ping_status":"closed","sticky":false,"template":"","format":"standard","meta":{"_acf_changed":false,"footnotes":""},"categories":[343,35],"tags":[957,856],"class_list":["post-34374","post","type-post","status-publish","format-standard","has-post-thumbnail","hentry","category-destacada","category-formacion","tag-congreso","tag-santa-fe"],"acf":[],"yoast_head":"<!-- This site is optimized with the Yoast SEO plugin v28.2 - https:\/\/yoast.com\/product\/yoast-seo-wordpress\/ -->\n<title>CONGRESO DE MEDICINA VETERINARIA SANTA FE 2024 - Colegio De Veterinarios De Santa Fe 2da. Circunscripci\u00f3n<\/title>\n<meta name=\"description\" content=\"Te invitamos a participar de la Tercera Edici\u00f3n del Congreso de Medicina Veterinaria de la Provincia de Santa Fe. El mismo\u00a0tendr\u00e1 lugar el s\u00e1bado 2 de\" \/>\n<meta name=\"robots\" content=\"index, follow, max-snippet:-1, max-image-preview:large, max-video-preview:-1\" \/>\n<link rel=\"canonical\" href=\"https:\/\/cmvsf2.org\/web\/2024\/07\/19\/congreso-de-medicina-veterinaria-santa-fe-2024\/\" \/>\n<meta property=\"og:locale\" content=\"es_ES\" \/>\n<meta property=\"og:type\" content=\"article\" \/>\n<meta property=\"og:title\" content=\"CONGRESO DE MEDICINA VETERINARIA SANTA FE 2024 - Colegio De Veterinarios De Santa Fe 2da. Circunscripci\u00f3n\" \/>\n<meta property=\"og:description\" content=\"Te invitamos a participar de la Tercera Edici\u00f3n del Congreso de Medicina Veterinaria de la Provincia de Santa Fe. El mismo\u00a0tendr\u00e1 lugar el s\u00e1bado 2 de\" \/>\n<meta property=\"og:url\" content=\"https:\/\/cmvsf2.org\/web\/2024\/07\/19\/congreso-de-medicina-veterinaria-santa-fe-2024\/\" \/>\n<meta property=\"og:site_name\" content=\"Colegio De Veterinarios De Santa Fe 2da. Circunscripci\u00f3n\" \/>\n<meta property=\"article:published_time\" content=\"2024-07-19T12:42:47+00:00\" \/>\n<meta property=\"article:modified_time\" content=\"2024-07-19T12:53:42+00:00\" \/>\n<meta property=\"og:image\" content=\"https:\/\/cmvsf2.org\/web\/wp-content\/uploads\/2024\/07\/DSC02807-1024x473-1.jpg\" \/>\n\t<meta property=\"og:image:width\" content=\"1024\" \/>\n\t<meta property=\"og:image:height\" content=\"473\" \/>\n\t<meta property=\"og:image:type\" content=\"image\/jpeg\" \/>\n<meta name=\"author\" content=\"cmvsf2\" \/>\n<meta name=\"twitter:card\" content=\"summary_large_image\" \/>\n<meta name=\"twitter:label1\" content=\"Escrito por\" \/>\n\t<meta name=\"twitter:data1\" content=\"cmvsf2\" \/>\n\t<meta name=\"twitter:label2\" content=\"Tiempo de lectura\" \/>\n\t<meta name=\"twitter:data2\" content=\"4 minutos\" \/>\n<script type=\"application\/ld+json\" class=\"yoast-schema-graph\">{\"@context\":\"https:\\\/\\\/schema.org\",\"@graph\":[{\"@type\":\"Article\",\"@id\":\"https:\\\/\\\/cmvsf2.org\\\/web\\\/2024\\\/07\\\/19\\\/congreso-de-medicina-veterinaria-santa-fe-2024\\\/#article\",\"isPartOf\":{\"@id\":\"https:\\\/\\\/cmvsf2.org\\\/web\\\/2024\\\/07\\\/19\\\/congreso-de-medicina-veterinaria-santa-fe-2024\\\/\"},\"author\":{\"name\":\"cmvsf2\",\"@id\":\"https:\\\/\\\/cmvsf2.org\\\/web\\\/#\\\/schema\\\/person\\\/46ea3630099a4a3df8d89f07cf5f7520\"},\"headline\":\"CONGRESO DE MEDICINA VETERINARIA SANTA FE 2024\",\"datePublished\":\"2024-07-19T12:42:47+00:00\",\"dateModified\":\"2024-07-19T12:53:42+00:00\",\"mainEntityOfPage\":{\"@id\":\"https:\\\/\\\/cmvsf2.org\\\/web\\\/2024\\\/07\\\/19\\\/congreso-de-medicina-veterinaria-santa-fe-2024\\\/\"},\"wordCount\":376,\"publisher\":{\"@id\":\"https:\\\/\\\/cmvsf2.org\\\/web\\\/#organization\"},\"image\":{\"@id\":\"https:\\\/\\\/cmvsf2.org\\\/web\\\/2024\\\/07\\\/19\\\/congreso-de-medicina-veterinaria-santa-fe-2024\\\/#primaryimage\"},\"thumbnailUrl\":\"https:\\\/\\\/cmvsf2.org\\\/web\\\/wp-content\\\/uploads\\\/2024\\\/07\\\/DSC02807-1024x473-1.jpg\",\"keywords\":[\"congreso\",\"Santa Fe\"],\"articleSection\":[\"Destacada\",\"Formaci\u00f3n\"],\"inLanguage\":\"es\"},{\"@type\":\"WebPage\",\"@id\":\"https:\\\/\\\/cmvsf2.org\\\/web\\\/2024\\\/07\\\/19\\\/congreso-de-medicina-veterinaria-santa-fe-2024\\\/\",\"url\":\"https:\\\/\\\/cmvsf2.org\\\/web\\\/2024\\\/07\\\/19\\\/congreso-de-medicina-veterinaria-santa-fe-2024\\\/\",\"name\":\"CONGRESO DE MEDICINA VETERINARIA SANTA FE 2024 - Colegio De Veterinarios De Santa Fe 2da. Circunscripci\u00f3n\",\"isPartOf\":{\"@id\":\"https:\\\/\\\/cmvsf2.org\\\/web\\\/#website\"},\"primaryImageOfPage\":{\"@id\":\"https:\\\/\\\/cmvsf2.org\\\/web\\\/2024\\\/07\\\/19\\\/congreso-de-medicina-veterinaria-santa-fe-2024\\\/#primaryimage\"},\"image\":{\"@id\":\"https:\\\/\\\/cmvsf2.org\\\/web\\\/2024\\\/07\\\/19\\\/congreso-de-medicina-veterinaria-santa-fe-2024\\\/#primaryimage\"},\"thumbnailUrl\":\"https:\\\/\\\/cmvsf2.org\\\/web\\\/wp-content\\\/uploads\\\/2024\\\/07\\\/DSC02807-1024x473-1.jpg\",\"datePublished\":\"2024-07-19T12:42:47+00:00\",\"dateModified\":\"2024-07-19T12:53:42+00:00\",\"description\":\"Te invitamos a participar de la Tercera Edici\u00f3n del Congreso de Medicina Veterinaria de la Provincia de Santa Fe. El mismo\u00a0tendr\u00e1 lugar el s\u00e1bado 2 de\",\"breadcrumb\":{\"@id\":\"https:\\\/\\\/cmvsf2.org\\\/web\\\/2024\\\/07\\\/19\\\/congreso-de-medicina-veterinaria-santa-fe-2024\\\/#breadcrumb\"},\"inLanguage\":\"es\",\"potentialAction\":[{\"@type\":\"ReadAction\",\"target\":[\"https:\\\/\\\/cmvsf2.org\\\/web\\\/2024\\\/07\\\/19\\\/congreso-de-medicina-veterinaria-santa-fe-2024\\\/\"]}]},{\"@type\":\"ImageObject\",\"inLanguage\":\"es\",\"@id\":\"https:\\\/\\\/cmvsf2.org\\\/web\\\/2024\\\/07\\\/19\\\/congreso-de-medicina-veterinaria-santa-fe-2024\\\/#primaryimage\",\"url\":\"https:\\\/\\\/cmvsf2.org\\\/web\\\/wp-content\\\/uploads\\\/2024\\\/07\\\/DSC02807-1024x473-1.jpg\",\"contentUrl\":\"https:\\\/\\\/cmvsf2.org\\\/web\\\/wp-content\\\/uploads\\\/2024\\\/07\\\/DSC02807-1024x473-1.jpg\",\"width\":1024,\"height\":473},{\"@type\":\"BreadcrumbList\",\"@id\":\"https:\\\/\\\/cmvsf2.org\\\/web\\\/2024\\\/07\\\/19\\\/congreso-de-medicina-veterinaria-santa-fe-2024\\\/#breadcrumb\",\"itemListElement\":[{\"@type\":\"ListItem\",\"position\":1,\"name\":\"Portada\",\"item\":\"https:\\\/\\\/cmvsf2.org\\\/web\\\/\"},{\"@type\":\"ListItem\",\"position\":2,\"name\":\"CONGRESO DE MEDICINA VETERINARIA SANTA FE 2024\"}]},{\"@type\":\"WebSite\",\"@id\":\"https:\\\/\\\/cmvsf2.org\\\/web\\\/#website\",\"url\":\"https:\\\/\\\/cmvsf2.org\\\/web\\\/\",\"name\":\"Colegio De Veterinarios De Santa Fe 2da. Circunscripci\u00f3n\",\"description\":\"Sitio institucional del Colegio de M\u00e9dicos Veterinario de Santa Fe 2da. Circunscripci\u00f3n\",\"publisher\":{\"@id\":\"https:\\\/\\\/cmvsf2.org\\\/web\\\/#organization\"},\"potentialAction\":[{\"@type\":\"SearchAction\",\"target\":{\"@type\":\"EntryPoint\",\"urlTemplate\":\"https:\\\/\\\/cmvsf2.org\\\/web\\\/?s={search_term_string}\"},\"query-input\":{\"@type\":\"PropertyValueSpecification\",\"valueRequired\":true,\"valueName\":\"search_term_string\"}}],\"inLanguage\":\"es\"},{\"@type\":\"Organization\",\"@id\":\"https:\\\/\\\/cmvsf2.org\\\/web\\\/#organization\",\"name\":\"Colegio De Veterinarios De Santa Fe 2da. Circunscripci\u00f3n\",\"url\":\"https:\\\/\\\/cmvsf2.org\\\/web\\\/\",\"logo\":{\"@type\":\"ImageObject\",\"inLanguage\":\"es\",\"@id\":\"https:\\\/\\\/cmvsf2.org\\\/web\\\/#\\\/schema\\\/logo\\\/image\\\/\",\"url\":\"http:\\\/\\\/cmvsf2.org\\\/web\\\/wp-content\\\/uploads\\\/2020\\\/03\\\/vector-logo-02.png\",\"contentUrl\":\"http:\\\/\\\/cmvsf2.org\\\/web\\\/wp-content\\\/uploads\\\/2020\\\/03\\\/vector-logo-02.png\",\"width\":2750,\"height\":642,\"caption\":\"Colegio De Veterinarios De Santa Fe 2da. Circunscripci\u00f3n\"},\"image\":{\"@id\":\"https:\\\/\\\/cmvsf2.org\\\/web\\\/#\\\/schema\\\/logo\\\/image\\\/\"}},{\"@type\":\"Person\",\"@id\":\"https:\\\/\\\/cmvsf2.org\\\/web\\\/#\\\/schema\\\/person\\\/46ea3630099a4a3df8d89f07cf5f7520\",\"name\":\"cmvsf2\",\"image\":{\"@type\":\"ImageObject\",\"inLanguage\":\"es\",\"@id\":\"https:\\\/\\\/secure.gravatar.com\\\/avatar\\\/669647b61c77f28f1aa51df04174a5ecb296e9988b4a93d2870666cd1f502cd7?s=96&d=mm&r=g\",\"url\":\"https:\\\/\\\/secure.gravatar.com\\\/avatar\\\/669647b61c77f28f1aa51df04174a5ecb296e9988b4a93d2870666cd1f502cd7?s=96&d=mm&r=g\",\"contentUrl\":\"https:\\\/\\\/secure.gravatar.com\\\/avatar\\\/669647b61c77f28f1aa51df04174a5ecb296e9988b4a93d2870666cd1f502cd7?s=96&d=mm&r=g\",\"caption\":\"cmvsf2\"}}]}<\/script>\n<!-- \/ Yoast SEO plugin. -->","yoast_head_json":{"title":"CONGRESO DE MEDICINA VETERINARIA SANTA FE 2024 - Colegio De Veterinarios De Santa Fe 2da. Circunscripci\u00f3n","description":"Te invitamos a participar de la Tercera Edici\u00f3n del Congreso de Medicina Veterinaria de la Provincia de Santa Fe. El mismo\u00a0tendr\u00e1 lugar el s\u00e1bado 2 de","robots":{"index":"index","follow":"follow","max-snippet":"max-snippet:-1","max-image-preview":"max-image-preview:large","max-video-preview":"max-video-preview:-1"},"canonical":"https:\/\/cmvsf2.org\/web\/2024\/07\/19\/congreso-de-medicina-veterinaria-santa-fe-2024\/","og_locale":"es_ES","og_type":"article","og_title":"CONGRESO DE MEDICINA VETERINARIA SANTA FE 2024 - Colegio De Veterinarios De Santa Fe 2da. Circunscripci\u00f3n","og_description":"Te invitamos a participar de la Tercera Edici\u00f3n del Congreso de Medicina Veterinaria de la Provincia de Santa Fe. El mismo\u00a0tendr\u00e1 lugar el s\u00e1bado 2 de","og_url":"https:\/\/cmvsf2.org\/web\/2024\/07\/19\/congreso-de-medicina-veterinaria-santa-fe-2024\/","og_site_name":"Colegio De Veterinarios De Santa Fe 2da. Circunscripci\u00f3n","article_published_time":"2024-07-19T12:42:47+00:00","article_modified_time":"2024-07-19T12:53:42+00:00","og_image":[{"width":1024,"height":473,"url":"https:\/\/cmvsf2.org\/web\/wp-content\/uploads\/2024\/07\/DSC02807-1024x473-1.jpg","type":"image\/jpeg"}],"author":"cmvsf2","twitter_card":"summary_large_image","twitter_misc":{"Escrito por":"cmvsf2","Tiempo de lectura":"4 minutos"},"schema":{"@context":"https:\/\/schema.org","@graph":[{"@type":"Article","@id":"https:\/\/cmvsf2.org\/web\/2024\/07\/19\/congreso-de-medicina-veterinaria-santa-fe-2024\/#article","isPartOf":{"@id":"https:\/\/cmvsf2.org\/web\/2024\/07\/19\/congreso-de-medicina-veterinaria-santa-fe-2024\/"},"author":{"name":"cmvsf2","@id":"https:\/\/cmvsf2.org\/web\/#\/schema\/person\/46ea3630099a4a3df8d89f07cf5f7520"},"headline":"CONGRESO DE MEDICINA VETERINARIA SANTA FE 2024","datePublished":"2024-07-19T12:42:47+00:00","dateModified":"2024-07-19T12:53:42+00:00","mainEntityOfPage":{"@id":"https:\/\/cmvsf2.org\/web\/2024\/07\/19\/congreso-de-medicina-veterinaria-santa-fe-2024\/"},"wordCount":376,"publisher":{"@id":"https:\/\/cmvsf2.org\/web\/#organization"},"image":{"@id":"https:\/\/cmvsf2.org\/web\/2024\/07\/19\/congreso-de-medicina-veterinaria-santa-fe-2024\/#primaryimage"},"thumbnailUrl":"https:\/\/cmvsf2.org\/web\/wp-content\/uploads\/2024\/07\/DSC02807-1024x473-1.jpg","keywords":["congreso","Santa Fe"],"articleSection":["Destacada","Formaci\u00f3n"],"inLanguage":"es"},{"@type":"WebPage","@id":"https:\/\/cmvsf2.org\/web\/2024\/07\/19\/congreso-de-medicina-veterinaria-santa-fe-2024\/","url":"https:\/\/cmvsf2.org\/web\/2024\/07\/19\/congreso-de-medicina-veterinaria-santa-fe-2024\/","name":"CONGRESO DE MEDICINA VETERINARIA SANTA FE 2024 - Colegio De Veterinarios De Santa Fe 2da. Circunscripci\u00f3n","isPartOf":{"@id":"https:\/\/cmvsf2.org\/web\/#website"},"primaryImageOfPage":{"@id":"https:\/\/cmvsf2.org\/web\/2024\/07\/19\/congreso-de-medicina-veterinaria-santa-fe-2024\/#primaryimage"},"image":{"@id":"https:\/\/cmvsf2.org\/web\/2024\/07\/19\/congreso-de-medicina-veterinaria-santa-fe-2024\/#primaryimage"},"thumbnailUrl":"https:\/\/cmvsf2.org\/web\/wp-content\/uploads\/2024\/07\/DSC02807-1024x473-1.jpg","datePublished":"2024-07-19T12:42:47+00:00","dateModified":"2024-07-19T12:53:42+00:00","description":"Te invitamos a participar de la Tercera Edici\u00f3n del Congreso de Medicina Veterinaria de la Provincia de Santa Fe. El mismo\u00a0tendr\u00e1 lugar el s\u00e1bado 2 de","breadcrumb":{"@id":"https:\/\/cmvsf2.org\/web\/2024\/07\/19\/congreso-de-medicina-veterinaria-santa-fe-2024\/#breadcrumb"},"inLanguage":"es","potentialAction":[{"@type":"ReadAction","target":["https:\/\/cmvsf2.org\/web\/2024\/07\/19\/congreso-de-medicina-veterinaria-santa-fe-2024\/"]}]},{"@type":"ImageObject","inLanguage":"es","@id":"https:\/\/cmvsf2.org\/web\/2024\/07\/19\/congreso-de-medicina-veterinaria-santa-fe-2024\/#primaryimage","url":"https:\/\/cmvsf2.org\/web\/wp-content\/uploads\/2024\/07\/DSC02807-1024x473-1.jpg","contentUrl":"https:\/\/cmvsf2.org\/web\/wp-content\/uploads\/2024\/07\/DSC02807-1024x473-1.jpg","width":1024,"height":473},{"@type":"BreadcrumbList","@id":"https:\/\/cmvsf2.org\/web\/2024\/07\/19\/congreso-de-medicina-veterinaria-santa-fe-2024\/#breadcrumb","itemListElement":[{"@type":"ListItem","position":1,"name":"Portada","item":"https:\/\/cmvsf2.org\/web\/"},{"@type":"ListItem","position":2,"name":"CONGRESO DE MEDICINA VETERINARIA SANTA FE 2024"}]},{"@type":"WebSite","@id":"https:\/\/cmvsf2.org\/web\/#website","url":"https:\/\/cmvsf2.org\/web\/","name":"Colegio De Veterinarios De Santa Fe 2da. Circunscripci\u00f3n","description":"Sitio institucional del Colegio de M\u00e9dicos Veterinario de Santa Fe 2da. Circunscripci\u00f3n","publisher":{"@id":"https:\/\/cmvsf2.org\/web\/#organization"},"potentialAction":[{"@type":"SearchAction","target":{"@type":"EntryPoint","urlTemplate":"https:\/\/cmvsf2.org\/web\/?s={search_term_string}"},"query-input":{"@type":"PropertyValueSpecification","valueRequired":true,"valueName":"search_term_string"}}],"inLanguage":"es"},{"@type":"Organization","@id":"https:\/\/cmvsf2.org\/web\/#organization","name":"Colegio De Veterinarios De Santa Fe 2da. Circunscripci\u00f3n","url":"https:\/\/cmvsf2.org\/web\/","logo":{"@type":"ImageObject","inLanguage":"es","@id":"https:\/\/cmvsf2.org\/web\/#\/schema\/logo\/image\/","url":"http:\/\/cmvsf2.org\/web\/wp-content\/uploads\/2020\/03\/vector-logo-02.png","contentUrl":"http:\/\/cmvsf2.org\/web\/wp-content\/uploads\/2020\/03\/vector-logo-02.png","width":2750,"height":642,"caption":"Colegio De Veterinarios De Santa Fe 2da. Circunscripci\u00f3n"},"image":{"@id":"https:\/\/cmvsf2.org\/web\/#\/schema\/logo\/image\/"}},{"@type":"Person","@id":"https:\/\/cmvsf2.org\/web\/#\/schema\/person\/46ea3630099a4a3df8d89f07cf5f7520","name":"cmvsf2","image":{"@type":"ImageObject","inLanguage":"es","@id":"https:\/\/secure.gravatar.com\/avatar\/669647b61c77f28f1aa51df04174a5ecb296e9988b4a93d2870666cd1f502cd7?s=96&d=mm&r=g","url":"https:\/\/secure.gravatar.com\/avatar\/669647b61c77f28f1aa51df04174a5ecb296e9988b4a93d2870666cd1f502cd7?s=96&d=mm&r=g","contentUrl":"https:\/\/secure.gravatar.com\/avatar\/669647b61c77f28f1aa51df04174a5ecb296e9988b4a93d2870666cd1f502cd7?s=96&d=mm&r=g","caption":"cmvsf2"}}]}},"_links":{"self":[{"href":"https:\/\/cmvsf2.org\/web\/wp-json\/wp\/v2\/posts\/34374","targetHints":{"allow":["GET"]}}],"collection":[{"href":"https:\/\/cmvsf2.org\/web\/wp-json\/wp\/v2\/posts"}],"about":[{"href":"https:\/\/cmvsf2.org\/web\/wp-json\/wp\/v2\/types\/post"}],"author":[{"embeddable":true,"href":"https:\/\/cmvsf2.org\/web\/wp-json\/wp\/v2\/users\/3"}],"replies":[{"embeddable":true,"href":"https:\/\/cmvsf2.org\/web\/wp-json\/wp\/v2\/comments?post=34374"}],"version-history":[{"count":3,"href":"https:\/\/cmvsf2.org\/web\/wp-json\/wp\/v2\/posts\/34374\/revisions"}],"predecessor-version":[{"id":34386,"href":"https:\/\/cmvsf2.org\/web\/wp-json\/wp\/v2\/posts\/34374\/revisions\/34386"}],"wp:featuredmedia":[{"embeddable":true,"href":"https:\/\/cmvsf2.org\/web\/wp-json\/wp\/v2\/media\/34383"}],"wp:attachment":[{"href":"https:\/\/cmvsf2.org\/web\/wp-json\/wp\/v2\/media?parent=34374"}],"wp:term":[{"taxonomy":"category","embeddable":true,"href":"https:\/\/cmvsf2.org\/web\/wp-json\/wp\/v2\/categories?post=34374"},{"taxonomy":"post_tag","embeddable":true,"href":"https:\/\/cmvsf2.org\/web\/wp-json\/wp\/v2\/tags?post=34374"}],"curies":[{"name":"wp","href":"https:\/\/api.w.org\/{rel}","templated":true}]}}