{"id":34278,"date":"2024-05-14T11:40:44","date_gmt":"2024-05-14T14:40:44","guid":{"rendered":"https:\/\/cmvsf2.org\/web\/?p=34278"},"modified":"2024-05-14T12:45:55","modified_gmt":"2024-05-14T15:45:55","slug":"felicitaciones-a-las-nuevas-autoridades-electas-para-el-periodo-2024-2027","status":"publish","type":"post","link":"https:\/\/cmvsf2.org\/web\/2024\/05\/14\/felicitaciones-a-las-nuevas-autoridades-electas-para-el-periodo-2024-2027\/","title":{"rendered":"Felicitaciones a las nuevas autoridades electas para el per\u00edodo 2024-2027"},"content":{"rendered":"<p>El CMVSF2 informa a la membres\u00eda la integraci\u00f3n de los \u00f3rganos del Colegio con las y los nuevos miembros electos por el Consejo Asesor, para el per\u00edodo 2024 \u2013 2027:<\/p>\n<p><strong>Mesa Directiva<\/strong><\/p>\n<p>Presidente: Luis \u00c1ngel Vidoret (Mat. 444)<\/p>\n<p>Vicepresidenta: Natalia Laura Doctorovich (Mat. 949)<\/p>\n<p>Secretario: H\u00e9ctor Eugenio Camiletti (Mat. 498)<\/p>\n<p>Tesorero: Miguel \u00c1ngel Pagni (Mat. 215)<\/p>\n<p>Vocal Titular:<\/p>\n<p>Viviana Irma Infanti (Mat. 1155)<\/p>\n<p>Vocales Suplentes:<\/p>\n<p>Emiliano Germ\u00e1n Di Marco (Mat. 1366)<\/p>\n<p>Luc\u00eda In\u00e9s Correa (Mat. 1764)<\/p>\n<p>Fernando Javier Apa (Mat. 1647)<\/p>\n<p>Como novedad, y con el objetivo de garantizar una mayor representatividad, la Asamblea consensu\u00f3 la asistencia a las reuniones de Mesa Directiva de los consejeros por el depto. Belgrano, N\u00e9stor Javier Aquino (Mat. 837) y por el depto. San Lorenzo, Graciela Susana Cappelletti (Mat. 1028)<\/p>\n<p><strong>Comisi\u00f3n Revisora de Cuentas<\/strong><\/p>\n<p><strong>Titulares<\/strong><\/p>\n<p>Dardo Tildo Fiornovelli (Mat. 727)<\/p>\n<p>Gabriela Far\u00edas (Mat. 1309)<\/p>\n<p>Danisa Alejandra Morales (Mat. 1798)<\/p>\n<p><strong>Suplentes<\/strong><\/p>\n<p>Bruno Cianchetta (Mat. 1989)<\/p>\n<p>Rub\u00e9n Eduardo P\u00e9rez (Mat. 1429)<\/p>\n<p><strong>Integrantes Tribunal de \u00c9tica <\/strong><\/p>\n<p><strong>Titulares<\/strong><\/p>\n<p>Mar\u00eda Victoria Belligotti (Mat. 910)<\/p>\n<p>Sergio Horacio D\u00edaz Neto (Mat. 738)<\/p>\n<p>Andrea Fabiana Gui\u00f1az\u00fa (Mat. 1078)<\/p>\n<p><strong>Suplentes<\/strong><\/p>\n<p>Ricardo Daniel Ravaglia (Mat. 959)<\/p>\n<p>Dami\u00e1n Leandro Gobbi (Mat. 1738)<\/p>\n<p>Ana Valentina Musulin (Mat. 1302)<\/p>\n<p>&nbsp;<\/p>\n","protected":false},"excerpt":{"rendered":"<p>El CMVSF2 informa a la membres\u00eda la integraci\u00f3n de los \u00f3rganos del Colegio con las y los nuevos miembros electos por el Consejo Asesor, para el per\u00edodo 2024 \u2013 2027: Mesa Directiva Presidente: Luis \u00c1ngel Vidoret (Mat. 444) Vicepresidenta: Natalia Laura Doctorovich (Mat. 949) Secretario: H\u00e9ctor Eugenio Camiletti (Mat. 498) Tesorero: Miguel \u00c1ngel Pagni (Mat. 215) Vocal Titular: Viviana Irma Infanti (Mat. 1155) Vocales [&hellip;]<\/p>\n","protected":false},"author":3,"featured_media":34279,"comment_status":"closed","ping_status":"closed","sticky":false,"template":"","format":"standard","meta":{"_acf_changed":false,"footnotes":""},"categories":[343,977,345],"tags":[162,974,982],"class_list":["post-34278","post","type-post","status-publish","format-standard","has-post-thumbnail","hentry","category-destacada","category-elecciones-2024","category-institucionales","tag-autoridades","tag-elecciones-2024","tag-presidente"],"acf":[],"yoast_head":"<!-- This site is optimized with the Yoast SEO plugin v28.2 - https:\/\/yoast.com\/product\/yoast-seo-wordpress\/ -->\n<title>Felicitaciones a las nuevas autoridades electas para el per\u00edodo 2024-2027 - Colegio De Veterinarios De Santa Fe 2da. Circunscripci\u00f3n<\/title>\n<meta name=\"description\" content=\"El CMVSF2 informa a la membres\u00eda la integraci\u00f3n de los \u00f3rganos del Colegio con las y los nuevos miembros electos por el Consejo Asesor, para el per\u00edodo\" \/>\n<meta name=\"robots\" content=\"index, follow, max-snippet:-1, max-image-preview:large, max-video-preview:-1\" \/>\n<link rel=\"canonical\" href=\"https:\/\/cmvsf2.org\/web\/2024\/05\/14\/felicitaciones-a-las-nuevas-autoridades-electas-para-el-periodo-2024-2027\/\" \/>\n<meta property=\"og:locale\" content=\"es_ES\" \/>\n<meta property=\"og:type\" content=\"article\" \/>\n<meta property=\"og:title\" content=\"Felicitaciones a las nuevas autoridades electas para el per\u00edodo 2024-2027 - Colegio De Veterinarios De Santa Fe 2da. Circunscripci\u00f3n\" \/>\n<meta property=\"og:description\" content=\"El CMVSF2 informa a la membres\u00eda la integraci\u00f3n de los \u00f3rganos del Colegio con las y los nuevos miembros electos por el Consejo Asesor, para el per\u00edodo\" \/>\n<meta property=\"og:url\" content=\"https:\/\/cmvsf2.org\/web\/2024\/05\/14\/felicitaciones-a-las-nuevas-autoridades-electas-para-el-periodo-2024-2027\/\" \/>\n<meta property=\"og:site_name\" content=\"Colegio De Veterinarios De Santa Fe 2da. Circunscripci\u00f3n\" \/>\n<meta property=\"article:published_time\" content=\"2024-05-14T14:40:44+00:00\" \/>\n<meta property=\"article:modified_time\" content=\"2024-05-14T15:45:55+00:00\" \/>\n<meta property=\"og:image\" content=\"https:\/\/cmvsf2.org\/web\/wp-content\/uploads\/2024\/05\/WhatsApp-Image-2024-05-13-at-09.20.57-e1715697619572.jpeg\" \/>\n\t<meta property=\"og:image:width\" content=\"1250\" \/>\n\t<meta property=\"og:image:height\" content=\"701\" \/>\n\t<meta property=\"og:image:type\" content=\"image\/jpeg\" \/>\n<meta name=\"author\" content=\"cmvsf2\" \/>\n<meta name=\"twitter:card\" content=\"summary_large_image\" \/>\n<meta name=\"twitter:label1\" content=\"Escrito por\" \/>\n\t<meta name=\"twitter:data1\" content=\"cmvsf2\" \/>\n\t<meta name=\"twitter:label2\" content=\"Tiempo de lectura\" \/>\n\t<meta name=\"twitter:data2\" content=\"2 minutos\" \/>\n<script type=\"application\/ld+json\" class=\"yoast-schema-graph\">{\"@context\":\"https:\\\/\\\/schema.org\",\"@graph\":[{\"@type\":\"Article\",\"@id\":\"https:\\\/\\\/cmvsf2.org\\\/web\\\/2024\\\/05\\\/14\\\/felicitaciones-a-las-nuevas-autoridades-electas-para-el-periodo-2024-2027\\\/#article\",\"isPartOf\":{\"@id\":\"https:\\\/\\\/cmvsf2.org\\\/web\\\/2024\\\/05\\\/14\\\/felicitaciones-a-las-nuevas-autoridades-electas-para-el-periodo-2024-2027\\\/\"},\"author\":{\"name\":\"cmvsf2\",\"@id\":\"https:\\\/\\\/cmvsf2.org\\\/web\\\/#\\\/schema\\\/person\\\/46ea3630099a4a3df8d89f07cf5f7520\"},\"headline\":\"Felicitaciones a las nuevas autoridades electas para el per\u00edodo 2024-2027\",\"datePublished\":\"2024-05-14T14:40:44+00:00\",\"dateModified\":\"2024-05-14T15:45:55+00:00\",\"mainEntityOfPage\":{\"@id\":\"https:\\\/\\\/cmvsf2.org\\\/web\\\/2024\\\/05\\\/14\\\/felicitaciones-a-las-nuevas-autoridades-electas-para-el-periodo-2024-2027\\\/\"},\"wordCount\":196,\"publisher\":{\"@id\":\"https:\\\/\\\/cmvsf2.org\\\/web\\\/#organization\"},\"image\":{\"@id\":\"https:\\\/\\\/cmvsf2.org\\\/web\\\/2024\\\/05\\\/14\\\/felicitaciones-a-las-nuevas-autoridades-electas-para-el-periodo-2024-2027\\\/#primaryimage\"},\"thumbnailUrl\":\"https:\\\/\\\/cmvsf2.org\\\/web\\\/wp-content\\\/uploads\\\/2024\\\/05\\\/WhatsApp-Image-2024-05-13-at-09.20.57-e1715697619572.jpeg\",\"keywords\":[\"autoridades\",\"elecciones 2024\",\"presidente\"],\"articleSection\":[\"Destacada\",\"Elecciones 2024\",\"Institucionales\"],\"inLanguage\":\"es\"},{\"@type\":\"WebPage\",\"@id\":\"https:\\\/\\\/cmvsf2.org\\\/web\\\/2024\\\/05\\\/14\\\/felicitaciones-a-las-nuevas-autoridades-electas-para-el-periodo-2024-2027\\\/\",\"url\":\"https:\\\/\\\/cmvsf2.org\\\/web\\\/2024\\\/05\\\/14\\\/felicitaciones-a-las-nuevas-autoridades-electas-para-el-periodo-2024-2027\\\/\",\"name\":\"Felicitaciones a las nuevas autoridades electas para el per\u00edodo 2024-2027 - Colegio De Veterinarios De Santa Fe 2da. Circunscripci\u00f3n\",\"isPartOf\":{\"@id\":\"https:\\\/\\\/cmvsf2.org\\\/web\\\/#website\"},\"primaryImageOfPage\":{\"@id\":\"https:\\\/\\\/cmvsf2.org\\\/web\\\/2024\\\/05\\\/14\\\/felicitaciones-a-las-nuevas-autoridades-electas-para-el-periodo-2024-2027\\\/#primaryimage\"},\"image\":{\"@id\":\"https:\\\/\\\/cmvsf2.org\\\/web\\\/2024\\\/05\\\/14\\\/felicitaciones-a-las-nuevas-autoridades-electas-para-el-periodo-2024-2027\\\/#primaryimage\"},\"thumbnailUrl\":\"https:\\\/\\\/cmvsf2.org\\\/web\\\/wp-content\\\/uploads\\\/2024\\\/05\\\/WhatsApp-Image-2024-05-13-at-09.20.57-e1715697619572.jpeg\",\"datePublished\":\"2024-05-14T14:40:44+00:00\",\"dateModified\":\"2024-05-14T15:45:55+00:00\",\"description\":\"El CMVSF2 informa a la membres\u00eda la integraci\u00f3n de los \u00f3rganos del Colegio con las y los nuevos miembros electos por el Consejo Asesor, para el per\u00edodo\",\"breadcrumb\":{\"@id\":\"https:\\\/\\\/cmvsf2.org\\\/web\\\/2024\\\/05\\\/14\\\/felicitaciones-a-las-nuevas-autoridades-electas-para-el-periodo-2024-2027\\\/#breadcrumb\"},\"inLanguage\":\"es\",\"potentialAction\":[{\"@type\":\"ReadAction\",\"target\":[\"https:\\\/\\\/cmvsf2.org\\\/web\\\/2024\\\/05\\\/14\\\/felicitaciones-a-las-nuevas-autoridades-electas-para-el-periodo-2024-2027\\\/\"]}]},{\"@type\":\"ImageObject\",\"inLanguage\":\"es\",\"@id\":\"https:\\\/\\\/cmvsf2.org\\\/web\\\/2024\\\/05\\\/14\\\/felicitaciones-a-las-nuevas-autoridades-electas-para-el-periodo-2024-2027\\\/#primaryimage\",\"url\":\"https:\\\/\\\/cmvsf2.org\\\/web\\\/wp-content\\\/uploads\\\/2024\\\/05\\\/WhatsApp-Image-2024-05-13-at-09.20.57-e1715697619572.jpeg\",\"contentUrl\":\"https:\\\/\\\/cmvsf2.org\\\/web\\\/wp-content\\\/uploads\\\/2024\\\/05\\\/WhatsApp-Image-2024-05-13-at-09.20.57-e1715697619572.jpeg\",\"width\":1250,\"height\":701},{\"@type\":\"BreadcrumbList\",\"@id\":\"https:\\\/\\\/cmvsf2.org\\\/web\\\/2024\\\/05\\\/14\\\/felicitaciones-a-las-nuevas-autoridades-electas-para-el-periodo-2024-2027\\\/#breadcrumb\",\"itemListElement\":[{\"@type\":\"ListItem\",\"position\":1,\"name\":\"Portada\",\"item\":\"https:\\\/\\\/cmvsf2.org\\\/web\\\/\"},{\"@type\":\"ListItem\",\"position\":2,\"name\":\"Felicitaciones a las nuevas autoridades electas para el per\u00edodo 2024-2027\"}]},{\"@type\":\"WebSite\",\"@id\":\"https:\\\/\\\/cmvsf2.org\\\/web\\\/#website\",\"url\":\"https:\\\/\\\/cmvsf2.org\\\/web\\\/\",\"name\":\"Colegio De Veterinarios De Santa Fe 2da. Circunscripci\u00f3n\",\"description\":\"Sitio institucional del Colegio de M\u00e9dicos Veterinario de Santa Fe 2da. Circunscripci\u00f3n\",\"publisher\":{\"@id\":\"https:\\\/\\\/cmvsf2.org\\\/web\\\/#organization\"},\"potentialAction\":[{\"@type\":\"SearchAction\",\"target\":{\"@type\":\"EntryPoint\",\"urlTemplate\":\"https:\\\/\\\/cmvsf2.org\\\/web\\\/?s={search_term_string}\"},\"query-input\":{\"@type\":\"PropertyValueSpecification\",\"valueRequired\":true,\"valueName\":\"search_term_string\"}}],\"inLanguage\":\"es\"},{\"@type\":\"Organization\",\"@id\":\"https:\\\/\\\/cmvsf2.org\\\/web\\\/#organization\",\"name\":\"Colegio De Veterinarios De Santa Fe 2da. Circunscripci\u00f3n\",\"url\":\"https:\\\/\\\/cmvsf2.org\\\/web\\\/\",\"logo\":{\"@type\":\"ImageObject\",\"inLanguage\":\"es\",\"@id\":\"https:\\\/\\\/cmvsf2.org\\\/web\\\/#\\\/schema\\\/logo\\\/image\\\/\",\"url\":\"http:\\\/\\\/cmvsf2.org\\\/web\\\/wp-content\\\/uploads\\\/2020\\\/03\\\/vector-logo-02.png\",\"contentUrl\":\"http:\\\/\\\/cmvsf2.org\\\/web\\\/wp-content\\\/uploads\\\/2020\\\/03\\\/vector-logo-02.png\",\"width\":2750,\"height\":642,\"caption\":\"Colegio De Veterinarios De Santa Fe 2da. Circunscripci\u00f3n\"},\"image\":{\"@id\":\"https:\\\/\\\/cmvsf2.org\\\/web\\\/#\\\/schema\\\/logo\\\/image\\\/\"}},{\"@type\":\"Person\",\"@id\":\"https:\\\/\\\/cmvsf2.org\\\/web\\\/#\\\/schema\\\/person\\\/46ea3630099a4a3df8d89f07cf5f7520\",\"name\":\"cmvsf2\",\"image\":{\"@type\":\"ImageObject\",\"inLanguage\":\"es\",\"@id\":\"https:\\\/\\\/secure.gravatar.com\\\/avatar\\\/669647b61c77f28f1aa51df04174a5ecb296e9988b4a93d2870666cd1f502cd7?s=96&d=mm&r=g\",\"url\":\"https:\\\/\\\/secure.gravatar.com\\\/avatar\\\/669647b61c77f28f1aa51df04174a5ecb296e9988b4a93d2870666cd1f502cd7?s=96&d=mm&r=g\",\"contentUrl\":\"https:\\\/\\\/secure.gravatar.com\\\/avatar\\\/669647b61c77f28f1aa51df04174a5ecb296e9988b4a93d2870666cd1f502cd7?s=96&d=mm&r=g\",\"caption\":\"cmvsf2\"}}]}<\/script>\n<!-- \/ Yoast SEO plugin. -->","yoast_head_json":{"title":"Felicitaciones a las nuevas autoridades electas para el per\u00edodo 2024-2027 - Colegio De Veterinarios De Santa Fe 2da. Circunscripci\u00f3n","description":"El CMVSF2 informa a la membres\u00eda la integraci\u00f3n de los \u00f3rganos del Colegio con las y los nuevos miembros electos por el Consejo Asesor, para el per\u00edodo","robots":{"index":"index","follow":"follow","max-snippet":"max-snippet:-1","max-image-preview":"max-image-preview:large","max-video-preview":"max-video-preview:-1"},"canonical":"https:\/\/cmvsf2.org\/web\/2024\/05\/14\/felicitaciones-a-las-nuevas-autoridades-electas-para-el-periodo-2024-2027\/","og_locale":"es_ES","og_type":"article","og_title":"Felicitaciones a las nuevas autoridades electas para el per\u00edodo 2024-2027 - Colegio De Veterinarios De Santa Fe 2da. Circunscripci\u00f3n","og_description":"El CMVSF2 informa a la membres\u00eda la integraci\u00f3n de los \u00f3rganos del Colegio con las y los nuevos miembros electos por el Consejo Asesor, para el per\u00edodo","og_url":"https:\/\/cmvsf2.org\/web\/2024\/05\/14\/felicitaciones-a-las-nuevas-autoridades-electas-para-el-periodo-2024-2027\/","og_site_name":"Colegio De Veterinarios De Santa Fe 2da. Circunscripci\u00f3n","article_published_time":"2024-05-14T14:40:44+00:00","article_modified_time":"2024-05-14T15:45:55+00:00","og_image":[{"width":1250,"height":701,"url":"https:\/\/cmvsf2.org\/web\/wp-content\/uploads\/2024\/05\/WhatsApp-Image-2024-05-13-at-09.20.57-e1715697619572.jpeg","type":"image\/jpeg"}],"author":"cmvsf2","twitter_card":"summary_large_image","twitter_misc":{"Escrito por":"cmvsf2","Tiempo de lectura":"2 minutos"},"schema":{"@context":"https:\/\/schema.org","@graph":[{"@type":"Article","@id":"https:\/\/cmvsf2.org\/web\/2024\/05\/14\/felicitaciones-a-las-nuevas-autoridades-electas-para-el-periodo-2024-2027\/#article","isPartOf":{"@id":"https:\/\/cmvsf2.org\/web\/2024\/05\/14\/felicitaciones-a-las-nuevas-autoridades-electas-para-el-periodo-2024-2027\/"},"author":{"name":"cmvsf2","@id":"https:\/\/cmvsf2.org\/web\/#\/schema\/person\/46ea3630099a4a3df8d89f07cf5f7520"},"headline":"Felicitaciones a las nuevas autoridades electas para el per\u00edodo 2024-2027","datePublished":"2024-05-14T14:40:44+00:00","dateModified":"2024-05-14T15:45:55+00:00","mainEntityOfPage":{"@id":"https:\/\/cmvsf2.org\/web\/2024\/05\/14\/felicitaciones-a-las-nuevas-autoridades-electas-para-el-periodo-2024-2027\/"},"wordCount":196,"publisher":{"@id":"https:\/\/cmvsf2.org\/web\/#organization"},"image":{"@id":"https:\/\/cmvsf2.org\/web\/2024\/05\/14\/felicitaciones-a-las-nuevas-autoridades-electas-para-el-periodo-2024-2027\/#primaryimage"},"thumbnailUrl":"https:\/\/cmvsf2.org\/web\/wp-content\/uploads\/2024\/05\/WhatsApp-Image-2024-05-13-at-09.20.57-e1715697619572.jpeg","keywords":["autoridades","elecciones 2024","presidente"],"articleSection":["Destacada","Elecciones 2024","Institucionales"],"inLanguage":"es"},{"@type":"WebPage","@id":"https:\/\/cmvsf2.org\/web\/2024\/05\/14\/felicitaciones-a-las-nuevas-autoridades-electas-para-el-periodo-2024-2027\/","url":"https:\/\/cmvsf2.org\/web\/2024\/05\/14\/felicitaciones-a-las-nuevas-autoridades-electas-para-el-periodo-2024-2027\/","name":"Felicitaciones a las nuevas autoridades electas para el per\u00edodo 2024-2027 - Colegio De Veterinarios De Santa Fe 2da. Circunscripci\u00f3n","isPartOf":{"@id":"https:\/\/cmvsf2.org\/web\/#website"},"primaryImageOfPage":{"@id":"https:\/\/cmvsf2.org\/web\/2024\/05\/14\/felicitaciones-a-las-nuevas-autoridades-electas-para-el-periodo-2024-2027\/#primaryimage"},"image":{"@id":"https:\/\/cmvsf2.org\/web\/2024\/05\/14\/felicitaciones-a-las-nuevas-autoridades-electas-para-el-periodo-2024-2027\/#primaryimage"},"thumbnailUrl":"https:\/\/cmvsf2.org\/web\/wp-content\/uploads\/2024\/05\/WhatsApp-Image-2024-05-13-at-09.20.57-e1715697619572.jpeg","datePublished":"2024-05-14T14:40:44+00:00","dateModified":"2024-05-14T15:45:55+00:00","description":"El CMVSF2 informa a la membres\u00eda la integraci\u00f3n de los \u00f3rganos del Colegio con las y los nuevos miembros electos por el Consejo Asesor, para el per\u00edodo","breadcrumb":{"@id":"https:\/\/cmvsf2.org\/web\/2024\/05\/14\/felicitaciones-a-las-nuevas-autoridades-electas-para-el-periodo-2024-2027\/#breadcrumb"},"inLanguage":"es","potentialAction":[{"@type":"ReadAction","target":["https:\/\/cmvsf2.org\/web\/2024\/05\/14\/felicitaciones-a-las-nuevas-autoridades-electas-para-el-periodo-2024-2027\/"]}]},{"@type":"ImageObject","inLanguage":"es","@id":"https:\/\/cmvsf2.org\/web\/2024\/05\/14\/felicitaciones-a-las-nuevas-autoridades-electas-para-el-periodo-2024-2027\/#primaryimage","url":"https:\/\/cmvsf2.org\/web\/wp-content\/uploads\/2024\/05\/WhatsApp-Image-2024-05-13-at-09.20.57-e1715697619572.jpeg","contentUrl":"https:\/\/cmvsf2.org\/web\/wp-content\/uploads\/2024\/05\/WhatsApp-Image-2024-05-13-at-09.20.57-e1715697619572.jpeg","width":1250,"height":701},{"@type":"BreadcrumbList","@id":"https:\/\/cmvsf2.org\/web\/2024\/05\/14\/felicitaciones-a-las-nuevas-autoridades-electas-para-el-periodo-2024-2027\/#breadcrumb","itemListElement":[{"@type":"ListItem","position":1,"name":"Portada","item":"https:\/\/cmvsf2.org\/web\/"},{"@type":"ListItem","position":2,"name":"Felicitaciones a las nuevas autoridades electas para el per\u00edodo 2024-2027"}]},{"@type":"WebSite","@id":"https:\/\/cmvsf2.org\/web\/#website","url":"https:\/\/cmvsf2.org\/web\/","name":"Colegio De Veterinarios De Santa Fe 2da. Circunscripci\u00f3n","description":"Sitio institucional del Colegio de M\u00e9dicos Veterinario de Santa Fe 2da. Circunscripci\u00f3n","publisher":{"@id":"https:\/\/cmvsf2.org\/web\/#organization"},"potentialAction":[{"@type":"SearchAction","target":{"@type":"EntryPoint","urlTemplate":"https:\/\/cmvsf2.org\/web\/?s={search_term_string}"},"query-input":{"@type":"PropertyValueSpecification","valueRequired":true,"valueName":"search_term_string"}}],"inLanguage":"es"},{"@type":"Organization","@id":"https:\/\/cmvsf2.org\/web\/#organization","name":"Colegio De Veterinarios De Santa Fe 2da. Circunscripci\u00f3n","url":"https:\/\/cmvsf2.org\/web\/","logo":{"@type":"ImageObject","inLanguage":"es","@id":"https:\/\/cmvsf2.org\/web\/#\/schema\/logo\/image\/","url":"http:\/\/cmvsf2.org\/web\/wp-content\/uploads\/2020\/03\/vector-logo-02.png","contentUrl":"http:\/\/cmvsf2.org\/web\/wp-content\/uploads\/2020\/03\/vector-logo-02.png","width":2750,"height":642,"caption":"Colegio De Veterinarios De Santa Fe 2da. Circunscripci\u00f3n"},"image":{"@id":"https:\/\/cmvsf2.org\/web\/#\/schema\/logo\/image\/"}},{"@type":"Person","@id":"https:\/\/cmvsf2.org\/web\/#\/schema\/person\/46ea3630099a4a3df8d89f07cf5f7520","name":"cmvsf2","image":{"@type":"ImageObject","inLanguage":"es","@id":"https:\/\/secure.gravatar.com\/avatar\/669647b61c77f28f1aa51df04174a5ecb296e9988b4a93d2870666cd1f502cd7?s=96&d=mm&r=g","url":"https:\/\/secure.gravatar.com\/avatar\/669647b61c77f28f1aa51df04174a5ecb296e9988b4a93d2870666cd1f502cd7?s=96&d=mm&r=g","contentUrl":"https:\/\/secure.gravatar.com\/avatar\/669647b61c77f28f1aa51df04174a5ecb296e9988b4a93d2870666cd1f502cd7?s=96&d=mm&r=g","caption":"cmvsf2"}}]}},"_links":{"self":[{"href":"https:\/\/cmvsf2.org\/web\/wp-json\/wp\/v2\/posts\/34278","targetHints":{"allow":["GET"]}}],"collection":[{"href":"https:\/\/cmvsf2.org\/web\/wp-json\/wp\/v2\/posts"}],"about":[{"href":"https:\/\/cmvsf2.org\/web\/wp-json\/wp\/v2\/types\/post"}],"author":[{"embeddable":true,"href":"https:\/\/cmvsf2.org\/web\/wp-json\/wp\/v2\/users\/3"}],"replies":[{"embeddable":true,"href":"https:\/\/cmvsf2.org\/web\/wp-json\/wp\/v2\/comments?post=34278"}],"version-history":[{"count":4,"href":"https:\/\/cmvsf2.org\/web\/wp-json\/wp\/v2\/posts\/34278\/revisions"}],"predecessor-version":[{"id":34291,"href":"https:\/\/cmvsf2.org\/web\/wp-json\/wp\/v2\/posts\/34278\/revisions\/34291"}],"wp:featuredmedia":[{"embeddable":true,"href":"https:\/\/cmvsf2.org\/web\/wp-json\/wp\/v2\/media\/34279"}],"wp:attachment":[{"href":"https:\/\/cmvsf2.org\/web\/wp-json\/wp\/v2\/media?parent=34278"}],"wp:term":[{"taxonomy":"category","embeddable":true,"href":"https:\/\/cmvsf2.org\/web\/wp-json\/wp\/v2\/categories?post=34278"},{"taxonomy":"post_tag","embeddable":true,"href":"https:\/\/cmvsf2.org\/web\/wp-json\/wp\/v2\/tags?post=34278"}],"curies":[{"name":"wp","href":"https:\/\/api.w.org\/{rel}","templated":true}]}}