{"id":34215,"date":"2024-04-03T12:29:06","date_gmt":"2024-04-03T15:29:06","guid":{"rendered":"https:\/\/cmvsf2.org\/web\/?p=34215"},"modified":"2024-04-03T12:38:56","modified_gmt":"2024-04-03T15:38:56","slug":"ya-pueden-inscribirse-a-los-cursos-de-acreditacion-de-senasa","status":"publish","type":"post","link":"https:\/\/cmvsf2.org\/web\/2024\/04\/03\/ya-pueden-inscribirse-a-los-cursos-de-acreditacion-de-senasa\/","title":{"rendered":"ATENCI\u00d3N PROFESIONALES: Ya pueden inscribirse a los cursos de acreditaci\u00f3n de Senasa"},"content":{"rendered":"<p>El CMVSF2 recuerda que desde hoy y hasta el 15 de abril, es posible inscribirse en los cursos de acreditaci\u00f3n de Senasa en:<\/p>\n<p>Tuberculosis bovina<br \/>\nBrucelosis bovina<br \/>\nSanidad y bienestar de los equinos<br \/>\nPeque\u00f1os rumiantes<\/p>\n<p>Los cursos (cuyos cupos son limitados) son virtuales y gratuitos y comienzan el 29\/04.<\/p>\n<p>Los requisitos para participar son: ser veterinario\/a y contar con t\u00edtulo y matr\u00edcula.<\/p>\n<p>RECORDATORIO: La inscripci\u00f3n en los cursos comienza el primer d\u00eda h\u00e1bil de cada mes.<\/p>\n<p>Para m\u00e1s informaci\u00f3n y saber c\u00f3mo inscribirse pueden <strong><a href=\"https:\/\/t.ly\/6vZJ-\">consultar la Web de Senasa<\/a>.<\/strong><\/p>\n<p>En el siguiente <strong><a href=\"https:\/\/aps2.senasa.gov.ar\/registros\/faces\/publico\/personas\/tc_constanciaacreditacion.jsp\">link podr\u00e1n consultar el estado y\/o vencimiento de su acreditaci\u00f3n.<\/a><\/strong> Para evitar contratiempos, recomendamos completar s\u00f3lo con el n\u00famero de DNI sin puntos ni espacios, ya que al completar el resto de los campos de informaci\u00f3n, el sistema suele dar error:<\/p>\n<p>&nbsp;<\/p>\n","protected":false},"excerpt":{"rendered":"<p>El CMVSF2 recuerda que desde hoy y hasta el 15 de abril, es posible inscribirse en los cursos de acreditaci\u00f3n de Senasa en: Tuberculosis bovina Brucelosis bovina Sanidad y bienestar de los equinos Peque\u00f1os rumiantes Los cursos (cuyos cupos son limitados) son virtuales y gratuitos y comienzan el 29\/04. Los requisitos para participar son: ser veterinario\/a y contar con t\u00edtulo y matr\u00edcula. RECORDATORIO: La [&hellip;]<\/p>\n","protected":false},"author":3,"featured_media":33617,"comment_status":"closed","ping_status":"closed","sticky":false,"template":"","format":"standard","meta":{"_acf_changed":false,"footnotes":""},"categories":[343,35,451],"tags":[346,979,73],"class_list":["post-34215","post","type-post","status-publish","format-standard","has-post-thumbnail","hentry","category-destacada","category-formacion","category-sanidad-animal","tag-acreditacion","tag-inscripcion","tag-senasa"],"acf":[],"yoast_head":"<!-- This site is optimized with the Yoast SEO plugin v28.2 - https:\/\/yoast.com\/product\/yoast-seo-wordpress\/ -->\n<title>ATENCI\u00d3N PROFESIONALES: Ya pueden inscribirse a los cursos de acreditaci\u00f3n de Senasa - Colegio De Veterinarios De Santa Fe 2da. Circunscripci\u00f3n<\/title>\n<meta name=\"description\" content=\"El CMVSF2 recuerda que desde hoy y hasta el 15 de abril, es posible inscribirse en los cursos de acreditaci\u00f3n de Senasa en: Tuberculosis bovina Brucelosis\" \/>\n<meta name=\"robots\" content=\"index, follow, max-snippet:-1, max-image-preview:large, max-video-preview:-1\" \/>\n<link rel=\"canonical\" href=\"https:\/\/cmvsf2.org\/web\/2024\/04\/03\/ya-pueden-inscribirse-a-los-cursos-de-acreditacion-de-senasa\/\" \/>\n<meta property=\"og:locale\" content=\"es_ES\" \/>\n<meta property=\"og:type\" content=\"article\" \/>\n<meta property=\"og:title\" content=\"ATENCI\u00d3N PROFESIONALES: Ya pueden inscribirse a los cursos de acreditaci\u00f3n de Senasa - Colegio De Veterinarios De Santa Fe 2da. Circunscripci\u00f3n\" \/>\n<meta property=\"og:description\" content=\"El CMVSF2 recuerda que desde hoy y hasta el 15 de abril, es posible inscribirse en los cursos de acreditaci\u00f3n de Senasa en: Tuberculosis bovina Brucelosis\" \/>\n<meta property=\"og:url\" content=\"https:\/\/cmvsf2.org\/web\/2024\/04\/03\/ya-pueden-inscribirse-a-los-cursos-de-acreditacion-de-senasa\/\" \/>\n<meta property=\"og:site_name\" content=\"Colegio De Veterinarios De Santa Fe 2da. Circunscripci\u00f3n\" \/>\n<meta property=\"article:published_time\" content=\"2024-04-03T15:29:06+00:00\" \/>\n<meta property=\"article:modified_time\" content=\"2024-04-03T15:38:56+00:00\" \/>\n<meta property=\"og:image\" content=\"https:\/\/cmvsf2.org\/web\/wp-content\/uploads\/2023\/03\/Diseno-sin-titulo.png\" \/>\n\t<meta property=\"og:image:width\" content=\"1200\" \/>\n\t<meta property=\"og:image:height\" content=\"924\" \/>\n\t<meta property=\"og:image:type\" content=\"image\/png\" \/>\n<meta name=\"author\" content=\"cmvsf2\" \/>\n<meta name=\"twitter:card\" content=\"summary_large_image\" \/>\n<meta name=\"twitter:label1\" content=\"Escrito por\" \/>\n\t<meta name=\"twitter:data1\" content=\"cmvsf2\" \/>\n\t<meta name=\"twitter:label2\" content=\"Tiempo de lectura\" \/>\n\t<meta name=\"twitter:data2\" content=\"1 minuto\" \/>\n<script type=\"application\/ld+json\" class=\"yoast-schema-graph\">{\"@context\":\"https:\\\/\\\/schema.org\",\"@graph\":[{\"@type\":\"Article\",\"@id\":\"https:\\\/\\\/cmvsf2.org\\\/web\\\/2024\\\/04\\\/03\\\/ya-pueden-inscribirse-a-los-cursos-de-acreditacion-de-senasa\\\/#article\",\"isPartOf\":{\"@id\":\"https:\\\/\\\/cmvsf2.org\\\/web\\\/2024\\\/04\\\/03\\\/ya-pueden-inscribirse-a-los-cursos-de-acreditacion-de-senasa\\\/\"},\"author\":{\"name\":\"cmvsf2\",\"@id\":\"https:\\\/\\\/cmvsf2.org\\\/web\\\/#\\\/schema\\\/person\\\/46ea3630099a4a3df8d89f07cf5f7520\"},\"headline\":\"ATENCI\u00d3N PROFESIONALES: Ya pueden inscribirse a los cursos de acreditaci\u00f3n de Senasa\",\"datePublished\":\"2024-04-03T15:29:06+00:00\",\"dateModified\":\"2024-04-03T15:38:56+00:00\",\"mainEntityOfPage\":{\"@id\":\"https:\\\/\\\/cmvsf2.org\\\/web\\\/2024\\\/04\\\/03\\\/ya-pueden-inscribirse-a-los-cursos-de-acreditacion-de-senasa\\\/\"},\"wordCount\":163,\"publisher\":{\"@id\":\"https:\\\/\\\/cmvsf2.org\\\/web\\\/#organization\"},\"image\":{\"@id\":\"https:\\\/\\\/cmvsf2.org\\\/web\\\/2024\\\/04\\\/03\\\/ya-pueden-inscribirse-a-los-cursos-de-acreditacion-de-senasa\\\/#primaryimage\"},\"thumbnailUrl\":\"https:\\\/\\\/cmvsf2.org\\\/web\\\/wp-content\\\/uploads\\\/2023\\\/03\\\/Diseno-sin-titulo.png\",\"keywords\":[\"ACREDITACION\",\"inscripci\u00f3n\",\"SENASA\"],\"articleSection\":[\"Destacada\",\"Formaci\u00f3n\",\"Sanidad animal\"],\"inLanguage\":\"es\"},{\"@type\":\"WebPage\",\"@id\":\"https:\\\/\\\/cmvsf2.org\\\/web\\\/2024\\\/04\\\/03\\\/ya-pueden-inscribirse-a-los-cursos-de-acreditacion-de-senasa\\\/\",\"url\":\"https:\\\/\\\/cmvsf2.org\\\/web\\\/2024\\\/04\\\/03\\\/ya-pueden-inscribirse-a-los-cursos-de-acreditacion-de-senasa\\\/\",\"name\":\"ATENCI\u00d3N PROFESIONALES: Ya pueden inscribirse a los cursos de acreditaci\u00f3n de Senasa - Colegio De Veterinarios De Santa Fe 2da. Circunscripci\u00f3n\",\"isPartOf\":{\"@id\":\"https:\\\/\\\/cmvsf2.org\\\/web\\\/#website\"},\"primaryImageOfPage\":{\"@id\":\"https:\\\/\\\/cmvsf2.org\\\/web\\\/2024\\\/04\\\/03\\\/ya-pueden-inscribirse-a-los-cursos-de-acreditacion-de-senasa\\\/#primaryimage\"},\"image\":{\"@id\":\"https:\\\/\\\/cmvsf2.org\\\/web\\\/2024\\\/04\\\/03\\\/ya-pueden-inscribirse-a-los-cursos-de-acreditacion-de-senasa\\\/#primaryimage\"},\"thumbnailUrl\":\"https:\\\/\\\/cmvsf2.org\\\/web\\\/wp-content\\\/uploads\\\/2023\\\/03\\\/Diseno-sin-titulo.png\",\"datePublished\":\"2024-04-03T15:29:06+00:00\",\"dateModified\":\"2024-04-03T15:38:56+00:00\",\"description\":\"El CMVSF2 recuerda que desde hoy y hasta el 15 de abril, es posible inscribirse en los cursos de acreditaci\u00f3n de Senasa en: Tuberculosis bovina Brucelosis\",\"breadcrumb\":{\"@id\":\"https:\\\/\\\/cmvsf2.org\\\/web\\\/2024\\\/04\\\/03\\\/ya-pueden-inscribirse-a-los-cursos-de-acreditacion-de-senasa\\\/#breadcrumb\"},\"inLanguage\":\"es\",\"potentialAction\":[{\"@type\":\"ReadAction\",\"target\":[\"https:\\\/\\\/cmvsf2.org\\\/web\\\/2024\\\/04\\\/03\\\/ya-pueden-inscribirse-a-los-cursos-de-acreditacion-de-senasa\\\/\"]}]},{\"@type\":\"ImageObject\",\"inLanguage\":\"es\",\"@id\":\"https:\\\/\\\/cmvsf2.org\\\/web\\\/2024\\\/04\\\/03\\\/ya-pueden-inscribirse-a-los-cursos-de-acreditacion-de-senasa\\\/#primaryimage\",\"url\":\"https:\\\/\\\/cmvsf2.org\\\/web\\\/wp-content\\\/uploads\\\/2023\\\/03\\\/Diseno-sin-titulo.png\",\"contentUrl\":\"https:\\\/\\\/cmvsf2.org\\\/web\\\/wp-content\\\/uploads\\\/2023\\\/03\\\/Diseno-sin-titulo.png\",\"width\":1200,\"height\":924},{\"@type\":\"BreadcrumbList\",\"@id\":\"https:\\\/\\\/cmvsf2.org\\\/web\\\/2024\\\/04\\\/03\\\/ya-pueden-inscribirse-a-los-cursos-de-acreditacion-de-senasa\\\/#breadcrumb\",\"itemListElement\":[{\"@type\":\"ListItem\",\"position\":1,\"name\":\"Portada\",\"item\":\"https:\\\/\\\/cmvsf2.org\\\/web\\\/\"},{\"@type\":\"ListItem\",\"position\":2,\"name\":\"ATENCI\u00d3N PROFESIONALES: Ya pueden inscribirse a los cursos de acreditaci\u00f3n de Senasa\"}]},{\"@type\":\"WebSite\",\"@id\":\"https:\\\/\\\/cmvsf2.org\\\/web\\\/#website\",\"url\":\"https:\\\/\\\/cmvsf2.org\\\/web\\\/\",\"name\":\"Colegio De Veterinarios De Santa Fe 2da. Circunscripci\u00f3n\",\"description\":\"Sitio institucional del Colegio de M\u00e9dicos Veterinario de Santa Fe 2da. Circunscripci\u00f3n\",\"publisher\":{\"@id\":\"https:\\\/\\\/cmvsf2.org\\\/web\\\/#organization\"},\"potentialAction\":[{\"@type\":\"SearchAction\",\"target\":{\"@type\":\"EntryPoint\",\"urlTemplate\":\"https:\\\/\\\/cmvsf2.org\\\/web\\\/?s={search_term_string}\"},\"query-input\":{\"@type\":\"PropertyValueSpecification\",\"valueRequired\":true,\"valueName\":\"search_term_string\"}}],\"inLanguage\":\"es\"},{\"@type\":\"Organization\",\"@id\":\"https:\\\/\\\/cmvsf2.org\\\/web\\\/#organization\",\"name\":\"Colegio De Veterinarios De Santa Fe 2da. Circunscripci\u00f3n\",\"url\":\"https:\\\/\\\/cmvsf2.org\\\/web\\\/\",\"logo\":{\"@type\":\"ImageObject\",\"inLanguage\":\"es\",\"@id\":\"https:\\\/\\\/cmvsf2.org\\\/web\\\/#\\\/schema\\\/logo\\\/image\\\/\",\"url\":\"http:\\\/\\\/cmvsf2.org\\\/web\\\/wp-content\\\/uploads\\\/2020\\\/03\\\/vector-logo-02.png\",\"contentUrl\":\"http:\\\/\\\/cmvsf2.org\\\/web\\\/wp-content\\\/uploads\\\/2020\\\/03\\\/vector-logo-02.png\",\"width\":2750,\"height\":642,\"caption\":\"Colegio De Veterinarios De Santa Fe 2da. Circunscripci\u00f3n\"},\"image\":{\"@id\":\"https:\\\/\\\/cmvsf2.org\\\/web\\\/#\\\/schema\\\/logo\\\/image\\\/\"}},{\"@type\":\"Person\",\"@id\":\"https:\\\/\\\/cmvsf2.org\\\/web\\\/#\\\/schema\\\/person\\\/46ea3630099a4a3df8d89f07cf5f7520\",\"name\":\"cmvsf2\",\"image\":{\"@type\":\"ImageObject\",\"inLanguage\":\"es\",\"@id\":\"https:\\\/\\\/secure.gravatar.com\\\/avatar\\\/669647b61c77f28f1aa51df04174a5ecb296e9988b4a93d2870666cd1f502cd7?s=96&d=mm&r=g\",\"url\":\"https:\\\/\\\/secure.gravatar.com\\\/avatar\\\/669647b61c77f28f1aa51df04174a5ecb296e9988b4a93d2870666cd1f502cd7?s=96&d=mm&r=g\",\"contentUrl\":\"https:\\\/\\\/secure.gravatar.com\\\/avatar\\\/669647b61c77f28f1aa51df04174a5ecb296e9988b4a93d2870666cd1f502cd7?s=96&d=mm&r=g\",\"caption\":\"cmvsf2\"}}]}<\/script>\n<!-- \/ Yoast SEO plugin. -->","yoast_head_json":{"title":"ATENCI\u00d3N PROFESIONALES: Ya pueden inscribirse a los cursos de acreditaci\u00f3n de Senasa - Colegio De Veterinarios De Santa Fe 2da. Circunscripci\u00f3n","description":"El CMVSF2 recuerda que desde hoy y hasta el 15 de abril, es posible inscribirse en los cursos de acreditaci\u00f3n de Senasa en: Tuberculosis bovina Brucelosis","robots":{"index":"index","follow":"follow","max-snippet":"max-snippet:-1","max-image-preview":"max-image-preview:large","max-video-preview":"max-video-preview:-1"},"canonical":"https:\/\/cmvsf2.org\/web\/2024\/04\/03\/ya-pueden-inscribirse-a-los-cursos-de-acreditacion-de-senasa\/","og_locale":"es_ES","og_type":"article","og_title":"ATENCI\u00d3N PROFESIONALES: Ya pueden inscribirse a los cursos de acreditaci\u00f3n de Senasa - Colegio De Veterinarios De Santa Fe 2da. Circunscripci\u00f3n","og_description":"El CMVSF2 recuerda que desde hoy y hasta el 15 de abril, es posible inscribirse en los cursos de acreditaci\u00f3n de Senasa en: Tuberculosis bovina Brucelosis","og_url":"https:\/\/cmvsf2.org\/web\/2024\/04\/03\/ya-pueden-inscribirse-a-los-cursos-de-acreditacion-de-senasa\/","og_site_name":"Colegio De Veterinarios De Santa Fe 2da. Circunscripci\u00f3n","article_published_time":"2024-04-03T15:29:06+00:00","article_modified_time":"2024-04-03T15:38:56+00:00","og_image":[{"width":1200,"height":924,"url":"https:\/\/cmvsf2.org\/web\/wp-content\/uploads\/2023\/03\/Diseno-sin-titulo.png","type":"image\/png"}],"author":"cmvsf2","twitter_card":"summary_large_image","twitter_misc":{"Escrito por":"cmvsf2","Tiempo de lectura":"1 minuto"},"schema":{"@context":"https:\/\/schema.org","@graph":[{"@type":"Article","@id":"https:\/\/cmvsf2.org\/web\/2024\/04\/03\/ya-pueden-inscribirse-a-los-cursos-de-acreditacion-de-senasa\/#article","isPartOf":{"@id":"https:\/\/cmvsf2.org\/web\/2024\/04\/03\/ya-pueden-inscribirse-a-los-cursos-de-acreditacion-de-senasa\/"},"author":{"name":"cmvsf2","@id":"https:\/\/cmvsf2.org\/web\/#\/schema\/person\/46ea3630099a4a3df8d89f07cf5f7520"},"headline":"ATENCI\u00d3N PROFESIONALES: Ya pueden inscribirse a los cursos de acreditaci\u00f3n de Senasa","datePublished":"2024-04-03T15:29:06+00:00","dateModified":"2024-04-03T15:38:56+00:00","mainEntityOfPage":{"@id":"https:\/\/cmvsf2.org\/web\/2024\/04\/03\/ya-pueden-inscribirse-a-los-cursos-de-acreditacion-de-senasa\/"},"wordCount":163,"publisher":{"@id":"https:\/\/cmvsf2.org\/web\/#organization"},"image":{"@id":"https:\/\/cmvsf2.org\/web\/2024\/04\/03\/ya-pueden-inscribirse-a-los-cursos-de-acreditacion-de-senasa\/#primaryimage"},"thumbnailUrl":"https:\/\/cmvsf2.org\/web\/wp-content\/uploads\/2023\/03\/Diseno-sin-titulo.png","keywords":["ACREDITACION","inscripci\u00f3n","SENASA"],"articleSection":["Destacada","Formaci\u00f3n","Sanidad animal"],"inLanguage":"es"},{"@type":"WebPage","@id":"https:\/\/cmvsf2.org\/web\/2024\/04\/03\/ya-pueden-inscribirse-a-los-cursos-de-acreditacion-de-senasa\/","url":"https:\/\/cmvsf2.org\/web\/2024\/04\/03\/ya-pueden-inscribirse-a-los-cursos-de-acreditacion-de-senasa\/","name":"ATENCI\u00d3N PROFESIONALES: Ya pueden inscribirse a los cursos de acreditaci\u00f3n de Senasa - Colegio De Veterinarios De Santa Fe 2da. Circunscripci\u00f3n","isPartOf":{"@id":"https:\/\/cmvsf2.org\/web\/#website"},"primaryImageOfPage":{"@id":"https:\/\/cmvsf2.org\/web\/2024\/04\/03\/ya-pueden-inscribirse-a-los-cursos-de-acreditacion-de-senasa\/#primaryimage"},"image":{"@id":"https:\/\/cmvsf2.org\/web\/2024\/04\/03\/ya-pueden-inscribirse-a-los-cursos-de-acreditacion-de-senasa\/#primaryimage"},"thumbnailUrl":"https:\/\/cmvsf2.org\/web\/wp-content\/uploads\/2023\/03\/Diseno-sin-titulo.png","datePublished":"2024-04-03T15:29:06+00:00","dateModified":"2024-04-03T15:38:56+00:00","description":"El CMVSF2 recuerda que desde hoy y hasta el 15 de abril, es posible inscribirse en los cursos de acreditaci\u00f3n de Senasa en: Tuberculosis bovina Brucelosis","breadcrumb":{"@id":"https:\/\/cmvsf2.org\/web\/2024\/04\/03\/ya-pueden-inscribirse-a-los-cursos-de-acreditacion-de-senasa\/#breadcrumb"},"inLanguage":"es","potentialAction":[{"@type":"ReadAction","target":["https:\/\/cmvsf2.org\/web\/2024\/04\/03\/ya-pueden-inscribirse-a-los-cursos-de-acreditacion-de-senasa\/"]}]},{"@type":"ImageObject","inLanguage":"es","@id":"https:\/\/cmvsf2.org\/web\/2024\/04\/03\/ya-pueden-inscribirse-a-los-cursos-de-acreditacion-de-senasa\/#primaryimage","url":"https:\/\/cmvsf2.org\/web\/wp-content\/uploads\/2023\/03\/Diseno-sin-titulo.png","contentUrl":"https:\/\/cmvsf2.org\/web\/wp-content\/uploads\/2023\/03\/Diseno-sin-titulo.png","width":1200,"height":924},{"@type":"BreadcrumbList","@id":"https:\/\/cmvsf2.org\/web\/2024\/04\/03\/ya-pueden-inscribirse-a-los-cursos-de-acreditacion-de-senasa\/#breadcrumb","itemListElement":[{"@type":"ListItem","position":1,"name":"Portada","item":"https:\/\/cmvsf2.org\/web\/"},{"@type":"ListItem","position":2,"name":"ATENCI\u00d3N PROFESIONALES: Ya pueden inscribirse a los cursos de acreditaci\u00f3n de Senasa"}]},{"@type":"WebSite","@id":"https:\/\/cmvsf2.org\/web\/#website","url":"https:\/\/cmvsf2.org\/web\/","name":"Colegio De Veterinarios De Santa Fe 2da. Circunscripci\u00f3n","description":"Sitio institucional del Colegio de M\u00e9dicos Veterinario de Santa Fe 2da. Circunscripci\u00f3n","publisher":{"@id":"https:\/\/cmvsf2.org\/web\/#organization"},"potentialAction":[{"@type":"SearchAction","target":{"@type":"EntryPoint","urlTemplate":"https:\/\/cmvsf2.org\/web\/?s={search_term_string}"},"query-input":{"@type":"PropertyValueSpecification","valueRequired":true,"valueName":"search_term_string"}}],"inLanguage":"es"},{"@type":"Organization","@id":"https:\/\/cmvsf2.org\/web\/#organization","name":"Colegio De Veterinarios De Santa Fe 2da. Circunscripci\u00f3n","url":"https:\/\/cmvsf2.org\/web\/","logo":{"@type":"ImageObject","inLanguage":"es","@id":"https:\/\/cmvsf2.org\/web\/#\/schema\/logo\/image\/","url":"http:\/\/cmvsf2.org\/web\/wp-content\/uploads\/2020\/03\/vector-logo-02.png","contentUrl":"http:\/\/cmvsf2.org\/web\/wp-content\/uploads\/2020\/03\/vector-logo-02.png","width":2750,"height":642,"caption":"Colegio De Veterinarios De Santa Fe 2da. Circunscripci\u00f3n"},"image":{"@id":"https:\/\/cmvsf2.org\/web\/#\/schema\/logo\/image\/"}},{"@type":"Person","@id":"https:\/\/cmvsf2.org\/web\/#\/schema\/person\/46ea3630099a4a3df8d89f07cf5f7520","name":"cmvsf2","image":{"@type":"ImageObject","inLanguage":"es","@id":"https:\/\/secure.gravatar.com\/avatar\/669647b61c77f28f1aa51df04174a5ecb296e9988b4a93d2870666cd1f502cd7?s=96&d=mm&r=g","url":"https:\/\/secure.gravatar.com\/avatar\/669647b61c77f28f1aa51df04174a5ecb296e9988b4a93d2870666cd1f502cd7?s=96&d=mm&r=g","contentUrl":"https:\/\/secure.gravatar.com\/avatar\/669647b61c77f28f1aa51df04174a5ecb296e9988b4a93d2870666cd1f502cd7?s=96&d=mm&r=g","caption":"cmvsf2"}}]}},"_links":{"self":[{"href":"https:\/\/cmvsf2.org\/web\/wp-json\/wp\/v2\/posts\/34215","targetHints":{"allow":["GET"]}}],"collection":[{"href":"https:\/\/cmvsf2.org\/web\/wp-json\/wp\/v2\/posts"}],"about":[{"href":"https:\/\/cmvsf2.org\/web\/wp-json\/wp\/v2\/types\/post"}],"author":[{"embeddable":true,"href":"https:\/\/cmvsf2.org\/web\/wp-json\/wp\/v2\/users\/3"}],"replies":[{"embeddable":true,"href":"https:\/\/cmvsf2.org\/web\/wp-json\/wp\/v2\/comments?post=34215"}],"version-history":[{"count":4,"href":"https:\/\/cmvsf2.org\/web\/wp-json\/wp\/v2\/posts\/34215\/revisions"}],"predecessor-version":[{"id":34219,"href":"https:\/\/cmvsf2.org\/web\/wp-json\/wp\/v2\/posts\/34215\/revisions\/34219"}],"wp:featuredmedia":[{"embeddable":true,"href":"https:\/\/cmvsf2.org\/web\/wp-json\/wp\/v2\/media\/33617"}],"wp:attachment":[{"href":"https:\/\/cmvsf2.org\/web\/wp-json\/wp\/v2\/media?parent=34215"}],"wp:term":[{"taxonomy":"category","embeddable":true,"href":"https:\/\/cmvsf2.org\/web\/wp-json\/wp\/v2\/categories?post=34215"},{"taxonomy":"post_tag","embeddable":true,"href":"https:\/\/cmvsf2.org\/web\/wp-json\/wp\/v2\/tags?post=34215"}],"curies":[{"name":"wp","href":"https:\/\/api.w.org\/{rel}","templated":true}]}}