{"id":34150,"date":"2024-02-20T10:16:34","date_gmt":"2024-02-20T13:16:34","guid":{"rendered":"https:\/\/cmvsf2.org\/web\/?p=34150"},"modified":"2024-02-20T10:16:34","modified_gmt":"2024-02-20T13:16:34","slug":"nuevo-valor-del-gavet-profesional-vigente-a-partir-del-1o-de-marzo","status":"publish","type":"post","link":"https:\/\/cmvsf2.org\/web\/2024\/02\/20\/nuevo-valor-del-gavet-profesional-vigente-a-partir-del-1o-de-marzo\/","title":{"rendered":"Nuevo valor del Gavet Profesional vigente a partir del 1\u00ba de marzo"},"content":{"rendered":"<p>El CMVSF2 informa el nuevo valor del Gavet Veterinario Profesional, seg\u00fan resoluci\u00f3n de Mesa Directiva.<\/p>\n<p>El mismo ser\u00e1 de 700 pesos y rige a partir del 1\u00ba de marzo de 2024.<\/p>\n<p>Recordamos que la unidad de medida GAVET (Galeno Veterinario) se actualiza teniendo en cuenta para ello una ponderaci\u00f3n de 4 (cuatro) \u00edndices: tres \u00edndices de variaci\u00f3n de precios al consumidor (INDEC, Capital Federal y San Luis) e \u00cdndice de Salarios (INDEC), por partes iguales. Por ende cada uno de los cuatro \u00edndices mencionados, incide en el 25% de la actualizaci\u00f3n.<\/p>\n<p>Recomendamos adem\u00e1s consultar en la p\u00e1gina web institucional (www.cmvsf2.org) en el bot\u00f3n nomencladores, el valor \u00e9tico de las distintas prestaciones profesionales, aclarando que los mismos solo referencian honorarios sin estar incluidos en ese valor los distintos insumos que puedan necesitarse para la realizaci\u00f3n de una determinada pr\u00e1ctica (anestesia, f\u00e1rmacos, descartables, etc.)<\/p>\n","protected":false},"excerpt":{"rendered":"<p>El CMVSF2 informa el nuevo valor del Gavet Veterinario Profesional, seg\u00fan resoluci\u00f3n de Mesa Directiva. El mismo ser\u00e1 de 700 pesos y rige a partir del 1\u00ba de marzo de 2024. Recordamos que la unidad de medida GAVET (Galeno Veterinario) se actualiza teniendo en cuenta para ello una ponderaci\u00f3n de 4 (cuatro) \u00edndices: tres \u00edndices de variaci\u00f3n de precios al consumidor (INDEC, Capital Federal [&hellip;]<\/p>\n","protected":false},"author":3,"featured_media":34061,"comment_status":"closed","ping_status":"closed","sticky":false,"template":"","format":"standard","meta":{"_acf_changed":false,"footnotes":""},"categories":[343,345],"tags":[969,356],"class_list":["post-34150","post","type-post","status-publish","format-standard","has-post-thumbnail","hentry","category-destacada","category-institucionales","tag-969","tag-gavet"],"acf":[],"yoast_head":"<!-- This site is optimized with the Yoast SEO plugin v28.2 - https:\/\/yoast.com\/product\/yoast-seo-wordpress\/ -->\n<title>Nuevo valor del Gavet Profesional vigente a partir del 1\u00ba de marzo - Colegio De Veterinarios De Santa Fe 2da. Circunscripci\u00f3n<\/title>\n<meta name=\"description\" content=\"El CMVSF2 informa el nuevo valor del Gavet Veterinario Profesional, seg\u00fan resoluci\u00f3n de Mesa Directiva. El mismo ser\u00e1 de 700 pesos y rige a partir del 1\u00ba\" \/>\n<meta name=\"robots\" content=\"index, follow, max-snippet:-1, max-image-preview:large, max-video-preview:-1\" \/>\n<link rel=\"canonical\" href=\"https:\/\/cmvsf2.org\/web\/2024\/02\/20\/nuevo-valor-del-gavet-profesional-vigente-a-partir-del-1o-de-marzo\/\" \/>\n<meta property=\"og:locale\" content=\"es_ES\" \/>\n<meta property=\"og:type\" content=\"article\" \/>\n<meta property=\"og:title\" content=\"Nuevo valor del Gavet Profesional vigente a partir del 1\u00ba de marzo - Colegio De Veterinarios De Santa Fe 2da. Circunscripci\u00f3n\" \/>\n<meta property=\"og:description\" content=\"El CMVSF2 informa el nuevo valor del Gavet Veterinario Profesional, seg\u00fan resoluci\u00f3n de Mesa Directiva. El mismo ser\u00e1 de 700 pesos y rige a partir del 1\u00ba\" \/>\n<meta property=\"og:url\" content=\"https:\/\/cmvsf2.org\/web\/2024\/02\/20\/nuevo-valor-del-gavet-profesional-vigente-a-partir-del-1o-de-marzo\/\" \/>\n<meta property=\"og:site_name\" content=\"Colegio De Veterinarios De Santa Fe 2da. Circunscripci\u00f3n\" \/>\n<meta property=\"article:published_time\" content=\"2024-02-20T13:16:34+00:00\" \/>\n<meta property=\"og:image\" content=\"https:\/\/cmvsf2.org\/web\/wp-content\/uploads\/2023\/12\/20191101_140805-scaled.jpg\" \/>\n\t<meta property=\"og:image:width\" content=\"2560\" \/>\n\t<meta property=\"og:image:height\" content=\"1920\" \/>\n\t<meta property=\"og:image:type\" content=\"image\/jpeg\" \/>\n<meta name=\"author\" content=\"cmvsf2\" \/>\n<meta name=\"twitter:card\" content=\"summary_large_image\" \/>\n<meta name=\"twitter:label1\" content=\"Escrito por\" \/>\n\t<meta name=\"twitter:data1\" content=\"cmvsf2\" \/>\n\t<meta name=\"twitter:label2\" content=\"Tiempo de lectura\" \/>\n\t<meta name=\"twitter:data2\" content=\"1 minuto\" \/>\n<script type=\"application\/ld+json\" class=\"yoast-schema-graph\">{\"@context\":\"https:\\\/\\\/schema.org\",\"@graph\":[{\"@type\":\"Article\",\"@id\":\"https:\\\/\\\/cmvsf2.org\\\/web\\\/2024\\\/02\\\/20\\\/nuevo-valor-del-gavet-profesional-vigente-a-partir-del-1o-de-marzo\\\/#article\",\"isPartOf\":{\"@id\":\"https:\\\/\\\/cmvsf2.org\\\/web\\\/2024\\\/02\\\/20\\\/nuevo-valor-del-gavet-profesional-vigente-a-partir-del-1o-de-marzo\\\/\"},\"author\":{\"name\":\"cmvsf2\",\"@id\":\"https:\\\/\\\/cmvsf2.org\\\/web\\\/#\\\/schema\\\/person\\\/46ea3630099a4a3df8d89f07cf5f7520\"},\"headline\":\"Nuevo valor del Gavet Profesional vigente a partir del 1\u00ba de marzo\",\"datePublished\":\"2024-02-20T13:16:34+00:00\",\"mainEntityOfPage\":{\"@id\":\"https:\\\/\\\/cmvsf2.org\\\/web\\\/2024\\\/02\\\/20\\\/nuevo-valor-del-gavet-profesional-vigente-a-partir-del-1o-de-marzo\\\/\"},\"wordCount\":161,\"publisher\":{\"@id\":\"https:\\\/\\\/cmvsf2.org\\\/web\\\/#organization\"},\"image\":{\"@id\":\"https:\\\/\\\/cmvsf2.org\\\/web\\\/2024\\\/02\\\/20\\\/nuevo-valor-del-gavet-profesional-vigente-a-partir-del-1o-de-marzo\\\/#primaryimage\"},\"thumbnailUrl\":\"https:\\\/\\\/cmvsf2.org\\\/web\\\/wp-content\\\/uploads\\\/2023\\\/12\\\/20191101_140805-scaled.jpg\",\"keywords\":[\"2024\",\"gavet\"],\"articleSection\":[\"Destacada\",\"Institucionales\"],\"inLanguage\":\"es\"},{\"@type\":\"WebPage\",\"@id\":\"https:\\\/\\\/cmvsf2.org\\\/web\\\/2024\\\/02\\\/20\\\/nuevo-valor-del-gavet-profesional-vigente-a-partir-del-1o-de-marzo\\\/\",\"url\":\"https:\\\/\\\/cmvsf2.org\\\/web\\\/2024\\\/02\\\/20\\\/nuevo-valor-del-gavet-profesional-vigente-a-partir-del-1o-de-marzo\\\/\",\"name\":\"Nuevo valor del Gavet Profesional vigente a partir del 1\u00ba de marzo - Colegio De Veterinarios De Santa Fe 2da. Circunscripci\u00f3n\",\"isPartOf\":{\"@id\":\"https:\\\/\\\/cmvsf2.org\\\/web\\\/#website\"},\"primaryImageOfPage\":{\"@id\":\"https:\\\/\\\/cmvsf2.org\\\/web\\\/2024\\\/02\\\/20\\\/nuevo-valor-del-gavet-profesional-vigente-a-partir-del-1o-de-marzo\\\/#primaryimage\"},\"image\":{\"@id\":\"https:\\\/\\\/cmvsf2.org\\\/web\\\/2024\\\/02\\\/20\\\/nuevo-valor-del-gavet-profesional-vigente-a-partir-del-1o-de-marzo\\\/#primaryimage\"},\"thumbnailUrl\":\"https:\\\/\\\/cmvsf2.org\\\/web\\\/wp-content\\\/uploads\\\/2023\\\/12\\\/20191101_140805-scaled.jpg\",\"datePublished\":\"2024-02-20T13:16:34+00:00\",\"description\":\"El CMVSF2 informa el nuevo valor del Gavet Veterinario Profesional, seg\u00fan resoluci\u00f3n de Mesa Directiva. El mismo ser\u00e1 de 700 pesos y rige a partir del 1\u00ba\",\"breadcrumb\":{\"@id\":\"https:\\\/\\\/cmvsf2.org\\\/web\\\/2024\\\/02\\\/20\\\/nuevo-valor-del-gavet-profesional-vigente-a-partir-del-1o-de-marzo\\\/#breadcrumb\"},\"inLanguage\":\"es\",\"potentialAction\":[{\"@type\":\"ReadAction\",\"target\":[\"https:\\\/\\\/cmvsf2.org\\\/web\\\/2024\\\/02\\\/20\\\/nuevo-valor-del-gavet-profesional-vigente-a-partir-del-1o-de-marzo\\\/\"]}]},{\"@type\":\"ImageObject\",\"inLanguage\":\"es\",\"@id\":\"https:\\\/\\\/cmvsf2.org\\\/web\\\/2024\\\/02\\\/20\\\/nuevo-valor-del-gavet-profesional-vigente-a-partir-del-1o-de-marzo\\\/#primaryimage\",\"url\":\"https:\\\/\\\/cmvsf2.org\\\/web\\\/wp-content\\\/uploads\\\/2023\\\/12\\\/20191101_140805-scaled.jpg\",\"contentUrl\":\"https:\\\/\\\/cmvsf2.org\\\/web\\\/wp-content\\\/uploads\\\/2023\\\/12\\\/20191101_140805-scaled.jpg\",\"width\":2560,\"height\":1920},{\"@type\":\"BreadcrumbList\",\"@id\":\"https:\\\/\\\/cmvsf2.org\\\/web\\\/2024\\\/02\\\/20\\\/nuevo-valor-del-gavet-profesional-vigente-a-partir-del-1o-de-marzo\\\/#breadcrumb\",\"itemListElement\":[{\"@type\":\"ListItem\",\"position\":1,\"name\":\"Portada\",\"item\":\"https:\\\/\\\/cmvsf2.org\\\/web\\\/\"},{\"@type\":\"ListItem\",\"position\":2,\"name\":\"Nuevo valor del Gavet Profesional vigente a partir del 1\u00ba de marzo\"}]},{\"@type\":\"WebSite\",\"@id\":\"https:\\\/\\\/cmvsf2.org\\\/web\\\/#website\",\"url\":\"https:\\\/\\\/cmvsf2.org\\\/web\\\/\",\"name\":\"Colegio De Veterinarios De Santa Fe 2da. Circunscripci\u00f3n\",\"description\":\"Sitio institucional del Colegio de M\u00e9dicos Veterinario de Santa Fe 2da. Circunscripci\u00f3n\",\"publisher\":{\"@id\":\"https:\\\/\\\/cmvsf2.org\\\/web\\\/#organization\"},\"potentialAction\":[{\"@type\":\"SearchAction\",\"target\":{\"@type\":\"EntryPoint\",\"urlTemplate\":\"https:\\\/\\\/cmvsf2.org\\\/web\\\/?s={search_term_string}\"},\"query-input\":{\"@type\":\"PropertyValueSpecification\",\"valueRequired\":true,\"valueName\":\"search_term_string\"}}],\"inLanguage\":\"es\"},{\"@type\":\"Organization\",\"@id\":\"https:\\\/\\\/cmvsf2.org\\\/web\\\/#organization\",\"name\":\"Colegio De Veterinarios De Santa Fe 2da. Circunscripci\u00f3n\",\"url\":\"https:\\\/\\\/cmvsf2.org\\\/web\\\/\",\"logo\":{\"@type\":\"ImageObject\",\"inLanguage\":\"es\",\"@id\":\"https:\\\/\\\/cmvsf2.org\\\/web\\\/#\\\/schema\\\/logo\\\/image\\\/\",\"url\":\"http:\\\/\\\/cmvsf2.org\\\/web\\\/wp-content\\\/uploads\\\/2020\\\/03\\\/vector-logo-02.png\",\"contentUrl\":\"http:\\\/\\\/cmvsf2.org\\\/web\\\/wp-content\\\/uploads\\\/2020\\\/03\\\/vector-logo-02.png\",\"width\":2750,\"height\":642,\"caption\":\"Colegio De Veterinarios De Santa Fe 2da. Circunscripci\u00f3n\"},\"image\":{\"@id\":\"https:\\\/\\\/cmvsf2.org\\\/web\\\/#\\\/schema\\\/logo\\\/image\\\/\"}},{\"@type\":\"Person\",\"@id\":\"https:\\\/\\\/cmvsf2.org\\\/web\\\/#\\\/schema\\\/person\\\/46ea3630099a4a3df8d89f07cf5f7520\",\"name\":\"cmvsf2\",\"image\":{\"@type\":\"ImageObject\",\"inLanguage\":\"es\",\"@id\":\"https:\\\/\\\/secure.gravatar.com\\\/avatar\\\/669647b61c77f28f1aa51df04174a5ecb296e9988b4a93d2870666cd1f502cd7?s=96&d=mm&r=g\",\"url\":\"https:\\\/\\\/secure.gravatar.com\\\/avatar\\\/669647b61c77f28f1aa51df04174a5ecb296e9988b4a93d2870666cd1f502cd7?s=96&d=mm&r=g\",\"contentUrl\":\"https:\\\/\\\/secure.gravatar.com\\\/avatar\\\/669647b61c77f28f1aa51df04174a5ecb296e9988b4a93d2870666cd1f502cd7?s=96&d=mm&r=g\",\"caption\":\"cmvsf2\"}}]}<\/script>\n<!-- \/ Yoast SEO plugin. -->","yoast_head_json":{"title":"Nuevo valor del Gavet Profesional vigente a partir del 1\u00ba de marzo - Colegio De Veterinarios De Santa Fe 2da. Circunscripci\u00f3n","description":"El CMVSF2 informa el nuevo valor del Gavet Veterinario Profesional, seg\u00fan resoluci\u00f3n de Mesa Directiva. El mismo ser\u00e1 de 700 pesos y rige a partir del 1\u00ba","robots":{"index":"index","follow":"follow","max-snippet":"max-snippet:-1","max-image-preview":"max-image-preview:large","max-video-preview":"max-video-preview:-1"},"canonical":"https:\/\/cmvsf2.org\/web\/2024\/02\/20\/nuevo-valor-del-gavet-profesional-vigente-a-partir-del-1o-de-marzo\/","og_locale":"es_ES","og_type":"article","og_title":"Nuevo valor del Gavet Profesional vigente a partir del 1\u00ba de marzo - Colegio De Veterinarios De Santa Fe 2da. Circunscripci\u00f3n","og_description":"El CMVSF2 informa el nuevo valor del Gavet Veterinario Profesional, seg\u00fan resoluci\u00f3n de Mesa Directiva. El mismo ser\u00e1 de 700 pesos y rige a partir del 1\u00ba","og_url":"https:\/\/cmvsf2.org\/web\/2024\/02\/20\/nuevo-valor-del-gavet-profesional-vigente-a-partir-del-1o-de-marzo\/","og_site_name":"Colegio De Veterinarios De Santa Fe 2da. Circunscripci\u00f3n","article_published_time":"2024-02-20T13:16:34+00:00","og_image":[{"width":2560,"height":1920,"url":"https:\/\/cmvsf2.org\/web\/wp-content\/uploads\/2023\/12\/20191101_140805-scaled.jpg","type":"image\/jpeg"}],"author":"cmvsf2","twitter_card":"summary_large_image","twitter_misc":{"Escrito por":"cmvsf2","Tiempo de lectura":"1 minuto"},"schema":{"@context":"https:\/\/schema.org","@graph":[{"@type":"Article","@id":"https:\/\/cmvsf2.org\/web\/2024\/02\/20\/nuevo-valor-del-gavet-profesional-vigente-a-partir-del-1o-de-marzo\/#article","isPartOf":{"@id":"https:\/\/cmvsf2.org\/web\/2024\/02\/20\/nuevo-valor-del-gavet-profesional-vigente-a-partir-del-1o-de-marzo\/"},"author":{"name":"cmvsf2","@id":"https:\/\/cmvsf2.org\/web\/#\/schema\/person\/46ea3630099a4a3df8d89f07cf5f7520"},"headline":"Nuevo valor del Gavet Profesional vigente a partir del 1\u00ba de marzo","datePublished":"2024-02-20T13:16:34+00:00","mainEntityOfPage":{"@id":"https:\/\/cmvsf2.org\/web\/2024\/02\/20\/nuevo-valor-del-gavet-profesional-vigente-a-partir-del-1o-de-marzo\/"},"wordCount":161,"publisher":{"@id":"https:\/\/cmvsf2.org\/web\/#organization"},"image":{"@id":"https:\/\/cmvsf2.org\/web\/2024\/02\/20\/nuevo-valor-del-gavet-profesional-vigente-a-partir-del-1o-de-marzo\/#primaryimage"},"thumbnailUrl":"https:\/\/cmvsf2.org\/web\/wp-content\/uploads\/2023\/12\/20191101_140805-scaled.jpg","keywords":["2024","gavet"],"articleSection":["Destacada","Institucionales"],"inLanguage":"es"},{"@type":"WebPage","@id":"https:\/\/cmvsf2.org\/web\/2024\/02\/20\/nuevo-valor-del-gavet-profesional-vigente-a-partir-del-1o-de-marzo\/","url":"https:\/\/cmvsf2.org\/web\/2024\/02\/20\/nuevo-valor-del-gavet-profesional-vigente-a-partir-del-1o-de-marzo\/","name":"Nuevo valor del Gavet Profesional vigente a partir del 1\u00ba de marzo - Colegio De Veterinarios De Santa Fe 2da. Circunscripci\u00f3n","isPartOf":{"@id":"https:\/\/cmvsf2.org\/web\/#website"},"primaryImageOfPage":{"@id":"https:\/\/cmvsf2.org\/web\/2024\/02\/20\/nuevo-valor-del-gavet-profesional-vigente-a-partir-del-1o-de-marzo\/#primaryimage"},"image":{"@id":"https:\/\/cmvsf2.org\/web\/2024\/02\/20\/nuevo-valor-del-gavet-profesional-vigente-a-partir-del-1o-de-marzo\/#primaryimage"},"thumbnailUrl":"https:\/\/cmvsf2.org\/web\/wp-content\/uploads\/2023\/12\/20191101_140805-scaled.jpg","datePublished":"2024-02-20T13:16:34+00:00","description":"El CMVSF2 informa el nuevo valor del Gavet Veterinario Profesional, seg\u00fan resoluci\u00f3n de Mesa Directiva. El mismo ser\u00e1 de 700 pesos y rige a partir del 1\u00ba","breadcrumb":{"@id":"https:\/\/cmvsf2.org\/web\/2024\/02\/20\/nuevo-valor-del-gavet-profesional-vigente-a-partir-del-1o-de-marzo\/#breadcrumb"},"inLanguage":"es","potentialAction":[{"@type":"ReadAction","target":["https:\/\/cmvsf2.org\/web\/2024\/02\/20\/nuevo-valor-del-gavet-profesional-vigente-a-partir-del-1o-de-marzo\/"]}]},{"@type":"ImageObject","inLanguage":"es","@id":"https:\/\/cmvsf2.org\/web\/2024\/02\/20\/nuevo-valor-del-gavet-profesional-vigente-a-partir-del-1o-de-marzo\/#primaryimage","url":"https:\/\/cmvsf2.org\/web\/wp-content\/uploads\/2023\/12\/20191101_140805-scaled.jpg","contentUrl":"https:\/\/cmvsf2.org\/web\/wp-content\/uploads\/2023\/12\/20191101_140805-scaled.jpg","width":2560,"height":1920},{"@type":"BreadcrumbList","@id":"https:\/\/cmvsf2.org\/web\/2024\/02\/20\/nuevo-valor-del-gavet-profesional-vigente-a-partir-del-1o-de-marzo\/#breadcrumb","itemListElement":[{"@type":"ListItem","position":1,"name":"Portada","item":"https:\/\/cmvsf2.org\/web\/"},{"@type":"ListItem","position":2,"name":"Nuevo valor del Gavet Profesional vigente a partir del 1\u00ba de marzo"}]},{"@type":"WebSite","@id":"https:\/\/cmvsf2.org\/web\/#website","url":"https:\/\/cmvsf2.org\/web\/","name":"Colegio De Veterinarios De Santa Fe 2da. Circunscripci\u00f3n","description":"Sitio institucional del Colegio de M\u00e9dicos Veterinario de Santa Fe 2da. Circunscripci\u00f3n","publisher":{"@id":"https:\/\/cmvsf2.org\/web\/#organization"},"potentialAction":[{"@type":"SearchAction","target":{"@type":"EntryPoint","urlTemplate":"https:\/\/cmvsf2.org\/web\/?s={search_term_string}"},"query-input":{"@type":"PropertyValueSpecification","valueRequired":true,"valueName":"search_term_string"}}],"inLanguage":"es"},{"@type":"Organization","@id":"https:\/\/cmvsf2.org\/web\/#organization","name":"Colegio De Veterinarios De Santa Fe 2da. Circunscripci\u00f3n","url":"https:\/\/cmvsf2.org\/web\/","logo":{"@type":"ImageObject","inLanguage":"es","@id":"https:\/\/cmvsf2.org\/web\/#\/schema\/logo\/image\/","url":"http:\/\/cmvsf2.org\/web\/wp-content\/uploads\/2020\/03\/vector-logo-02.png","contentUrl":"http:\/\/cmvsf2.org\/web\/wp-content\/uploads\/2020\/03\/vector-logo-02.png","width":2750,"height":642,"caption":"Colegio De Veterinarios De Santa Fe 2da. Circunscripci\u00f3n"},"image":{"@id":"https:\/\/cmvsf2.org\/web\/#\/schema\/logo\/image\/"}},{"@type":"Person","@id":"https:\/\/cmvsf2.org\/web\/#\/schema\/person\/46ea3630099a4a3df8d89f07cf5f7520","name":"cmvsf2","image":{"@type":"ImageObject","inLanguage":"es","@id":"https:\/\/secure.gravatar.com\/avatar\/669647b61c77f28f1aa51df04174a5ecb296e9988b4a93d2870666cd1f502cd7?s=96&d=mm&r=g","url":"https:\/\/secure.gravatar.com\/avatar\/669647b61c77f28f1aa51df04174a5ecb296e9988b4a93d2870666cd1f502cd7?s=96&d=mm&r=g","contentUrl":"https:\/\/secure.gravatar.com\/avatar\/669647b61c77f28f1aa51df04174a5ecb296e9988b4a93d2870666cd1f502cd7?s=96&d=mm&r=g","caption":"cmvsf2"}}]}},"_links":{"self":[{"href":"https:\/\/cmvsf2.org\/web\/wp-json\/wp\/v2\/posts\/34150","targetHints":{"allow":["GET"]}}],"collection":[{"href":"https:\/\/cmvsf2.org\/web\/wp-json\/wp\/v2\/posts"}],"about":[{"href":"https:\/\/cmvsf2.org\/web\/wp-json\/wp\/v2\/types\/post"}],"author":[{"embeddable":true,"href":"https:\/\/cmvsf2.org\/web\/wp-json\/wp\/v2\/users\/3"}],"replies":[{"embeddable":true,"href":"https:\/\/cmvsf2.org\/web\/wp-json\/wp\/v2\/comments?post=34150"}],"version-history":[{"count":1,"href":"https:\/\/cmvsf2.org\/web\/wp-json\/wp\/v2\/posts\/34150\/revisions"}],"predecessor-version":[{"id":34151,"href":"https:\/\/cmvsf2.org\/web\/wp-json\/wp\/v2\/posts\/34150\/revisions\/34151"}],"wp:featuredmedia":[{"embeddable":true,"href":"https:\/\/cmvsf2.org\/web\/wp-json\/wp\/v2\/media\/34061"}],"wp:attachment":[{"href":"https:\/\/cmvsf2.org\/web\/wp-json\/wp\/v2\/media?parent=34150"}],"wp:term":[{"taxonomy":"category","embeddable":true,"href":"https:\/\/cmvsf2.org\/web\/wp-json\/wp\/v2\/categories?post=34150"},{"taxonomy":"post_tag","embeddable":true,"href":"https:\/\/cmvsf2.org\/web\/wp-json\/wp\/v2\/tags?post=34150"}],"curies":[{"name":"wp","href":"https:\/\/api.w.org\/{rel}","templated":true}]}}