{"id":34141,"date":"2024-02-09T11:49:42","date_gmt":"2024-02-09T14:49:42","guid":{"rendered":"https:\/\/cmvsf2.org\/web\/?p=34141"},"modified":"2024-02-09T15:13:41","modified_gmt":"2024-02-09T18:13:41","slug":"convocatoria-a-elecciones-2024","status":"publish","type":"post","link":"https:\/\/cmvsf2.org\/web\/2024\/02\/09\/convocatoria-a-elecciones-2024\/","title":{"rendered":"CONVOCATORIA A ELECCIONES 2024 &#8211; Padrones provisorios y cronograma"},"content":{"rendered":"<p style=\"font-weight: 400;\">El Colegio de M\u00e9dicos Veterinarios de la Provincia de Santa Fe 2\u00b0 Circunscripci\u00f3n (Ley N\u00b0 3950) convoca a todos\/as los\/as profesionales matriculados\/as al 31 de enero de 2024, a <em><strong>elecciones de delegados departamentales\u00a0<\/strong><\/em><strong><em>para la constituci\u00f3n del Consejo Asesor que elegir\u00e1 a los miembros de la Mesa Directiva y Tribunal de \u00c9tica por el per\u00edodo 2024\/2027.<\/em><\/strong><strong><em>\u00a0<\/em><\/strong><\/p>\n<p style=\"font-weight: 400;\">Las mismas se realizar\u00e1n del\u00a0<strong><em>8\u00a0de abril hasta las 14 horas del 26\u00a0de abril de 2024.<\/em><\/strong><\/p>\n<p style=\"font-weight: 400;\">Las comunicaciones oficiales referidas al acto eleccionario, se realizar\u00e1n a trav\u00e9s de la web institucional y el transparente que se encuentra en el Colegio. La Junta Electoral, \u00f3rgano encargado de definir el cronograma electoral y de realizar el escrutinio, est\u00e1 integrada por\u00a0el\u00a0Dr.\u00a0PR\u00cdNCIPE RA\u00daL V\u00cdCTOR\u00a0(vocal) y las Dras.\u00a0FAR\u00cdAS GABRIELA (presidenta) y CORREA LUC\u00cdA IN\u00c9S (secretaria) \/ CAMILETTI H\u00c9CTOR EUGENIO (suplente)<strong>\u00a0<\/strong><\/p>\n<p style=\"font-weight: 400;\"><strong>Cronograma para la presentaci\u00f3n de listas<\/strong><strong><em>\u00a0<\/em><\/strong><\/p>\n<p style=\"font-weight: 400;\"><strong><em>La fecha tope para presentaci\u00f3n de listas ser\u00e1 el jueves 8 de marzo de 2024 a las 15 horas<\/em><\/strong>\u00a0y la oficializaci\u00f3n de las mismas se har\u00e1 al d\u00eda siguiente. Posteriormente, se proceder\u00e1 a la publicaci\u00f3n de las listas por departamento y v\u00eda correo electr\u00f3nico, y se enviar\u00e1n por correo postal los sobres para sufragar con las listas presentadas o el padr\u00f3n completo, que se transforma en lista de candidatos en aquellos departamentos en que no haya listas.<\/p>\n<p style=\"font-weight: 400;\">Los\/as matriculados\/as que quieran integrar una lista o que quieran ser electos, deber\u00e1n encontrarse al d\u00eda con las obligaciones del Colegio a la fecha de cierre de presentaci\u00f3n de listas, <strong><em>teniendo abonado el mes de febrero de 2024<\/em>.<\/strong><\/p>\n<p style=\"font-weight: 400;\"><strong>Padrones<\/strong><\/p>\n<p>El pasado 2 de febrero, la Junta Electoral defini\u00f3 el cierre del padr\u00f3n provisorio por departamento que se utilizar\u00e1 para las pr\u00f3ximas elecciones. Cualquier\u00a0<strong><em>observaci\u00f3n o\u00a0correcci\u00f3n\u00a0<\/em><\/strong>deber\u00e1 hacerse por nota dirigida a la junta electoral, v\u00eda postal o electr\u00f3nica hasta el\u00a0<strong>19 de febrero de 2024\u00a0<\/strong>a las siguientes direcciones: Suipacha 347 (2000) Rosario o\u00a0<a href=\"mailto:col.veterinariostafe2@gmail.com\">col.veterinariostafe2@gmail.com<\/a><\/p>\n<p style=\"font-weight: 400;\">Las tachas y correcciones ser\u00e1n resueltas hasta el 23 de febrero, fecha en que se reunir\u00e1 la Junta Electoral nuevamente y decidir\u00e1 la conformaci\u00f3n del padr\u00f3n definitivo. Este \u00faltimo se publicar\u00e1 el 1 de marzo de 2024.<strong><em>\u00a0<\/em><\/strong><\/p>\n<p style=\"font-weight: 400;\"><strong><em>Links de descarga de los padrones provisorios por departamento:<\/em><\/strong><\/p>\n<p><a href=\"https:\/\/cmvsf2.us12.list-manage.com\/track\/click?u=615e48406d326adfba496cc31&amp;id=3f8b6bea77&amp;e=fd0bdbb88f\" data-saferedirecturl=\"https:\/\/www.google.com\/url?q=https:\/\/cmvsf2.us12.list-manage.com\/track\/click?u%3D615e48406d326adfba496cc31%26id%3D3f8b6bea77%26e%3Dfd0bdbb88f&amp;source=gmail&amp;ust=1707575883788000&amp;usg=AOvVaw3YwN4ydLDJiuGP99S-iIiM\">SAN LORENZO<\/a><br \/>\n<a href=\"https:\/\/cmvsf2.us12.list-manage.com\/track\/click?u=615e48406d326adfba496cc31&amp;id=ee05828f66&amp;e=fd0bdbb88f\" data-saferedirecturl=\"https:\/\/www.google.com\/url?q=https:\/\/cmvsf2.us12.list-manage.com\/track\/click?u%3D615e48406d326adfba496cc31%26id%3Dee05828f66%26e%3Dfd0bdbb88f&amp;source=gmail&amp;ust=1707575883788000&amp;usg=AOvVaw1g3Gl1iC12lfna_jsqMJgl\">ROSARIO<\/a><br \/>\n<a href=\"https:\/\/cmvsf2.us12.list-manage.com\/track\/click?u=615e48406d326adfba496cc31&amp;id=ae94aa68bf&amp;e=fd0bdbb88f\" data-saferedirecturl=\"https:\/\/www.google.com\/url?q=https:\/\/cmvsf2.us12.list-manage.com\/track\/click?u%3D615e48406d326adfba496cc31%26id%3Dae94aa68bf%26e%3Dfd0bdbb88f&amp;source=gmail&amp;ust=1707575883788000&amp;usg=AOvVaw2Ui96t7nbSKN9_rQmKbbV5\">CASEROS<\/a><br \/>\n<a href=\"https:\/\/cmvsf2.us12.list-manage.com\/track\/click?u=615e48406d326adfba496cc31&amp;id=ba3a81e1cc&amp;e=fd0bdbb88f\" data-saferedirecturl=\"https:\/\/www.google.com\/url?q=https:\/\/cmvsf2.us12.list-manage.com\/track\/click?u%3D615e48406d326adfba496cc31%26id%3Dba3a81e1cc%26e%3Dfd0bdbb88f&amp;source=gmail&amp;ust=1707575883788000&amp;usg=AOvVaw24nsGTXM5_lxIkXqQmtTQM\">BELGRANO<\/a><br \/>\n<a href=\"https:\/\/cmvsf2.us12.list-manage.com\/track\/click?u=615e48406d326adfba496cc31&amp;id=69d5e5cb5d&amp;e=fd0bdbb88f\" data-saferedirecturl=\"https:\/\/www.google.com\/url?q=https:\/\/cmvsf2.us12.list-manage.com\/track\/click?u%3D615e48406d326adfba496cc31%26id%3D69d5e5cb5d%26e%3Dfd0bdbb88f&amp;source=gmail&amp;ust=1707575883788000&amp;usg=AOvVaw3WV84SG4ZsnzqRRySXHVt6\">IRIONDO<\/a><br \/>\n<a href=\"https:\/\/cmvsf2.us12.list-manage.com\/track\/click?u=615e48406d326adfba496cc31&amp;id=ed52742eab&amp;e=fd0bdbb88f\" data-saferedirecturl=\"https:\/\/www.google.com\/url?q=https:\/\/cmvsf2.us12.list-manage.com\/track\/click?u%3D615e48406d326adfba496cc31%26id%3Ded52742eab%26e%3Dfd0bdbb88f&amp;source=gmail&amp;ust=1707575883788000&amp;usg=AOvVaw1dFnSVfOgniPorHaoOlktY\">GRAL. L\u00d3PEZ<\/a><br \/>\n<a href=\"https:\/\/cmvsf2.us12.list-manage.com\/track\/click?u=615e48406d326adfba496cc31&amp;id=c7c07b0a3a&amp;e=fd0bdbb88f\" data-saferedirecturl=\"https:\/\/www.google.com\/url?q=https:\/\/cmvsf2.us12.list-manage.com\/track\/click?u%3D615e48406d326adfba496cc31%26id%3Dc7c07b0a3a%26e%3Dfd0bdbb88f&amp;source=gmail&amp;ust=1707575883788000&amp;usg=AOvVaw3G-PZFLKbAeNxWR0rwrUuL\">CONSTITUCI\u00d3N<\/a><\/p>\n<p style=\"font-weight: 400;\"><strong><em>Informaci\u00f3n importante para los\/as matriculados\/as que deseen emitir su voto:<\/em><\/strong><\/p>\n<p>Aquellos\/as matriculados\/as que no tienen domicilio en la circunscripci\u00f3n deber\u00e1n fijar uno.<\/p>\n<p style=\"font-weight: 400;\">Los\/as electores\/as, a los efectos de tomar por v\u00e1lido su sufragio, deber\u00e1n estar al d\u00eda con las obligaciones de pago de matr\u00edcula o de financiaci\u00f3n de deudas con el Colegio, pudiendo cancelar las mismas hasta el mismo 26 de abril a las 14 horas.<\/p>\n<p style=\"font-weight: 400;\">Finalmente, el nuevo Consejo Asesor se reunir\u00e1 en la primera quincena del mes de mayo a los efectos de elegir de entre su seno a los integrantes de la Mesa Directiva y el Tribunal de \u00c9tica para el per\u00edodo 2024\/ 2027.<\/p>\n","protected":false},"excerpt":{"rendered":"<p>El Colegio de M\u00e9dicos Veterinarios de la Provincia de Santa Fe 2\u00b0 Circunscripci\u00f3n (Ley N\u00b0 3950) convoca a todos\/as los\/as profesionales matriculados\/as al 31 de enero de 2024, a elecciones de delegados departamentales\u00a0para la constituci\u00f3n del Consejo Asesor que elegir\u00e1 a los miembros de la Mesa Directiva y Tribunal de \u00c9tica por el per\u00edodo 2024\/2027.\u00a0 Las mismas se realizar\u00e1n del\u00a08\u00a0de abril hasta las 14 [&hellip;]<\/p>\n","protected":false},"author":3,"featured_media":34095,"comment_status":"closed","ping_status":"closed","sticky":false,"template":"","format":"standard","meta":{"_acf_changed":false,"footnotes":""},"categories":[343,345],"tags":[969,371,374],"class_list":["post-34141","post","type-post","status-publish","format-standard","has-post-thumbnail","hentry","category-destacada","category-institucionales","tag-969","tag-elecciones","tag-padrones"],"acf":[],"yoast_head":"<!-- This site is optimized with the Yoast SEO plugin v28.2 - https:\/\/yoast.com\/product\/yoast-seo-wordpress\/ -->\n<title>CONVOCATORIA A ELECCIONES 2024 - Padrones provisorios y cronograma - Colegio De Veterinarios De Santa Fe 2da. Circunscripci\u00f3n<\/title>\n<meta name=\"description\" content=\"El Colegio de M\u00e9dicos Veterinarios de la Provincia de Santa Fe 2\u00b0 Circunscripci\u00f3n (Ley N\u00b0 3950) convoca a todos\/as los\/as profesionales matriculados\/as al\" \/>\n<meta name=\"robots\" content=\"index, follow, max-snippet:-1, max-image-preview:large, max-video-preview:-1\" \/>\n<link rel=\"canonical\" href=\"https:\/\/cmvsf2.org\/web\/2024\/02\/09\/convocatoria-a-elecciones-2024\/\" \/>\n<meta property=\"og:locale\" content=\"es_ES\" \/>\n<meta property=\"og:type\" content=\"article\" \/>\n<meta property=\"og:title\" content=\"CONVOCATORIA A ELECCIONES 2024 - Padrones provisorios y cronograma - Colegio De Veterinarios De Santa Fe 2da. Circunscripci\u00f3n\" \/>\n<meta property=\"og:description\" content=\"El Colegio de M\u00e9dicos Veterinarios de la Provincia de Santa Fe 2\u00b0 Circunscripci\u00f3n (Ley N\u00b0 3950) convoca a todos\/as los\/as profesionales matriculados\/as al\" \/>\n<meta property=\"og:url\" content=\"https:\/\/cmvsf2.org\/web\/2024\/02\/09\/convocatoria-a-elecciones-2024\/\" \/>\n<meta property=\"og:site_name\" content=\"Colegio De Veterinarios De Santa Fe 2da. Circunscripci\u00f3n\" \/>\n<meta property=\"article:published_time\" content=\"2024-02-09T14:49:42+00:00\" \/>\n<meta property=\"article:modified_time\" content=\"2024-02-09T18:13:41+00:00\" \/>\n<meta property=\"og:image\" content=\"https:\/\/cmvsf2.org\/web\/wp-content\/uploads\/2024\/01\/CONVOCATORIA-A-ELECCIONES-1.png\" \/>\n\t<meta property=\"og:image:width\" content=\"1080\" \/>\n\t<meta property=\"og:image:height\" content=\"1080\" \/>\n\t<meta property=\"og:image:type\" content=\"image\/png\" \/>\n<meta name=\"author\" content=\"cmvsf2\" \/>\n<meta name=\"twitter:card\" content=\"summary_large_image\" \/>\n<meta name=\"twitter:label1\" content=\"Escrito por\" \/>\n\t<meta name=\"twitter:data1\" content=\"cmvsf2\" \/>\n\t<meta name=\"twitter:label2\" content=\"Tiempo de lectura\" \/>\n\t<meta name=\"twitter:data2\" content=\"3 minutos\" \/>\n<script type=\"application\/ld+json\" class=\"yoast-schema-graph\">{\"@context\":\"https:\\\/\\\/schema.org\",\"@graph\":[{\"@type\":\"Article\",\"@id\":\"https:\\\/\\\/cmvsf2.org\\\/web\\\/2024\\\/02\\\/09\\\/convocatoria-a-elecciones-2024\\\/#article\",\"isPartOf\":{\"@id\":\"https:\\\/\\\/cmvsf2.org\\\/web\\\/2024\\\/02\\\/09\\\/convocatoria-a-elecciones-2024\\\/\"},\"author\":{\"name\":\"cmvsf2\",\"@id\":\"https:\\\/\\\/cmvsf2.org\\\/web\\\/#\\\/schema\\\/person\\\/46ea3630099a4a3df8d89f07cf5f7520\"},\"headline\":\"CONVOCATORIA A ELECCIONES 2024 &#8211; Padrones provisorios y cronograma\",\"datePublished\":\"2024-02-09T14:49:42+00:00\",\"dateModified\":\"2024-02-09T18:13:41+00:00\",\"mainEntityOfPage\":{\"@id\":\"https:\\\/\\\/cmvsf2.org\\\/web\\\/2024\\\/02\\\/09\\\/convocatoria-a-elecciones-2024\\\/\"},\"wordCount\":522,\"publisher\":{\"@id\":\"https:\\\/\\\/cmvsf2.org\\\/web\\\/#organization\"},\"image\":{\"@id\":\"https:\\\/\\\/cmvsf2.org\\\/web\\\/2024\\\/02\\\/09\\\/convocatoria-a-elecciones-2024\\\/#primaryimage\"},\"thumbnailUrl\":\"https:\\\/\\\/cmvsf2.org\\\/web\\\/wp-content\\\/uploads\\\/2024\\\/01\\\/CONVOCATORIA-A-ELECCIONES-1.png\",\"keywords\":[\"2024\",\"elecciones\",\"padrones\"],\"articleSection\":[\"Destacada\",\"Institucionales\"],\"inLanguage\":\"es\"},{\"@type\":\"WebPage\",\"@id\":\"https:\\\/\\\/cmvsf2.org\\\/web\\\/2024\\\/02\\\/09\\\/convocatoria-a-elecciones-2024\\\/\",\"url\":\"https:\\\/\\\/cmvsf2.org\\\/web\\\/2024\\\/02\\\/09\\\/convocatoria-a-elecciones-2024\\\/\",\"name\":\"CONVOCATORIA A ELECCIONES 2024 - Padrones provisorios y cronograma - Colegio De Veterinarios De Santa Fe 2da. Circunscripci\u00f3n\",\"isPartOf\":{\"@id\":\"https:\\\/\\\/cmvsf2.org\\\/web\\\/#website\"},\"primaryImageOfPage\":{\"@id\":\"https:\\\/\\\/cmvsf2.org\\\/web\\\/2024\\\/02\\\/09\\\/convocatoria-a-elecciones-2024\\\/#primaryimage\"},\"image\":{\"@id\":\"https:\\\/\\\/cmvsf2.org\\\/web\\\/2024\\\/02\\\/09\\\/convocatoria-a-elecciones-2024\\\/#primaryimage\"},\"thumbnailUrl\":\"https:\\\/\\\/cmvsf2.org\\\/web\\\/wp-content\\\/uploads\\\/2024\\\/01\\\/CONVOCATORIA-A-ELECCIONES-1.png\",\"datePublished\":\"2024-02-09T14:49:42+00:00\",\"dateModified\":\"2024-02-09T18:13:41+00:00\",\"description\":\"El Colegio de M\u00e9dicos Veterinarios de la Provincia de Santa Fe 2\u00b0 Circunscripci\u00f3n (Ley N\u00b0 3950) convoca a todos\\\/as los\\\/as profesionales matriculados\\\/as al\",\"breadcrumb\":{\"@id\":\"https:\\\/\\\/cmvsf2.org\\\/web\\\/2024\\\/02\\\/09\\\/convocatoria-a-elecciones-2024\\\/#breadcrumb\"},\"inLanguage\":\"es\",\"potentialAction\":[{\"@type\":\"ReadAction\",\"target\":[\"https:\\\/\\\/cmvsf2.org\\\/web\\\/2024\\\/02\\\/09\\\/convocatoria-a-elecciones-2024\\\/\"]}]},{\"@type\":\"ImageObject\",\"inLanguage\":\"es\",\"@id\":\"https:\\\/\\\/cmvsf2.org\\\/web\\\/2024\\\/02\\\/09\\\/convocatoria-a-elecciones-2024\\\/#primaryimage\",\"url\":\"https:\\\/\\\/cmvsf2.org\\\/web\\\/wp-content\\\/uploads\\\/2024\\\/01\\\/CONVOCATORIA-A-ELECCIONES-1.png\",\"contentUrl\":\"https:\\\/\\\/cmvsf2.org\\\/web\\\/wp-content\\\/uploads\\\/2024\\\/01\\\/CONVOCATORIA-A-ELECCIONES-1.png\",\"width\":1080,\"height\":1080},{\"@type\":\"BreadcrumbList\",\"@id\":\"https:\\\/\\\/cmvsf2.org\\\/web\\\/2024\\\/02\\\/09\\\/convocatoria-a-elecciones-2024\\\/#breadcrumb\",\"itemListElement\":[{\"@type\":\"ListItem\",\"position\":1,\"name\":\"Portada\",\"item\":\"https:\\\/\\\/cmvsf2.org\\\/web\\\/\"},{\"@type\":\"ListItem\",\"position\":2,\"name\":\"CONVOCATORIA A ELECCIONES 2024 &#8211; Padrones provisorios y cronograma\"}]},{\"@type\":\"WebSite\",\"@id\":\"https:\\\/\\\/cmvsf2.org\\\/web\\\/#website\",\"url\":\"https:\\\/\\\/cmvsf2.org\\\/web\\\/\",\"name\":\"Colegio De Veterinarios De Santa Fe 2da. Circunscripci\u00f3n\",\"description\":\"Sitio institucional del Colegio de M\u00e9dicos Veterinario de Santa Fe 2da. Circunscripci\u00f3n\",\"publisher\":{\"@id\":\"https:\\\/\\\/cmvsf2.org\\\/web\\\/#organization\"},\"potentialAction\":[{\"@type\":\"SearchAction\",\"target\":{\"@type\":\"EntryPoint\",\"urlTemplate\":\"https:\\\/\\\/cmvsf2.org\\\/web\\\/?s={search_term_string}\"},\"query-input\":{\"@type\":\"PropertyValueSpecification\",\"valueRequired\":true,\"valueName\":\"search_term_string\"}}],\"inLanguage\":\"es\"},{\"@type\":\"Organization\",\"@id\":\"https:\\\/\\\/cmvsf2.org\\\/web\\\/#organization\",\"name\":\"Colegio De Veterinarios De Santa Fe 2da. Circunscripci\u00f3n\",\"url\":\"https:\\\/\\\/cmvsf2.org\\\/web\\\/\",\"logo\":{\"@type\":\"ImageObject\",\"inLanguage\":\"es\",\"@id\":\"https:\\\/\\\/cmvsf2.org\\\/web\\\/#\\\/schema\\\/logo\\\/image\\\/\",\"url\":\"http:\\\/\\\/cmvsf2.org\\\/web\\\/wp-content\\\/uploads\\\/2020\\\/03\\\/vector-logo-02.png\",\"contentUrl\":\"http:\\\/\\\/cmvsf2.org\\\/web\\\/wp-content\\\/uploads\\\/2020\\\/03\\\/vector-logo-02.png\",\"width\":2750,\"height\":642,\"caption\":\"Colegio De Veterinarios De Santa Fe 2da. Circunscripci\u00f3n\"},\"image\":{\"@id\":\"https:\\\/\\\/cmvsf2.org\\\/web\\\/#\\\/schema\\\/logo\\\/image\\\/\"}},{\"@type\":\"Person\",\"@id\":\"https:\\\/\\\/cmvsf2.org\\\/web\\\/#\\\/schema\\\/person\\\/46ea3630099a4a3df8d89f07cf5f7520\",\"name\":\"cmvsf2\",\"image\":{\"@type\":\"ImageObject\",\"inLanguage\":\"es\",\"@id\":\"https:\\\/\\\/secure.gravatar.com\\\/avatar\\\/669647b61c77f28f1aa51df04174a5ecb296e9988b4a93d2870666cd1f502cd7?s=96&d=mm&r=g\",\"url\":\"https:\\\/\\\/secure.gravatar.com\\\/avatar\\\/669647b61c77f28f1aa51df04174a5ecb296e9988b4a93d2870666cd1f502cd7?s=96&d=mm&r=g\",\"contentUrl\":\"https:\\\/\\\/secure.gravatar.com\\\/avatar\\\/669647b61c77f28f1aa51df04174a5ecb296e9988b4a93d2870666cd1f502cd7?s=96&d=mm&r=g\",\"caption\":\"cmvsf2\"}}]}<\/script>\n<!-- \/ Yoast SEO plugin. -->","yoast_head_json":{"title":"CONVOCATORIA A ELECCIONES 2024 - Padrones provisorios y cronograma - Colegio De Veterinarios De Santa Fe 2da. Circunscripci\u00f3n","description":"El Colegio de M\u00e9dicos Veterinarios de la Provincia de Santa Fe 2\u00b0 Circunscripci\u00f3n (Ley N\u00b0 3950) convoca a todos\/as los\/as profesionales matriculados\/as al","robots":{"index":"index","follow":"follow","max-snippet":"max-snippet:-1","max-image-preview":"max-image-preview:large","max-video-preview":"max-video-preview:-1"},"canonical":"https:\/\/cmvsf2.org\/web\/2024\/02\/09\/convocatoria-a-elecciones-2024\/","og_locale":"es_ES","og_type":"article","og_title":"CONVOCATORIA A ELECCIONES 2024 - Padrones provisorios y cronograma - Colegio De Veterinarios De Santa Fe 2da. Circunscripci\u00f3n","og_description":"El Colegio de M\u00e9dicos Veterinarios de la Provincia de Santa Fe 2\u00b0 Circunscripci\u00f3n (Ley N\u00b0 3950) convoca a todos\/as los\/as profesionales matriculados\/as al","og_url":"https:\/\/cmvsf2.org\/web\/2024\/02\/09\/convocatoria-a-elecciones-2024\/","og_site_name":"Colegio De Veterinarios De Santa Fe 2da. Circunscripci\u00f3n","article_published_time":"2024-02-09T14:49:42+00:00","article_modified_time":"2024-02-09T18:13:41+00:00","og_image":[{"width":1080,"height":1080,"url":"https:\/\/cmvsf2.org\/web\/wp-content\/uploads\/2024\/01\/CONVOCATORIA-A-ELECCIONES-1.png","type":"image\/png"}],"author":"cmvsf2","twitter_card":"summary_large_image","twitter_misc":{"Escrito por":"cmvsf2","Tiempo de lectura":"3 minutos"},"schema":{"@context":"https:\/\/schema.org","@graph":[{"@type":"Article","@id":"https:\/\/cmvsf2.org\/web\/2024\/02\/09\/convocatoria-a-elecciones-2024\/#article","isPartOf":{"@id":"https:\/\/cmvsf2.org\/web\/2024\/02\/09\/convocatoria-a-elecciones-2024\/"},"author":{"name":"cmvsf2","@id":"https:\/\/cmvsf2.org\/web\/#\/schema\/person\/46ea3630099a4a3df8d89f07cf5f7520"},"headline":"CONVOCATORIA A ELECCIONES 2024 &#8211; Padrones provisorios y cronograma","datePublished":"2024-02-09T14:49:42+00:00","dateModified":"2024-02-09T18:13:41+00:00","mainEntityOfPage":{"@id":"https:\/\/cmvsf2.org\/web\/2024\/02\/09\/convocatoria-a-elecciones-2024\/"},"wordCount":522,"publisher":{"@id":"https:\/\/cmvsf2.org\/web\/#organization"},"image":{"@id":"https:\/\/cmvsf2.org\/web\/2024\/02\/09\/convocatoria-a-elecciones-2024\/#primaryimage"},"thumbnailUrl":"https:\/\/cmvsf2.org\/web\/wp-content\/uploads\/2024\/01\/CONVOCATORIA-A-ELECCIONES-1.png","keywords":["2024","elecciones","padrones"],"articleSection":["Destacada","Institucionales"],"inLanguage":"es"},{"@type":"WebPage","@id":"https:\/\/cmvsf2.org\/web\/2024\/02\/09\/convocatoria-a-elecciones-2024\/","url":"https:\/\/cmvsf2.org\/web\/2024\/02\/09\/convocatoria-a-elecciones-2024\/","name":"CONVOCATORIA A ELECCIONES 2024 - Padrones provisorios y cronograma - Colegio De Veterinarios De Santa Fe 2da. Circunscripci\u00f3n","isPartOf":{"@id":"https:\/\/cmvsf2.org\/web\/#website"},"primaryImageOfPage":{"@id":"https:\/\/cmvsf2.org\/web\/2024\/02\/09\/convocatoria-a-elecciones-2024\/#primaryimage"},"image":{"@id":"https:\/\/cmvsf2.org\/web\/2024\/02\/09\/convocatoria-a-elecciones-2024\/#primaryimage"},"thumbnailUrl":"https:\/\/cmvsf2.org\/web\/wp-content\/uploads\/2024\/01\/CONVOCATORIA-A-ELECCIONES-1.png","datePublished":"2024-02-09T14:49:42+00:00","dateModified":"2024-02-09T18:13:41+00:00","description":"El Colegio de M\u00e9dicos Veterinarios de la Provincia de Santa Fe 2\u00b0 Circunscripci\u00f3n (Ley N\u00b0 3950) convoca a todos\/as los\/as profesionales matriculados\/as al","breadcrumb":{"@id":"https:\/\/cmvsf2.org\/web\/2024\/02\/09\/convocatoria-a-elecciones-2024\/#breadcrumb"},"inLanguage":"es","potentialAction":[{"@type":"ReadAction","target":["https:\/\/cmvsf2.org\/web\/2024\/02\/09\/convocatoria-a-elecciones-2024\/"]}]},{"@type":"ImageObject","inLanguage":"es","@id":"https:\/\/cmvsf2.org\/web\/2024\/02\/09\/convocatoria-a-elecciones-2024\/#primaryimage","url":"https:\/\/cmvsf2.org\/web\/wp-content\/uploads\/2024\/01\/CONVOCATORIA-A-ELECCIONES-1.png","contentUrl":"https:\/\/cmvsf2.org\/web\/wp-content\/uploads\/2024\/01\/CONVOCATORIA-A-ELECCIONES-1.png","width":1080,"height":1080},{"@type":"BreadcrumbList","@id":"https:\/\/cmvsf2.org\/web\/2024\/02\/09\/convocatoria-a-elecciones-2024\/#breadcrumb","itemListElement":[{"@type":"ListItem","position":1,"name":"Portada","item":"https:\/\/cmvsf2.org\/web\/"},{"@type":"ListItem","position":2,"name":"CONVOCATORIA A ELECCIONES 2024 &#8211; Padrones provisorios y cronograma"}]},{"@type":"WebSite","@id":"https:\/\/cmvsf2.org\/web\/#website","url":"https:\/\/cmvsf2.org\/web\/","name":"Colegio De Veterinarios De Santa Fe 2da. Circunscripci\u00f3n","description":"Sitio institucional del Colegio de M\u00e9dicos Veterinario de Santa Fe 2da. Circunscripci\u00f3n","publisher":{"@id":"https:\/\/cmvsf2.org\/web\/#organization"},"potentialAction":[{"@type":"SearchAction","target":{"@type":"EntryPoint","urlTemplate":"https:\/\/cmvsf2.org\/web\/?s={search_term_string}"},"query-input":{"@type":"PropertyValueSpecification","valueRequired":true,"valueName":"search_term_string"}}],"inLanguage":"es"},{"@type":"Organization","@id":"https:\/\/cmvsf2.org\/web\/#organization","name":"Colegio De Veterinarios De Santa Fe 2da. Circunscripci\u00f3n","url":"https:\/\/cmvsf2.org\/web\/","logo":{"@type":"ImageObject","inLanguage":"es","@id":"https:\/\/cmvsf2.org\/web\/#\/schema\/logo\/image\/","url":"http:\/\/cmvsf2.org\/web\/wp-content\/uploads\/2020\/03\/vector-logo-02.png","contentUrl":"http:\/\/cmvsf2.org\/web\/wp-content\/uploads\/2020\/03\/vector-logo-02.png","width":2750,"height":642,"caption":"Colegio De Veterinarios De Santa Fe 2da. Circunscripci\u00f3n"},"image":{"@id":"https:\/\/cmvsf2.org\/web\/#\/schema\/logo\/image\/"}},{"@type":"Person","@id":"https:\/\/cmvsf2.org\/web\/#\/schema\/person\/46ea3630099a4a3df8d89f07cf5f7520","name":"cmvsf2","image":{"@type":"ImageObject","inLanguage":"es","@id":"https:\/\/secure.gravatar.com\/avatar\/669647b61c77f28f1aa51df04174a5ecb296e9988b4a93d2870666cd1f502cd7?s=96&d=mm&r=g","url":"https:\/\/secure.gravatar.com\/avatar\/669647b61c77f28f1aa51df04174a5ecb296e9988b4a93d2870666cd1f502cd7?s=96&d=mm&r=g","contentUrl":"https:\/\/secure.gravatar.com\/avatar\/669647b61c77f28f1aa51df04174a5ecb296e9988b4a93d2870666cd1f502cd7?s=96&d=mm&r=g","caption":"cmvsf2"}}]}},"_links":{"self":[{"href":"https:\/\/cmvsf2.org\/web\/wp-json\/wp\/v2\/posts\/34141","targetHints":{"allow":["GET"]}}],"collection":[{"href":"https:\/\/cmvsf2.org\/web\/wp-json\/wp\/v2\/posts"}],"about":[{"href":"https:\/\/cmvsf2.org\/web\/wp-json\/wp\/v2\/types\/post"}],"author":[{"embeddable":true,"href":"https:\/\/cmvsf2.org\/web\/wp-json\/wp\/v2\/users\/3"}],"replies":[{"embeddable":true,"href":"https:\/\/cmvsf2.org\/web\/wp-json\/wp\/v2\/comments?post=34141"}],"version-history":[{"count":3,"href":"https:\/\/cmvsf2.org\/web\/wp-json\/wp\/v2\/posts\/34141\/revisions"}],"predecessor-version":[{"id":34144,"href":"https:\/\/cmvsf2.org\/web\/wp-json\/wp\/v2\/posts\/34141\/revisions\/34144"}],"wp:featuredmedia":[{"embeddable":true,"href":"https:\/\/cmvsf2.org\/web\/wp-json\/wp\/v2\/media\/34095"}],"wp:attachment":[{"href":"https:\/\/cmvsf2.org\/web\/wp-json\/wp\/v2\/media?parent=34141"}],"wp:term":[{"taxonomy":"category","embeddable":true,"href":"https:\/\/cmvsf2.org\/web\/wp-json\/wp\/v2\/categories?post=34141"},{"taxonomy":"post_tag","embeddable":true,"href":"https:\/\/cmvsf2.org\/web\/wp-json\/wp\/v2\/tags?post=34141"}],"curies":[{"name":"wp","href":"https:\/\/api.w.org\/{rel}","templated":true}]}}