{"id":34077,"date":"2023-12-28T09:10:16","date_gmt":"2023-12-28T12:10:16","guid":{"rendered":"https:\/\/cmvsf2.org\/web\/?p=34077"},"modified":"2023-12-28T09:29:06","modified_gmt":"2023-12-28T12:29:06","slug":"se-realizo-un-homenaje-a-los-as-colegas-que-cumplieron-25-y-50-anos-de-ejercicio-profesional","status":"publish","type":"post","link":"https:\/\/cmvsf2.org\/web\/2023\/12\/28\/se-realizo-un-homenaje-a-los-as-colegas-que-cumplieron-25-y-50-anos-de-ejercicio-profesional\/","title":{"rendered":"Se realiz\u00f3 un homenaje a los\/as colegas que cumplieron 25 y 50 a\u00f1os de ejercicio profesional"},"content":{"rendered":"<p>El pasado s\u00e1bado 16 de diciembre, se realiz\u00f3 en la sede del CMVSF2 una jornada de camarader\u00eda en la que se entregaron distinciones a las y los colegas que cumplieron 25 a\u00f1os de ejercicio de la profesi\u00f3n veterinaria durante el a\u00f1o que est\u00e1 llegando a su fin. A saber:<\/p>\n<p>962 GARC\u00cdA RODOLFO DAR\u00cdO<\/p>\n<p>960 MALANO, ALEJANDRO DANIEL<\/p>\n<p>959 RAVAGLIA RICARDO DANIEL<\/p>\n<p>957 BRANDINO HERNANDO GABRIEL<\/p>\n<p>956 VEGA GUTI\u00c9RREZ MANUEL<\/p>\n<p>954 YANOLINO DIEGO LEONARDO<\/p>\n<p>953 GABOSI, HORACIO GUSTAVO<\/p>\n<p>951 ROCCHIA OMAR MIGUEL<\/p>\n<p>950 VIALE NELSON FERNANDO<\/p>\n<p>949 DOCTOROVICH NATALIA LAURA<\/p>\n<p>948 STANGAFERRO ROMINA<\/p>\n<p>946 CONTRERAS SANDRA MABEL<\/p>\n<p>944 MULLER JOS\u00c9 CARLOS<\/p>\n<p>943 WAGENER, PATRICIA GABIRELA<\/p>\n<p>941 SOSA EUGENIO JULIO<\/p>\n<p>942 MARQUEZ OSCAR ROBERTO<\/p>\n<p>940 PAGES ALEXIS CARLOS<\/p>\n<p>939 CARUSILLO IN\u00c9S ANDREA<\/p>\n<p>937 VEGA LUIS ROBERTO<\/p>\n<p>936 MITRE MARCELO MANUEL<\/p>\n<p>Asimismo, el M.V. Miguel Pagni, actual vicepresidente de nuestra instituci\u00f3n recibi\u00f3 su reconocimiento por sus 50 a\u00f1os de trabajo, convirti\u00e9ndose en miembro vitalicio del Colegio.<\/p>\n<p>Y se realizaron los homenajes p\u00f3stumos a los m\u00e9dicos veterinarios Roberto Allende y \u00a0Carlos Manuel Corval\u00e1n, por su trayectoria y aporte realizado a la profesi\u00f3n.<\/p>\n<div id='gallery-1' class='gallery galleryid-34077 gallery-columns-3 gallery-size-thumbnail'><figure class='gallery-item'>\n\t\t\t<div class='gallery-icon portrait'>\n\t\t\t\t<a href='https:\/\/cmvsf2.org\/web\/2023\/12\/28\/se-realizo-un-homenaje-a-los-as-colegas-que-cumplieron-25-y-50-anos-de-ejercicio-profesional\/whatsapp-image-2023-12-26-at-11-40-28\/'><img loading=\"lazy\" decoding=\"async\" width=\"150\" height=\"150\" src=\"https:\/\/cmvsf2.org\/web\/wp-content\/uploads\/2023\/12\/WhatsApp-Image-2023-12-26-at-11.40.28-e1703765299128-150x150.jpeg\" class=\"attachment-thumbnail size-thumbnail\" alt=\"\" srcset=\"https:\/\/cmvsf2.org\/web\/wp-content\/uploads\/2023\/12\/WhatsApp-Image-2023-12-26-at-11.40.28-e1703765299128-150x150.jpeg 150w, https:\/\/cmvsf2.org\/web\/wp-content\/uploads\/2023\/12\/WhatsApp-Image-2023-12-26-at-11.40.28-e1703765299128-90x90.jpeg 90w, https:\/\/cmvsf2.org\/web\/wp-content\/uploads\/2023\/12\/WhatsApp-Image-2023-12-26-at-11.40.28-e1703765299128-370x370.jpeg 370w, https:\/\/cmvsf2.org\/web\/wp-content\/uploads\/2023\/12\/WhatsApp-Image-2023-12-26-at-11.40.28-e1703765299128-300x300.jpeg 300w\" sizes=\"auto, (max-width: 150px) 100vw, 150px\" \/><\/a>\n\t\t\t<\/div><\/figure><figure class='gallery-item'>\n\t\t\t<div class='gallery-icon portrait'>\n\t\t\t\t<a href='https:\/\/cmvsf2.org\/web\/2023\/12\/28\/se-realizo-un-homenaje-a-los-as-colegas-que-cumplieron-25-y-50-anos-de-ejercicio-profesional\/whatsapp-image-2023-12-26-at-11-40-29-1\/'><img loading=\"lazy\" decoding=\"async\" width=\"150\" height=\"150\" src=\"https:\/\/cmvsf2.org\/web\/wp-content\/uploads\/2023\/12\/WhatsApp-Image-2023-12-26-at-11.40.29-1-e1703765323886-150x150.jpeg\" class=\"attachment-thumbnail size-thumbnail\" alt=\"\" srcset=\"https:\/\/cmvsf2.org\/web\/wp-content\/uploads\/2023\/12\/WhatsApp-Image-2023-12-26-at-11.40.29-1-e1703765323886-150x150.jpeg 150w, https:\/\/cmvsf2.org\/web\/wp-content\/uploads\/2023\/12\/WhatsApp-Image-2023-12-26-at-11.40.29-1-e1703765323886-90x90.jpeg 90w, https:\/\/cmvsf2.org\/web\/wp-content\/uploads\/2023\/12\/WhatsApp-Image-2023-12-26-at-11.40.29-1-e1703765323886-370x370.jpeg 370w, https:\/\/cmvsf2.org\/web\/wp-content\/uploads\/2023\/12\/WhatsApp-Image-2023-12-26-at-11.40.29-1-e1703765323886-300x300.jpeg 300w\" sizes=\"auto, (max-width: 150px) 100vw, 150px\" \/><\/a>\n\t\t\t<\/div><\/figure><figure class='gallery-item'>\n\t\t\t<div class='gallery-icon portrait'>\n\t\t\t\t<a href='https:\/\/cmvsf2.org\/web\/2023\/12\/28\/se-realizo-un-homenaje-a-los-as-colegas-que-cumplieron-25-y-50-anos-de-ejercicio-profesional\/whatsapp-image-2023-12-26-at-11-40-29\/'><img loading=\"lazy\" decoding=\"async\" width=\"150\" height=\"150\" src=\"https:\/\/cmvsf2.org\/web\/wp-content\/uploads\/2023\/12\/WhatsApp-Image-2023-12-26-at-11.40.29-e1703765342930-150x150.jpeg\" class=\"attachment-thumbnail size-thumbnail\" alt=\"\" srcset=\"https:\/\/cmvsf2.org\/web\/wp-content\/uploads\/2023\/12\/WhatsApp-Image-2023-12-26-at-11.40.29-e1703765342930-150x150.jpeg 150w, https:\/\/cmvsf2.org\/web\/wp-content\/uploads\/2023\/12\/WhatsApp-Image-2023-12-26-at-11.40.29-e1703765342930-90x90.jpeg 90w, https:\/\/cmvsf2.org\/web\/wp-content\/uploads\/2023\/12\/WhatsApp-Image-2023-12-26-at-11.40.29-e1703765342930-370x370.jpeg 370w, https:\/\/cmvsf2.org\/web\/wp-content\/uploads\/2023\/12\/WhatsApp-Image-2023-12-26-at-11.40.29-e1703765342930-300x300.jpeg 300w\" sizes=\"auto, (max-width: 150px) 100vw, 150px\" \/><\/a>\n\t\t\t<\/div><\/figure>\n\t\t<\/div>\n\n","protected":false},"excerpt":{"rendered":"<p>El pasado s\u00e1bado 16 de diciembre, se realiz\u00f3 en la sede del CMVSF2 una jornada de camarader\u00eda en la que se entregaron distinciones a las y los colegas que cumplieron 25 a\u00f1os de ejercicio de la profesi\u00f3n veterinaria durante el a\u00f1o que est\u00e1 llegando a su fin. A saber: 962 GARC\u00cdA RODOLFO DAR\u00cdO 960 MALANO, ALEJANDRO DANIEL 959 RAVAGLIA RICARDO DANIEL 957 BRANDINO HERNANDO [&hellip;]<\/p>\n","protected":false},"author":3,"featured_media":34078,"comment_status":"closed","ping_status":"closed","sticky":false,"template":"","format":"standard","meta":{"_acf_changed":false,"footnotes":""},"categories":[343,345],"tags":[939,823,805],"class_list":["post-34077","post","type-post","status-publish","format-standard","has-post-thumbnail","hentry","category-destacada","category-institucionales","tag-25-anos","tag-50-anos","tag-homenaje"],"acf":[],"yoast_head":"<!-- This site is optimized with the Yoast SEO plugin v28.2 - https:\/\/yoast.com\/product\/yoast-seo-wordpress\/ -->\n<title>Se realiz\u00f3 un homenaje a los\/as colegas que cumplieron 25 y 50 a\u00f1os de ejercicio profesional - Colegio De Veterinarios De Santa Fe 2da. Circunscripci\u00f3n<\/title>\n<meta name=\"description\" content=\"El pasado s\u00e1bado 16 de diciembre, se realiz\u00f3 en la sede del CMVSF2 una jornada de camarader\u00eda en la que se entregaron distinciones a las y los colegas que\" \/>\n<meta name=\"robots\" content=\"index, follow, max-snippet:-1, max-image-preview:large, max-video-preview:-1\" \/>\n<link rel=\"canonical\" href=\"https:\/\/cmvsf2.org\/web\/2023\/12\/28\/se-realizo-un-homenaje-a-los-as-colegas-que-cumplieron-25-y-50-anos-de-ejercicio-profesional\/\" \/>\n<meta property=\"og:locale\" content=\"es_ES\" \/>\n<meta property=\"og:type\" content=\"article\" \/>\n<meta property=\"og:title\" content=\"Se realiz\u00f3 un homenaje a los\/as colegas que cumplieron 25 y 50 a\u00f1os de ejercicio profesional - Colegio De Veterinarios De Santa Fe 2da. Circunscripci\u00f3n\" \/>\n<meta property=\"og:description\" content=\"El pasado s\u00e1bado 16 de diciembre, se realiz\u00f3 en la sede del CMVSF2 una jornada de camarader\u00eda en la que se entregaron distinciones a las y los colegas que\" \/>\n<meta property=\"og:url\" content=\"https:\/\/cmvsf2.org\/web\/2023\/12\/28\/se-realizo-un-homenaje-a-los-as-colegas-que-cumplieron-25-y-50-anos-de-ejercicio-profesional\/\" \/>\n<meta property=\"og:site_name\" content=\"Colegio De Veterinarios De Santa Fe 2da. Circunscripci\u00f3n\" \/>\n<meta property=\"article:published_time\" content=\"2023-12-28T12:10:16+00:00\" \/>\n<meta property=\"article:modified_time\" content=\"2023-12-28T12:29:06+00:00\" \/>\n<meta property=\"og:image\" content=\"https:\/\/cmvsf2.org\/web\/wp-content\/uploads\/2023\/12\/WhatsApp-Image-2023-12-26-at-11.50.27.jpeg\" \/>\n\t<meta property=\"og:image:width\" content=\"1280\" \/>\n\t<meta property=\"og:image:height\" content=\"720\" \/>\n\t<meta property=\"og:image:type\" content=\"image\/jpeg\" \/>\n<meta name=\"author\" content=\"cmvsf2\" \/>\n<meta name=\"twitter:card\" content=\"summary_large_image\" \/>\n<meta name=\"twitter:label1\" content=\"Escrito por\" \/>\n\t<meta name=\"twitter:data1\" content=\"cmvsf2\" \/>\n\t<meta name=\"twitter:label2\" content=\"Tiempo de lectura\" \/>\n\t<meta name=\"twitter:data2\" content=\"1 minuto\" \/>\n<script type=\"application\/ld+json\" class=\"yoast-schema-graph\">{\"@context\":\"https:\\\/\\\/schema.org\",\"@graph\":[{\"@type\":\"Article\",\"@id\":\"https:\\\/\\\/cmvsf2.org\\\/web\\\/2023\\\/12\\\/28\\\/se-realizo-un-homenaje-a-los-as-colegas-que-cumplieron-25-y-50-anos-de-ejercicio-profesional\\\/#article\",\"isPartOf\":{\"@id\":\"https:\\\/\\\/cmvsf2.org\\\/web\\\/2023\\\/12\\\/28\\\/se-realizo-un-homenaje-a-los-as-colegas-que-cumplieron-25-y-50-anos-de-ejercicio-profesional\\\/\"},\"author\":{\"name\":\"cmvsf2\",\"@id\":\"https:\\\/\\\/cmvsf2.org\\\/web\\\/#\\\/schema\\\/person\\\/46ea3630099a4a3df8d89f07cf5f7520\"},\"headline\":\"Se realiz\u00f3 un homenaje a los\\\/as colegas que cumplieron 25 y 50 a\u00f1os de ejercicio profesional\",\"datePublished\":\"2023-12-28T12:10:16+00:00\",\"dateModified\":\"2023-12-28T12:29:06+00:00\",\"mainEntityOfPage\":{\"@id\":\"https:\\\/\\\/cmvsf2.org\\\/web\\\/2023\\\/12\\\/28\\\/se-realizo-un-homenaje-a-los-as-colegas-que-cumplieron-25-y-50-anos-de-ejercicio-profesional\\\/\"},\"wordCount\":190,\"publisher\":{\"@id\":\"https:\\\/\\\/cmvsf2.org\\\/web\\\/#organization\"},\"image\":{\"@id\":\"https:\\\/\\\/cmvsf2.org\\\/web\\\/2023\\\/12\\\/28\\\/se-realizo-un-homenaje-a-los-as-colegas-que-cumplieron-25-y-50-anos-de-ejercicio-profesional\\\/#primaryimage\"},\"thumbnailUrl\":\"https:\\\/\\\/cmvsf2.org\\\/web\\\/wp-content\\\/uploads\\\/2023\\\/12\\\/WhatsApp-Image-2023-12-26-at-11.50.27.jpeg\",\"keywords\":[\"25 a\u00f1os\",\"50 A\u00d1OS\",\"HOMENAJE\"],\"articleSection\":[\"Destacada\",\"Institucionales\"],\"inLanguage\":\"es\"},{\"@type\":\"WebPage\",\"@id\":\"https:\\\/\\\/cmvsf2.org\\\/web\\\/2023\\\/12\\\/28\\\/se-realizo-un-homenaje-a-los-as-colegas-que-cumplieron-25-y-50-anos-de-ejercicio-profesional\\\/\",\"url\":\"https:\\\/\\\/cmvsf2.org\\\/web\\\/2023\\\/12\\\/28\\\/se-realizo-un-homenaje-a-los-as-colegas-que-cumplieron-25-y-50-anos-de-ejercicio-profesional\\\/\",\"name\":\"Se realiz\u00f3 un homenaje a los\\\/as colegas que cumplieron 25 y 50 a\u00f1os de ejercicio profesional - Colegio De Veterinarios De Santa Fe 2da. Circunscripci\u00f3n\",\"isPartOf\":{\"@id\":\"https:\\\/\\\/cmvsf2.org\\\/web\\\/#website\"},\"primaryImageOfPage\":{\"@id\":\"https:\\\/\\\/cmvsf2.org\\\/web\\\/2023\\\/12\\\/28\\\/se-realizo-un-homenaje-a-los-as-colegas-que-cumplieron-25-y-50-anos-de-ejercicio-profesional\\\/#primaryimage\"},\"image\":{\"@id\":\"https:\\\/\\\/cmvsf2.org\\\/web\\\/2023\\\/12\\\/28\\\/se-realizo-un-homenaje-a-los-as-colegas-que-cumplieron-25-y-50-anos-de-ejercicio-profesional\\\/#primaryimage\"},\"thumbnailUrl\":\"https:\\\/\\\/cmvsf2.org\\\/web\\\/wp-content\\\/uploads\\\/2023\\\/12\\\/WhatsApp-Image-2023-12-26-at-11.50.27.jpeg\",\"datePublished\":\"2023-12-28T12:10:16+00:00\",\"dateModified\":\"2023-12-28T12:29:06+00:00\",\"description\":\"El pasado s\u00e1bado 16 de diciembre, se realiz\u00f3 en la sede del CMVSF2 una jornada de camarader\u00eda en la que se entregaron distinciones a las y los colegas que\",\"breadcrumb\":{\"@id\":\"https:\\\/\\\/cmvsf2.org\\\/web\\\/2023\\\/12\\\/28\\\/se-realizo-un-homenaje-a-los-as-colegas-que-cumplieron-25-y-50-anos-de-ejercicio-profesional\\\/#breadcrumb\"},\"inLanguage\":\"es\",\"potentialAction\":[{\"@type\":\"ReadAction\",\"target\":[\"https:\\\/\\\/cmvsf2.org\\\/web\\\/2023\\\/12\\\/28\\\/se-realizo-un-homenaje-a-los-as-colegas-que-cumplieron-25-y-50-anos-de-ejercicio-profesional\\\/\"]}]},{\"@type\":\"ImageObject\",\"inLanguage\":\"es\",\"@id\":\"https:\\\/\\\/cmvsf2.org\\\/web\\\/2023\\\/12\\\/28\\\/se-realizo-un-homenaje-a-los-as-colegas-que-cumplieron-25-y-50-anos-de-ejercicio-profesional\\\/#primaryimage\",\"url\":\"https:\\\/\\\/cmvsf2.org\\\/web\\\/wp-content\\\/uploads\\\/2023\\\/12\\\/WhatsApp-Image-2023-12-26-at-11.50.27.jpeg\",\"contentUrl\":\"https:\\\/\\\/cmvsf2.org\\\/web\\\/wp-content\\\/uploads\\\/2023\\\/12\\\/WhatsApp-Image-2023-12-26-at-11.50.27.jpeg\",\"width\":1280,\"height\":720},{\"@type\":\"BreadcrumbList\",\"@id\":\"https:\\\/\\\/cmvsf2.org\\\/web\\\/2023\\\/12\\\/28\\\/se-realizo-un-homenaje-a-los-as-colegas-que-cumplieron-25-y-50-anos-de-ejercicio-profesional\\\/#breadcrumb\",\"itemListElement\":[{\"@type\":\"ListItem\",\"position\":1,\"name\":\"Portada\",\"item\":\"https:\\\/\\\/cmvsf2.org\\\/web\\\/\"},{\"@type\":\"ListItem\",\"position\":2,\"name\":\"Se realiz\u00f3 un homenaje a los\\\/as colegas que cumplieron 25 y 50 a\u00f1os de ejercicio profesional\"}]},{\"@type\":\"WebSite\",\"@id\":\"https:\\\/\\\/cmvsf2.org\\\/web\\\/#website\",\"url\":\"https:\\\/\\\/cmvsf2.org\\\/web\\\/\",\"name\":\"Colegio De Veterinarios De Santa Fe 2da. Circunscripci\u00f3n\",\"description\":\"Sitio institucional del Colegio de M\u00e9dicos Veterinario de Santa Fe 2da. Circunscripci\u00f3n\",\"publisher\":{\"@id\":\"https:\\\/\\\/cmvsf2.org\\\/web\\\/#organization\"},\"potentialAction\":[{\"@type\":\"SearchAction\",\"target\":{\"@type\":\"EntryPoint\",\"urlTemplate\":\"https:\\\/\\\/cmvsf2.org\\\/web\\\/?s={search_term_string}\"},\"query-input\":{\"@type\":\"PropertyValueSpecification\",\"valueRequired\":true,\"valueName\":\"search_term_string\"}}],\"inLanguage\":\"es\"},{\"@type\":\"Organization\",\"@id\":\"https:\\\/\\\/cmvsf2.org\\\/web\\\/#organization\",\"name\":\"Colegio De Veterinarios De Santa Fe 2da. Circunscripci\u00f3n\",\"url\":\"https:\\\/\\\/cmvsf2.org\\\/web\\\/\",\"logo\":{\"@type\":\"ImageObject\",\"inLanguage\":\"es\",\"@id\":\"https:\\\/\\\/cmvsf2.org\\\/web\\\/#\\\/schema\\\/logo\\\/image\\\/\",\"url\":\"http:\\\/\\\/cmvsf2.org\\\/web\\\/wp-content\\\/uploads\\\/2020\\\/03\\\/vector-logo-02.png\",\"contentUrl\":\"http:\\\/\\\/cmvsf2.org\\\/web\\\/wp-content\\\/uploads\\\/2020\\\/03\\\/vector-logo-02.png\",\"width\":2750,\"height\":642,\"caption\":\"Colegio De Veterinarios De Santa Fe 2da. Circunscripci\u00f3n\"},\"image\":{\"@id\":\"https:\\\/\\\/cmvsf2.org\\\/web\\\/#\\\/schema\\\/logo\\\/image\\\/\"}},{\"@type\":\"Person\",\"@id\":\"https:\\\/\\\/cmvsf2.org\\\/web\\\/#\\\/schema\\\/person\\\/46ea3630099a4a3df8d89f07cf5f7520\",\"name\":\"cmvsf2\",\"image\":{\"@type\":\"ImageObject\",\"inLanguage\":\"es\",\"@id\":\"https:\\\/\\\/secure.gravatar.com\\\/avatar\\\/669647b61c77f28f1aa51df04174a5ecb296e9988b4a93d2870666cd1f502cd7?s=96&d=mm&r=g\",\"url\":\"https:\\\/\\\/secure.gravatar.com\\\/avatar\\\/669647b61c77f28f1aa51df04174a5ecb296e9988b4a93d2870666cd1f502cd7?s=96&d=mm&r=g\",\"contentUrl\":\"https:\\\/\\\/secure.gravatar.com\\\/avatar\\\/669647b61c77f28f1aa51df04174a5ecb296e9988b4a93d2870666cd1f502cd7?s=96&d=mm&r=g\",\"caption\":\"cmvsf2\"}}]}<\/script>\n<!-- \/ Yoast SEO plugin. -->","yoast_head_json":{"title":"Se realiz\u00f3 un homenaje a los\/as colegas que cumplieron 25 y 50 a\u00f1os de ejercicio profesional - Colegio De Veterinarios De Santa Fe 2da. Circunscripci\u00f3n","description":"El pasado s\u00e1bado 16 de diciembre, se realiz\u00f3 en la sede del CMVSF2 una jornada de camarader\u00eda en la que se entregaron distinciones a las y los colegas que","robots":{"index":"index","follow":"follow","max-snippet":"max-snippet:-1","max-image-preview":"max-image-preview:large","max-video-preview":"max-video-preview:-1"},"canonical":"https:\/\/cmvsf2.org\/web\/2023\/12\/28\/se-realizo-un-homenaje-a-los-as-colegas-que-cumplieron-25-y-50-anos-de-ejercicio-profesional\/","og_locale":"es_ES","og_type":"article","og_title":"Se realiz\u00f3 un homenaje a los\/as colegas que cumplieron 25 y 50 a\u00f1os de ejercicio profesional - Colegio De Veterinarios De Santa Fe 2da. Circunscripci\u00f3n","og_description":"El pasado s\u00e1bado 16 de diciembre, se realiz\u00f3 en la sede del CMVSF2 una jornada de camarader\u00eda en la que se entregaron distinciones a las y los colegas que","og_url":"https:\/\/cmvsf2.org\/web\/2023\/12\/28\/se-realizo-un-homenaje-a-los-as-colegas-que-cumplieron-25-y-50-anos-de-ejercicio-profesional\/","og_site_name":"Colegio De Veterinarios De Santa Fe 2da. Circunscripci\u00f3n","article_published_time":"2023-12-28T12:10:16+00:00","article_modified_time":"2023-12-28T12:29:06+00:00","og_image":[{"width":1280,"height":720,"url":"https:\/\/cmvsf2.org\/web\/wp-content\/uploads\/2023\/12\/WhatsApp-Image-2023-12-26-at-11.50.27.jpeg","type":"image\/jpeg"}],"author":"cmvsf2","twitter_card":"summary_large_image","twitter_misc":{"Escrito por":"cmvsf2","Tiempo de lectura":"1 minuto"},"schema":{"@context":"https:\/\/schema.org","@graph":[{"@type":"Article","@id":"https:\/\/cmvsf2.org\/web\/2023\/12\/28\/se-realizo-un-homenaje-a-los-as-colegas-que-cumplieron-25-y-50-anos-de-ejercicio-profesional\/#article","isPartOf":{"@id":"https:\/\/cmvsf2.org\/web\/2023\/12\/28\/se-realizo-un-homenaje-a-los-as-colegas-que-cumplieron-25-y-50-anos-de-ejercicio-profesional\/"},"author":{"name":"cmvsf2","@id":"https:\/\/cmvsf2.org\/web\/#\/schema\/person\/46ea3630099a4a3df8d89f07cf5f7520"},"headline":"Se realiz\u00f3 un homenaje a los\/as colegas que cumplieron 25 y 50 a\u00f1os de ejercicio profesional","datePublished":"2023-12-28T12:10:16+00:00","dateModified":"2023-12-28T12:29:06+00:00","mainEntityOfPage":{"@id":"https:\/\/cmvsf2.org\/web\/2023\/12\/28\/se-realizo-un-homenaje-a-los-as-colegas-que-cumplieron-25-y-50-anos-de-ejercicio-profesional\/"},"wordCount":190,"publisher":{"@id":"https:\/\/cmvsf2.org\/web\/#organization"},"image":{"@id":"https:\/\/cmvsf2.org\/web\/2023\/12\/28\/se-realizo-un-homenaje-a-los-as-colegas-que-cumplieron-25-y-50-anos-de-ejercicio-profesional\/#primaryimage"},"thumbnailUrl":"https:\/\/cmvsf2.org\/web\/wp-content\/uploads\/2023\/12\/WhatsApp-Image-2023-12-26-at-11.50.27.jpeg","keywords":["25 a\u00f1os","50 A\u00d1OS","HOMENAJE"],"articleSection":["Destacada","Institucionales"],"inLanguage":"es"},{"@type":"WebPage","@id":"https:\/\/cmvsf2.org\/web\/2023\/12\/28\/se-realizo-un-homenaje-a-los-as-colegas-que-cumplieron-25-y-50-anos-de-ejercicio-profesional\/","url":"https:\/\/cmvsf2.org\/web\/2023\/12\/28\/se-realizo-un-homenaje-a-los-as-colegas-que-cumplieron-25-y-50-anos-de-ejercicio-profesional\/","name":"Se realiz\u00f3 un homenaje a los\/as colegas que cumplieron 25 y 50 a\u00f1os de ejercicio profesional - Colegio De Veterinarios De Santa Fe 2da. Circunscripci\u00f3n","isPartOf":{"@id":"https:\/\/cmvsf2.org\/web\/#website"},"primaryImageOfPage":{"@id":"https:\/\/cmvsf2.org\/web\/2023\/12\/28\/se-realizo-un-homenaje-a-los-as-colegas-que-cumplieron-25-y-50-anos-de-ejercicio-profesional\/#primaryimage"},"image":{"@id":"https:\/\/cmvsf2.org\/web\/2023\/12\/28\/se-realizo-un-homenaje-a-los-as-colegas-que-cumplieron-25-y-50-anos-de-ejercicio-profesional\/#primaryimage"},"thumbnailUrl":"https:\/\/cmvsf2.org\/web\/wp-content\/uploads\/2023\/12\/WhatsApp-Image-2023-12-26-at-11.50.27.jpeg","datePublished":"2023-12-28T12:10:16+00:00","dateModified":"2023-12-28T12:29:06+00:00","description":"El pasado s\u00e1bado 16 de diciembre, se realiz\u00f3 en la sede del CMVSF2 una jornada de camarader\u00eda en la que se entregaron distinciones a las y los colegas que","breadcrumb":{"@id":"https:\/\/cmvsf2.org\/web\/2023\/12\/28\/se-realizo-un-homenaje-a-los-as-colegas-que-cumplieron-25-y-50-anos-de-ejercicio-profesional\/#breadcrumb"},"inLanguage":"es","potentialAction":[{"@type":"ReadAction","target":["https:\/\/cmvsf2.org\/web\/2023\/12\/28\/se-realizo-un-homenaje-a-los-as-colegas-que-cumplieron-25-y-50-anos-de-ejercicio-profesional\/"]}]},{"@type":"ImageObject","inLanguage":"es","@id":"https:\/\/cmvsf2.org\/web\/2023\/12\/28\/se-realizo-un-homenaje-a-los-as-colegas-que-cumplieron-25-y-50-anos-de-ejercicio-profesional\/#primaryimage","url":"https:\/\/cmvsf2.org\/web\/wp-content\/uploads\/2023\/12\/WhatsApp-Image-2023-12-26-at-11.50.27.jpeg","contentUrl":"https:\/\/cmvsf2.org\/web\/wp-content\/uploads\/2023\/12\/WhatsApp-Image-2023-12-26-at-11.50.27.jpeg","width":1280,"height":720},{"@type":"BreadcrumbList","@id":"https:\/\/cmvsf2.org\/web\/2023\/12\/28\/se-realizo-un-homenaje-a-los-as-colegas-que-cumplieron-25-y-50-anos-de-ejercicio-profesional\/#breadcrumb","itemListElement":[{"@type":"ListItem","position":1,"name":"Portada","item":"https:\/\/cmvsf2.org\/web\/"},{"@type":"ListItem","position":2,"name":"Se realiz\u00f3 un homenaje a los\/as colegas que cumplieron 25 y 50 a\u00f1os de ejercicio profesional"}]},{"@type":"WebSite","@id":"https:\/\/cmvsf2.org\/web\/#website","url":"https:\/\/cmvsf2.org\/web\/","name":"Colegio De Veterinarios De Santa Fe 2da. Circunscripci\u00f3n","description":"Sitio institucional del Colegio de M\u00e9dicos Veterinario de Santa Fe 2da. Circunscripci\u00f3n","publisher":{"@id":"https:\/\/cmvsf2.org\/web\/#organization"},"potentialAction":[{"@type":"SearchAction","target":{"@type":"EntryPoint","urlTemplate":"https:\/\/cmvsf2.org\/web\/?s={search_term_string}"},"query-input":{"@type":"PropertyValueSpecification","valueRequired":true,"valueName":"search_term_string"}}],"inLanguage":"es"},{"@type":"Organization","@id":"https:\/\/cmvsf2.org\/web\/#organization","name":"Colegio De Veterinarios De Santa Fe 2da. Circunscripci\u00f3n","url":"https:\/\/cmvsf2.org\/web\/","logo":{"@type":"ImageObject","inLanguage":"es","@id":"https:\/\/cmvsf2.org\/web\/#\/schema\/logo\/image\/","url":"http:\/\/cmvsf2.org\/web\/wp-content\/uploads\/2020\/03\/vector-logo-02.png","contentUrl":"http:\/\/cmvsf2.org\/web\/wp-content\/uploads\/2020\/03\/vector-logo-02.png","width":2750,"height":642,"caption":"Colegio De Veterinarios De Santa Fe 2da. Circunscripci\u00f3n"},"image":{"@id":"https:\/\/cmvsf2.org\/web\/#\/schema\/logo\/image\/"}},{"@type":"Person","@id":"https:\/\/cmvsf2.org\/web\/#\/schema\/person\/46ea3630099a4a3df8d89f07cf5f7520","name":"cmvsf2","image":{"@type":"ImageObject","inLanguage":"es","@id":"https:\/\/secure.gravatar.com\/avatar\/669647b61c77f28f1aa51df04174a5ecb296e9988b4a93d2870666cd1f502cd7?s=96&d=mm&r=g","url":"https:\/\/secure.gravatar.com\/avatar\/669647b61c77f28f1aa51df04174a5ecb296e9988b4a93d2870666cd1f502cd7?s=96&d=mm&r=g","contentUrl":"https:\/\/secure.gravatar.com\/avatar\/669647b61c77f28f1aa51df04174a5ecb296e9988b4a93d2870666cd1f502cd7?s=96&d=mm&r=g","caption":"cmvsf2"}}]}},"_links":{"self":[{"href":"https:\/\/cmvsf2.org\/web\/wp-json\/wp\/v2\/posts\/34077","targetHints":{"allow":["GET"]}}],"collection":[{"href":"https:\/\/cmvsf2.org\/web\/wp-json\/wp\/v2\/posts"}],"about":[{"href":"https:\/\/cmvsf2.org\/web\/wp-json\/wp\/v2\/types\/post"}],"author":[{"embeddable":true,"href":"https:\/\/cmvsf2.org\/web\/wp-json\/wp\/v2\/users\/3"}],"replies":[{"embeddable":true,"href":"https:\/\/cmvsf2.org\/web\/wp-json\/wp\/v2\/comments?post=34077"}],"version-history":[{"count":2,"href":"https:\/\/cmvsf2.org\/web\/wp-json\/wp\/v2\/posts\/34077\/revisions"}],"predecessor-version":[{"id":34086,"href":"https:\/\/cmvsf2.org\/web\/wp-json\/wp\/v2\/posts\/34077\/revisions\/34086"}],"wp:featuredmedia":[{"embeddable":true,"href":"https:\/\/cmvsf2.org\/web\/wp-json\/wp\/v2\/media\/34078"}],"wp:attachment":[{"href":"https:\/\/cmvsf2.org\/web\/wp-json\/wp\/v2\/media?parent=34077"}],"wp:term":[{"taxonomy":"category","embeddable":true,"href":"https:\/\/cmvsf2.org\/web\/wp-json\/wp\/v2\/categories?post=34077"},{"taxonomy":"post_tag","embeddable":true,"href":"https:\/\/cmvsf2.org\/web\/wp-json\/wp\/v2\/tags?post=34077"}],"curies":[{"name":"wp","href":"https:\/\/api.w.org\/{rel}","templated":true}]}}