{"id":34037,"date":"2023-11-30T17:28:44","date_gmt":"2023-11-30T20:28:44","guid":{"rendered":"https:\/\/cmvsf2.org\/web\/?p=34037"},"modified":"2023-11-30T17:44:10","modified_gmt":"2023-11-30T20:44:10","slug":"encefalomielitis-equinas-ee-emergencia-sanitaria-en-todo-el-territorio-nacional","status":"publish","type":"post","link":"https:\/\/cmvsf2.org\/web\/2023\/11\/30\/encefalomielitis-equinas-ee-emergencia-sanitaria-en-todo-el-territorio-nacional\/","title":{"rendered":"Encefalomielitis Equinas (EE): Emergencia Sanitaria en todo el territorio nacional"},"content":{"rendered":"<p>Mediante Resoluci\u00f3n N\u00ba\u00a01219\/2023 publicada en el Bolet\u00edn Oficial, el Senasa declar\u00f3 la emergencia sanitaria en todo el pa\u00eds por Encefalomielitis Equinas (EE) con el objetivo de controlar la enfermedad.<\/p>\n<p>Las medidas sanitarias son inmediatas, extraordinarias, excepcionales y de contenci\u00f3n ante brotes de Encefalomielitis Equinas.<\/p>\n<p>La normativa faculta a la Direcci\u00f3n Nacional de Sanidad Animal del Senasa a establecer excepciones, as\u00ed como otras medidas complementarias de emergencia, sobre la base de una evaluaci\u00f3n de riesgos que lo sustente. Y a propiciar normas complementarias que dispongan medidas de control, prevenci\u00f3n y vigilancia, adoptando las acciones sanitarias extraordinarias que coadyuven a contener, prevenir y controlar la enfermedad, y a mantener el estatus sanitario del pa\u00eds respecto de la misma.<\/p>\n<p>En la resoluci\u00f3n, se ratifica la restricci\u00f3n de movimientos y concentraciones de equinos y sus excepciones, efectuadas. Y se faculta a la autoridad a tomar otras medidas de emergencia.<\/p>\n<p>A trav\u00e9s del siguiente link es posible acceder al texto completo de la normativa:<\/p>\n","protected":false},"excerpt":{"rendered":"<p>Mediante Resoluci\u00f3n N\u00ba\u00a01219\/2023 publicada en el Bolet\u00edn Oficial, el Senasa declar\u00f3 la emergencia sanitaria en todo el pa\u00eds por Encefalomielitis Equinas (EE) con el objetivo de controlar la enfermedad. Las medidas sanitarias son inmediatas, extraordinarias, excepcionales y de contenci\u00f3n ante brotes de Encefalomielitis Equinas. La normativa faculta a la Direcci\u00f3n Nacional de Sanidad Animal del Senasa a establecer excepciones, as\u00ed como otras medidas complementarias [&hellip;]<\/p>\n","protected":false},"author":3,"featured_media":34038,"comment_status":"closed","ping_status":"closed","sticky":false,"template":"","format":"standard","meta":{"_acf_changed":false,"footnotes":""},"categories":[343,5],"tags":[],"class_list":["post-34037","post","type-post","status-publish","format-standard","has-post-thumbnail","hentry","category-destacada","category-equinos"],"acf":[],"yoast_head":"<!-- This site is optimized with the Yoast SEO plugin v28.2 - https:\/\/yoast.com\/product\/yoast-seo-wordpress\/ -->\n<title>Encefalomielitis Equinas (EE): Emergencia Sanitaria en todo el territorio nacional - Colegio De Veterinarios De Santa Fe 2da. Circunscripci\u00f3n<\/title>\n<meta name=\"description\" content=\"Mediante Resoluci\u00f3n N\u00ba\u00a01219\/2023 publicada en el Bolet\u00edn Oficial, el Senasa declar\u00f3 la emergencia sanitaria en todo el pa\u00eds por Encefalomielitis Equinas\" \/>\n<meta name=\"robots\" content=\"index, follow, max-snippet:-1, max-image-preview:large, max-video-preview:-1\" \/>\n<link rel=\"canonical\" href=\"https:\/\/cmvsf2.org\/web\/2023\/11\/30\/encefalomielitis-equinas-ee-emergencia-sanitaria-en-todo-el-territorio-nacional\/\" \/>\n<meta property=\"og:locale\" content=\"es_ES\" \/>\n<meta property=\"og:type\" content=\"article\" \/>\n<meta property=\"og:title\" content=\"Encefalomielitis Equinas (EE): Emergencia Sanitaria en todo el territorio nacional - Colegio De Veterinarios De Santa Fe 2da. Circunscripci\u00f3n\" \/>\n<meta property=\"og:description\" content=\"Mediante Resoluci\u00f3n N\u00ba\u00a01219\/2023 publicada en el Bolet\u00edn Oficial, el Senasa declar\u00f3 la emergencia sanitaria en todo el pa\u00eds por Encefalomielitis Equinas\" \/>\n<meta property=\"og:url\" content=\"https:\/\/cmvsf2.org\/web\/2023\/11\/30\/encefalomielitis-equinas-ee-emergencia-sanitaria-en-todo-el-territorio-nacional\/\" \/>\n<meta property=\"og:site_name\" content=\"Colegio De Veterinarios De Santa Fe 2da. Circunscripci\u00f3n\" \/>\n<meta property=\"article:published_time\" content=\"2023-11-30T20:28:44+00:00\" \/>\n<meta property=\"article:modified_time\" content=\"2023-11-30T20:44:10+00:00\" \/>\n<meta property=\"og:image\" content=\"https:\/\/cmvsf2.org\/web\/wp-content\/uploads\/2023\/11\/AVISO-VET-2.png\" \/>\n\t<meta property=\"og:image:width\" content=\"1080\" \/>\n\t<meta property=\"og:image:height\" content=\"1080\" \/>\n\t<meta property=\"og:image:type\" content=\"image\/png\" \/>\n<meta name=\"author\" content=\"cmvsf2\" \/>\n<meta name=\"twitter:card\" content=\"summary_large_image\" \/>\n<meta name=\"twitter:label1\" content=\"Escrito por\" \/>\n\t<meta name=\"twitter:data1\" content=\"cmvsf2\" \/>\n\t<meta name=\"twitter:label2\" content=\"Tiempo de lectura\" \/>\n\t<meta name=\"twitter:data2\" content=\"1 minuto\" \/>\n<script type=\"application\/ld+json\" class=\"yoast-schema-graph\">{\"@context\":\"https:\\\/\\\/schema.org\",\"@graph\":[{\"@type\":\"Article\",\"@id\":\"https:\\\/\\\/cmvsf2.org\\\/web\\\/2023\\\/11\\\/30\\\/encefalomielitis-equinas-ee-emergencia-sanitaria-en-todo-el-territorio-nacional\\\/#article\",\"isPartOf\":{\"@id\":\"https:\\\/\\\/cmvsf2.org\\\/web\\\/2023\\\/11\\\/30\\\/encefalomielitis-equinas-ee-emergencia-sanitaria-en-todo-el-territorio-nacional\\\/\"},\"author\":{\"name\":\"cmvsf2\",\"@id\":\"https:\\\/\\\/cmvsf2.org\\\/web\\\/#\\\/schema\\\/person\\\/46ea3630099a4a3df8d89f07cf5f7520\"},\"headline\":\"Encefalomielitis Equinas (EE): Emergencia Sanitaria en todo el territorio nacional\",\"datePublished\":\"2023-11-30T20:28:44+00:00\",\"dateModified\":\"2023-11-30T20:44:10+00:00\",\"mainEntityOfPage\":{\"@id\":\"https:\\\/\\\/cmvsf2.org\\\/web\\\/2023\\\/11\\\/30\\\/encefalomielitis-equinas-ee-emergencia-sanitaria-en-todo-el-territorio-nacional\\\/\"},\"wordCount\":180,\"publisher\":{\"@id\":\"https:\\\/\\\/cmvsf2.org\\\/web\\\/#organization\"},\"image\":{\"@id\":\"https:\\\/\\\/cmvsf2.org\\\/web\\\/2023\\\/11\\\/30\\\/encefalomielitis-equinas-ee-emergencia-sanitaria-en-todo-el-territorio-nacional\\\/#primaryimage\"},\"thumbnailUrl\":\"https:\\\/\\\/cmvsf2.org\\\/web\\\/wp-content\\\/uploads\\\/2023\\\/11\\\/AVISO-VET-2.png\",\"articleSection\":[\"Destacada\",\"Equinos\"],\"inLanguage\":\"es\"},{\"@type\":\"WebPage\",\"@id\":\"https:\\\/\\\/cmvsf2.org\\\/web\\\/2023\\\/11\\\/30\\\/encefalomielitis-equinas-ee-emergencia-sanitaria-en-todo-el-territorio-nacional\\\/\",\"url\":\"https:\\\/\\\/cmvsf2.org\\\/web\\\/2023\\\/11\\\/30\\\/encefalomielitis-equinas-ee-emergencia-sanitaria-en-todo-el-territorio-nacional\\\/\",\"name\":\"Encefalomielitis Equinas (EE): Emergencia Sanitaria en todo el territorio nacional - Colegio De Veterinarios De Santa Fe 2da. Circunscripci\u00f3n\",\"isPartOf\":{\"@id\":\"https:\\\/\\\/cmvsf2.org\\\/web\\\/#website\"},\"primaryImageOfPage\":{\"@id\":\"https:\\\/\\\/cmvsf2.org\\\/web\\\/2023\\\/11\\\/30\\\/encefalomielitis-equinas-ee-emergencia-sanitaria-en-todo-el-territorio-nacional\\\/#primaryimage\"},\"image\":{\"@id\":\"https:\\\/\\\/cmvsf2.org\\\/web\\\/2023\\\/11\\\/30\\\/encefalomielitis-equinas-ee-emergencia-sanitaria-en-todo-el-territorio-nacional\\\/#primaryimage\"},\"thumbnailUrl\":\"https:\\\/\\\/cmvsf2.org\\\/web\\\/wp-content\\\/uploads\\\/2023\\\/11\\\/AVISO-VET-2.png\",\"datePublished\":\"2023-11-30T20:28:44+00:00\",\"dateModified\":\"2023-11-30T20:44:10+00:00\",\"description\":\"Mediante Resoluci\u00f3n N\u00ba\u00a01219\\\/2023 publicada en el Bolet\u00edn Oficial, el Senasa declar\u00f3 la emergencia sanitaria en todo el pa\u00eds por Encefalomielitis Equinas\",\"breadcrumb\":{\"@id\":\"https:\\\/\\\/cmvsf2.org\\\/web\\\/2023\\\/11\\\/30\\\/encefalomielitis-equinas-ee-emergencia-sanitaria-en-todo-el-territorio-nacional\\\/#breadcrumb\"},\"inLanguage\":\"es\",\"potentialAction\":[{\"@type\":\"ReadAction\",\"target\":[\"https:\\\/\\\/cmvsf2.org\\\/web\\\/2023\\\/11\\\/30\\\/encefalomielitis-equinas-ee-emergencia-sanitaria-en-todo-el-territorio-nacional\\\/\"]}]},{\"@type\":\"ImageObject\",\"inLanguage\":\"es\",\"@id\":\"https:\\\/\\\/cmvsf2.org\\\/web\\\/2023\\\/11\\\/30\\\/encefalomielitis-equinas-ee-emergencia-sanitaria-en-todo-el-territorio-nacional\\\/#primaryimage\",\"url\":\"https:\\\/\\\/cmvsf2.org\\\/web\\\/wp-content\\\/uploads\\\/2023\\\/11\\\/AVISO-VET-2.png\",\"contentUrl\":\"https:\\\/\\\/cmvsf2.org\\\/web\\\/wp-content\\\/uploads\\\/2023\\\/11\\\/AVISO-VET-2.png\",\"width\":1080,\"height\":1080},{\"@type\":\"BreadcrumbList\",\"@id\":\"https:\\\/\\\/cmvsf2.org\\\/web\\\/2023\\\/11\\\/30\\\/encefalomielitis-equinas-ee-emergencia-sanitaria-en-todo-el-territorio-nacional\\\/#breadcrumb\",\"itemListElement\":[{\"@type\":\"ListItem\",\"position\":1,\"name\":\"Portada\",\"item\":\"https:\\\/\\\/cmvsf2.org\\\/web\\\/\"},{\"@type\":\"ListItem\",\"position\":2,\"name\":\"Encefalomielitis Equinas (EE): Emergencia Sanitaria en todo el territorio nacional\"}]},{\"@type\":\"WebSite\",\"@id\":\"https:\\\/\\\/cmvsf2.org\\\/web\\\/#website\",\"url\":\"https:\\\/\\\/cmvsf2.org\\\/web\\\/\",\"name\":\"Colegio De Veterinarios De Santa Fe 2da. Circunscripci\u00f3n\",\"description\":\"Sitio institucional del Colegio de M\u00e9dicos Veterinario de Santa Fe 2da. Circunscripci\u00f3n\",\"publisher\":{\"@id\":\"https:\\\/\\\/cmvsf2.org\\\/web\\\/#organization\"},\"potentialAction\":[{\"@type\":\"SearchAction\",\"target\":{\"@type\":\"EntryPoint\",\"urlTemplate\":\"https:\\\/\\\/cmvsf2.org\\\/web\\\/?s={search_term_string}\"},\"query-input\":{\"@type\":\"PropertyValueSpecification\",\"valueRequired\":true,\"valueName\":\"search_term_string\"}}],\"inLanguage\":\"es\"},{\"@type\":\"Organization\",\"@id\":\"https:\\\/\\\/cmvsf2.org\\\/web\\\/#organization\",\"name\":\"Colegio De Veterinarios De Santa Fe 2da. Circunscripci\u00f3n\",\"url\":\"https:\\\/\\\/cmvsf2.org\\\/web\\\/\",\"logo\":{\"@type\":\"ImageObject\",\"inLanguage\":\"es\",\"@id\":\"https:\\\/\\\/cmvsf2.org\\\/web\\\/#\\\/schema\\\/logo\\\/image\\\/\",\"url\":\"http:\\\/\\\/cmvsf2.org\\\/web\\\/wp-content\\\/uploads\\\/2020\\\/03\\\/vector-logo-02.png\",\"contentUrl\":\"http:\\\/\\\/cmvsf2.org\\\/web\\\/wp-content\\\/uploads\\\/2020\\\/03\\\/vector-logo-02.png\",\"width\":2750,\"height\":642,\"caption\":\"Colegio De Veterinarios De Santa Fe 2da. Circunscripci\u00f3n\"},\"image\":{\"@id\":\"https:\\\/\\\/cmvsf2.org\\\/web\\\/#\\\/schema\\\/logo\\\/image\\\/\"}},{\"@type\":\"Person\",\"@id\":\"https:\\\/\\\/cmvsf2.org\\\/web\\\/#\\\/schema\\\/person\\\/46ea3630099a4a3df8d89f07cf5f7520\",\"name\":\"cmvsf2\",\"image\":{\"@type\":\"ImageObject\",\"inLanguage\":\"es\",\"@id\":\"https:\\\/\\\/secure.gravatar.com\\\/avatar\\\/669647b61c77f28f1aa51df04174a5ecb296e9988b4a93d2870666cd1f502cd7?s=96&d=mm&r=g\",\"url\":\"https:\\\/\\\/secure.gravatar.com\\\/avatar\\\/669647b61c77f28f1aa51df04174a5ecb296e9988b4a93d2870666cd1f502cd7?s=96&d=mm&r=g\",\"contentUrl\":\"https:\\\/\\\/secure.gravatar.com\\\/avatar\\\/669647b61c77f28f1aa51df04174a5ecb296e9988b4a93d2870666cd1f502cd7?s=96&d=mm&r=g\",\"caption\":\"cmvsf2\"}}]}<\/script>\n<!-- \/ Yoast SEO plugin. -->","yoast_head_json":{"title":"Encefalomielitis Equinas (EE): Emergencia Sanitaria en todo el territorio nacional - Colegio De Veterinarios De Santa Fe 2da. Circunscripci\u00f3n","description":"Mediante Resoluci\u00f3n N\u00ba\u00a01219\/2023 publicada en el Bolet\u00edn Oficial, el Senasa declar\u00f3 la emergencia sanitaria en todo el pa\u00eds por Encefalomielitis Equinas","robots":{"index":"index","follow":"follow","max-snippet":"max-snippet:-1","max-image-preview":"max-image-preview:large","max-video-preview":"max-video-preview:-1"},"canonical":"https:\/\/cmvsf2.org\/web\/2023\/11\/30\/encefalomielitis-equinas-ee-emergencia-sanitaria-en-todo-el-territorio-nacional\/","og_locale":"es_ES","og_type":"article","og_title":"Encefalomielitis Equinas (EE): Emergencia Sanitaria en todo el territorio nacional - Colegio De Veterinarios De Santa Fe 2da. Circunscripci\u00f3n","og_description":"Mediante Resoluci\u00f3n N\u00ba\u00a01219\/2023 publicada en el Bolet\u00edn Oficial, el Senasa declar\u00f3 la emergencia sanitaria en todo el pa\u00eds por Encefalomielitis Equinas","og_url":"https:\/\/cmvsf2.org\/web\/2023\/11\/30\/encefalomielitis-equinas-ee-emergencia-sanitaria-en-todo-el-territorio-nacional\/","og_site_name":"Colegio De Veterinarios De Santa Fe 2da. Circunscripci\u00f3n","article_published_time":"2023-11-30T20:28:44+00:00","article_modified_time":"2023-11-30T20:44:10+00:00","og_image":[{"width":1080,"height":1080,"url":"https:\/\/cmvsf2.org\/web\/wp-content\/uploads\/2023\/11\/AVISO-VET-2.png","type":"image\/png"}],"author":"cmvsf2","twitter_card":"summary_large_image","twitter_misc":{"Escrito por":"cmvsf2","Tiempo de lectura":"1 minuto"},"schema":{"@context":"https:\/\/schema.org","@graph":[{"@type":"Article","@id":"https:\/\/cmvsf2.org\/web\/2023\/11\/30\/encefalomielitis-equinas-ee-emergencia-sanitaria-en-todo-el-territorio-nacional\/#article","isPartOf":{"@id":"https:\/\/cmvsf2.org\/web\/2023\/11\/30\/encefalomielitis-equinas-ee-emergencia-sanitaria-en-todo-el-territorio-nacional\/"},"author":{"name":"cmvsf2","@id":"https:\/\/cmvsf2.org\/web\/#\/schema\/person\/46ea3630099a4a3df8d89f07cf5f7520"},"headline":"Encefalomielitis Equinas (EE): Emergencia Sanitaria en todo el territorio nacional","datePublished":"2023-11-30T20:28:44+00:00","dateModified":"2023-11-30T20:44:10+00:00","mainEntityOfPage":{"@id":"https:\/\/cmvsf2.org\/web\/2023\/11\/30\/encefalomielitis-equinas-ee-emergencia-sanitaria-en-todo-el-territorio-nacional\/"},"wordCount":180,"publisher":{"@id":"https:\/\/cmvsf2.org\/web\/#organization"},"image":{"@id":"https:\/\/cmvsf2.org\/web\/2023\/11\/30\/encefalomielitis-equinas-ee-emergencia-sanitaria-en-todo-el-territorio-nacional\/#primaryimage"},"thumbnailUrl":"https:\/\/cmvsf2.org\/web\/wp-content\/uploads\/2023\/11\/AVISO-VET-2.png","articleSection":["Destacada","Equinos"],"inLanguage":"es"},{"@type":"WebPage","@id":"https:\/\/cmvsf2.org\/web\/2023\/11\/30\/encefalomielitis-equinas-ee-emergencia-sanitaria-en-todo-el-territorio-nacional\/","url":"https:\/\/cmvsf2.org\/web\/2023\/11\/30\/encefalomielitis-equinas-ee-emergencia-sanitaria-en-todo-el-territorio-nacional\/","name":"Encefalomielitis Equinas (EE): Emergencia Sanitaria en todo el territorio nacional - Colegio De Veterinarios De Santa Fe 2da. Circunscripci\u00f3n","isPartOf":{"@id":"https:\/\/cmvsf2.org\/web\/#website"},"primaryImageOfPage":{"@id":"https:\/\/cmvsf2.org\/web\/2023\/11\/30\/encefalomielitis-equinas-ee-emergencia-sanitaria-en-todo-el-territorio-nacional\/#primaryimage"},"image":{"@id":"https:\/\/cmvsf2.org\/web\/2023\/11\/30\/encefalomielitis-equinas-ee-emergencia-sanitaria-en-todo-el-territorio-nacional\/#primaryimage"},"thumbnailUrl":"https:\/\/cmvsf2.org\/web\/wp-content\/uploads\/2023\/11\/AVISO-VET-2.png","datePublished":"2023-11-30T20:28:44+00:00","dateModified":"2023-11-30T20:44:10+00:00","description":"Mediante Resoluci\u00f3n N\u00ba\u00a01219\/2023 publicada en el Bolet\u00edn Oficial, el Senasa declar\u00f3 la emergencia sanitaria en todo el pa\u00eds por Encefalomielitis Equinas","breadcrumb":{"@id":"https:\/\/cmvsf2.org\/web\/2023\/11\/30\/encefalomielitis-equinas-ee-emergencia-sanitaria-en-todo-el-territorio-nacional\/#breadcrumb"},"inLanguage":"es","potentialAction":[{"@type":"ReadAction","target":["https:\/\/cmvsf2.org\/web\/2023\/11\/30\/encefalomielitis-equinas-ee-emergencia-sanitaria-en-todo-el-territorio-nacional\/"]}]},{"@type":"ImageObject","inLanguage":"es","@id":"https:\/\/cmvsf2.org\/web\/2023\/11\/30\/encefalomielitis-equinas-ee-emergencia-sanitaria-en-todo-el-territorio-nacional\/#primaryimage","url":"https:\/\/cmvsf2.org\/web\/wp-content\/uploads\/2023\/11\/AVISO-VET-2.png","contentUrl":"https:\/\/cmvsf2.org\/web\/wp-content\/uploads\/2023\/11\/AVISO-VET-2.png","width":1080,"height":1080},{"@type":"BreadcrumbList","@id":"https:\/\/cmvsf2.org\/web\/2023\/11\/30\/encefalomielitis-equinas-ee-emergencia-sanitaria-en-todo-el-territorio-nacional\/#breadcrumb","itemListElement":[{"@type":"ListItem","position":1,"name":"Portada","item":"https:\/\/cmvsf2.org\/web\/"},{"@type":"ListItem","position":2,"name":"Encefalomielitis Equinas (EE): Emergencia Sanitaria en todo el territorio nacional"}]},{"@type":"WebSite","@id":"https:\/\/cmvsf2.org\/web\/#website","url":"https:\/\/cmvsf2.org\/web\/","name":"Colegio De Veterinarios De Santa Fe 2da. Circunscripci\u00f3n","description":"Sitio institucional del Colegio de M\u00e9dicos Veterinario de Santa Fe 2da. Circunscripci\u00f3n","publisher":{"@id":"https:\/\/cmvsf2.org\/web\/#organization"},"potentialAction":[{"@type":"SearchAction","target":{"@type":"EntryPoint","urlTemplate":"https:\/\/cmvsf2.org\/web\/?s={search_term_string}"},"query-input":{"@type":"PropertyValueSpecification","valueRequired":true,"valueName":"search_term_string"}}],"inLanguage":"es"},{"@type":"Organization","@id":"https:\/\/cmvsf2.org\/web\/#organization","name":"Colegio De Veterinarios De Santa Fe 2da. Circunscripci\u00f3n","url":"https:\/\/cmvsf2.org\/web\/","logo":{"@type":"ImageObject","inLanguage":"es","@id":"https:\/\/cmvsf2.org\/web\/#\/schema\/logo\/image\/","url":"http:\/\/cmvsf2.org\/web\/wp-content\/uploads\/2020\/03\/vector-logo-02.png","contentUrl":"http:\/\/cmvsf2.org\/web\/wp-content\/uploads\/2020\/03\/vector-logo-02.png","width":2750,"height":642,"caption":"Colegio De Veterinarios De Santa Fe 2da. Circunscripci\u00f3n"},"image":{"@id":"https:\/\/cmvsf2.org\/web\/#\/schema\/logo\/image\/"}},{"@type":"Person","@id":"https:\/\/cmvsf2.org\/web\/#\/schema\/person\/46ea3630099a4a3df8d89f07cf5f7520","name":"cmvsf2","image":{"@type":"ImageObject","inLanguage":"es","@id":"https:\/\/secure.gravatar.com\/avatar\/669647b61c77f28f1aa51df04174a5ecb296e9988b4a93d2870666cd1f502cd7?s=96&d=mm&r=g","url":"https:\/\/secure.gravatar.com\/avatar\/669647b61c77f28f1aa51df04174a5ecb296e9988b4a93d2870666cd1f502cd7?s=96&d=mm&r=g","contentUrl":"https:\/\/secure.gravatar.com\/avatar\/669647b61c77f28f1aa51df04174a5ecb296e9988b4a93d2870666cd1f502cd7?s=96&d=mm&r=g","caption":"cmvsf2"}}]}},"_links":{"self":[{"href":"https:\/\/cmvsf2.org\/web\/wp-json\/wp\/v2\/posts\/34037","targetHints":{"allow":["GET"]}}],"collection":[{"href":"https:\/\/cmvsf2.org\/web\/wp-json\/wp\/v2\/posts"}],"about":[{"href":"https:\/\/cmvsf2.org\/web\/wp-json\/wp\/v2\/types\/post"}],"author":[{"embeddable":true,"href":"https:\/\/cmvsf2.org\/web\/wp-json\/wp\/v2\/users\/3"}],"replies":[{"embeddable":true,"href":"https:\/\/cmvsf2.org\/web\/wp-json\/wp\/v2\/comments?post=34037"}],"version-history":[{"count":2,"href":"https:\/\/cmvsf2.org\/web\/wp-json\/wp\/v2\/posts\/34037\/revisions"}],"predecessor-version":[{"id":34040,"href":"https:\/\/cmvsf2.org\/web\/wp-json\/wp\/v2\/posts\/34037\/revisions\/34040"}],"wp:featuredmedia":[{"embeddable":true,"href":"https:\/\/cmvsf2.org\/web\/wp-json\/wp\/v2\/media\/34038"}],"wp:attachment":[{"href":"https:\/\/cmvsf2.org\/web\/wp-json\/wp\/v2\/media?parent=34037"}],"wp:term":[{"taxonomy":"category","embeddable":true,"href":"https:\/\/cmvsf2.org\/web\/wp-json\/wp\/v2\/categories?post=34037"},{"taxonomy":"post_tag","embeddable":true,"href":"https:\/\/cmvsf2.org\/web\/wp-json\/wp\/v2\/tags?post=34037"}],"curies":[{"name":"wp","href":"https:\/\/api.w.org\/{rel}","templated":true}]}}