{"id":34024,"date":"2023-11-27T10:52:27","date_gmt":"2023-11-27T13:52:27","guid":{"rendered":"https:\/\/cmvsf2.org\/web\/?p=34024"},"modified":"2023-11-27T10:56:29","modified_gmt":"2023-11-27T13:56:29","slug":"se-confirmaron-casos-positivos-de-encefalomielitis-equina-en-corrientes-y-santa-fe","status":"publish","type":"post","link":"https:\/\/cmvsf2.org\/web\/2023\/11\/27\/se-confirmaron-casos-positivos-de-encefalomielitis-equina-en-corrientes-y-santa-fe\/","title":{"rendered":"Se confirmaron casos positivos de encefalomielitis equina en Corrientes y Santa Fe"},"content":{"rendered":"<p>Senasa Argentina confirm\u00f3 que se obtuvieron resultados positivos de alphavirus (de encefalomielitis equina 9 en los departamentos de Lavalle (Corrientes) y San Crist\u00f3bal (Santa Fe) en equinos con s\u00edntomas nerviosos y mortandad.<\/p>\n<p>En ese sentido, se dispusieron medidas sanitarias inmediatas, extraordinarias, excepcionales y de contenci\u00f3n ante brotes de Encefalomielitis Equinas (EE) como es la restricci\u00f3n de movimientos. Se proh\u00edben los movimientos de egreso de equinos desde las provincias afectadas, en las que se ha diagnosticado la enfermedad, al resto del pa\u00eds. Se establece adem\u00e1s la excepci\u00f3n de equinos con destino a faena directa enfrigor\u00edficos.<\/p>\n<p>Para m\u00e1s informaci\u00f3n, se recomienda acceder a la disposici\u00f3n correspondiente, disponible en el siguiente link:<\/p>\n<p><a href=\"https:\/\/cmvsf2.org\/web\/wp-content\/uploads\/2023\/11\/DI-2023-140587317-APN-DNSASENASA.pdf\">Normativa Senasa &#8211; Medidas sanitarias ante brotes de Encefalomielitis Equinas (EE) <\/a><\/p>\n<p>Por su parte, el jefe del programa de Enfermedades en Equinos de Senasa, Mario Iturra, brind\u00f3 mayores precisiones en el video que compartimos a continuaci\u00f3n:<\/p>\n<div style=\"width: 640px;\" class=\"wp-video\"><!--[if lt IE 9]><script>document.createElement('video');<\/script><![endif]-->\n<video class=\"wp-video-shortcode\" id=\"video-34024-1\" width=\"640\" height=\"360\" preload=\"metadata\" controls=\"controls\"><source type=\"video\/mp4\" src=\"https:\/\/cmvsf2.org\/web\/wp-content\/uploads\/2023\/11\/WhatsApp-Video-2023-11-27-at-08.16.00.mp4?_=1\" \/><a href=\"https:\/\/cmvsf2.org\/web\/wp-content\/uploads\/2023\/11\/WhatsApp-Video-2023-11-27-at-08.16.00.mp4\">https:\/\/cmvsf2.org\/web\/wp-content\/uploads\/2023\/11\/WhatsApp-Video-2023-11-27-at-08.16.00.mp4<\/a><\/video><\/div>\n<p>Finalmente, las autoridades de los Ministerios de Producci\u00f3n de Salud de la provincia de Santa Fe, recordaron la importancia de realizar la notificaci\u00f3n correspondiente ante la detecci\u00f3n de esta y otras enfermedades que afectan a los animales y\/o al hombre incluidas en la normativa vigente como de notificaci\u00f3n obligatoria.<\/p>\n<p>El mismo se encuentra disponible en la web del Colegio y tambi\u00e9n se puede acceder a trav\u00e9s del siguiente link:<\/p>\n","protected":false},"excerpt":{"rendered":"<p>Senasa Argentina confirm\u00f3 que se obtuvieron resultados positivos de alphavirus (de encefalomielitis equina 9 en los departamentos de Lavalle (Corrientes) y San Crist\u00f3bal (Santa Fe) en equinos con s\u00edntomas nerviosos y mortandad. En ese sentido, se dispusieron medidas sanitarias inmediatas, extraordinarias, excepcionales y de contenci\u00f3n ante brotes de Encefalomielitis Equinas (EE) como es la restricci\u00f3n de movimientos. Se proh\u00edben los movimientos de egreso de [&hellip;]<\/p>\n","protected":false},"author":3,"featured_media":34025,"comment_status":"closed","ping_status":"closed","sticky":false,"template":"","format":"standard","meta":{"_acf_changed":false,"footnotes":""},"categories":[343,5],"tags":[64,198,73],"class_list":["post-34024","post","type-post","status-publish","format-standard","has-post-thumbnail","hentry","category-destacada","category-equinos","tag-alerta","tag-equinos","tag-senasa"],"acf":[],"yoast_head":"<!-- This site is optimized with the Yoast SEO plugin v28.2 - https:\/\/yoast.com\/product\/yoast-seo-wordpress\/ -->\n<title>Se confirmaron casos positivos de encefalomielitis equina en Corrientes y Santa Fe - Colegio De Veterinarios De Santa Fe 2da. Circunscripci\u00f3n<\/title>\n<meta name=\"description\" content=\"Senasa Argentina confirm\u00f3 que se obtuvieron resultados positivos de alphavirus (de encefalomielitis equina 9 en los departamentos de Lavalle (Corrientes)\" \/>\n<meta name=\"robots\" content=\"index, follow, max-snippet:-1, max-image-preview:large, max-video-preview:-1\" \/>\n<link rel=\"canonical\" href=\"https:\/\/cmvsf2.org\/web\/2023\/11\/27\/se-confirmaron-casos-positivos-de-encefalomielitis-equina-en-corrientes-y-santa-fe\/\" \/>\n<meta property=\"og:locale\" content=\"es_ES\" \/>\n<meta property=\"og:type\" content=\"article\" \/>\n<meta property=\"og:title\" content=\"Se confirmaron casos positivos de encefalomielitis equina en Corrientes y Santa Fe - Colegio De Veterinarios De Santa Fe 2da. Circunscripci\u00f3n\" \/>\n<meta property=\"og:description\" content=\"Senasa Argentina confirm\u00f3 que se obtuvieron resultados positivos de alphavirus (de encefalomielitis equina 9 en los departamentos de Lavalle (Corrientes)\" \/>\n<meta property=\"og:url\" content=\"https:\/\/cmvsf2.org\/web\/2023\/11\/27\/se-confirmaron-casos-positivos-de-encefalomielitis-equina-en-corrientes-y-santa-fe\/\" \/>\n<meta property=\"og:site_name\" content=\"Colegio De Veterinarios De Santa Fe 2da. Circunscripci\u00f3n\" \/>\n<meta property=\"article:published_time\" content=\"2023-11-27T13:52:27+00:00\" \/>\n<meta property=\"article:modified_time\" content=\"2023-11-27T13:56:29+00:00\" \/>\n<meta property=\"og:image\" content=\"https:\/\/cmvsf2.org\/web\/wp-content\/uploads\/2023\/11\/VET-Alerta-tuberculosis-felina-PARA-REDES-e1701093326552.png\" \/>\n\t<meta property=\"og:image:width\" content=\"1080\" \/>\n\t<meta property=\"og:image:height\" content=\"617\" \/>\n\t<meta property=\"og:image:type\" content=\"image\/png\" \/>\n<meta name=\"author\" content=\"cmvsf2\" \/>\n<meta name=\"twitter:card\" content=\"summary_large_image\" \/>\n<meta name=\"twitter:label1\" content=\"Escrito por\" \/>\n\t<meta name=\"twitter:data1\" content=\"cmvsf2\" \/>\n\t<meta name=\"twitter:label2\" content=\"Tiempo de lectura\" \/>\n\t<meta name=\"twitter:data2\" content=\"1 minuto\" \/>\n<script type=\"application\/ld+json\" class=\"yoast-schema-graph\">{\"@context\":\"https:\\\/\\\/schema.org\",\"@graph\":[{\"@type\":\"Article\",\"@id\":\"https:\\\/\\\/cmvsf2.org\\\/web\\\/2023\\\/11\\\/27\\\/se-confirmaron-casos-positivos-de-encefalomielitis-equina-en-corrientes-y-santa-fe\\\/#article\",\"isPartOf\":{\"@id\":\"https:\\\/\\\/cmvsf2.org\\\/web\\\/2023\\\/11\\\/27\\\/se-confirmaron-casos-positivos-de-encefalomielitis-equina-en-corrientes-y-santa-fe\\\/\"},\"author\":{\"name\":\"cmvsf2\",\"@id\":\"https:\\\/\\\/cmvsf2.org\\\/web\\\/#\\\/schema\\\/person\\\/46ea3630099a4a3df8d89f07cf5f7520\"},\"headline\":\"Se confirmaron casos positivos de encefalomielitis equina en Corrientes y Santa Fe\",\"datePublished\":\"2023-11-27T13:52:27+00:00\",\"dateModified\":\"2023-11-27T13:56:29+00:00\",\"mainEntityOfPage\":{\"@id\":\"https:\\\/\\\/cmvsf2.org\\\/web\\\/2023\\\/11\\\/27\\\/se-confirmaron-casos-positivos-de-encefalomielitis-equina-en-corrientes-y-santa-fe\\\/\"},\"wordCount\":256,\"publisher\":{\"@id\":\"https:\\\/\\\/cmvsf2.org\\\/web\\\/#organization\"},\"image\":{\"@id\":\"https:\\\/\\\/cmvsf2.org\\\/web\\\/2023\\\/11\\\/27\\\/se-confirmaron-casos-positivos-de-encefalomielitis-equina-en-corrientes-y-santa-fe\\\/#primaryimage\"},\"thumbnailUrl\":\"https:\\\/\\\/cmvsf2.org\\\/web\\\/wp-content\\\/uploads\\\/2023\\\/11\\\/VET-Alerta-tuberculosis-felina-PARA-REDES-e1701093326552.png\",\"keywords\":[\"alerta\",\"equinos\",\"SENASA\"],\"articleSection\":[\"Destacada\",\"Equinos\"],\"inLanguage\":\"es\"},{\"@type\":\"WebPage\",\"@id\":\"https:\\\/\\\/cmvsf2.org\\\/web\\\/2023\\\/11\\\/27\\\/se-confirmaron-casos-positivos-de-encefalomielitis-equina-en-corrientes-y-santa-fe\\\/\",\"url\":\"https:\\\/\\\/cmvsf2.org\\\/web\\\/2023\\\/11\\\/27\\\/se-confirmaron-casos-positivos-de-encefalomielitis-equina-en-corrientes-y-santa-fe\\\/\",\"name\":\"Se confirmaron casos positivos de encefalomielitis equina en Corrientes y Santa Fe - Colegio De Veterinarios De Santa Fe 2da. Circunscripci\u00f3n\",\"isPartOf\":{\"@id\":\"https:\\\/\\\/cmvsf2.org\\\/web\\\/#website\"},\"primaryImageOfPage\":{\"@id\":\"https:\\\/\\\/cmvsf2.org\\\/web\\\/2023\\\/11\\\/27\\\/se-confirmaron-casos-positivos-de-encefalomielitis-equina-en-corrientes-y-santa-fe\\\/#primaryimage\"},\"image\":{\"@id\":\"https:\\\/\\\/cmvsf2.org\\\/web\\\/2023\\\/11\\\/27\\\/se-confirmaron-casos-positivos-de-encefalomielitis-equina-en-corrientes-y-santa-fe\\\/#primaryimage\"},\"thumbnailUrl\":\"https:\\\/\\\/cmvsf2.org\\\/web\\\/wp-content\\\/uploads\\\/2023\\\/11\\\/VET-Alerta-tuberculosis-felina-PARA-REDES-e1701093326552.png\",\"datePublished\":\"2023-11-27T13:52:27+00:00\",\"dateModified\":\"2023-11-27T13:56:29+00:00\",\"description\":\"Senasa Argentina confirm\u00f3 que se obtuvieron resultados positivos de alphavirus (de encefalomielitis equina 9 en los departamentos de Lavalle (Corrientes)\",\"breadcrumb\":{\"@id\":\"https:\\\/\\\/cmvsf2.org\\\/web\\\/2023\\\/11\\\/27\\\/se-confirmaron-casos-positivos-de-encefalomielitis-equina-en-corrientes-y-santa-fe\\\/#breadcrumb\"},\"inLanguage\":\"es\",\"potentialAction\":[{\"@type\":\"ReadAction\",\"target\":[\"https:\\\/\\\/cmvsf2.org\\\/web\\\/2023\\\/11\\\/27\\\/se-confirmaron-casos-positivos-de-encefalomielitis-equina-en-corrientes-y-santa-fe\\\/\"]}]},{\"@type\":\"ImageObject\",\"inLanguage\":\"es\",\"@id\":\"https:\\\/\\\/cmvsf2.org\\\/web\\\/2023\\\/11\\\/27\\\/se-confirmaron-casos-positivos-de-encefalomielitis-equina-en-corrientes-y-santa-fe\\\/#primaryimage\",\"url\":\"https:\\\/\\\/cmvsf2.org\\\/web\\\/wp-content\\\/uploads\\\/2023\\\/11\\\/VET-Alerta-tuberculosis-felina-PARA-REDES-e1701093326552.png\",\"contentUrl\":\"https:\\\/\\\/cmvsf2.org\\\/web\\\/wp-content\\\/uploads\\\/2023\\\/11\\\/VET-Alerta-tuberculosis-felina-PARA-REDES-e1701093326552.png\",\"width\":1080,\"height\":617},{\"@type\":\"BreadcrumbList\",\"@id\":\"https:\\\/\\\/cmvsf2.org\\\/web\\\/2023\\\/11\\\/27\\\/se-confirmaron-casos-positivos-de-encefalomielitis-equina-en-corrientes-y-santa-fe\\\/#breadcrumb\",\"itemListElement\":[{\"@type\":\"ListItem\",\"position\":1,\"name\":\"Portada\",\"item\":\"https:\\\/\\\/cmvsf2.org\\\/web\\\/\"},{\"@type\":\"ListItem\",\"position\":2,\"name\":\"Se confirmaron casos positivos de encefalomielitis equina en Corrientes y Santa Fe\"}]},{\"@type\":\"WebSite\",\"@id\":\"https:\\\/\\\/cmvsf2.org\\\/web\\\/#website\",\"url\":\"https:\\\/\\\/cmvsf2.org\\\/web\\\/\",\"name\":\"Colegio De Veterinarios De Santa Fe 2da. Circunscripci\u00f3n\",\"description\":\"Sitio institucional del Colegio de M\u00e9dicos Veterinario de Santa Fe 2da. Circunscripci\u00f3n\",\"publisher\":{\"@id\":\"https:\\\/\\\/cmvsf2.org\\\/web\\\/#organization\"},\"potentialAction\":[{\"@type\":\"SearchAction\",\"target\":{\"@type\":\"EntryPoint\",\"urlTemplate\":\"https:\\\/\\\/cmvsf2.org\\\/web\\\/?s={search_term_string}\"},\"query-input\":{\"@type\":\"PropertyValueSpecification\",\"valueRequired\":true,\"valueName\":\"search_term_string\"}}],\"inLanguage\":\"es\"},{\"@type\":\"Organization\",\"@id\":\"https:\\\/\\\/cmvsf2.org\\\/web\\\/#organization\",\"name\":\"Colegio De Veterinarios De Santa Fe 2da. Circunscripci\u00f3n\",\"url\":\"https:\\\/\\\/cmvsf2.org\\\/web\\\/\",\"logo\":{\"@type\":\"ImageObject\",\"inLanguage\":\"es\",\"@id\":\"https:\\\/\\\/cmvsf2.org\\\/web\\\/#\\\/schema\\\/logo\\\/image\\\/\",\"url\":\"http:\\\/\\\/cmvsf2.org\\\/web\\\/wp-content\\\/uploads\\\/2020\\\/03\\\/vector-logo-02.png\",\"contentUrl\":\"http:\\\/\\\/cmvsf2.org\\\/web\\\/wp-content\\\/uploads\\\/2020\\\/03\\\/vector-logo-02.png\",\"width\":2750,\"height\":642,\"caption\":\"Colegio De Veterinarios De Santa Fe 2da. Circunscripci\u00f3n\"},\"image\":{\"@id\":\"https:\\\/\\\/cmvsf2.org\\\/web\\\/#\\\/schema\\\/logo\\\/image\\\/\"}},{\"@type\":\"Person\",\"@id\":\"https:\\\/\\\/cmvsf2.org\\\/web\\\/#\\\/schema\\\/person\\\/46ea3630099a4a3df8d89f07cf5f7520\",\"name\":\"cmvsf2\",\"image\":{\"@type\":\"ImageObject\",\"inLanguage\":\"es\",\"@id\":\"https:\\\/\\\/secure.gravatar.com\\\/avatar\\\/669647b61c77f28f1aa51df04174a5ecb296e9988b4a93d2870666cd1f502cd7?s=96&d=mm&r=g\",\"url\":\"https:\\\/\\\/secure.gravatar.com\\\/avatar\\\/669647b61c77f28f1aa51df04174a5ecb296e9988b4a93d2870666cd1f502cd7?s=96&d=mm&r=g\",\"contentUrl\":\"https:\\\/\\\/secure.gravatar.com\\\/avatar\\\/669647b61c77f28f1aa51df04174a5ecb296e9988b4a93d2870666cd1f502cd7?s=96&d=mm&r=g\",\"caption\":\"cmvsf2\"}}]}<\/script>\n<!-- \/ Yoast SEO plugin. -->","yoast_head_json":{"title":"Se confirmaron casos positivos de encefalomielitis equina en Corrientes y Santa Fe - Colegio De Veterinarios De Santa Fe 2da. Circunscripci\u00f3n","description":"Senasa Argentina confirm\u00f3 que se obtuvieron resultados positivos de alphavirus (de encefalomielitis equina 9 en los departamentos de Lavalle (Corrientes)","robots":{"index":"index","follow":"follow","max-snippet":"max-snippet:-1","max-image-preview":"max-image-preview:large","max-video-preview":"max-video-preview:-1"},"canonical":"https:\/\/cmvsf2.org\/web\/2023\/11\/27\/se-confirmaron-casos-positivos-de-encefalomielitis-equina-en-corrientes-y-santa-fe\/","og_locale":"es_ES","og_type":"article","og_title":"Se confirmaron casos positivos de encefalomielitis equina en Corrientes y Santa Fe - Colegio De Veterinarios De Santa Fe 2da. Circunscripci\u00f3n","og_description":"Senasa Argentina confirm\u00f3 que se obtuvieron resultados positivos de alphavirus (de encefalomielitis equina 9 en los departamentos de Lavalle (Corrientes)","og_url":"https:\/\/cmvsf2.org\/web\/2023\/11\/27\/se-confirmaron-casos-positivos-de-encefalomielitis-equina-en-corrientes-y-santa-fe\/","og_site_name":"Colegio De Veterinarios De Santa Fe 2da. Circunscripci\u00f3n","article_published_time":"2023-11-27T13:52:27+00:00","article_modified_time":"2023-11-27T13:56:29+00:00","og_image":[{"width":1080,"height":617,"url":"https:\/\/cmvsf2.org\/web\/wp-content\/uploads\/2023\/11\/VET-Alerta-tuberculosis-felina-PARA-REDES-e1701093326552.png","type":"image\/png"}],"author":"cmvsf2","twitter_card":"summary_large_image","twitter_misc":{"Escrito por":"cmvsf2","Tiempo de lectura":"1 minuto"},"schema":{"@context":"https:\/\/schema.org","@graph":[{"@type":"Article","@id":"https:\/\/cmvsf2.org\/web\/2023\/11\/27\/se-confirmaron-casos-positivos-de-encefalomielitis-equina-en-corrientes-y-santa-fe\/#article","isPartOf":{"@id":"https:\/\/cmvsf2.org\/web\/2023\/11\/27\/se-confirmaron-casos-positivos-de-encefalomielitis-equina-en-corrientes-y-santa-fe\/"},"author":{"name":"cmvsf2","@id":"https:\/\/cmvsf2.org\/web\/#\/schema\/person\/46ea3630099a4a3df8d89f07cf5f7520"},"headline":"Se confirmaron casos positivos de encefalomielitis equina en Corrientes y Santa Fe","datePublished":"2023-11-27T13:52:27+00:00","dateModified":"2023-11-27T13:56:29+00:00","mainEntityOfPage":{"@id":"https:\/\/cmvsf2.org\/web\/2023\/11\/27\/se-confirmaron-casos-positivos-de-encefalomielitis-equina-en-corrientes-y-santa-fe\/"},"wordCount":256,"publisher":{"@id":"https:\/\/cmvsf2.org\/web\/#organization"},"image":{"@id":"https:\/\/cmvsf2.org\/web\/2023\/11\/27\/se-confirmaron-casos-positivos-de-encefalomielitis-equina-en-corrientes-y-santa-fe\/#primaryimage"},"thumbnailUrl":"https:\/\/cmvsf2.org\/web\/wp-content\/uploads\/2023\/11\/VET-Alerta-tuberculosis-felina-PARA-REDES-e1701093326552.png","keywords":["alerta","equinos","SENASA"],"articleSection":["Destacada","Equinos"],"inLanguage":"es"},{"@type":"WebPage","@id":"https:\/\/cmvsf2.org\/web\/2023\/11\/27\/se-confirmaron-casos-positivos-de-encefalomielitis-equina-en-corrientes-y-santa-fe\/","url":"https:\/\/cmvsf2.org\/web\/2023\/11\/27\/se-confirmaron-casos-positivos-de-encefalomielitis-equina-en-corrientes-y-santa-fe\/","name":"Se confirmaron casos positivos de encefalomielitis equina en Corrientes y Santa Fe - Colegio De Veterinarios De Santa Fe 2da. Circunscripci\u00f3n","isPartOf":{"@id":"https:\/\/cmvsf2.org\/web\/#website"},"primaryImageOfPage":{"@id":"https:\/\/cmvsf2.org\/web\/2023\/11\/27\/se-confirmaron-casos-positivos-de-encefalomielitis-equina-en-corrientes-y-santa-fe\/#primaryimage"},"image":{"@id":"https:\/\/cmvsf2.org\/web\/2023\/11\/27\/se-confirmaron-casos-positivos-de-encefalomielitis-equina-en-corrientes-y-santa-fe\/#primaryimage"},"thumbnailUrl":"https:\/\/cmvsf2.org\/web\/wp-content\/uploads\/2023\/11\/VET-Alerta-tuberculosis-felina-PARA-REDES-e1701093326552.png","datePublished":"2023-11-27T13:52:27+00:00","dateModified":"2023-11-27T13:56:29+00:00","description":"Senasa Argentina confirm\u00f3 que se obtuvieron resultados positivos de alphavirus (de encefalomielitis equina 9 en los departamentos de Lavalle (Corrientes)","breadcrumb":{"@id":"https:\/\/cmvsf2.org\/web\/2023\/11\/27\/se-confirmaron-casos-positivos-de-encefalomielitis-equina-en-corrientes-y-santa-fe\/#breadcrumb"},"inLanguage":"es","potentialAction":[{"@type":"ReadAction","target":["https:\/\/cmvsf2.org\/web\/2023\/11\/27\/se-confirmaron-casos-positivos-de-encefalomielitis-equina-en-corrientes-y-santa-fe\/"]}]},{"@type":"ImageObject","inLanguage":"es","@id":"https:\/\/cmvsf2.org\/web\/2023\/11\/27\/se-confirmaron-casos-positivos-de-encefalomielitis-equina-en-corrientes-y-santa-fe\/#primaryimage","url":"https:\/\/cmvsf2.org\/web\/wp-content\/uploads\/2023\/11\/VET-Alerta-tuberculosis-felina-PARA-REDES-e1701093326552.png","contentUrl":"https:\/\/cmvsf2.org\/web\/wp-content\/uploads\/2023\/11\/VET-Alerta-tuberculosis-felina-PARA-REDES-e1701093326552.png","width":1080,"height":617},{"@type":"BreadcrumbList","@id":"https:\/\/cmvsf2.org\/web\/2023\/11\/27\/se-confirmaron-casos-positivos-de-encefalomielitis-equina-en-corrientes-y-santa-fe\/#breadcrumb","itemListElement":[{"@type":"ListItem","position":1,"name":"Portada","item":"https:\/\/cmvsf2.org\/web\/"},{"@type":"ListItem","position":2,"name":"Se confirmaron casos positivos de encefalomielitis equina en Corrientes y Santa Fe"}]},{"@type":"WebSite","@id":"https:\/\/cmvsf2.org\/web\/#website","url":"https:\/\/cmvsf2.org\/web\/","name":"Colegio De Veterinarios De Santa Fe 2da. Circunscripci\u00f3n","description":"Sitio institucional del Colegio de M\u00e9dicos Veterinario de Santa Fe 2da. Circunscripci\u00f3n","publisher":{"@id":"https:\/\/cmvsf2.org\/web\/#organization"},"potentialAction":[{"@type":"SearchAction","target":{"@type":"EntryPoint","urlTemplate":"https:\/\/cmvsf2.org\/web\/?s={search_term_string}"},"query-input":{"@type":"PropertyValueSpecification","valueRequired":true,"valueName":"search_term_string"}}],"inLanguage":"es"},{"@type":"Organization","@id":"https:\/\/cmvsf2.org\/web\/#organization","name":"Colegio De Veterinarios De Santa Fe 2da. Circunscripci\u00f3n","url":"https:\/\/cmvsf2.org\/web\/","logo":{"@type":"ImageObject","inLanguage":"es","@id":"https:\/\/cmvsf2.org\/web\/#\/schema\/logo\/image\/","url":"http:\/\/cmvsf2.org\/web\/wp-content\/uploads\/2020\/03\/vector-logo-02.png","contentUrl":"http:\/\/cmvsf2.org\/web\/wp-content\/uploads\/2020\/03\/vector-logo-02.png","width":2750,"height":642,"caption":"Colegio De Veterinarios De Santa Fe 2da. Circunscripci\u00f3n"},"image":{"@id":"https:\/\/cmvsf2.org\/web\/#\/schema\/logo\/image\/"}},{"@type":"Person","@id":"https:\/\/cmvsf2.org\/web\/#\/schema\/person\/46ea3630099a4a3df8d89f07cf5f7520","name":"cmvsf2","image":{"@type":"ImageObject","inLanguage":"es","@id":"https:\/\/secure.gravatar.com\/avatar\/669647b61c77f28f1aa51df04174a5ecb296e9988b4a93d2870666cd1f502cd7?s=96&d=mm&r=g","url":"https:\/\/secure.gravatar.com\/avatar\/669647b61c77f28f1aa51df04174a5ecb296e9988b4a93d2870666cd1f502cd7?s=96&d=mm&r=g","contentUrl":"https:\/\/secure.gravatar.com\/avatar\/669647b61c77f28f1aa51df04174a5ecb296e9988b4a93d2870666cd1f502cd7?s=96&d=mm&r=g","caption":"cmvsf2"}}]}},"_links":{"self":[{"href":"https:\/\/cmvsf2.org\/web\/wp-json\/wp\/v2\/posts\/34024","targetHints":{"allow":["GET"]}}],"collection":[{"href":"https:\/\/cmvsf2.org\/web\/wp-json\/wp\/v2\/posts"}],"about":[{"href":"https:\/\/cmvsf2.org\/web\/wp-json\/wp\/v2\/types\/post"}],"author":[{"embeddable":true,"href":"https:\/\/cmvsf2.org\/web\/wp-json\/wp\/v2\/users\/3"}],"replies":[{"embeddable":true,"href":"https:\/\/cmvsf2.org\/web\/wp-json\/wp\/v2\/comments?post=34024"}],"version-history":[{"count":1,"href":"https:\/\/cmvsf2.org\/web\/wp-json\/wp\/v2\/posts\/34024\/revisions"}],"predecessor-version":[{"id":34026,"href":"https:\/\/cmvsf2.org\/web\/wp-json\/wp\/v2\/posts\/34024\/revisions\/34026"}],"wp:featuredmedia":[{"embeddable":true,"href":"https:\/\/cmvsf2.org\/web\/wp-json\/wp\/v2\/media\/34025"}],"wp:attachment":[{"href":"https:\/\/cmvsf2.org\/web\/wp-json\/wp\/v2\/media?parent=34024"}],"wp:term":[{"taxonomy":"category","embeddable":true,"href":"https:\/\/cmvsf2.org\/web\/wp-json\/wp\/v2\/categories?post=34024"},{"taxonomy":"post_tag","embeddable":true,"href":"https:\/\/cmvsf2.org\/web\/wp-json\/wp\/v2\/tags?post=34024"}],"curies":[{"name":"wp","href":"https:\/\/api.w.org\/{rel}","templated":true}]}}