{"id":34013,"date":"2023-11-17T14:15:59","date_gmt":"2023-11-17T17:15:59","guid":{"rendered":"https:\/\/cmvsf2.org\/web\/?p=34013"},"modified":"2023-11-17T14:23:38","modified_gmt":"2023-11-17T17:23:38","slug":"vencimientos-de-la-proxima-cuota-de-matriculacion-del-ano-2023","status":"publish","type":"post","link":"https:\/\/cmvsf2.org\/web\/2023\/11\/17\/vencimientos-de-la-proxima-cuota-de-matriculacion-del-ano-2023\/","title":{"rendered":"VENCIMIENTOS DE LA PR\u00d3XIMA CUOTA DE MATRICULACI\u00d3N DEL A\u00d1O 2023"},"content":{"rendered":"<p class=\"selectable-text copyable-text iq0m558w g0rxnol2\" dir=\"ltr\"><span class=\"selectable-text copyable-text\">LOS VENCIMIENTOS DE LA PR\u00d3XIMA CUOTA DE MATRICULACI\u00d3N DEL A\u00d1O 2023 operar\u00e1n los d\u00edas 27\/11 y 11\/12\/2023.<\/span><\/p>\n<p class=\"selectable-text copyable-text iq0m558w g0rxnol2\" dir=\"ltr\"><span class=\"selectable-text copyable-text\">Recordamos que por el sistema de autogesti\u00f3n, tambi\u00e9n es posible consultar el resumen de cuenta. Sin embargo, s\u00f3lo est\u00e1 disponible para imprimir la \u00faltima factura. Quienes deseen ponerse al d\u00eda, pueden optar por cualquiera de las formas de pago disponibles.<\/span><\/p>\n<p class=\"selectable-text copyable-text iq0m558w g0rxnol2\" dir=\"ltr\"><span class=\"selectable-text copyable-text\">En caso que necesites el comprobante para acudir a un Santa Fe Servicios, pod\u00e9s pedirlo al mail tesorer\u00eda@cmvsf2.org<\/span><\/p>\n","protected":false},"excerpt":{"rendered":"<p>LOS VENCIMIENTOS DE LA PR\u00d3XIMA CUOTA DE MATRICULACI\u00d3N DEL A\u00d1O 2023 operar\u00e1n los d\u00edas 27\/11 y 11\/12\/2023. Recordamos que por el sistema de autogesti\u00f3n, tambi\u00e9n es posible consultar el resumen de cuenta. Sin embargo, s\u00f3lo est\u00e1 disponible para imprimir la \u00faltima factura. Quienes deseen ponerse al d\u00eda, pueden optar por cualquiera de las formas de pago disponibles. En caso que necesites el comprobante para [&hellip;]<\/p>\n","protected":false},"author":3,"featured_media":33582,"comment_status":"closed","ping_status":"closed","sticky":false,"template":"","format":"standard","meta":{"_acf_changed":false,"footnotes":""},"categories":[343,345],"tags":[921,118,961,190],"class_list":["post-34013","post","type-post","status-publish","format-standard","has-post-thumbnail","hentry","category-destacada","category-institucionales","tag-921","tag-matricula","tag-noviembre","tag-vencimiento"],"acf":[],"yoast_head":"<!-- This site is optimized with the Yoast SEO plugin v28.2 - https:\/\/yoast.com\/product\/yoast-seo-wordpress\/ -->\n<title>VENCIMIENTOS DE LA PR\u00d3XIMA CUOTA DE MATRICULACI\u00d3N DEL A\u00d1O 2023 - Colegio De Veterinarios De Santa Fe 2da. Circunscripci\u00f3n<\/title>\n<meta name=\"description\" content=\"LOS VENCIMIENTOS DE LA PR\u00d3XIMA CUOTA DE MATRICULACI\u00d3N DEL A\u00d1O 2023 operar\u00e1n los d\u00edas 27\/11 y 11\/12\/2023. Recordamos que por el sistema de autogesti\u00f3n,\" \/>\n<meta name=\"robots\" content=\"index, follow, max-snippet:-1, max-image-preview:large, max-video-preview:-1\" \/>\n<link rel=\"canonical\" href=\"https:\/\/cmvsf2.org\/web\/2023\/11\/17\/vencimientos-de-la-proxima-cuota-de-matriculacion-del-ano-2023\/\" \/>\n<meta property=\"og:locale\" content=\"es_ES\" \/>\n<meta property=\"og:type\" content=\"article\" \/>\n<meta property=\"og:title\" content=\"VENCIMIENTOS DE LA PR\u00d3XIMA CUOTA DE MATRICULACI\u00d3N DEL A\u00d1O 2023 - Colegio De Veterinarios De Santa Fe 2da. Circunscripci\u00f3n\" \/>\n<meta property=\"og:description\" content=\"LOS VENCIMIENTOS DE LA PR\u00d3XIMA CUOTA DE MATRICULACI\u00d3N DEL A\u00d1O 2023 operar\u00e1n los d\u00edas 27\/11 y 11\/12\/2023. Recordamos que por el sistema de autogesti\u00f3n,\" \/>\n<meta property=\"og:url\" content=\"https:\/\/cmvsf2.org\/web\/2023\/11\/17\/vencimientos-de-la-proxima-cuota-de-matriculacion-del-ano-2023\/\" \/>\n<meta property=\"og:site_name\" content=\"Colegio De Veterinarios De Santa Fe 2da. Circunscripci\u00f3n\" \/>\n<meta property=\"article:published_time\" content=\"2023-11-17T17:15:59+00:00\" \/>\n<meta property=\"article:modified_time\" content=\"2023-11-17T17:23:38+00:00\" \/>\n<meta property=\"og:image\" content=\"https:\/\/cmvsf2.org\/web\/wp-content\/uploads\/2023\/02\/VET-IMAGEN-PARA-WEB-VENC-MAT.png\" \/>\n\t<meta property=\"og:image:width\" content=\"940\" \/>\n\t<meta property=\"og:image:height\" content=\"650\" \/>\n\t<meta property=\"og:image:type\" content=\"image\/png\" \/>\n<meta name=\"author\" content=\"cmvsf2\" \/>\n<meta name=\"twitter:card\" content=\"summary_large_image\" \/>\n<meta name=\"twitter:label1\" content=\"Escrito por\" \/>\n\t<meta name=\"twitter:data1\" content=\"cmvsf2\" \/>\n\t<meta name=\"twitter:label2\" content=\"Tiempo de lectura\" \/>\n\t<meta name=\"twitter:data2\" content=\"1 minuto\" \/>\n<script type=\"application\/ld+json\" class=\"yoast-schema-graph\">{\"@context\":\"https:\\\/\\\/schema.org\",\"@graph\":[{\"@type\":\"Article\",\"@id\":\"https:\\\/\\\/cmvsf2.org\\\/web\\\/2023\\\/11\\\/17\\\/vencimientos-de-la-proxima-cuota-de-matriculacion-del-ano-2023\\\/#article\",\"isPartOf\":{\"@id\":\"https:\\\/\\\/cmvsf2.org\\\/web\\\/2023\\\/11\\\/17\\\/vencimientos-de-la-proxima-cuota-de-matriculacion-del-ano-2023\\\/\"},\"author\":{\"name\":\"cmvsf2\",\"@id\":\"https:\\\/\\\/cmvsf2.org\\\/web\\\/#\\\/schema\\\/person\\\/46ea3630099a4a3df8d89f07cf5f7520\"},\"headline\":\"VENCIMIENTOS DE LA PR\u00d3XIMA CUOTA DE MATRICULACI\u00d3N DEL A\u00d1O 2023\",\"datePublished\":\"2023-11-17T17:15:59+00:00\",\"dateModified\":\"2023-11-17T17:23:38+00:00\",\"mainEntityOfPage\":{\"@id\":\"https:\\\/\\\/cmvsf2.org\\\/web\\\/2023\\\/11\\\/17\\\/vencimientos-de-la-proxima-cuota-de-matriculacion-del-ano-2023\\\/\"},\"wordCount\":97,\"publisher\":{\"@id\":\"https:\\\/\\\/cmvsf2.org\\\/web\\\/#organization\"},\"image\":{\"@id\":\"https:\\\/\\\/cmvsf2.org\\\/web\\\/2023\\\/11\\\/17\\\/vencimientos-de-la-proxima-cuota-de-matriculacion-del-ano-2023\\\/#primaryimage\"},\"thumbnailUrl\":\"https:\\\/\\\/cmvsf2.org\\\/web\\\/wp-content\\\/uploads\\\/2023\\\/02\\\/VET-IMAGEN-PARA-WEB-VENC-MAT.png\",\"keywords\":[\"2023\",\"matricula\",\"noviembre\",\"vencimiento\"],\"articleSection\":[\"Destacada\",\"Institucionales\"],\"inLanguage\":\"es\"},{\"@type\":\"WebPage\",\"@id\":\"https:\\\/\\\/cmvsf2.org\\\/web\\\/2023\\\/11\\\/17\\\/vencimientos-de-la-proxima-cuota-de-matriculacion-del-ano-2023\\\/\",\"url\":\"https:\\\/\\\/cmvsf2.org\\\/web\\\/2023\\\/11\\\/17\\\/vencimientos-de-la-proxima-cuota-de-matriculacion-del-ano-2023\\\/\",\"name\":\"VENCIMIENTOS DE LA PR\u00d3XIMA CUOTA DE MATRICULACI\u00d3N DEL A\u00d1O 2023 - Colegio De Veterinarios De Santa Fe 2da. Circunscripci\u00f3n\",\"isPartOf\":{\"@id\":\"https:\\\/\\\/cmvsf2.org\\\/web\\\/#website\"},\"primaryImageOfPage\":{\"@id\":\"https:\\\/\\\/cmvsf2.org\\\/web\\\/2023\\\/11\\\/17\\\/vencimientos-de-la-proxima-cuota-de-matriculacion-del-ano-2023\\\/#primaryimage\"},\"image\":{\"@id\":\"https:\\\/\\\/cmvsf2.org\\\/web\\\/2023\\\/11\\\/17\\\/vencimientos-de-la-proxima-cuota-de-matriculacion-del-ano-2023\\\/#primaryimage\"},\"thumbnailUrl\":\"https:\\\/\\\/cmvsf2.org\\\/web\\\/wp-content\\\/uploads\\\/2023\\\/02\\\/VET-IMAGEN-PARA-WEB-VENC-MAT.png\",\"datePublished\":\"2023-11-17T17:15:59+00:00\",\"dateModified\":\"2023-11-17T17:23:38+00:00\",\"description\":\"LOS VENCIMIENTOS DE LA PR\u00d3XIMA CUOTA DE MATRICULACI\u00d3N DEL A\u00d1O 2023 operar\u00e1n los d\u00edas 27\\\/11 y 11\\\/12\\\/2023. Recordamos que por el sistema de autogesti\u00f3n,\",\"breadcrumb\":{\"@id\":\"https:\\\/\\\/cmvsf2.org\\\/web\\\/2023\\\/11\\\/17\\\/vencimientos-de-la-proxima-cuota-de-matriculacion-del-ano-2023\\\/#breadcrumb\"},\"inLanguage\":\"es\",\"potentialAction\":[{\"@type\":\"ReadAction\",\"target\":[\"https:\\\/\\\/cmvsf2.org\\\/web\\\/2023\\\/11\\\/17\\\/vencimientos-de-la-proxima-cuota-de-matriculacion-del-ano-2023\\\/\"]}]},{\"@type\":\"ImageObject\",\"inLanguage\":\"es\",\"@id\":\"https:\\\/\\\/cmvsf2.org\\\/web\\\/2023\\\/11\\\/17\\\/vencimientos-de-la-proxima-cuota-de-matriculacion-del-ano-2023\\\/#primaryimage\",\"url\":\"https:\\\/\\\/cmvsf2.org\\\/web\\\/wp-content\\\/uploads\\\/2023\\\/02\\\/VET-IMAGEN-PARA-WEB-VENC-MAT.png\",\"contentUrl\":\"https:\\\/\\\/cmvsf2.org\\\/web\\\/wp-content\\\/uploads\\\/2023\\\/02\\\/VET-IMAGEN-PARA-WEB-VENC-MAT.png\",\"width\":940,\"height\":650},{\"@type\":\"BreadcrumbList\",\"@id\":\"https:\\\/\\\/cmvsf2.org\\\/web\\\/2023\\\/11\\\/17\\\/vencimientos-de-la-proxima-cuota-de-matriculacion-del-ano-2023\\\/#breadcrumb\",\"itemListElement\":[{\"@type\":\"ListItem\",\"position\":1,\"name\":\"Portada\",\"item\":\"https:\\\/\\\/cmvsf2.org\\\/web\\\/\"},{\"@type\":\"ListItem\",\"position\":2,\"name\":\"VENCIMIENTOS DE LA PR\u00d3XIMA CUOTA DE MATRICULACI\u00d3N DEL A\u00d1O 2023\"}]},{\"@type\":\"WebSite\",\"@id\":\"https:\\\/\\\/cmvsf2.org\\\/web\\\/#website\",\"url\":\"https:\\\/\\\/cmvsf2.org\\\/web\\\/\",\"name\":\"Colegio De Veterinarios De Santa Fe 2da. Circunscripci\u00f3n\",\"description\":\"Sitio institucional del Colegio de M\u00e9dicos Veterinario de Santa Fe 2da. Circunscripci\u00f3n\",\"publisher\":{\"@id\":\"https:\\\/\\\/cmvsf2.org\\\/web\\\/#organization\"},\"potentialAction\":[{\"@type\":\"SearchAction\",\"target\":{\"@type\":\"EntryPoint\",\"urlTemplate\":\"https:\\\/\\\/cmvsf2.org\\\/web\\\/?s={search_term_string}\"},\"query-input\":{\"@type\":\"PropertyValueSpecification\",\"valueRequired\":true,\"valueName\":\"search_term_string\"}}],\"inLanguage\":\"es\"},{\"@type\":\"Organization\",\"@id\":\"https:\\\/\\\/cmvsf2.org\\\/web\\\/#organization\",\"name\":\"Colegio De Veterinarios De Santa Fe 2da. Circunscripci\u00f3n\",\"url\":\"https:\\\/\\\/cmvsf2.org\\\/web\\\/\",\"logo\":{\"@type\":\"ImageObject\",\"inLanguage\":\"es\",\"@id\":\"https:\\\/\\\/cmvsf2.org\\\/web\\\/#\\\/schema\\\/logo\\\/image\\\/\",\"url\":\"http:\\\/\\\/cmvsf2.org\\\/web\\\/wp-content\\\/uploads\\\/2020\\\/03\\\/vector-logo-02.png\",\"contentUrl\":\"http:\\\/\\\/cmvsf2.org\\\/web\\\/wp-content\\\/uploads\\\/2020\\\/03\\\/vector-logo-02.png\",\"width\":2750,\"height\":642,\"caption\":\"Colegio De Veterinarios De Santa Fe 2da. Circunscripci\u00f3n\"},\"image\":{\"@id\":\"https:\\\/\\\/cmvsf2.org\\\/web\\\/#\\\/schema\\\/logo\\\/image\\\/\"}},{\"@type\":\"Person\",\"@id\":\"https:\\\/\\\/cmvsf2.org\\\/web\\\/#\\\/schema\\\/person\\\/46ea3630099a4a3df8d89f07cf5f7520\",\"name\":\"cmvsf2\",\"image\":{\"@type\":\"ImageObject\",\"inLanguage\":\"es\",\"@id\":\"https:\\\/\\\/secure.gravatar.com\\\/avatar\\\/669647b61c77f28f1aa51df04174a5ecb296e9988b4a93d2870666cd1f502cd7?s=96&d=mm&r=g\",\"url\":\"https:\\\/\\\/secure.gravatar.com\\\/avatar\\\/669647b61c77f28f1aa51df04174a5ecb296e9988b4a93d2870666cd1f502cd7?s=96&d=mm&r=g\",\"contentUrl\":\"https:\\\/\\\/secure.gravatar.com\\\/avatar\\\/669647b61c77f28f1aa51df04174a5ecb296e9988b4a93d2870666cd1f502cd7?s=96&d=mm&r=g\",\"caption\":\"cmvsf2\"}}]}<\/script>\n<!-- \/ Yoast SEO plugin. -->","yoast_head_json":{"title":"VENCIMIENTOS DE LA PR\u00d3XIMA CUOTA DE MATRICULACI\u00d3N DEL A\u00d1O 2023 - Colegio De Veterinarios De Santa Fe 2da. Circunscripci\u00f3n","description":"LOS VENCIMIENTOS DE LA PR\u00d3XIMA CUOTA DE MATRICULACI\u00d3N DEL A\u00d1O 2023 operar\u00e1n los d\u00edas 27\/11 y 11\/12\/2023. Recordamos que por el sistema de autogesti\u00f3n,","robots":{"index":"index","follow":"follow","max-snippet":"max-snippet:-1","max-image-preview":"max-image-preview:large","max-video-preview":"max-video-preview:-1"},"canonical":"https:\/\/cmvsf2.org\/web\/2023\/11\/17\/vencimientos-de-la-proxima-cuota-de-matriculacion-del-ano-2023\/","og_locale":"es_ES","og_type":"article","og_title":"VENCIMIENTOS DE LA PR\u00d3XIMA CUOTA DE MATRICULACI\u00d3N DEL A\u00d1O 2023 - Colegio De Veterinarios De Santa Fe 2da. Circunscripci\u00f3n","og_description":"LOS VENCIMIENTOS DE LA PR\u00d3XIMA CUOTA DE MATRICULACI\u00d3N DEL A\u00d1O 2023 operar\u00e1n los d\u00edas 27\/11 y 11\/12\/2023. Recordamos que por el sistema de autogesti\u00f3n,","og_url":"https:\/\/cmvsf2.org\/web\/2023\/11\/17\/vencimientos-de-la-proxima-cuota-de-matriculacion-del-ano-2023\/","og_site_name":"Colegio De Veterinarios De Santa Fe 2da. Circunscripci\u00f3n","article_published_time":"2023-11-17T17:15:59+00:00","article_modified_time":"2023-11-17T17:23:38+00:00","og_image":[{"width":940,"height":650,"url":"https:\/\/cmvsf2.org\/web\/wp-content\/uploads\/2023\/02\/VET-IMAGEN-PARA-WEB-VENC-MAT.png","type":"image\/png"}],"author":"cmvsf2","twitter_card":"summary_large_image","twitter_misc":{"Escrito por":"cmvsf2","Tiempo de lectura":"1 minuto"},"schema":{"@context":"https:\/\/schema.org","@graph":[{"@type":"Article","@id":"https:\/\/cmvsf2.org\/web\/2023\/11\/17\/vencimientos-de-la-proxima-cuota-de-matriculacion-del-ano-2023\/#article","isPartOf":{"@id":"https:\/\/cmvsf2.org\/web\/2023\/11\/17\/vencimientos-de-la-proxima-cuota-de-matriculacion-del-ano-2023\/"},"author":{"name":"cmvsf2","@id":"https:\/\/cmvsf2.org\/web\/#\/schema\/person\/46ea3630099a4a3df8d89f07cf5f7520"},"headline":"VENCIMIENTOS DE LA PR\u00d3XIMA CUOTA DE MATRICULACI\u00d3N DEL A\u00d1O 2023","datePublished":"2023-11-17T17:15:59+00:00","dateModified":"2023-11-17T17:23:38+00:00","mainEntityOfPage":{"@id":"https:\/\/cmvsf2.org\/web\/2023\/11\/17\/vencimientos-de-la-proxima-cuota-de-matriculacion-del-ano-2023\/"},"wordCount":97,"publisher":{"@id":"https:\/\/cmvsf2.org\/web\/#organization"},"image":{"@id":"https:\/\/cmvsf2.org\/web\/2023\/11\/17\/vencimientos-de-la-proxima-cuota-de-matriculacion-del-ano-2023\/#primaryimage"},"thumbnailUrl":"https:\/\/cmvsf2.org\/web\/wp-content\/uploads\/2023\/02\/VET-IMAGEN-PARA-WEB-VENC-MAT.png","keywords":["2023","matricula","noviembre","vencimiento"],"articleSection":["Destacada","Institucionales"],"inLanguage":"es"},{"@type":"WebPage","@id":"https:\/\/cmvsf2.org\/web\/2023\/11\/17\/vencimientos-de-la-proxima-cuota-de-matriculacion-del-ano-2023\/","url":"https:\/\/cmvsf2.org\/web\/2023\/11\/17\/vencimientos-de-la-proxima-cuota-de-matriculacion-del-ano-2023\/","name":"VENCIMIENTOS DE LA PR\u00d3XIMA CUOTA DE MATRICULACI\u00d3N DEL A\u00d1O 2023 - Colegio De Veterinarios De Santa Fe 2da. Circunscripci\u00f3n","isPartOf":{"@id":"https:\/\/cmvsf2.org\/web\/#website"},"primaryImageOfPage":{"@id":"https:\/\/cmvsf2.org\/web\/2023\/11\/17\/vencimientos-de-la-proxima-cuota-de-matriculacion-del-ano-2023\/#primaryimage"},"image":{"@id":"https:\/\/cmvsf2.org\/web\/2023\/11\/17\/vencimientos-de-la-proxima-cuota-de-matriculacion-del-ano-2023\/#primaryimage"},"thumbnailUrl":"https:\/\/cmvsf2.org\/web\/wp-content\/uploads\/2023\/02\/VET-IMAGEN-PARA-WEB-VENC-MAT.png","datePublished":"2023-11-17T17:15:59+00:00","dateModified":"2023-11-17T17:23:38+00:00","description":"LOS VENCIMIENTOS DE LA PR\u00d3XIMA CUOTA DE MATRICULACI\u00d3N DEL A\u00d1O 2023 operar\u00e1n los d\u00edas 27\/11 y 11\/12\/2023. Recordamos que por el sistema de autogesti\u00f3n,","breadcrumb":{"@id":"https:\/\/cmvsf2.org\/web\/2023\/11\/17\/vencimientos-de-la-proxima-cuota-de-matriculacion-del-ano-2023\/#breadcrumb"},"inLanguage":"es","potentialAction":[{"@type":"ReadAction","target":["https:\/\/cmvsf2.org\/web\/2023\/11\/17\/vencimientos-de-la-proxima-cuota-de-matriculacion-del-ano-2023\/"]}]},{"@type":"ImageObject","inLanguage":"es","@id":"https:\/\/cmvsf2.org\/web\/2023\/11\/17\/vencimientos-de-la-proxima-cuota-de-matriculacion-del-ano-2023\/#primaryimage","url":"https:\/\/cmvsf2.org\/web\/wp-content\/uploads\/2023\/02\/VET-IMAGEN-PARA-WEB-VENC-MAT.png","contentUrl":"https:\/\/cmvsf2.org\/web\/wp-content\/uploads\/2023\/02\/VET-IMAGEN-PARA-WEB-VENC-MAT.png","width":940,"height":650},{"@type":"BreadcrumbList","@id":"https:\/\/cmvsf2.org\/web\/2023\/11\/17\/vencimientos-de-la-proxima-cuota-de-matriculacion-del-ano-2023\/#breadcrumb","itemListElement":[{"@type":"ListItem","position":1,"name":"Portada","item":"https:\/\/cmvsf2.org\/web\/"},{"@type":"ListItem","position":2,"name":"VENCIMIENTOS DE LA PR\u00d3XIMA CUOTA DE MATRICULACI\u00d3N DEL A\u00d1O 2023"}]},{"@type":"WebSite","@id":"https:\/\/cmvsf2.org\/web\/#website","url":"https:\/\/cmvsf2.org\/web\/","name":"Colegio De Veterinarios De Santa Fe 2da. Circunscripci\u00f3n","description":"Sitio institucional del Colegio de M\u00e9dicos Veterinario de Santa Fe 2da. Circunscripci\u00f3n","publisher":{"@id":"https:\/\/cmvsf2.org\/web\/#organization"},"potentialAction":[{"@type":"SearchAction","target":{"@type":"EntryPoint","urlTemplate":"https:\/\/cmvsf2.org\/web\/?s={search_term_string}"},"query-input":{"@type":"PropertyValueSpecification","valueRequired":true,"valueName":"search_term_string"}}],"inLanguage":"es"},{"@type":"Organization","@id":"https:\/\/cmvsf2.org\/web\/#organization","name":"Colegio De Veterinarios De Santa Fe 2da. Circunscripci\u00f3n","url":"https:\/\/cmvsf2.org\/web\/","logo":{"@type":"ImageObject","inLanguage":"es","@id":"https:\/\/cmvsf2.org\/web\/#\/schema\/logo\/image\/","url":"http:\/\/cmvsf2.org\/web\/wp-content\/uploads\/2020\/03\/vector-logo-02.png","contentUrl":"http:\/\/cmvsf2.org\/web\/wp-content\/uploads\/2020\/03\/vector-logo-02.png","width":2750,"height":642,"caption":"Colegio De Veterinarios De Santa Fe 2da. Circunscripci\u00f3n"},"image":{"@id":"https:\/\/cmvsf2.org\/web\/#\/schema\/logo\/image\/"}},{"@type":"Person","@id":"https:\/\/cmvsf2.org\/web\/#\/schema\/person\/46ea3630099a4a3df8d89f07cf5f7520","name":"cmvsf2","image":{"@type":"ImageObject","inLanguage":"es","@id":"https:\/\/secure.gravatar.com\/avatar\/669647b61c77f28f1aa51df04174a5ecb296e9988b4a93d2870666cd1f502cd7?s=96&d=mm&r=g","url":"https:\/\/secure.gravatar.com\/avatar\/669647b61c77f28f1aa51df04174a5ecb296e9988b4a93d2870666cd1f502cd7?s=96&d=mm&r=g","contentUrl":"https:\/\/secure.gravatar.com\/avatar\/669647b61c77f28f1aa51df04174a5ecb296e9988b4a93d2870666cd1f502cd7?s=96&d=mm&r=g","caption":"cmvsf2"}}]}},"_links":{"self":[{"href":"https:\/\/cmvsf2.org\/web\/wp-json\/wp\/v2\/posts\/34013","targetHints":{"allow":["GET"]}}],"collection":[{"href":"https:\/\/cmvsf2.org\/web\/wp-json\/wp\/v2\/posts"}],"about":[{"href":"https:\/\/cmvsf2.org\/web\/wp-json\/wp\/v2\/types\/post"}],"author":[{"embeddable":true,"href":"https:\/\/cmvsf2.org\/web\/wp-json\/wp\/v2\/users\/3"}],"replies":[{"embeddable":true,"href":"https:\/\/cmvsf2.org\/web\/wp-json\/wp\/v2\/comments?post=34013"}],"version-history":[{"count":3,"href":"https:\/\/cmvsf2.org\/web\/wp-json\/wp\/v2\/posts\/34013\/revisions"}],"predecessor-version":[{"id":34016,"href":"https:\/\/cmvsf2.org\/web\/wp-json\/wp\/v2\/posts\/34013\/revisions\/34016"}],"wp:featuredmedia":[{"embeddable":true,"href":"https:\/\/cmvsf2.org\/web\/wp-json\/wp\/v2\/media\/33582"}],"wp:attachment":[{"href":"https:\/\/cmvsf2.org\/web\/wp-json\/wp\/v2\/media?parent=34013"}],"wp:term":[{"taxonomy":"category","embeddable":true,"href":"https:\/\/cmvsf2.org\/web\/wp-json\/wp\/v2\/categories?post=34013"},{"taxonomy":"post_tag","embeddable":true,"href":"https:\/\/cmvsf2.org\/web\/wp-json\/wp\/v2\/tags?post=34013"}],"curies":[{"name":"wp","href":"https:\/\/api.w.org\/{rel}","templated":true}]}}