{"id":33850,"date":"2023-08-14T13:26:11","date_gmt":"2023-08-14T16:26:11","guid":{"rendered":"https:\/\/cmvsf2.org\/web\/?p=33850"},"modified":"2023-08-14T13:26:11","modified_gmt":"2023-08-14T16:26:11","slug":"33850","status":"publish","type":"post","link":"https:\/\/cmvsf2.org\/web\/2023\/08\/14\/33850\/","title":{"rendered":""},"content":{"rendered":"<div>El CMVSF2 informa los nuevos valores del Gavet Veterinario, de acuerdo a lo resuelto por el Consejo Asesor en la reuni\u00f3n del pasado viernes, en la que adem\u00e1s se resolvi\u00f3 que las revisiones del valor del mismo se har\u00e1n bimestralmente.<\/div>\n<div><\/div>\n<div>Los mismos son los siguientes: GAVET Profesional $260,00.- vigente a partir del 15\/08\/2023 y GAVET Institucional $200,00.- vigente a partir del 1\u00ba\/09\/2023<\/div>\n<div><\/div>\n<div>Recordamos que la unidad de medida GAVET (Galeno Veterinario) se actualiza teniendo en cuenta para ello una ponderaci\u00f3n de 4 (cuatro) \u00edndices. Tres \u00edndices de variaci\u00f3n de precios al consumidor (INDEC, Capital Federal y San Luis) y un promedio del aumento de las principales paritarias salariales por partes iguales. Por ende cada uno de los cuatro \u00edndices mencionados, incide en el 25% de la actualizaci\u00f3n.<\/div>\n<div><\/div>\n<div>Recomendamos adem\u00e1s consultar en la p\u00e1gina web institucional (<a href=\"http:\/\/www.cmvsf2.org\/\" target=\"_blank\" rel=\"noopener noreferrer\" data-saferedirecturl=\"https:\/\/www.google.com\/url?q=http:\/\/www.cmvsf2.org\/&amp;source=gmail&amp;ust=1598702449914000&amp;usg=AFQjCNHwsZjgeF7Dy5xnbvi0hC4i8fHdBA\">www.cmvsf2.org<\/a>) en el bot\u00f3n\u00a0<a href=\"https:\/\/cmvsf2.org\/web\/nomenclador-honorarios\/\" target=\"_blank\" rel=\"noopener noreferrer\">nomencladores<\/a>, el valor \u00e9tico de las distintas prestaciones profesionales, aclarando que los mismos solo referencian honorarios sin estar incluidos en ese valor los distintos insumos que puedan necesitarse para la realizaci\u00f3n de una determinada pr\u00e1ctica (anestesia, f\u00e1rmacos, descartables, etc.)<\/div>\n<div class=\"galeria\"><\/div>\n","protected":false},"excerpt":{"rendered":"<p>El CMVSF2 informa los nuevos valores del Gavet Veterinario, de acuerdo a lo resuelto por el Consejo Asesor en la reuni\u00f3n del pasado viernes, en la que adem\u00e1s se resolvi\u00f3 que las revisiones del valor del mismo se har\u00e1n bimestralmente. Los mismos son los siguientes: GAVET Profesional $260,00.- vigente a partir del 15\/08\/2023 y GAVET Institucional $200,00.- vigente a partir del 1\u00ba\/09\/2023 Recordamos que [&hellip;]<\/p>\n","protected":false},"author":3,"featured_media":33851,"comment_status":"closed","ping_status":"closed","sticky":false,"template":"","format":"standard","meta":{"_acf_changed":false,"footnotes":""},"categories":[343,345],"tags":[921,356],"class_list":["post-33850","post","type-post","status-publish","format-standard","has-post-thumbnail","hentry","category-destacada","category-institucionales","tag-921","tag-gavet"],"acf":[],"yoast_head":"<!-- This site is optimized with the Yoast SEO plugin v28.2 - https:\/\/yoast.com\/product\/yoast-seo-wordpress\/ -->\n<title>- Colegio De Veterinarios De Santa Fe 2da. Circunscripci\u00f3n<\/title>\n<meta name=\"description\" content=\"El CMVSF2 informa los nuevos valores del Gavet Veterinario, de acuerdo a lo resuelto por el Consejo Asesor en la reuni\u00f3n del pasado viernes, en la que\" \/>\n<meta name=\"robots\" content=\"index, follow, max-snippet:-1, max-image-preview:large, max-video-preview:-1\" \/>\n<link rel=\"canonical\" href=\"https:\/\/cmvsf2.org\/web\/2023\/08\/14\/33850\/\" \/>\n<meta property=\"og:locale\" content=\"es_ES\" \/>\n<meta property=\"og:type\" content=\"article\" \/>\n<meta property=\"og:title\" content=\"- Colegio De Veterinarios De Santa Fe 2da. Circunscripci\u00f3n\" \/>\n<meta property=\"og:description\" content=\"El CMVSF2 informa los nuevos valores del Gavet Veterinario, de acuerdo a lo resuelto por el Consejo Asesor en la reuni\u00f3n del pasado viernes, en la que\" \/>\n<meta property=\"og:url\" content=\"https:\/\/cmvsf2.org\/web\/2023\/08\/14\/33850\/\" \/>\n<meta property=\"og:site_name\" content=\"Colegio De Veterinarios De Santa Fe 2da. Circunscripci\u00f3n\" \/>\n<meta property=\"article:published_time\" content=\"2023-08-14T16:26:11+00:00\" \/>\n<meta property=\"og:image\" content=\"https:\/\/cmvsf2.org\/web\/wp-content\/uploads\/2023\/08\/vista-frontal-medico-estetoscopio-scaled.jpg\" \/>\n\t<meta property=\"og:image:width\" content=\"2560\" \/>\n\t<meta property=\"og:image:height\" content=\"1708\" \/>\n\t<meta property=\"og:image:type\" content=\"image\/jpeg\" \/>\n<meta name=\"author\" content=\"cmvsf2\" \/>\n<meta name=\"twitter:card\" content=\"summary_large_image\" \/>\n<meta name=\"twitter:label1\" content=\"Escrito por\" \/>\n\t<meta name=\"twitter:data1\" content=\"cmvsf2\" \/>\n\t<meta name=\"twitter:label2\" content=\"Tiempo de lectura\" \/>\n\t<meta name=\"twitter:data2\" content=\"1 minuto\" \/>\n<script type=\"application\/ld+json\" class=\"yoast-schema-graph\">{\"@context\":\"https:\\\/\\\/schema.org\",\"@graph\":[{\"@type\":\"Article\",\"@id\":\"https:\\\/\\\/cmvsf2.org\\\/web\\\/2023\\\/08\\\/14\\\/33850\\\/#article\",\"isPartOf\":{\"@id\":\"https:\\\/\\\/cmvsf2.org\\\/web\\\/2023\\\/08\\\/14\\\/33850\\\/\"},\"author\":{\"name\":\"cmvsf2\",\"@id\":\"https:\\\/\\\/cmvsf2.org\\\/web\\\/#\\\/schema\\\/person\\\/46ea3630099a4a3df8d89f07cf5f7520\"},\"headline\":\"Sin t\u00edtulo\",\"datePublished\":\"2023-08-14T16:26:11+00:00\",\"mainEntityOfPage\":{\"@id\":\"https:\\\/\\\/cmvsf2.org\\\/web\\\/2023\\\/08\\\/14\\\/33850\\\/\"},\"wordCount\":188,\"publisher\":{\"@id\":\"https:\\\/\\\/cmvsf2.org\\\/web\\\/#organization\"},\"image\":{\"@id\":\"https:\\\/\\\/cmvsf2.org\\\/web\\\/2023\\\/08\\\/14\\\/33850\\\/#primaryimage\"},\"thumbnailUrl\":\"https:\\\/\\\/cmvsf2.org\\\/web\\\/wp-content\\\/uploads\\\/2023\\\/08\\\/vista-frontal-medico-estetoscopio-scaled.jpg\",\"keywords\":[\"2023\",\"gavet\"],\"articleSection\":[\"Destacada\",\"Institucionales\"],\"inLanguage\":\"es\"},{\"@type\":\"WebPage\",\"@id\":\"https:\\\/\\\/cmvsf2.org\\\/web\\\/2023\\\/08\\\/14\\\/33850\\\/\",\"url\":\"https:\\\/\\\/cmvsf2.org\\\/web\\\/2023\\\/08\\\/14\\\/33850\\\/\",\"name\":\"- Colegio De Veterinarios De Santa Fe 2da. Circunscripci\u00f3n\",\"isPartOf\":{\"@id\":\"https:\\\/\\\/cmvsf2.org\\\/web\\\/#website\"},\"primaryImageOfPage\":{\"@id\":\"https:\\\/\\\/cmvsf2.org\\\/web\\\/2023\\\/08\\\/14\\\/33850\\\/#primaryimage\"},\"image\":{\"@id\":\"https:\\\/\\\/cmvsf2.org\\\/web\\\/2023\\\/08\\\/14\\\/33850\\\/#primaryimage\"},\"thumbnailUrl\":\"https:\\\/\\\/cmvsf2.org\\\/web\\\/wp-content\\\/uploads\\\/2023\\\/08\\\/vista-frontal-medico-estetoscopio-scaled.jpg\",\"datePublished\":\"2023-08-14T16:26:11+00:00\",\"description\":\"El CMVSF2 informa los nuevos valores del Gavet Veterinario, de acuerdo a lo resuelto por el Consejo Asesor en la reuni\u00f3n del pasado viernes, en la que\",\"inLanguage\":\"es\",\"potentialAction\":[{\"@type\":\"ReadAction\",\"target\":[\"https:\\\/\\\/cmvsf2.org\\\/web\\\/2023\\\/08\\\/14\\\/33850\\\/\"]}]},{\"@type\":\"ImageObject\",\"inLanguage\":\"es\",\"@id\":\"https:\\\/\\\/cmvsf2.org\\\/web\\\/2023\\\/08\\\/14\\\/33850\\\/#primaryimage\",\"url\":\"https:\\\/\\\/cmvsf2.org\\\/web\\\/wp-content\\\/uploads\\\/2023\\\/08\\\/vista-frontal-medico-estetoscopio-scaled.jpg\",\"contentUrl\":\"https:\\\/\\\/cmvsf2.org\\\/web\\\/wp-content\\\/uploads\\\/2023\\\/08\\\/vista-frontal-medico-estetoscopio-scaled.jpg\",\"width\":2560,\"height\":1708},{\"@type\":\"WebSite\",\"@id\":\"https:\\\/\\\/cmvsf2.org\\\/web\\\/#website\",\"url\":\"https:\\\/\\\/cmvsf2.org\\\/web\\\/\",\"name\":\"Colegio De Veterinarios De Santa Fe 2da. Circunscripci\u00f3n\",\"description\":\"Sitio institucional del Colegio de M\u00e9dicos Veterinario de Santa Fe 2da. Circunscripci\u00f3n\",\"publisher\":{\"@id\":\"https:\\\/\\\/cmvsf2.org\\\/web\\\/#organization\"},\"potentialAction\":[{\"@type\":\"SearchAction\",\"target\":{\"@type\":\"EntryPoint\",\"urlTemplate\":\"https:\\\/\\\/cmvsf2.org\\\/web\\\/?s={search_term_string}\"},\"query-input\":{\"@type\":\"PropertyValueSpecification\",\"valueRequired\":true,\"valueName\":\"search_term_string\"}}],\"inLanguage\":\"es\"},{\"@type\":\"Organization\",\"@id\":\"https:\\\/\\\/cmvsf2.org\\\/web\\\/#organization\",\"name\":\"Colegio De Veterinarios De Santa Fe 2da. Circunscripci\u00f3n\",\"url\":\"https:\\\/\\\/cmvsf2.org\\\/web\\\/\",\"logo\":{\"@type\":\"ImageObject\",\"inLanguage\":\"es\",\"@id\":\"https:\\\/\\\/cmvsf2.org\\\/web\\\/#\\\/schema\\\/logo\\\/image\\\/\",\"url\":\"http:\\\/\\\/cmvsf2.org\\\/web\\\/wp-content\\\/uploads\\\/2020\\\/03\\\/vector-logo-02.png\",\"contentUrl\":\"http:\\\/\\\/cmvsf2.org\\\/web\\\/wp-content\\\/uploads\\\/2020\\\/03\\\/vector-logo-02.png\",\"width\":2750,\"height\":642,\"caption\":\"Colegio De Veterinarios De Santa Fe 2da. Circunscripci\u00f3n\"},\"image\":{\"@id\":\"https:\\\/\\\/cmvsf2.org\\\/web\\\/#\\\/schema\\\/logo\\\/image\\\/\"}},{\"@type\":\"Person\",\"@id\":\"https:\\\/\\\/cmvsf2.org\\\/web\\\/#\\\/schema\\\/person\\\/46ea3630099a4a3df8d89f07cf5f7520\",\"name\":\"cmvsf2\",\"image\":{\"@type\":\"ImageObject\",\"inLanguage\":\"es\",\"@id\":\"https:\\\/\\\/secure.gravatar.com\\\/avatar\\\/669647b61c77f28f1aa51df04174a5ecb296e9988b4a93d2870666cd1f502cd7?s=96&d=mm&r=g\",\"url\":\"https:\\\/\\\/secure.gravatar.com\\\/avatar\\\/669647b61c77f28f1aa51df04174a5ecb296e9988b4a93d2870666cd1f502cd7?s=96&d=mm&r=g\",\"contentUrl\":\"https:\\\/\\\/secure.gravatar.com\\\/avatar\\\/669647b61c77f28f1aa51df04174a5ecb296e9988b4a93d2870666cd1f502cd7?s=96&d=mm&r=g\",\"caption\":\"cmvsf2\"}}]}<\/script>\n<!-- \/ Yoast SEO plugin. -->","yoast_head_json":{"title":"- Colegio De Veterinarios De Santa Fe 2da. Circunscripci\u00f3n","description":"El CMVSF2 informa los nuevos valores del Gavet Veterinario, de acuerdo a lo resuelto por el Consejo Asesor en la reuni\u00f3n del pasado viernes, en la que","robots":{"index":"index","follow":"follow","max-snippet":"max-snippet:-1","max-image-preview":"max-image-preview:large","max-video-preview":"max-video-preview:-1"},"canonical":"https:\/\/cmvsf2.org\/web\/2023\/08\/14\/33850\/","og_locale":"es_ES","og_type":"article","og_title":"- Colegio De Veterinarios De Santa Fe 2da. Circunscripci\u00f3n","og_description":"El CMVSF2 informa los nuevos valores del Gavet Veterinario, de acuerdo a lo resuelto por el Consejo Asesor en la reuni\u00f3n del pasado viernes, en la que","og_url":"https:\/\/cmvsf2.org\/web\/2023\/08\/14\/33850\/","og_site_name":"Colegio De Veterinarios De Santa Fe 2da. Circunscripci\u00f3n","article_published_time":"2023-08-14T16:26:11+00:00","og_image":[{"width":2560,"height":1708,"url":"https:\/\/cmvsf2.org\/web\/wp-content\/uploads\/2023\/08\/vista-frontal-medico-estetoscopio-scaled.jpg","type":"image\/jpeg"}],"author":"cmvsf2","twitter_card":"summary_large_image","twitter_misc":{"Escrito por":"cmvsf2","Tiempo de lectura":"1 minuto"},"schema":{"@context":"https:\/\/schema.org","@graph":[{"@type":"Article","@id":"https:\/\/cmvsf2.org\/web\/2023\/08\/14\/33850\/#article","isPartOf":{"@id":"https:\/\/cmvsf2.org\/web\/2023\/08\/14\/33850\/"},"author":{"name":"cmvsf2","@id":"https:\/\/cmvsf2.org\/web\/#\/schema\/person\/46ea3630099a4a3df8d89f07cf5f7520"},"headline":"Sin t\u00edtulo","datePublished":"2023-08-14T16:26:11+00:00","mainEntityOfPage":{"@id":"https:\/\/cmvsf2.org\/web\/2023\/08\/14\/33850\/"},"wordCount":188,"publisher":{"@id":"https:\/\/cmvsf2.org\/web\/#organization"},"image":{"@id":"https:\/\/cmvsf2.org\/web\/2023\/08\/14\/33850\/#primaryimage"},"thumbnailUrl":"https:\/\/cmvsf2.org\/web\/wp-content\/uploads\/2023\/08\/vista-frontal-medico-estetoscopio-scaled.jpg","keywords":["2023","gavet"],"articleSection":["Destacada","Institucionales"],"inLanguage":"es"},{"@type":"WebPage","@id":"https:\/\/cmvsf2.org\/web\/2023\/08\/14\/33850\/","url":"https:\/\/cmvsf2.org\/web\/2023\/08\/14\/33850\/","name":"- Colegio De Veterinarios De Santa Fe 2da. Circunscripci\u00f3n","isPartOf":{"@id":"https:\/\/cmvsf2.org\/web\/#website"},"primaryImageOfPage":{"@id":"https:\/\/cmvsf2.org\/web\/2023\/08\/14\/33850\/#primaryimage"},"image":{"@id":"https:\/\/cmvsf2.org\/web\/2023\/08\/14\/33850\/#primaryimage"},"thumbnailUrl":"https:\/\/cmvsf2.org\/web\/wp-content\/uploads\/2023\/08\/vista-frontal-medico-estetoscopio-scaled.jpg","datePublished":"2023-08-14T16:26:11+00:00","description":"El CMVSF2 informa los nuevos valores del Gavet Veterinario, de acuerdo a lo resuelto por el Consejo Asesor en la reuni\u00f3n del pasado viernes, en la que","inLanguage":"es","potentialAction":[{"@type":"ReadAction","target":["https:\/\/cmvsf2.org\/web\/2023\/08\/14\/33850\/"]}]},{"@type":"ImageObject","inLanguage":"es","@id":"https:\/\/cmvsf2.org\/web\/2023\/08\/14\/33850\/#primaryimage","url":"https:\/\/cmvsf2.org\/web\/wp-content\/uploads\/2023\/08\/vista-frontal-medico-estetoscopio-scaled.jpg","contentUrl":"https:\/\/cmvsf2.org\/web\/wp-content\/uploads\/2023\/08\/vista-frontal-medico-estetoscopio-scaled.jpg","width":2560,"height":1708},{"@type":"WebSite","@id":"https:\/\/cmvsf2.org\/web\/#website","url":"https:\/\/cmvsf2.org\/web\/","name":"Colegio De Veterinarios De Santa Fe 2da. Circunscripci\u00f3n","description":"Sitio institucional del Colegio de M\u00e9dicos Veterinario de Santa Fe 2da. Circunscripci\u00f3n","publisher":{"@id":"https:\/\/cmvsf2.org\/web\/#organization"},"potentialAction":[{"@type":"SearchAction","target":{"@type":"EntryPoint","urlTemplate":"https:\/\/cmvsf2.org\/web\/?s={search_term_string}"},"query-input":{"@type":"PropertyValueSpecification","valueRequired":true,"valueName":"search_term_string"}}],"inLanguage":"es"},{"@type":"Organization","@id":"https:\/\/cmvsf2.org\/web\/#organization","name":"Colegio De Veterinarios De Santa Fe 2da. Circunscripci\u00f3n","url":"https:\/\/cmvsf2.org\/web\/","logo":{"@type":"ImageObject","inLanguage":"es","@id":"https:\/\/cmvsf2.org\/web\/#\/schema\/logo\/image\/","url":"http:\/\/cmvsf2.org\/web\/wp-content\/uploads\/2020\/03\/vector-logo-02.png","contentUrl":"http:\/\/cmvsf2.org\/web\/wp-content\/uploads\/2020\/03\/vector-logo-02.png","width":2750,"height":642,"caption":"Colegio De Veterinarios De Santa Fe 2da. Circunscripci\u00f3n"},"image":{"@id":"https:\/\/cmvsf2.org\/web\/#\/schema\/logo\/image\/"}},{"@type":"Person","@id":"https:\/\/cmvsf2.org\/web\/#\/schema\/person\/46ea3630099a4a3df8d89f07cf5f7520","name":"cmvsf2","image":{"@type":"ImageObject","inLanguage":"es","@id":"https:\/\/secure.gravatar.com\/avatar\/669647b61c77f28f1aa51df04174a5ecb296e9988b4a93d2870666cd1f502cd7?s=96&d=mm&r=g","url":"https:\/\/secure.gravatar.com\/avatar\/669647b61c77f28f1aa51df04174a5ecb296e9988b4a93d2870666cd1f502cd7?s=96&d=mm&r=g","contentUrl":"https:\/\/secure.gravatar.com\/avatar\/669647b61c77f28f1aa51df04174a5ecb296e9988b4a93d2870666cd1f502cd7?s=96&d=mm&r=g","caption":"cmvsf2"}}]}},"_links":{"self":[{"href":"https:\/\/cmvsf2.org\/web\/wp-json\/wp\/v2\/posts\/33850","targetHints":{"allow":["GET"]}}],"collection":[{"href":"https:\/\/cmvsf2.org\/web\/wp-json\/wp\/v2\/posts"}],"about":[{"href":"https:\/\/cmvsf2.org\/web\/wp-json\/wp\/v2\/types\/post"}],"author":[{"embeddable":true,"href":"https:\/\/cmvsf2.org\/web\/wp-json\/wp\/v2\/users\/3"}],"replies":[{"embeddable":true,"href":"https:\/\/cmvsf2.org\/web\/wp-json\/wp\/v2\/comments?post=33850"}],"version-history":[{"count":1,"href":"https:\/\/cmvsf2.org\/web\/wp-json\/wp\/v2\/posts\/33850\/revisions"}],"predecessor-version":[{"id":33852,"href":"https:\/\/cmvsf2.org\/web\/wp-json\/wp\/v2\/posts\/33850\/revisions\/33852"}],"wp:featuredmedia":[{"embeddable":true,"href":"https:\/\/cmvsf2.org\/web\/wp-json\/wp\/v2\/media\/33851"}],"wp:attachment":[{"href":"https:\/\/cmvsf2.org\/web\/wp-json\/wp\/v2\/media?parent=33850"}],"wp:term":[{"taxonomy":"category","embeddable":true,"href":"https:\/\/cmvsf2.org\/web\/wp-json\/wp\/v2\/categories?post=33850"},{"taxonomy":"post_tag","embeddable":true,"href":"https:\/\/cmvsf2.org\/web\/wp-json\/wp\/v2\/tags?post=33850"}],"curies":[{"name":"wp","href":"https:\/\/api.w.org\/{rel}","templated":true}]}}