{"id":33826,"date":"2023-08-06T06:00:07","date_gmt":"2023-08-06T09:00:07","guid":{"rendered":"https:\/\/cmvsf2.org\/web\/?p=33826"},"modified":"2023-08-04T14:53:22","modified_gmt":"2023-08-04T17:53:22","slug":"feliz-dia-de-los-veterinarios-y-las-veterinarias","status":"publish","type":"post","link":"https:\/\/cmvsf2.org\/web\/2023\/08\/06\/feliz-dia-de-los-veterinarios-y-las-veterinarias\/","title":{"rendered":"\u00a1Feliz D\u00eda de los Veterinarios y las Veterinarias!"},"content":{"rendered":"<p>Estimados\/as colegas:<\/p>\n<p>Este d\u00eda nos parece una ocasi\u00f3n propicia para reconocer y valorar la dedicaci\u00f3n de cada m\u00e9dico veterinario y cada m\u00e9dica veterinaria, hacia la salud y el bienestar de los animales, los seres humanos y el ambiente; en definitiva; Una Salud.<\/p>\n<p>Nuestra profesi\u00f3n es una vocaci\u00f3n noble que requiere no solo un profundo conocimiento cient\u00edfico, sino tambi\u00e9n un amor incondicional por los animales y un compromiso inquebrantable con el servicio y la \u00e9tica profesional.<\/p>\n<p>Nuestra labor es fundamental para preservar la vida, prevenir enfermedades y aliviar el sufrimiento de los seres vivos que comparten nuestro planeta.<\/p>\n<p>El trabajo arduo de cada d\u00eda, enfrentando desaf\u00edos y tomando decisiones dif\u00edciles, es gracias a la perseverancia y dedicaci\u00f3n de cada uno\/a de ustedes.<\/p>\n<p>Nuestra carrera requiere un compromiso con la educaci\u00f3n continua y la actualizaci\u00f3n constantes, que no siempre son valorados.<\/p>\n<p>Por todo esto y por mucho m\u00e1s, es nuestro deseo que hoy, y todos los d\u00edas, sean reconocidos\/as y celebrados\/as por el impacto positivo que generan en nuestra sociedad.<\/p>\n<p>\u00a1Feliz D\u00eda de los Veterinarios y las Veterinarias!<\/p>\n<p>La Mesa Directiva CMVSF2<\/p>\n","protected":false},"excerpt":{"rendered":"<p>Estimados\/as colegas: Este d\u00eda nos parece una ocasi\u00f3n propicia para reconocer y valorar la dedicaci\u00f3n de cada m\u00e9dico veterinario y cada m\u00e9dica veterinaria, hacia la salud y el bienestar de los animales, los seres humanos y el ambiente; en definitiva; Una Salud. Nuestra profesi\u00f3n es una vocaci\u00f3n noble que requiere no solo un profundo conocimiento cient\u00edfico, sino tambi\u00e9n un amor incondicional por los animales [&hellip;]<\/p>\n","protected":false},"author":3,"featured_media":33827,"comment_status":"closed","ping_status":"closed","sticky":false,"template":"","format":"standard","meta":{"_acf_changed":false,"footnotes":""},"categories":[343,345],"tags":[921,938],"class_list":["post-33826","post","type-post","status-publish","format-standard","has-post-thumbnail","hentry","category-destacada","category-institucionales","tag-921","tag-dia-del-veterinario-y-la-veterinaria"],"acf":[],"yoast_head":"<!-- This site is optimized with the Yoast SEO plugin v28.2 - https:\/\/yoast.com\/product\/yoast-seo-wordpress\/ -->\n<title>\u00a1Feliz D\u00eda de los Veterinarios y las Veterinarias! - Colegio De Veterinarios De Santa Fe 2da. Circunscripci\u00f3n<\/title>\n<meta name=\"description\" content=\"Estimados\/as colegas: Este d\u00eda nos parece una ocasi\u00f3n propicia para reconocer y valorar la dedicaci\u00f3n de cada m\u00e9dico veterinario y cada m\u00e9dica\" \/>\n<meta name=\"robots\" content=\"index, follow, max-snippet:-1, max-image-preview:large, max-video-preview:-1\" \/>\n<link rel=\"canonical\" href=\"https:\/\/cmvsf2.org\/web\/2023\/08\/06\/feliz-dia-de-los-veterinarios-y-las-veterinarias\/\" \/>\n<meta property=\"og:locale\" content=\"es_ES\" \/>\n<meta property=\"og:type\" content=\"article\" \/>\n<meta property=\"og:title\" content=\"\u00a1Feliz D\u00eda de los Veterinarios y las Veterinarias! - Colegio De Veterinarios De Santa Fe 2da. Circunscripci\u00f3n\" \/>\n<meta property=\"og:description\" content=\"Estimados\/as colegas: Este d\u00eda nos parece una ocasi\u00f3n propicia para reconocer y valorar la dedicaci\u00f3n de cada m\u00e9dico veterinario y cada m\u00e9dica\" \/>\n<meta property=\"og:url\" content=\"https:\/\/cmvsf2.org\/web\/2023\/08\/06\/feliz-dia-de-los-veterinarios-y-las-veterinarias\/\" \/>\n<meta property=\"og:site_name\" content=\"Colegio De Veterinarios De Santa Fe 2da. Circunscripci\u00f3n\" \/>\n<meta property=\"article:published_time\" content=\"2023-08-06T09:00:07+00:00\" \/>\n<meta property=\"og:image\" content=\"https:\/\/cmvsf2.org\/web\/wp-content\/uploads\/2023\/08\/Diseno-sin-titulo-1.png\" \/>\n\t<meta property=\"og:image:width\" content=\"1080\" \/>\n\t<meta property=\"og:image:height\" content=\"1080\" \/>\n\t<meta property=\"og:image:type\" content=\"image\/png\" \/>\n<meta name=\"author\" content=\"cmvsf2\" \/>\n<meta name=\"twitter:card\" content=\"summary_large_image\" \/>\n<meta name=\"twitter:label1\" content=\"Escrito por\" \/>\n\t<meta name=\"twitter:data1\" content=\"cmvsf2\" \/>\n\t<meta name=\"twitter:label2\" content=\"Tiempo de lectura\" \/>\n\t<meta name=\"twitter:data2\" content=\"1 minuto\" \/>\n<script type=\"application\/ld+json\" class=\"yoast-schema-graph\">{\"@context\":\"https:\\\/\\\/schema.org\",\"@graph\":[{\"@type\":\"Article\",\"@id\":\"https:\\\/\\\/cmvsf2.org\\\/web\\\/2023\\\/08\\\/06\\\/feliz-dia-de-los-veterinarios-y-las-veterinarias\\\/#article\",\"isPartOf\":{\"@id\":\"https:\\\/\\\/cmvsf2.org\\\/web\\\/2023\\\/08\\\/06\\\/feliz-dia-de-los-veterinarios-y-las-veterinarias\\\/\"},\"author\":{\"name\":\"cmvsf2\",\"@id\":\"https:\\\/\\\/cmvsf2.org\\\/web\\\/#\\\/schema\\\/person\\\/46ea3630099a4a3df8d89f07cf5f7520\"},\"headline\":\"\u00a1Feliz D\u00eda de los Veterinarios y las Veterinarias!\",\"datePublished\":\"2023-08-06T09:00:07+00:00\",\"mainEntityOfPage\":{\"@id\":\"https:\\\/\\\/cmvsf2.org\\\/web\\\/2023\\\/08\\\/06\\\/feliz-dia-de-los-veterinarios-y-las-veterinarias\\\/\"},\"wordCount\":211,\"publisher\":{\"@id\":\"https:\\\/\\\/cmvsf2.org\\\/web\\\/#organization\"},\"image\":{\"@id\":\"https:\\\/\\\/cmvsf2.org\\\/web\\\/2023\\\/08\\\/06\\\/feliz-dia-de-los-veterinarios-y-las-veterinarias\\\/#primaryimage\"},\"thumbnailUrl\":\"https:\\\/\\\/cmvsf2.org\\\/web\\\/wp-content\\\/uploads\\\/2023\\\/08\\\/Diseno-sin-titulo-1.png\",\"keywords\":[\"2023\",\"d\u00eda del veterinario y la veterinaria\"],\"articleSection\":[\"Destacada\",\"Institucionales\"],\"inLanguage\":\"es\"},{\"@type\":\"WebPage\",\"@id\":\"https:\\\/\\\/cmvsf2.org\\\/web\\\/2023\\\/08\\\/06\\\/feliz-dia-de-los-veterinarios-y-las-veterinarias\\\/\",\"url\":\"https:\\\/\\\/cmvsf2.org\\\/web\\\/2023\\\/08\\\/06\\\/feliz-dia-de-los-veterinarios-y-las-veterinarias\\\/\",\"name\":\"\u00a1Feliz D\u00eda de los Veterinarios y las Veterinarias! - Colegio De Veterinarios De Santa Fe 2da. Circunscripci\u00f3n\",\"isPartOf\":{\"@id\":\"https:\\\/\\\/cmvsf2.org\\\/web\\\/#website\"},\"primaryImageOfPage\":{\"@id\":\"https:\\\/\\\/cmvsf2.org\\\/web\\\/2023\\\/08\\\/06\\\/feliz-dia-de-los-veterinarios-y-las-veterinarias\\\/#primaryimage\"},\"image\":{\"@id\":\"https:\\\/\\\/cmvsf2.org\\\/web\\\/2023\\\/08\\\/06\\\/feliz-dia-de-los-veterinarios-y-las-veterinarias\\\/#primaryimage\"},\"thumbnailUrl\":\"https:\\\/\\\/cmvsf2.org\\\/web\\\/wp-content\\\/uploads\\\/2023\\\/08\\\/Diseno-sin-titulo-1.png\",\"datePublished\":\"2023-08-06T09:00:07+00:00\",\"description\":\"Estimados\\\/as colegas: Este d\u00eda nos parece una ocasi\u00f3n propicia para reconocer y valorar la dedicaci\u00f3n de cada m\u00e9dico veterinario y cada m\u00e9dica\",\"breadcrumb\":{\"@id\":\"https:\\\/\\\/cmvsf2.org\\\/web\\\/2023\\\/08\\\/06\\\/feliz-dia-de-los-veterinarios-y-las-veterinarias\\\/#breadcrumb\"},\"inLanguage\":\"es\",\"potentialAction\":[{\"@type\":\"ReadAction\",\"target\":[\"https:\\\/\\\/cmvsf2.org\\\/web\\\/2023\\\/08\\\/06\\\/feliz-dia-de-los-veterinarios-y-las-veterinarias\\\/\"]}]},{\"@type\":\"ImageObject\",\"inLanguage\":\"es\",\"@id\":\"https:\\\/\\\/cmvsf2.org\\\/web\\\/2023\\\/08\\\/06\\\/feliz-dia-de-los-veterinarios-y-las-veterinarias\\\/#primaryimage\",\"url\":\"https:\\\/\\\/cmvsf2.org\\\/web\\\/wp-content\\\/uploads\\\/2023\\\/08\\\/Diseno-sin-titulo-1.png\",\"contentUrl\":\"https:\\\/\\\/cmvsf2.org\\\/web\\\/wp-content\\\/uploads\\\/2023\\\/08\\\/Diseno-sin-titulo-1.png\",\"width\":1080,\"height\":1080},{\"@type\":\"BreadcrumbList\",\"@id\":\"https:\\\/\\\/cmvsf2.org\\\/web\\\/2023\\\/08\\\/06\\\/feliz-dia-de-los-veterinarios-y-las-veterinarias\\\/#breadcrumb\",\"itemListElement\":[{\"@type\":\"ListItem\",\"position\":1,\"name\":\"Portada\",\"item\":\"https:\\\/\\\/cmvsf2.org\\\/web\\\/\"},{\"@type\":\"ListItem\",\"position\":2,\"name\":\"\u00a1Feliz D\u00eda de los Veterinarios y las Veterinarias!\"}]},{\"@type\":\"WebSite\",\"@id\":\"https:\\\/\\\/cmvsf2.org\\\/web\\\/#website\",\"url\":\"https:\\\/\\\/cmvsf2.org\\\/web\\\/\",\"name\":\"Colegio De Veterinarios De Santa Fe 2da. Circunscripci\u00f3n\",\"description\":\"Sitio institucional del Colegio de M\u00e9dicos Veterinario de Santa Fe 2da. Circunscripci\u00f3n\",\"publisher\":{\"@id\":\"https:\\\/\\\/cmvsf2.org\\\/web\\\/#organization\"},\"potentialAction\":[{\"@type\":\"SearchAction\",\"target\":{\"@type\":\"EntryPoint\",\"urlTemplate\":\"https:\\\/\\\/cmvsf2.org\\\/web\\\/?s={search_term_string}\"},\"query-input\":{\"@type\":\"PropertyValueSpecification\",\"valueRequired\":true,\"valueName\":\"search_term_string\"}}],\"inLanguage\":\"es\"},{\"@type\":\"Organization\",\"@id\":\"https:\\\/\\\/cmvsf2.org\\\/web\\\/#organization\",\"name\":\"Colegio De Veterinarios De Santa Fe 2da. Circunscripci\u00f3n\",\"url\":\"https:\\\/\\\/cmvsf2.org\\\/web\\\/\",\"logo\":{\"@type\":\"ImageObject\",\"inLanguage\":\"es\",\"@id\":\"https:\\\/\\\/cmvsf2.org\\\/web\\\/#\\\/schema\\\/logo\\\/image\\\/\",\"url\":\"http:\\\/\\\/cmvsf2.org\\\/web\\\/wp-content\\\/uploads\\\/2020\\\/03\\\/vector-logo-02.png\",\"contentUrl\":\"http:\\\/\\\/cmvsf2.org\\\/web\\\/wp-content\\\/uploads\\\/2020\\\/03\\\/vector-logo-02.png\",\"width\":2750,\"height\":642,\"caption\":\"Colegio De Veterinarios De Santa Fe 2da. Circunscripci\u00f3n\"},\"image\":{\"@id\":\"https:\\\/\\\/cmvsf2.org\\\/web\\\/#\\\/schema\\\/logo\\\/image\\\/\"}},{\"@type\":\"Person\",\"@id\":\"https:\\\/\\\/cmvsf2.org\\\/web\\\/#\\\/schema\\\/person\\\/46ea3630099a4a3df8d89f07cf5f7520\",\"name\":\"cmvsf2\",\"image\":{\"@type\":\"ImageObject\",\"inLanguage\":\"es\",\"@id\":\"https:\\\/\\\/secure.gravatar.com\\\/avatar\\\/669647b61c77f28f1aa51df04174a5ecb296e9988b4a93d2870666cd1f502cd7?s=96&d=mm&r=g\",\"url\":\"https:\\\/\\\/secure.gravatar.com\\\/avatar\\\/669647b61c77f28f1aa51df04174a5ecb296e9988b4a93d2870666cd1f502cd7?s=96&d=mm&r=g\",\"contentUrl\":\"https:\\\/\\\/secure.gravatar.com\\\/avatar\\\/669647b61c77f28f1aa51df04174a5ecb296e9988b4a93d2870666cd1f502cd7?s=96&d=mm&r=g\",\"caption\":\"cmvsf2\"}}]}<\/script>\n<!-- \/ Yoast SEO plugin. -->","yoast_head_json":{"title":"\u00a1Feliz D\u00eda de los Veterinarios y las Veterinarias! - Colegio De Veterinarios De Santa Fe 2da. Circunscripci\u00f3n","description":"Estimados\/as colegas: Este d\u00eda nos parece una ocasi\u00f3n propicia para reconocer y valorar la dedicaci\u00f3n de cada m\u00e9dico veterinario y cada m\u00e9dica","robots":{"index":"index","follow":"follow","max-snippet":"max-snippet:-1","max-image-preview":"max-image-preview:large","max-video-preview":"max-video-preview:-1"},"canonical":"https:\/\/cmvsf2.org\/web\/2023\/08\/06\/feliz-dia-de-los-veterinarios-y-las-veterinarias\/","og_locale":"es_ES","og_type":"article","og_title":"\u00a1Feliz D\u00eda de los Veterinarios y las Veterinarias! - Colegio De Veterinarios De Santa Fe 2da. Circunscripci\u00f3n","og_description":"Estimados\/as colegas: Este d\u00eda nos parece una ocasi\u00f3n propicia para reconocer y valorar la dedicaci\u00f3n de cada m\u00e9dico veterinario y cada m\u00e9dica","og_url":"https:\/\/cmvsf2.org\/web\/2023\/08\/06\/feliz-dia-de-los-veterinarios-y-las-veterinarias\/","og_site_name":"Colegio De Veterinarios De Santa Fe 2da. Circunscripci\u00f3n","article_published_time":"2023-08-06T09:00:07+00:00","og_image":[{"width":1080,"height":1080,"url":"https:\/\/cmvsf2.org\/web\/wp-content\/uploads\/2023\/08\/Diseno-sin-titulo-1.png","type":"image\/png"}],"author":"cmvsf2","twitter_card":"summary_large_image","twitter_misc":{"Escrito por":"cmvsf2","Tiempo de lectura":"1 minuto"},"schema":{"@context":"https:\/\/schema.org","@graph":[{"@type":"Article","@id":"https:\/\/cmvsf2.org\/web\/2023\/08\/06\/feliz-dia-de-los-veterinarios-y-las-veterinarias\/#article","isPartOf":{"@id":"https:\/\/cmvsf2.org\/web\/2023\/08\/06\/feliz-dia-de-los-veterinarios-y-las-veterinarias\/"},"author":{"name":"cmvsf2","@id":"https:\/\/cmvsf2.org\/web\/#\/schema\/person\/46ea3630099a4a3df8d89f07cf5f7520"},"headline":"\u00a1Feliz D\u00eda de los Veterinarios y las Veterinarias!","datePublished":"2023-08-06T09:00:07+00:00","mainEntityOfPage":{"@id":"https:\/\/cmvsf2.org\/web\/2023\/08\/06\/feliz-dia-de-los-veterinarios-y-las-veterinarias\/"},"wordCount":211,"publisher":{"@id":"https:\/\/cmvsf2.org\/web\/#organization"},"image":{"@id":"https:\/\/cmvsf2.org\/web\/2023\/08\/06\/feliz-dia-de-los-veterinarios-y-las-veterinarias\/#primaryimage"},"thumbnailUrl":"https:\/\/cmvsf2.org\/web\/wp-content\/uploads\/2023\/08\/Diseno-sin-titulo-1.png","keywords":["2023","d\u00eda del veterinario y la veterinaria"],"articleSection":["Destacada","Institucionales"],"inLanguage":"es"},{"@type":"WebPage","@id":"https:\/\/cmvsf2.org\/web\/2023\/08\/06\/feliz-dia-de-los-veterinarios-y-las-veterinarias\/","url":"https:\/\/cmvsf2.org\/web\/2023\/08\/06\/feliz-dia-de-los-veterinarios-y-las-veterinarias\/","name":"\u00a1Feliz D\u00eda de los Veterinarios y las Veterinarias! - Colegio De Veterinarios De Santa Fe 2da. Circunscripci\u00f3n","isPartOf":{"@id":"https:\/\/cmvsf2.org\/web\/#website"},"primaryImageOfPage":{"@id":"https:\/\/cmvsf2.org\/web\/2023\/08\/06\/feliz-dia-de-los-veterinarios-y-las-veterinarias\/#primaryimage"},"image":{"@id":"https:\/\/cmvsf2.org\/web\/2023\/08\/06\/feliz-dia-de-los-veterinarios-y-las-veterinarias\/#primaryimage"},"thumbnailUrl":"https:\/\/cmvsf2.org\/web\/wp-content\/uploads\/2023\/08\/Diseno-sin-titulo-1.png","datePublished":"2023-08-06T09:00:07+00:00","description":"Estimados\/as colegas: Este d\u00eda nos parece una ocasi\u00f3n propicia para reconocer y valorar la dedicaci\u00f3n de cada m\u00e9dico veterinario y cada m\u00e9dica","breadcrumb":{"@id":"https:\/\/cmvsf2.org\/web\/2023\/08\/06\/feliz-dia-de-los-veterinarios-y-las-veterinarias\/#breadcrumb"},"inLanguage":"es","potentialAction":[{"@type":"ReadAction","target":["https:\/\/cmvsf2.org\/web\/2023\/08\/06\/feliz-dia-de-los-veterinarios-y-las-veterinarias\/"]}]},{"@type":"ImageObject","inLanguage":"es","@id":"https:\/\/cmvsf2.org\/web\/2023\/08\/06\/feliz-dia-de-los-veterinarios-y-las-veterinarias\/#primaryimage","url":"https:\/\/cmvsf2.org\/web\/wp-content\/uploads\/2023\/08\/Diseno-sin-titulo-1.png","contentUrl":"https:\/\/cmvsf2.org\/web\/wp-content\/uploads\/2023\/08\/Diseno-sin-titulo-1.png","width":1080,"height":1080},{"@type":"BreadcrumbList","@id":"https:\/\/cmvsf2.org\/web\/2023\/08\/06\/feliz-dia-de-los-veterinarios-y-las-veterinarias\/#breadcrumb","itemListElement":[{"@type":"ListItem","position":1,"name":"Portada","item":"https:\/\/cmvsf2.org\/web\/"},{"@type":"ListItem","position":2,"name":"\u00a1Feliz D\u00eda de los Veterinarios y las Veterinarias!"}]},{"@type":"WebSite","@id":"https:\/\/cmvsf2.org\/web\/#website","url":"https:\/\/cmvsf2.org\/web\/","name":"Colegio De Veterinarios De Santa Fe 2da. Circunscripci\u00f3n","description":"Sitio institucional del Colegio de M\u00e9dicos Veterinario de Santa Fe 2da. Circunscripci\u00f3n","publisher":{"@id":"https:\/\/cmvsf2.org\/web\/#organization"},"potentialAction":[{"@type":"SearchAction","target":{"@type":"EntryPoint","urlTemplate":"https:\/\/cmvsf2.org\/web\/?s={search_term_string}"},"query-input":{"@type":"PropertyValueSpecification","valueRequired":true,"valueName":"search_term_string"}}],"inLanguage":"es"},{"@type":"Organization","@id":"https:\/\/cmvsf2.org\/web\/#organization","name":"Colegio De Veterinarios De Santa Fe 2da. Circunscripci\u00f3n","url":"https:\/\/cmvsf2.org\/web\/","logo":{"@type":"ImageObject","inLanguage":"es","@id":"https:\/\/cmvsf2.org\/web\/#\/schema\/logo\/image\/","url":"http:\/\/cmvsf2.org\/web\/wp-content\/uploads\/2020\/03\/vector-logo-02.png","contentUrl":"http:\/\/cmvsf2.org\/web\/wp-content\/uploads\/2020\/03\/vector-logo-02.png","width":2750,"height":642,"caption":"Colegio De Veterinarios De Santa Fe 2da. Circunscripci\u00f3n"},"image":{"@id":"https:\/\/cmvsf2.org\/web\/#\/schema\/logo\/image\/"}},{"@type":"Person","@id":"https:\/\/cmvsf2.org\/web\/#\/schema\/person\/46ea3630099a4a3df8d89f07cf5f7520","name":"cmvsf2","image":{"@type":"ImageObject","inLanguage":"es","@id":"https:\/\/secure.gravatar.com\/avatar\/669647b61c77f28f1aa51df04174a5ecb296e9988b4a93d2870666cd1f502cd7?s=96&d=mm&r=g","url":"https:\/\/secure.gravatar.com\/avatar\/669647b61c77f28f1aa51df04174a5ecb296e9988b4a93d2870666cd1f502cd7?s=96&d=mm&r=g","contentUrl":"https:\/\/secure.gravatar.com\/avatar\/669647b61c77f28f1aa51df04174a5ecb296e9988b4a93d2870666cd1f502cd7?s=96&d=mm&r=g","caption":"cmvsf2"}}]}},"_links":{"self":[{"href":"https:\/\/cmvsf2.org\/web\/wp-json\/wp\/v2\/posts\/33826","targetHints":{"allow":["GET"]}}],"collection":[{"href":"https:\/\/cmvsf2.org\/web\/wp-json\/wp\/v2\/posts"}],"about":[{"href":"https:\/\/cmvsf2.org\/web\/wp-json\/wp\/v2\/types\/post"}],"author":[{"embeddable":true,"href":"https:\/\/cmvsf2.org\/web\/wp-json\/wp\/v2\/users\/3"}],"replies":[{"embeddable":true,"href":"https:\/\/cmvsf2.org\/web\/wp-json\/wp\/v2\/comments?post=33826"}],"version-history":[{"count":2,"href":"https:\/\/cmvsf2.org\/web\/wp-json\/wp\/v2\/posts\/33826\/revisions"}],"predecessor-version":[{"id":33829,"href":"https:\/\/cmvsf2.org\/web\/wp-json\/wp\/v2\/posts\/33826\/revisions\/33829"}],"wp:featuredmedia":[{"embeddable":true,"href":"https:\/\/cmvsf2.org\/web\/wp-json\/wp\/v2\/media\/33827"}],"wp:attachment":[{"href":"https:\/\/cmvsf2.org\/web\/wp-json\/wp\/v2\/media?parent=33826"}],"wp:term":[{"taxonomy":"category","embeddable":true,"href":"https:\/\/cmvsf2.org\/web\/wp-json\/wp\/v2\/categories?post=33826"},{"taxonomy":"post_tag","embeddable":true,"href":"https:\/\/cmvsf2.org\/web\/wp-json\/wp\/v2\/tags?post=33826"}],"curies":[{"name":"wp","href":"https:\/\/api.w.org\/{rel}","templated":true}]}}