{"id":33820,"date":"2023-07-31T15:16:09","date_gmt":"2023-07-31T18:16:09","guid":{"rendered":"https:\/\/cmvsf2.org\/web\/?p=33820"},"modified":"2023-07-31T15:16:09","modified_gmt":"2023-07-31T18:16:09","slug":"se-realizo-la-xxxv-jornada-de-formacion-continua-para-corresponsables-sanitarios-en-firmat","status":"publish","type":"post","link":"https:\/\/cmvsf2.org\/web\/2023\/07\/31\/se-realizo-la-xxxv-jornada-de-formacion-continua-para-corresponsables-sanitarios-en-firmat\/","title":{"rendered":"Se realiz\u00f3 la XXXV Jornada de Formaci\u00f3n Continua para Corresponsables Sanitarios en Firmat"},"content":{"rendered":"<p>El pasado viernes 21 de julio se realiz\u00f3 la XXXV Jornada de Formaci\u00f3n Continua para Corresponsables Sanitarios en el Sal\u00f3n Cultural de la Municipalidad de Firmat. Durante la jornada, cuya modalidad fue presencial, se desarrollaron las siguientes disertaciones, todas ellas con un alto nivel t\u00e9cnico y buena repercusi\u00f3n entre los asistentes:<\/p>\n<p>\u00abAgua y Salud\u00bb \u2013 a cargo del M.V. Ricardo Sager<\/p>\n<p>\u00abAguadas para ganader\u00eda seg\u00fan los ambientes\u00bb \u2013 a cargo del Ing. H\u00eddr. Mario Basan Nikish<\/p>\n<p>\u00abEl ma\u00edz en la dieta de terminaci\u00f3n\u00bb \u2013 a cargo del M.V. Juan Testa<\/p>\n<p>La actividad cont\u00f3 con 130 inscriptos y finaliz\u00f3 con un lunch de camarader\u00eda.<\/p>\n<p>La Mesa Directiva del CMVSF2 agradece una vez m\u00e1s a quienes estuvieron a cargo de la organizaci\u00f3n, como as\u00ed tambi\u00e9n a la Municipalidad de Firmat, a Agricultores Federados Argentinos y al Laboratorio Bioter, que hicieron posible tan grata jornada.<\/p>\n","protected":false},"excerpt":{"rendered":"<p>El pasado viernes 21 de julio se realiz\u00f3 la XXXV Jornada de Formaci\u00f3n Continua para Corresponsables Sanitarios en el Sal\u00f3n Cultural de la Municipalidad de Firmat. Durante la jornada, cuya modalidad fue presencial, se desarrollaron las siguientes disertaciones, todas ellas con un alto nivel t\u00e9cnico y buena repercusi\u00f3n entre los asistentes: \u00abAgua y Salud\u00bb \u2013 a cargo del M.V. Ricardo Sager \u00abAguadas para ganader\u00eda [&hellip;]<\/p>\n","protected":false},"author":3,"featured_media":33821,"comment_status":"closed","ping_status":"closed","sticky":false,"template":"","format":"standard","meta":{"_acf_changed":false,"footnotes":""},"categories":[343,35,430],"tags":[],"class_list":["post-33820","post","type-post","status-publish","format-standard","has-post-thumbnail","hentry","category-destacada","category-formacion","category-ganaderia"],"acf":[],"yoast_head":"<!-- This site is optimized with the Yoast SEO plugin v28.2 - https:\/\/yoast.com\/product\/yoast-seo-wordpress\/ -->\n<title>Se realiz\u00f3 la XXXV Jornada de Formaci\u00f3n Continua para Corresponsables Sanitarios en Firmat - Colegio De Veterinarios De Santa Fe 2da. Circunscripci\u00f3n<\/title>\n<meta name=\"description\" content=\"El pasado viernes 21 de julio se realiz\u00f3 la XXXV Jornada de Formaci\u00f3n Continua para Corresponsables Sanitarios en el Sal\u00f3n Cultural de la Municipalidad de\" \/>\n<meta name=\"robots\" content=\"index, follow, max-snippet:-1, max-image-preview:large, max-video-preview:-1\" \/>\n<link rel=\"canonical\" href=\"https:\/\/cmvsf2.org\/web\/2023\/07\/31\/se-realizo-la-xxxv-jornada-de-formacion-continua-para-corresponsables-sanitarios-en-firmat\/\" \/>\n<meta property=\"og:locale\" content=\"es_ES\" \/>\n<meta property=\"og:type\" content=\"article\" \/>\n<meta property=\"og:title\" content=\"Se realiz\u00f3 la XXXV Jornada de Formaci\u00f3n Continua para Corresponsables Sanitarios en Firmat - Colegio De Veterinarios De Santa Fe 2da. Circunscripci\u00f3n\" \/>\n<meta property=\"og:description\" content=\"El pasado viernes 21 de julio se realiz\u00f3 la XXXV Jornada de Formaci\u00f3n Continua para Corresponsables Sanitarios en el Sal\u00f3n Cultural de la Municipalidad de\" \/>\n<meta property=\"og:url\" content=\"https:\/\/cmvsf2.org\/web\/2023\/07\/31\/se-realizo-la-xxxv-jornada-de-formacion-continua-para-corresponsables-sanitarios-en-firmat\/\" \/>\n<meta property=\"og:site_name\" content=\"Colegio De Veterinarios De Santa Fe 2da. Circunscripci\u00f3n\" \/>\n<meta property=\"article:published_time\" content=\"2023-07-31T18:16:09+00:00\" \/>\n<meta property=\"og:image\" content=\"https:\/\/cmvsf2.org\/web\/wp-content\/uploads\/2023\/07\/WhatsApp-Image-2023-07-24-at-16.52.55.jpeg\" \/>\n\t<meta property=\"og:image:width\" content=\"1280\" \/>\n\t<meta property=\"og:image:height\" content=\"622\" \/>\n\t<meta property=\"og:image:type\" content=\"image\/jpeg\" \/>\n<meta name=\"author\" content=\"cmvsf2\" \/>\n<meta name=\"twitter:card\" content=\"summary_large_image\" \/>\n<meta name=\"twitter:label1\" content=\"Escrito por\" \/>\n\t<meta name=\"twitter:data1\" content=\"cmvsf2\" \/>\n\t<meta name=\"twitter:label2\" content=\"Tiempo de lectura\" \/>\n\t<meta name=\"twitter:data2\" content=\"1 minuto\" \/>\n<script type=\"application\/ld+json\" class=\"yoast-schema-graph\">{\"@context\":\"https:\\\/\\\/schema.org\",\"@graph\":[{\"@type\":\"Article\",\"@id\":\"https:\\\/\\\/cmvsf2.org\\\/web\\\/2023\\\/07\\\/31\\\/se-realizo-la-xxxv-jornada-de-formacion-continua-para-corresponsables-sanitarios-en-firmat\\\/#article\",\"isPartOf\":{\"@id\":\"https:\\\/\\\/cmvsf2.org\\\/web\\\/2023\\\/07\\\/31\\\/se-realizo-la-xxxv-jornada-de-formacion-continua-para-corresponsables-sanitarios-en-firmat\\\/\"},\"author\":{\"name\":\"cmvsf2\",\"@id\":\"https:\\\/\\\/cmvsf2.org\\\/web\\\/#\\\/schema\\\/person\\\/46ea3630099a4a3df8d89f07cf5f7520\"},\"headline\":\"Se realiz\u00f3 la XXXV Jornada de Formaci\u00f3n Continua para Corresponsables Sanitarios en Firmat\",\"datePublished\":\"2023-07-31T18:16:09+00:00\",\"mainEntityOfPage\":{\"@id\":\"https:\\\/\\\/cmvsf2.org\\\/web\\\/2023\\\/07\\\/31\\\/se-realizo-la-xxxv-jornada-de-formacion-continua-para-corresponsables-sanitarios-en-firmat\\\/\"},\"wordCount\":166,\"publisher\":{\"@id\":\"https:\\\/\\\/cmvsf2.org\\\/web\\\/#organization\"},\"image\":{\"@id\":\"https:\\\/\\\/cmvsf2.org\\\/web\\\/2023\\\/07\\\/31\\\/se-realizo-la-xxxv-jornada-de-formacion-continua-para-corresponsables-sanitarios-en-firmat\\\/#primaryimage\"},\"thumbnailUrl\":\"https:\\\/\\\/cmvsf2.org\\\/web\\\/wp-content\\\/uploads\\\/2023\\\/07\\\/WhatsApp-Image-2023-07-24-at-16.52.55.jpeg\",\"articleSection\":[\"Destacada\",\"Formaci\u00f3n\",\"Ganader\u00eda\"],\"inLanguage\":\"es\"},{\"@type\":\"WebPage\",\"@id\":\"https:\\\/\\\/cmvsf2.org\\\/web\\\/2023\\\/07\\\/31\\\/se-realizo-la-xxxv-jornada-de-formacion-continua-para-corresponsables-sanitarios-en-firmat\\\/\",\"url\":\"https:\\\/\\\/cmvsf2.org\\\/web\\\/2023\\\/07\\\/31\\\/se-realizo-la-xxxv-jornada-de-formacion-continua-para-corresponsables-sanitarios-en-firmat\\\/\",\"name\":\"Se realiz\u00f3 la XXXV Jornada de Formaci\u00f3n Continua para Corresponsables Sanitarios en Firmat - Colegio De Veterinarios De Santa Fe 2da. Circunscripci\u00f3n\",\"isPartOf\":{\"@id\":\"https:\\\/\\\/cmvsf2.org\\\/web\\\/#website\"},\"primaryImageOfPage\":{\"@id\":\"https:\\\/\\\/cmvsf2.org\\\/web\\\/2023\\\/07\\\/31\\\/se-realizo-la-xxxv-jornada-de-formacion-continua-para-corresponsables-sanitarios-en-firmat\\\/#primaryimage\"},\"image\":{\"@id\":\"https:\\\/\\\/cmvsf2.org\\\/web\\\/2023\\\/07\\\/31\\\/se-realizo-la-xxxv-jornada-de-formacion-continua-para-corresponsables-sanitarios-en-firmat\\\/#primaryimage\"},\"thumbnailUrl\":\"https:\\\/\\\/cmvsf2.org\\\/web\\\/wp-content\\\/uploads\\\/2023\\\/07\\\/WhatsApp-Image-2023-07-24-at-16.52.55.jpeg\",\"datePublished\":\"2023-07-31T18:16:09+00:00\",\"description\":\"El pasado viernes 21 de julio se realiz\u00f3 la XXXV Jornada de Formaci\u00f3n Continua para Corresponsables Sanitarios en el Sal\u00f3n Cultural de la Municipalidad de\",\"breadcrumb\":{\"@id\":\"https:\\\/\\\/cmvsf2.org\\\/web\\\/2023\\\/07\\\/31\\\/se-realizo-la-xxxv-jornada-de-formacion-continua-para-corresponsables-sanitarios-en-firmat\\\/#breadcrumb\"},\"inLanguage\":\"es\",\"potentialAction\":[{\"@type\":\"ReadAction\",\"target\":[\"https:\\\/\\\/cmvsf2.org\\\/web\\\/2023\\\/07\\\/31\\\/se-realizo-la-xxxv-jornada-de-formacion-continua-para-corresponsables-sanitarios-en-firmat\\\/\"]}]},{\"@type\":\"ImageObject\",\"inLanguage\":\"es\",\"@id\":\"https:\\\/\\\/cmvsf2.org\\\/web\\\/2023\\\/07\\\/31\\\/se-realizo-la-xxxv-jornada-de-formacion-continua-para-corresponsables-sanitarios-en-firmat\\\/#primaryimage\",\"url\":\"https:\\\/\\\/cmvsf2.org\\\/web\\\/wp-content\\\/uploads\\\/2023\\\/07\\\/WhatsApp-Image-2023-07-24-at-16.52.55.jpeg\",\"contentUrl\":\"https:\\\/\\\/cmvsf2.org\\\/web\\\/wp-content\\\/uploads\\\/2023\\\/07\\\/WhatsApp-Image-2023-07-24-at-16.52.55.jpeg\",\"width\":1280,\"height\":622},{\"@type\":\"BreadcrumbList\",\"@id\":\"https:\\\/\\\/cmvsf2.org\\\/web\\\/2023\\\/07\\\/31\\\/se-realizo-la-xxxv-jornada-de-formacion-continua-para-corresponsables-sanitarios-en-firmat\\\/#breadcrumb\",\"itemListElement\":[{\"@type\":\"ListItem\",\"position\":1,\"name\":\"Portada\",\"item\":\"https:\\\/\\\/cmvsf2.org\\\/web\\\/\"},{\"@type\":\"ListItem\",\"position\":2,\"name\":\"Se realiz\u00f3 la XXXV Jornada de Formaci\u00f3n Continua para Corresponsables Sanitarios en Firmat\"}]},{\"@type\":\"WebSite\",\"@id\":\"https:\\\/\\\/cmvsf2.org\\\/web\\\/#website\",\"url\":\"https:\\\/\\\/cmvsf2.org\\\/web\\\/\",\"name\":\"Colegio De Veterinarios De Santa Fe 2da. Circunscripci\u00f3n\",\"description\":\"Sitio institucional del Colegio de M\u00e9dicos Veterinario de Santa Fe 2da. Circunscripci\u00f3n\",\"publisher\":{\"@id\":\"https:\\\/\\\/cmvsf2.org\\\/web\\\/#organization\"},\"potentialAction\":[{\"@type\":\"SearchAction\",\"target\":{\"@type\":\"EntryPoint\",\"urlTemplate\":\"https:\\\/\\\/cmvsf2.org\\\/web\\\/?s={search_term_string}\"},\"query-input\":{\"@type\":\"PropertyValueSpecification\",\"valueRequired\":true,\"valueName\":\"search_term_string\"}}],\"inLanguage\":\"es\"},{\"@type\":\"Organization\",\"@id\":\"https:\\\/\\\/cmvsf2.org\\\/web\\\/#organization\",\"name\":\"Colegio De Veterinarios De Santa Fe 2da. Circunscripci\u00f3n\",\"url\":\"https:\\\/\\\/cmvsf2.org\\\/web\\\/\",\"logo\":{\"@type\":\"ImageObject\",\"inLanguage\":\"es\",\"@id\":\"https:\\\/\\\/cmvsf2.org\\\/web\\\/#\\\/schema\\\/logo\\\/image\\\/\",\"url\":\"http:\\\/\\\/cmvsf2.org\\\/web\\\/wp-content\\\/uploads\\\/2020\\\/03\\\/vector-logo-02.png\",\"contentUrl\":\"http:\\\/\\\/cmvsf2.org\\\/web\\\/wp-content\\\/uploads\\\/2020\\\/03\\\/vector-logo-02.png\",\"width\":2750,\"height\":642,\"caption\":\"Colegio De Veterinarios De Santa Fe 2da. Circunscripci\u00f3n\"},\"image\":{\"@id\":\"https:\\\/\\\/cmvsf2.org\\\/web\\\/#\\\/schema\\\/logo\\\/image\\\/\"}},{\"@type\":\"Person\",\"@id\":\"https:\\\/\\\/cmvsf2.org\\\/web\\\/#\\\/schema\\\/person\\\/46ea3630099a4a3df8d89f07cf5f7520\",\"name\":\"cmvsf2\",\"image\":{\"@type\":\"ImageObject\",\"inLanguage\":\"es\",\"@id\":\"https:\\\/\\\/secure.gravatar.com\\\/avatar\\\/669647b61c77f28f1aa51df04174a5ecb296e9988b4a93d2870666cd1f502cd7?s=96&d=mm&r=g\",\"url\":\"https:\\\/\\\/secure.gravatar.com\\\/avatar\\\/669647b61c77f28f1aa51df04174a5ecb296e9988b4a93d2870666cd1f502cd7?s=96&d=mm&r=g\",\"contentUrl\":\"https:\\\/\\\/secure.gravatar.com\\\/avatar\\\/669647b61c77f28f1aa51df04174a5ecb296e9988b4a93d2870666cd1f502cd7?s=96&d=mm&r=g\",\"caption\":\"cmvsf2\"}}]}<\/script>\n<!-- \/ Yoast SEO plugin. -->","yoast_head_json":{"title":"Se realiz\u00f3 la XXXV Jornada de Formaci\u00f3n Continua para Corresponsables Sanitarios en Firmat - Colegio De Veterinarios De Santa Fe 2da. Circunscripci\u00f3n","description":"El pasado viernes 21 de julio se realiz\u00f3 la XXXV Jornada de Formaci\u00f3n Continua para Corresponsables Sanitarios en el Sal\u00f3n Cultural de la Municipalidad de","robots":{"index":"index","follow":"follow","max-snippet":"max-snippet:-1","max-image-preview":"max-image-preview:large","max-video-preview":"max-video-preview:-1"},"canonical":"https:\/\/cmvsf2.org\/web\/2023\/07\/31\/se-realizo-la-xxxv-jornada-de-formacion-continua-para-corresponsables-sanitarios-en-firmat\/","og_locale":"es_ES","og_type":"article","og_title":"Se realiz\u00f3 la XXXV Jornada de Formaci\u00f3n Continua para Corresponsables Sanitarios en Firmat - Colegio De Veterinarios De Santa Fe 2da. Circunscripci\u00f3n","og_description":"El pasado viernes 21 de julio se realiz\u00f3 la XXXV Jornada de Formaci\u00f3n Continua para Corresponsables Sanitarios en el Sal\u00f3n Cultural de la Municipalidad de","og_url":"https:\/\/cmvsf2.org\/web\/2023\/07\/31\/se-realizo-la-xxxv-jornada-de-formacion-continua-para-corresponsables-sanitarios-en-firmat\/","og_site_name":"Colegio De Veterinarios De Santa Fe 2da. Circunscripci\u00f3n","article_published_time":"2023-07-31T18:16:09+00:00","og_image":[{"width":1280,"height":622,"url":"https:\/\/cmvsf2.org\/web\/wp-content\/uploads\/2023\/07\/WhatsApp-Image-2023-07-24-at-16.52.55.jpeg","type":"image\/jpeg"}],"author":"cmvsf2","twitter_card":"summary_large_image","twitter_misc":{"Escrito por":"cmvsf2","Tiempo de lectura":"1 minuto"},"schema":{"@context":"https:\/\/schema.org","@graph":[{"@type":"Article","@id":"https:\/\/cmvsf2.org\/web\/2023\/07\/31\/se-realizo-la-xxxv-jornada-de-formacion-continua-para-corresponsables-sanitarios-en-firmat\/#article","isPartOf":{"@id":"https:\/\/cmvsf2.org\/web\/2023\/07\/31\/se-realizo-la-xxxv-jornada-de-formacion-continua-para-corresponsables-sanitarios-en-firmat\/"},"author":{"name":"cmvsf2","@id":"https:\/\/cmvsf2.org\/web\/#\/schema\/person\/46ea3630099a4a3df8d89f07cf5f7520"},"headline":"Se realiz\u00f3 la XXXV Jornada de Formaci\u00f3n Continua para Corresponsables Sanitarios en Firmat","datePublished":"2023-07-31T18:16:09+00:00","mainEntityOfPage":{"@id":"https:\/\/cmvsf2.org\/web\/2023\/07\/31\/se-realizo-la-xxxv-jornada-de-formacion-continua-para-corresponsables-sanitarios-en-firmat\/"},"wordCount":166,"publisher":{"@id":"https:\/\/cmvsf2.org\/web\/#organization"},"image":{"@id":"https:\/\/cmvsf2.org\/web\/2023\/07\/31\/se-realizo-la-xxxv-jornada-de-formacion-continua-para-corresponsables-sanitarios-en-firmat\/#primaryimage"},"thumbnailUrl":"https:\/\/cmvsf2.org\/web\/wp-content\/uploads\/2023\/07\/WhatsApp-Image-2023-07-24-at-16.52.55.jpeg","articleSection":["Destacada","Formaci\u00f3n","Ganader\u00eda"],"inLanguage":"es"},{"@type":"WebPage","@id":"https:\/\/cmvsf2.org\/web\/2023\/07\/31\/se-realizo-la-xxxv-jornada-de-formacion-continua-para-corresponsables-sanitarios-en-firmat\/","url":"https:\/\/cmvsf2.org\/web\/2023\/07\/31\/se-realizo-la-xxxv-jornada-de-formacion-continua-para-corresponsables-sanitarios-en-firmat\/","name":"Se realiz\u00f3 la XXXV Jornada de Formaci\u00f3n Continua para Corresponsables Sanitarios en Firmat - Colegio De Veterinarios De Santa Fe 2da. Circunscripci\u00f3n","isPartOf":{"@id":"https:\/\/cmvsf2.org\/web\/#website"},"primaryImageOfPage":{"@id":"https:\/\/cmvsf2.org\/web\/2023\/07\/31\/se-realizo-la-xxxv-jornada-de-formacion-continua-para-corresponsables-sanitarios-en-firmat\/#primaryimage"},"image":{"@id":"https:\/\/cmvsf2.org\/web\/2023\/07\/31\/se-realizo-la-xxxv-jornada-de-formacion-continua-para-corresponsables-sanitarios-en-firmat\/#primaryimage"},"thumbnailUrl":"https:\/\/cmvsf2.org\/web\/wp-content\/uploads\/2023\/07\/WhatsApp-Image-2023-07-24-at-16.52.55.jpeg","datePublished":"2023-07-31T18:16:09+00:00","description":"El pasado viernes 21 de julio se realiz\u00f3 la XXXV Jornada de Formaci\u00f3n Continua para Corresponsables Sanitarios en el Sal\u00f3n Cultural de la Municipalidad de","breadcrumb":{"@id":"https:\/\/cmvsf2.org\/web\/2023\/07\/31\/se-realizo-la-xxxv-jornada-de-formacion-continua-para-corresponsables-sanitarios-en-firmat\/#breadcrumb"},"inLanguage":"es","potentialAction":[{"@type":"ReadAction","target":["https:\/\/cmvsf2.org\/web\/2023\/07\/31\/se-realizo-la-xxxv-jornada-de-formacion-continua-para-corresponsables-sanitarios-en-firmat\/"]}]},{"@type":"ImageObject","inLanguage":"es","@id":"https:\/\/cmvsf2.org\/web\/2023\/07\/31\/se-realizo-la-xxxv-jornada-de-formacion-continua-para-corresponsables-sanitarios-en-firmat\/#primaryimage","url":"https:\/\/cmvsf2.org\/web\/wp-content\/uploads\/2023\/07\/WhatsApp-Image-2023-07-24-at-16.52.55.jpeg","contentUrl":"https:\/\/cmvsf2.org\/web\/wp-content\/uploads\/2023\/07\/WhatsApp-Image-2023-07-24-at-16.52.55.jpeg","width":1280,"height":622},{"@type":"BreadcrumbList","@id":"https:\/\/cmvsf2.org\/web\/2023\/07\/31\/se-realizo-la-xxxv-jornada-de-formacion-continua-para-corresponsables-sanitarios-en-firmat\/#breadcrumb","itemListElement":[{"@type":"ListItem","position":1,"name":"Portada","item":"https:\/\/cmvsf2.org\/web\/"},{"@type":"ListItem","position":2,"name":"Se realiz\u00f3 la XXXV Jornada de Formaci\u00f3n Continua para Corresponsables Sanitarios en Firmat"}]},{"@type":"WebSite","@id":"https:\/\/cmvsf2.org\/web\/#website","url":"https:\/\/cmvsf2.org\/web\/","name":"Colegio De Veterinarios De Santa Fe 2da. Circunscripci\u00f3n","description":"Sitio institucional del Colegio de M\u00e9dicos Veterinario de Santa Fe 2da. Circunscripci\u00f3n","publisher":{"@id":"https:\/\/cmvsf2.org\/web\/#organization"},"potentialAction":[{"@type":"SearchAction","target":{"@type":"EntryPoint","urlTemplate":"https:\/\/cmvsf2.org\/web\/?s={search_term_string}"},"query-input":{"@type":"PropertyValueSpecification","valueRequired":true,"valueName":"search_term_string"}}],"inLanguage":"es"},{"@type":"Organization","@id":"https:\/\/cmvsf2.org\/web\/#organization","name":"Colegio De Veterinarios De Santa Fe 2da. Circunscripci\u00f3n","url":"https:\/\/cmvsf2.org\/web\/","logo":{"@type":"ImageObject","inLanguage":"es","@id":"https:\/\/cmvsf2.org\/web\/#\/schema\/logo\/image\/","url":"http:\/\/cmvsf2.org\/web\/wp-content\/uploads\/2020\/03\/vector-logo-02.png","contentUrl":"http:\/\/cmvsf2.org\/web\/wp-content\/uploads\/2020\/03\/vector-logo-02.png","width":2750,"height":642,"caption":"Colegio De Veterinarios De Santa Fe 2da. Circunscripci\u00f3n"},"image":{"@id":"https:\/\/cmvsf2.org\/web\/#\/schema\/logo\/image\/"}},{"@type":"Person","@id":"https:\/\/cmvsf2.org\/web\/#\/schema\/person\/46ea3630099a4a3df8d89f07cf5f7520","name":"cmvsf2","image":{"@type":"ImageObject","inLanguage":"es","@id":"https:\/\/secure.gravatar.com\/avatar\/669647b61c77f28f1aa51df04174a5ecb296e9988b4a93d2870666cd1f502cd7?s=96&d=mm&r=g","url":"https:\/\/secure.gravatar.com\/avatar\/669647b61c77f28f1aa51df04174a5ecb296e9988b4a93d2870666cd1f502cd7?s=96&d=mm&r=g","contentUrl":"https:\/\/secure.gravatar.com\/avatar\/669647b61c77f28f1aa51df04174a5ecb296e9988b4a93d2870666cd1f502cd7?s=96&d=mm&r=g","caption":"cmvsf2"}}]}},"_links":{"self":[{"href":"https:\/\/cmvsf2.org\/web\/wp-json\/wp\/v2\/posts\/33820","targetHints":{"allow":["GET"]}}],"collection":[{"href":"https:\/\/cmvsf2.org\/web\/wp-json\/wp\/v2\/posts"}],"about":[{"href":"https:\/\/cmvsf2.org\/web\/wp-json\/wp\/v2\/types\/post"}],"author":[{"embeddable":true,"href":"https:\/\/cmvsf2.org\/web\/wp-json\/wp\/v2\/users\/3"}],"replies":[{"embeddable":true,"href":"https:\/\/cmvsf2.org\/web\/wp-json\/wp\/v2\/comments?post=33820"}],"version-history":[{"count":1,"href":"https:\/\/cmvsf2.org\/web\/wp-json\/wp\/v2\/posts\/33820\/revisions"}],"predecessor-version":[{"id":33822,"href":"https:\/\/cmvsf2.org\/web\/wp-json\/wp\/v2\/posts\/33820\/revisions\/33822"}],"wp:featuredmedia":[{"embeddable":true,"href":"https:\/\/cmvsf2.org\/web\/wp-json\/wp\/v2\/media\/33821"}],"wp:attachment":[{"href":"https:\/\/cmvsf2.org\/web\/wp-json\/wp\/v2\/media?parent=33820"}],"wp:term":[{"taxonomy":"category","embeddable":true,"href":"https:\/\/cmvsf2.org\/web\/wp-json\/wp\/v2\/categories?post=33820"},{"taxonomy":"post_tag","embeddable":true,"href":"https:\/\/cmvsf2.org\/web\/wp-json\/wp\/v2\/tags?post=33820"}],"curies":[{"name":"wp","href":"https:\/\/api.w.org\/{rel}","templated":true}]}}