{"id":33739,"date":"2023-06-08T13:49:57","date_gmt":"2023-06-08T16:49:57","guid":{"rendered":"https:\/\/cmvsf2.org\/web\/?p=33739"},"modified":"2023-06-08T13:49:57","modified_gmt":"2023-06-08T16:49:57","slug":"gracias-a-quienes-se-sumaron-al-primer-taller-sobre-salud-mental-en-la-profesion-veterinaria","status":"publish","type":"post","link":"https:\/\/cmvsf2.org\/web\/2023\/06\/08\/gracias-a-quienes-se-sumaron-al-primer-taller-sobre-salud-mental-en-la-profesion-veterinaria\/","title":{"rendered":"Gracias a quienes se sumaron al primer taller sobre \u00abSalud Mental en la Profesi\u00f3n Veterinaria\u00bb"},"content":{"rendered":"<div class=\"\" data-block=\"true\" data-editor=\"di6te\" data-offset-key=\"5gtrs-0-0\">\n<div class=\"_1mf _1mj\" data-offset-key=\"5gtrs-0-0\"><span data-offset-key=\"5gtrs-0-0\">El s\u00e1bado pasado se realiz\u00f3 en las instalaciones del CMVSF2, el primer taller sobre \u201cSalud Mental en la Profesi\u00f3n Veterinaria\u201d, con el asesoramiento del Colegio de Psic\u00f3logas y Psic\u00f3logos de la Pcia. de Santa Fe 2\u00ba Circunscripci\u00f3n, dedicado a la querida colega Ivana Pignalitti.<\/span><\/div>\n<\/div>\n<div class=\"\" data-block=\"true\" data-editor=\"di6te\" data-offset-key=\"9p4ub-0-0\">\n<div class=\"_1mf _1mj\" data-offset-key=\"9p4ub-0-0\"><span data-offset-key=\"9p4ub-0-0\">\u00a0<\/span><\/div>\n<\/div>\n<div class=\"\" data-block=\"true\" data-editor=\"di6te\" data-offset-key=\"4k80a-0-0\">\n<div class=\"_1mf _1mj\" data-offset-key=\"4k80a-0-0\"><span data-offset-key=\"4k80a-0-0\">El mismo cont\u00f3 con la participaci\u00f3n de 30 colegas y la coordinaci\u00f3n de la Ps. Estefan\u00eda Gonz\u00e1lez y el Ps. Andr\u00e9s Zorrilla.<\/span><\/div>\n<\/div>\n<div class=\"\" data-block=\"true\" data-editor=\"di6te\" data-offset-key=\"9pi7s-0-0\">\n<div class=\"_1mf _1mj\" data-offset-key=\"9pi7s-0-0\"><span data-offset-key=\"9pi7s-0-0\">\u00a0<\/span><\/div>\n<\/div>\n<div class=\"\" data-block=\"true\" data-editor=\"di6te\" data-offset-key=\"ffoak-0-0\">\n<div class=\"_1mf _1mj\" data-offset-key=\"ffoak-0-0\"><span data-offset-key=\"ffoak-0-0\">La Mesa Directiva del CMVSF2, organizadora de la actividad, destaca que se trat\u00f3 de \u201cuna jornada de reflexi\u00f3n e intercambio entre colegas acerca de las dificultades y situaciones conflictivas o estresantes que encuentran a diario en su quehacer profesional y que pueden llevar a sufrir estados de ansiedad, frustraci\u00f3n, falta de motivaci\u00f3n o incluso depresi\u00f3n\u201d.<\/span><\/div>\n<\/div>\n<div class=\"\" data-block=\"true\" data-editor=\"di6te\" data-offset-key=\"egl26-0-0\">\n<div class=\"_1mf _1mj\" data-offset-key=\"egl26-0-0\"><span data-offset-key=\"egl26-0-0\">\u00a0<\/span><\/div>\n<\/div>\n<div class=\"\" data-block=\"true\" data-editor=\"di6te\" data-offset-key=\"7119n-0-0\">\n<div class=\"_1mf _1mj\" data-offset-key=\"7119n-0-0\"><span data-offset-key=\"7119n-0-0\">Asimismo, agradece especialmente \u201cel trabajo conjunto de los dos colegios profesionales de la provincia de Santa Fe como as\u00ed tambi\u00e9n la activa participaci\u00f3n de todos y todas\u201d.<\/span><\/div>\n<\/div>\n<div class=\"\" data-block=\"true\" data-editor=\"di6te\" data-offset-key=\"9f104-0-0\">\n<div class=\"_1mf _1mj\" data-offset-key=\"9f104-0-0\"><span data-offset-key=\"9f104-0-0\">\u00a0<\/span><\/div>\n<\/div>\n<div class=\"\" data-block=\"true\" data-editor=\"di6te\" data-offset-key=\"1nku5-0-0\">\n<div class=\"_1mf _1mj\" data-offset-key=\"1nku5-0-0\"><span data-offset-key=\"1nku5-0-0\">Debido a la gran demanda generada por esta primera edici\u00f3n y a la valoraci\u00f3n positiva de quienes participaron, se est\u00e1 trabajando en la organizaci\u00f3n de un nuevo taller con similares caracter\u00edsticas que se est\u00e1 considerando hacer en distintas localidades y en los pr\u00f3ximos meses.<\/span><\/div>\n<\/div>\n","protected":false},"excerpt":{"rendered":"<p>El s\u00e1bado pasado se realiz\u00f3 en las instalaciones del CMVSF2, el primer taller sobre \u201cSalud Mental en la Profesi\u00f3n Veterinaria\u201d, con el asesoramiento del Colegio de Psic\u00f3logas y Psic\u00f3logos de la Pcia. de Santa Fe 2\u00ba Circunscripci\u00f3n, dedicado a la querida colega Ivana Pignalitti. \u00a0 El mismo cont\u00f3 con la participaci\u00f3n de 30 colegas y la coordinaci\u00f3n de la Ps. Estefan\u00eda Gonz\u00e1lez y el [&hellip;]<\/p>\n","protected":false},"author":3,"featured_media":33740,"comment_status":"closed","ping_status":"closed","sticky":false,"template":"","format":"standard","meta":{"_acf_changed":false,"footnotes":""},"categories":[343,35,345],"tags":[925,932],"class_list":["post-33739","post","type-post","status-publish","format-standard","has-post-thumbnail","hentry","category-destacada","category-formacion","category-institucionales","tag-salud-mental","tag-taller-psicologia"],"acf":[],"yoast_head":"<!-- This site is optimized with the Yoast SEO plugin v28.2 - https:\/\/yoast.com\/product\/yoast-seo-wordpress\/ -->\n<title>Gracias a quienes se sumaron al primer taller sobre &quot;Salud Mental en la Profesi\u00f3n Veterinaria&quot; - Colegio De Veterinarios De Santa Fe 2da. Circunscripci\u00f3n<\/title>\n<meta name=\"description\" content=\"El s\u00e1bado pasado se realiz\u00f3 en las instalaciones del CMVSF2, el primer taller sobre \u201cSalud Mental en la Profesi\u00f3n Veterinaria\u201d, con el asesoramiento del\" \/>\n<meta name=\"robots\" content=\"index, follow, max-snippet:-1, max-image-preview:large, max-video-preview:-1\" \/>\n<link rel=\"canonical\" href=\"https:\/\/cmvsf2.org\/web\/2023\/06\/08\/gracias-a-quienes-se-sumaron-al-primer-taller-sobre-salud-mental-en-la-profesion-veterinaria\/\" \/>\n<meta property=\"og:locale\" content=\"es_ES\" \/>\n<meta property=\"og:type\" content=\"article\" \/>\n<meta property=\"og:title\" content=\"Gracias a quienes se sumaron al primer taller sobre &quot;Salud Mental en la Profesi\u00f3n Veterinaria&quot; - Colegio De Veterinarios De Santa Fe 2da. Circunscripci\u00f3n\" \/>\n<meta property=\"og:description\" content=\"El s\u00e1bado pasado se realiz\u00f3 en las instalaciones del CMVSF2, el primer taller sobre \u201cSalud Mental en la Profesi\u00f3n Veterinaria\u201d, con el asesoramiento del\" \/>\n<meta property=\"og:url\" content=\"https:\/\/cmvsf2.org\/web\/2023\/06\/08\/gracias-a-quienes-se-sumaron-al-primer-taller-sobre-salud-mental-en-la-profesion-veterinaria\/\" \/>\n<meta property=\"og:site_name\" content=\"Colegio De Veterinarios De Santa Fe 2da. Circunscripci\u00f3n\" \/>\n<meta property=\"article:published_time\" content=\"2023-06-08T16:49:57+00:00\" \/>\n<meta property=\"og:image\" content=\"https:\/\/cmvsf2.org\/web\/wp-content\/uploads\/2023\/06\/WhatsApp-Image-2023-06-05-at-09.11.24.jpeg\" \/>\n\t<meta property=\"og:image:width\" content=\"1600\" \/>\n\t<meta property=\"og:image:height\" content=\"900\" \/>\n\t<meta property=\"og:image:type\" content=\"image\/jpeg\" \/>\n<meta name=\"author\" content=\"cmvsf2\" \/>\n<meta name=\"twitter:card\" content=\"summary_large_image\" \/>\n<meta name=\"twitter:label1\" content=\"Escrito por\" \/>\n\t<meta name=\"twitter:data1\" content=\"cmvsf2\" \/>\n\t<meta name=\"twitter:label2\" content=\"Tiempo de lectura\" \/>\n\t<meta name=\"twitter:data2\" content=\"1 minuto\" \/>\n<script type=\"application\/ld+json\" class=\"yoast-schema-graph\">{\"@context\":\"https:\\\/\\\/schema.org\",\"@graph\":[{\"@type\":\"Article\",\"@id\":\"https:\\\/\\\/cmvsf2.org\\\/web\\\/2023\\\/06\\\/08\\\/gracias-a-quienes-se-sumaron-al-primer-taller-sobre-salud-mental-en-la-profesion-veterinaria\\\/#article\",\"isPartOf\":{\"@id\":\"https:\\\/\\\/cmvsf2.org\\\/web\\\/2023\\\/06\\\/08\\\/gracias-a-quienes-se-sumaron-al-primer-taller-sobre-salud-mental-en-la-profesion-veterinaria\\\/\"},\"author\":{\"name\":\"cmvsf2\",\"@id\":\"https:\\\/\\\/cmvsf2.org\\\/web\\\/#\\\/schema\\\/person\\\/46ea3630099a4a3df8d89f07cf5f7520\"},\"headline\":\"Gracias a quienes se sumaron al primer taller sobre \u00abSalud Mental en la Profesi\u00f3n Veterinaria\u00bb\",\"datePublished\":\"2023-06-08T16:49:57+00:00\",\"mainEntityOfPage\":{\"@id\":\"https:\\\/\\\/cmvsf2.org\\\/web\\\/2023\\\/06\\\/08\\\/gracias-a-quienes-se-sumaron-al-primer-taller-sobre-salud-mental-en-la-profesion-veterinaria\\\/\"},\"wordCount\":227,\"publisher\":{\"@id\":\"https:\\\/\\\/cmvsf2.org\\\/web\\\/#organization\"},\"image\":{\"@id\":\"https:\\\/\\\/cmvsf2.org\\\/web\\\/2023\\\/06\\\/08\\\/gracias-a-quienes-se-sumaron-al-primer-taller-sobre-salud-mental-en-la-profesion-veterinaria\\\/#primaryimage\"},\"thumbnailUrl\":\"https:\\\/\\\/cmvsf2.org\\\/web\\\/wp-content\\\/uploads\\\/2023\\\/06\\\/WhatsApp-Image-2023-06-05-at-09.11.24.jpeg\",\"keywords\":[\"salud mental\",\"taller psicolog\u00eda\"],\"articleSection\":[\"Destacada\",\"Formaci\u00f3n\",\"Institucionales\"],\"inLanguage\":\"es\"},{\"@type\":\"WebPage\",\"@id\":\"https:\\\/\\\/cmvsf2.org\\\/web\\\/2023\\\/06\\\/08\\\/gracias-a-quienes-se-sumaron-al-primer-taller-sobre-salud-mental-en-la-profesion-veterinaria\\\/\",\"url\":\"https:\\\/\\\/cmvsf2.org\\\/web\\\/2023\\\/06\\\/08\\\/gracias-a-quienes-se-sumaron-al-primer-taller-sobre-salud-mental-en-la-profesion-veterinaria\\\/\",\"name\":\"Gracias a quienes se sumaron al primer taller sobre \\\"Salud Mental en la Profesi\u00f3n Veterinaria\\\" - Colegio De Veterinarios De Santa Fe 2da. Circunscripci\u00f3n\",\"isPartOf\":{\"@id\":\"https:\\\/\\\/cmvsf2.org\\\/web\\\/#website\"},\"primaryImageOfPage\":{\"@id\":\"https:\\\/\\\/cmvsf2.org\\\/web\\\/2023\\\/06\\\/08\\\/gracias-a-quienes-se-sumaron-al-primer-taller-sobre-salud-mental-en-la-profesion-veterinaria\\\/#primaryimage\"},\"image\":{\"@id\":\"https:\\\/\\\/cmvsf2.org\\\/web\\\/2023\\\/06\\\/08\\\/gracias-a-quienes-se-sumaron-al-primer-taller-sobre-salud-mental-en-la-profesion-veterinaria\\\/#primaryimage\"},\"thumbnailUrl\":\"https:\\\/\\\/cmvsf2.org\\\/web\\\/wp-content\\\/uploads\\\/2023\\\/06\\\/WhatsApp-Image-2023-06-05-at-09.11.24.jpeg\",\"datePublished\":\"2023-06-08T16:49:57+00:00\",\"description\":\"El s\u00e1bado pasado se realiz\u00f3 en las instalaciones del CMVSF2, el primer taller sobre \u201cSalud Mental en la Profesi\u00f3n Veterinaria\u201d, con el asesoramiento del\",\"breadcrumb\":{\"@id\":\"https:\\\/\\\/cmvsf2.org\\\/web\\\/2023\\\/06\\\/08\\\/gracias-a-quienes-se-sumaron-al-primer-taller-sobre-salud-mental-en-la-profesion-veterinaria\\\/#breadcrumb\"},\"inLanguage\":\"es\",\"potentialAction\":[{\"@type\":\"ReadAction\",\"target\":[\"https:\\\/\\\/cmvsf2.org\\\/web\\\/2023\\\/06\\\/08\\\/gracias-a-quienes-se-sumaron-al-primer-taller-sobre-salud-mental-en-la-profesion-veterinaria\\\/\"]}]},{\"@type\":\"ImageObject\",\"inLanguage\":\"es\",\"@id\":\"https:\\\/\\\/cmvsf2.org\\\/web\\\/2023\\\/06\\\/08\\\/gracias-a-quienes-se-sumaron-al-primer-taller-sobre-salud-mental-en-la-profesion-veterinaria\\\/#primaryimage\",\"url\":\"https:\\\/\\\/cmvsf2.org\\\/web\\\/wp-content\\\/uploads\\\/2023\\\/06\\\/WhatsApp-Image-2023-06-05-at-09.11.24.jpeg\",\"contentUrl\":\"https:\\\/\\\/cmvsf2.org\\\/web\\\/wp-content\\\/uploads\\\/2023\\\/06\\\/WhatsApp-Image-2023-06-05-at-09.11.24.jpeg\",\"width\":1600,\"height\":900},{\"@type\":\"BreadcrumbList\",\"@id\":\"https:\\\/\\\/cmvsf2.org\\\/web\\\/2023\\\/06\\\/08\\\/gracias-a-quienes-se-sumaron-al-primer-taller-sobre-salud-mental-en-la-profesion-veterinaria\\\/#breadcrumb\",\"itemListElement\":[{\"@type\":\"ListItem\",\"position\":1,\"name\":\"Portada\",\"item\":\"https:\\\/\\\/cmvsf2.org\\\/web\\\/\"},{\"@type\":\"ListItem\",\"position\":2,\"name\":\"Gracias a quienes se sumaron al primer taller sobre \u00abSalud Mental en la Profesi\u00f3n Veterinaria\u00bb\"}]},{\"@type\":\"WebSite\",\"@id\":\"https:\\\/\\\/cmvsf2.org\\\/web\\\/#website\",\"url\":\"https:\\\/\\\/cmvsf2.org\\\/web\\\/\",\"name\":\"Colegio De Veterinarios De Santa Fe 2da. Circunscripci\u00f3n\",\"description\":\"Sitio institucional del Colegio de M\u00e9dicos Veterinario de Santa Fe 2da. Circunscripci\u00f3n\",\"publisher\":{\"@id\":\"https:\\\/\\\/cmvsf2.org\\\/web\\\/#organization\"},\"potentialAction\":[{\"@type\":\"SearchAction\",\"target\":{\"@type\":\"EntryPoint\",\"urlTemplate\":\"https:\\\/\\\/cmvsf2.org\\\/web\\\/?s={search_term_string}\"},\"query-input\":{\"@type\":\"PropertyValueSpecification\",\"valueRequired\":true,\"valueName\":\"search_term_string\"}}],\"inLanguage\":\"es\"},{\"@type\":\"Organization\",\"@id\":\"https:\\\/\\\/cmvsf2.org\\\/web\\\/#organization\",\"name\":\"Colegio De Veterinarios De Santa Fe 2da. Circunscripci\u00f3n\",\"url\":\"https:\\\/\\\/cmvsf2.org\\\/web\\\/\",\"logo\":{\"@type\":\"ImageObject\",\"inLanguage\":\"es\",\"@id\":\"https:\\\/\\\/cmvsf2.org\\\/web\\\/#\\\/schema\\\/logo\\\/image\\\/\",\"url\":\"http:\\\/\\\/cmvsf2.org\\\/web\\\/wp-content\\\/uploads\\\/2020\\\/03\\\/vector-logo-02.png\",\"contentUrl\":\"http:\\\/\\\/cmvsf2.org\\\/web\\\/wp-content\\\/uploads\\\/2020\\\/03\\\/vector-logo-02.png\",\"width\":2750,\"height\":642,\"caption\":\"Colegio De Veterinarios De Santa Fe 2da. Circunscripci\u00f3n\"},\"image\":{\"@id\":\"https:\\\/\\\/cmvsf2.org\\\/web\\\/#\\\/schema\\\/logo\\\/image\\\/\"}},{\"@type\":\"Person\",\"@id\":\"https:\\\/\\\/cmvsf2.org\\\/web\\\/#\\\/schema\\\/person\\\/46ea3630099a4a3df8d89f07cf5f7520\",\"name\":\"cmvsf2\",\"image\":{\"@type\":\"ImageObject\",\"inLanguage\":\"es\",\"@id\":\"https:\\\/\\\/secure.gravatar.com\\\/avatar\\\/669647b61c77f28f1aa51df04174a5ecb296e9988b4a93d2870666cd1f502cd7?s=96&d=mm&r=g\",\"url\":\"https:\\\/\\\/secure.gravatar.com\\\/avatar\\\/669647b61c77f28f1aa51df04174a5ecb296e9988b4a93d2870666cd1f502cd7?s=96&d=mm&r=g\",\"contentUrl\":\"https:\\\/\\\/secure.gravatar.com\\\/avatar\\\/669647b61c77f28f1aa51df04174a5ecb296e9988b4a93d2870666cd1f502cd7?s=96&d=mm&r=g\",\"caption\":\"cmvsf2\"}}]}<\/script>\n<!-- \/ Yoast SEO plugin. -->","yoast_head_json":{"title":"Gracias a quienes se sumaron al primer taller sobre \"Salud Mental en la Profesi\u00f3n Veterinaria\" - Colegio De Veterinarios De Santa Fe 2da. Circunscripci\u00f3n","description":"El s\u00e1bado pasado se realiz\u00f3 en las instalaciones del CMVSF2, el primer taller sobre \u201cSalud Mental en la Profesi\u00f3n Veterinaria\u201d, con el asesoramiento del","robots":{"index":"index","follow":"follow","max-snippet":"max-snippet:-1","max-image-preview":"max-image-preview:large","max-video-preview":"max-video-preview:-1"},"canonical":"https:\/\/cmvsf2.org\/web\/2023\/06\/08\/gracias-a-quienes-se-sumaron-al-primer-taller-sobre-salud-mental-en-la-profesion-veterinaria\/","og_locale":"es_ES","og_type":"article","og_title":"Gracias a quienes se sumaron al primer taller sobre \"Salud Mental en la Profesi\u00f3n Veterinaria\" - Colegio De Veterinarios De Santa Fe 2da. Circunscripci\u00f3n","og_description":"El s\u00e1bado pasado se realiz\u00f3 en las instalaciones del CMVSF2, el primer taller sobre \u201cSalud Mental en la Profesi\u00f3n Veterinaria\u201d, con el asesoramiento del","og_url":"https:\/\/cmvsf2.org\/web\/2023\/06\/08\/gracias-a-quienes-se-sumaron-al-primer-taller-sobre-salud-mental-en-la-profesion-veterinaria\/","og_site_name":"Colegio De Veterinarios De Santa Fe 2da. Circunscripci\u00f3n","article_published_time":"2023-06-08T16:49:57+00:00","og_image":[{"width":1600,"height":900,"url":"https:\/\/cmvsf2.org\/web\/wp-content\/uploads\/2023\/06\/WhatsApp-Image-2023-06-05-at-09.11.24.jpeg","type":"image\/jpeg"}],"author":"cmvsf2","twitter_card":"summary_large_image","twitter_misc":{"Escrito por":"cmvsf2","Tiempo de lectura":"1 minuto"},"schema":{"@context":"https:\/\/schema.org","@graph":[{"@type":"Article","@id":"https:\/\/cmvsf2.org\/web\/2023\/06\/08\/gracias-a-quienes-se-sumaron-al-primer-taller-sobre-salud-mental-en-la-profesion-veterinaria\/#article","isPartOf":{"@id":"https:\/\/cmvsf2.org\/web\/2023\/06\/08\/gracias-a-quienes-se-sumaron-al-primer-taller-sobre-salud-mental-en-la-profesion-veterinaria\/"},"author":{"name":"cmvsf2","@id":"https:\/\/cmvsf2.org\/web\/#\/schema\/person\/46ea3630099a4a3df8d89f07cf5f7520"},"headline":"Gracias a quienes se sumaron al primer taller sobre \u00abSalud Mental en la Profesi\u00f3n Veterinaria\u00bb","datePublished":"2023-06-08T16:49:57+00:00","mainEntityOfPage":{"@id":"https:\/\/cmvsf2.org\/web\/2023\/06\/08\/gracias-a-quienes-se-sumaron-al-primer-taller-sobre-salud-mental-en-la-profesion-veterinaria\/"},"wordCount":227,"publisher":{"@id":"https:\/\/cmvsf2.org\/web\/#organization"},"image":{"@id":"https:\/\/cmvsf2.org\/web\/2023\/06\/08\/gracias-a-quienes-se-sumaron-al-primer-taller-sobre-salud-mental-en-la-profesion-veterinaria\/#primaryimage"},"thumbnailUrl":"https:\/\/cmvsf2.org\/web\/wp-content\/uploads\/2023\/06\/WhatsApp-Image-2023-06-05-at-09.11.24.jpeg","keywords":["salud mental","taller psicolog\u00eda"],"articleSection":["Destacada","Formaci\u00f3n","Institucionales"],"inLanguage":"es"},{"@type":"WebPage","@id":"https:\/\/cmvsf2.org\/web\/2023\/06\/08\/gracias-a-quienes-se-sumaron-al-primer-taller-sobre-salud-mental-en-la-profesion-veterinaria\/","url":"https:\/\/cmvsf2.org\/web\/2023\/06\/08\/gracias-a-quienes-se-sumaron-al-primer-taller-sobre-salud-mental-en-la-profesion-veterinaria\/","name":"Gracias a quienes se sumaron al primer taller sobre \"Salud Mental en la Profesi\u00f3n Veterinaria\" - Colegio De Veterinarios De Santa Fe 2da. Circunscripci\u00f3n","isPartOf":{"@id":"https:\/\/cmvsf2.org\/web\/#website"},"primaryImageOfPage":{"@id":"https:\/\/cmvsf2.org\/web\/2023\/06\/08\/gracias-a-quienes-se-sumaron-al-primer-taller-sobre-salud-mental-en-la-profesion-veterinaria\/#primaryimage"},"image":{"@id":"https:\/\/cmvsf2.org\/web\/2023\/06\/08\/gracias-a-quienes-se-sumaron-al-primer-taller-sobre-salud-mental-en-la-profesion-veterinaria\/#primaryimage"},"thumbnailUrl":"https:\/\/cmvsf2.org\/web\/wp-content\/uploads\/2023\/06\/WhatsApp-Image-2023-06-05-at-09.11.24.jpeg","datePublished":"2023-06-08T16:49:57+00:00","description":"El s\u00e1bado pasado se realiz\u00f3 en las instalaciones del CMVSF2, el primer taller sobre \u201cSalud Mental en la Profesi\u00f3n Veterinaria\u201d, con el asesoramiento del","breadcrumb":{"@id":"https:\/\/cmvsf2.org\/web\/2023\/06\/08\/gracias-a-quienes-se-sumaron-al-primer-taller-sobre-salud-mental-en-la-profesion-veterinaria\/#breadcrumb"},"inLanguage":"es","potentialAction":[{"@type":"ReadAction","target":["https:\/\/cmvsf2.org\/web\/2023\/06\/08\/gracias-a-quienes-se-sumaron-al-primer-taller-sobre-salud-mental-en-la-profesion-veterinaria\/"]}]},{"@type":"ImageObject","inLanguage":"es","@id":"https:\/\/cmvsf2.org\/web\/2023\/06\/08\/gracias-a-quienes-se-sumaron-al-primer-taller-sobre-salud-mental-en-la-profesion-veterinaria\/#primaryimage","url":"https:\/\/cmvsf2.org\/web\/wp-content\/uploads\/2023\/06\/WhatsApp-Image-2023-06-05-at-09.11.24.jpeg","contentUrl":"https:\/\/cmvsf2.org\/web\/wp-content\/uploads\/2023\/06\/WhatsApp-Image-2023-06-05-at-09.11.24.jpeg","width":1600,"height":900},{"@type":"BreadcrumbList","@id":"https:\/\/cmvsf2.org\/web\/2023\/06\/08\/gracias-a-quienes-se-sumaron-al-primer-taller-sobre-salud-mental-en-la-profesion-veterinaria\/#breadcrumb","itemListElement":[{"@type":"ListItem","position":1,"name":"Portada","item":"https:\/\/cmvsf2.org\/web\/"},{"@type":"ListItem","position":2,"name":"Gracias a quienes se sumaron al primer taller sobre \u00abSalud Mental en la Profesi\u00f3n Veterinaria\u00bb"}]},{"@type":"WebSite","@id":"https:\/\/cmvsf2.org\/web\/#website","url":"https:\/\/cmvsf2.org\/web\/","name":"Colegio De Veterinarios De Santa Fe 2da. Circunscripci\u00f3n","description":"Sitio institucional del Colegio de M\u00e9dicos Veterinario de Santa Fe 2da. Circunscripci\u00f3n","publisher":{"@id":"https:\/\/cmvsf2.org\/web\/#organization"},"potentialAction":[{"@type":"SearchAction","target":{"@type":"EntryPoint","urlTemplate":"https:\/\/cmvsf2.org\/web\/?s={search_term_string}"},"query-input":{"@type":"PropertyValueSpecification","valueRequired":true,"valueName":"search_term_string"}}],"inLanguage":"es"},{"@type":"Organization","@id":"https:\/\/cmvsf2.org\/web\/#organization","name":"Colegio De Veterinarios De Santa Fe 2da. Circunscripci\u00f3n","url":"https:\/\/cmvsf2.org\/web\/","logo":{"@type":"ImageObject","inLanguage":"es","@id":"https:\/\/cmvsf2.org\/web\/#\/schema\/logo\/image\/","url":"http:\/\/cmvsf2.org\/web\/wp-content\/uploads\/2020\/03\/vector-logo-02.png","contentUrl":"http:\/\/cmvsf2.org\/web\/wp-content\/uploads\/2020\/03\/vector-logo-02.png","width":2750,"height":642,"caption":"Colegio De Veterinarios De Santa Fe 2da. Circunscripci\u00f3n"},"image":{"@id":"https:\/\/cmvsf2.org\/web\/#\/schema\/logo\/image\/"}},{"@type":"Person","@id":"https:\/\/cmvsf2.org\/web\/#\/schema\/person\/46ea3630099a4a3df8d89f07cf5f7520","name":"cmvsf2","image":{"@type":"ImageObject","inLanguage":"es","@id":"https:\/\/secure.gravatar.com\/avatar\/669647b61c77f28f1aa51df04174a5ecb296e9988b4a93d2870666cd1f502cd7?s=96&d=mm&r=g","url":"https:\/\/secure.gravatar.com\/avatar\/669647b61c77f28f1aa51df04174a5ecb296e9988b4a93d2870666cd1f502cd7?s=96&d=mm&r=g","contentUrl":"https:\/\/secure.gravatar.com\/avatar\/669647b61c77f28f1aa51df04174a5ecb296e9988b4a93d2870666cd1f502cd7?s=96&d=mm&r=g","caption":"cmvsf2"}}]}},"_links":{"self":[{"href":"https:\/\/cmvsf2.org\/web\/wp-json\/wp\/v2\/posts\/33739","targetHints":{"allow":["GET"]}}],"collection":[{"href":"https:\/\/cmvsf2.org\/web\/wp-json\/wp\/v2\/posts"}],"about":[{"href":"https:\/\/cmvsf2.org\/web\/wp-json\/wp\/v2\/types\/post"}],"author":[{"embeddable":true,"href":"https:\/\/cmvsf2.org\/web\/wp-json\/wp\/v2\/users\/3"}],"replies":[{"embeddable":true,"href":"https:\/\/cmvsf2.org\/web\/wp-json\/wp\/v2\/comments?post=33739"}],"version-history":[{"count":1,"href":"https:\/\/cmvsf2.org\/web\/wp-json\/wp\/v2\/posts\/33739\/revisions"}],"predecessor-version":[{"id":33741,"href":"https:\/\/cmvsf2.org\/web\/wp-json\/wp\/v2\/posts\/33739\/revisions\/33741"}],"wp:featuredmedia":[{"embeddable":true,"href":"https:\/\/cmvsf2.org\/web\/wp-json\/wp\/v2\/media\/33740"}],"wp:attachment":[{"href":"https:\/\/cmvsf2.org\/web\/wp-json\/wp\/v2\/media?parent=33739"}],"wp:term":[{"taxonomy":"category","embeddable":true,"href":"https:\/\/cmvsf2.org\/web\/wp-json\/wp\/v2\/categories?post=33739"},{"taxonomy":"post_tag","embeddable":true,"href":"https:\/\/cmvsf2.org\/web\/wp-json\/wp\/v2\/tags?post=33739"}],"curies":[{"name":"wp","href":"https:\/\/api.w.org\/{rel}","templated":true}]}}