{"id":33222,"date":"2022-09-07T11:57:30","date_gmt":"2022-09-07T11:57:30","guid":{"rendered":"http:\/\/cmvsf2.org\/web\/?p=33222"},"modified":"2022-09-07T11:57:30","modified_gmt":"2022-09-07T11:57:30","slug":"primer-congreso-de-medicina-veterinaria-en-santa-fe","status":"publish","type":"post","link":"https:\/\/cmvsf2.org\/web\/2022\/09\/07\/primer-congreso-de-medicina-veterinaria-en-santa-fe\/","title":{"rendered":"Primer Congreso de Medicina Veterinaria en Santa Fe"},"content":{"rendered":"<p>El CMVSF 1ra y 2da Circunscripci\u00f3n, invitan a participar de la Primera Edici\u00f3n del Congreso Veterinario de la Provincia de Santa Fe, con el objetivo de brindar un d\u00eda de capacitaciones a los profesionales de la medicina veterinaria.<\/p>\n<p>Los ejes tem\u00e1ticos ser\u00e1n sectorizados por: Animales de Compa\u00f1\u00eda, Avicultura, Equinos, Ganader\u00eda, Ovinos y Caprinos, Porcinos y Silvestres. Los disertantes y temas elegidos responden a las necesidades e intereses que presenta la profesi\u00f3n en la actualidad.<\/p>\n<p>La posibilidad de tener a disposici\u00f3n tantas salas en simult\u00e1neo, nos permitir\u00e1 llevar adelante un congreso din\u00e1mico y productivo. Cada participante podr\u00e1 capacitarse en los temas espec\u00edficos que son de su inter\u00e9s.<\/p>\n<p><strong>Fecha: S\u00e1bado 19 de noviembre<\/strong><br \/>\n<strong>Lugar: Estaci\u00f3n Belgrano (Ciudad de Santa Fe)<\/strong><br \/>\n<strong>Horario: 8:00 hs a 19:00 hs. (En pr\u00f3ximas comunicaciones estaremos enviando el programa detallado de cada sala)<\/strong><\/p>\n<p>LA PARTICIPACI\u00d3N EN LA SALA DE GANADER\u00cdA ES V\u00c1LIDA COMO ASISTENCIA PARA EL REGISTRO PROVINCIAL DE CORRESPONSABLES SANITARIOS.<\/p>\n<p><strong>EN TODAS LAS SALAS LOS CUPOS SON LIMITADOS<\/strong><\/p>\n<p>Pre inscripci\u00f3n en el siguiente link: <a href=\"https:\/\/congreso.cmvsfe1c.ar\/\">https:\/\/congreso.cmvsfe1c.ar\/<\/a><\/p>\n","protected":false},"excerpt":{"rendered":"<p>El CMVSF 1ra y 2da Circunscripci\u00f3n, invitan a participar de la Primera Edici\u00f3n del Congreso Veterinario de la Provincia de Santa Fe, con el objetivo de brindar un d\u00eda de capacitaciones a los profesionales de la medicina veterinaria. Los ejes tem\u00e1ticos ser\u00e1n sectorizados por: Animales de Compa\u00f1\u00eda, Avicultura, Equinos, Ganader\u00eda, Ovinos y Caprinos, Porcinos y Silvestres. Los disertantes y temas elegidos responden a las [&hellip;]<\/p>\n","protected":false},"author":3,"featured_media":33223,"comment_status":"open","ping_status":"open","sticky":false,"template":"","format":"standard","meta":{"_acf_changed":false,"footnotes":""},"categories":[343,35],"tags":[855,856],"class_list":["post-33222","post","type-post","status-publish","format-standard","has-post-thumbnail","hentry","category-destacada","category-formacion","tag-congreso-veterinario","tag-santa-fe"],"acf":[],"yoast_head":"<!-- This site is optimized with the Yoast SEO plugin v28.2 - https:\/\/yoast.com\/product\/yoast-seo-wordpress\/ -->\n<title>Primer Congreso de Medicina Veterinaria en Santa Fe - Colegio De Veterinarios De Santa Fe 2da. Circunscripci\u00f3n<\/title>\n<meta name=\"description\" content=\"El CMVSF 1ra y 2da Circunscripci\u00f3n, invitan a participar de la Primera Edici\u00f3n del Congreso Veterinario de la Provincia de Santa Fe, con el objetivo de\" \/>\n<meta name=\"robots\" content=\"index, follow, max-snippet:-1, max-image-preview:large, max-video-preview:-1\" \/>\n<link rel=\"canonical\" href=\"https:\/\/cmvsf2.org\/web\/2022\/09\/07\/primer-congreso-de-medicina-veterinaria-en-santa-fe\/\" \/>\n<meta property=\"og:locale\" content=\"es_ES\" \/>\n<meta property=\"og:type\" content=\"article\" \/>\n<meta property=\"og:title\" content=\"Primer Congreso de Medicina Veterinaria en Santa Fe - Colegio De Veterinarios De Santa Fe 2da. Circunscripci\u00f3n\" \/>\n<meta property=\"og:description\" content=\"El CMVSF 1ra y 2da Circunscripci\u00f3n, invitan a participar de la Primera Edici\u00f3n del Congreso Veterinario de la Provincia de Santa Fe, con el objetivo de\" \/>\n<meta property=\"og:url\" content=\"https:\/\/cmvsf2.org\/web\/2022\/09\/07\/primer-congreso-de-medicina-veterinaria-en-santa-fe\/\" \/>\n<meta property=\"og:site_name\" content=\"Colegio De Veterinarios De Santa Fe 2da. Circunscripci\u00f3n\" \/>\n<meta property=\"article:published_time\" content=\"2022-09-07T11:57:30+00:00\" \/>\n<meta property=\"og:image\" content=\"https:\/\/cmvsf2.org\/web\/wp-content\/uploads\/2022\/09\/congresos-portada.jpg\" \/>\n\t<meta property=\"og:image:width\" content=\"1600\" \/>\n\t<meta property=\"og:image:height\" content=\"602\" \/>\n\t<meta property=\"og:image:type\" content=\"image\/jpeg\" \/>\n<meta name=\"author\" content=\"cmvsf2\" \/>\n<meta name=\"twitter:card\" content=\"summary_large_image\" \/>\n<meta name=\"twitter:label1\" content=\"Escrito por\" \/>\n\t<meta name=\"twitter:data1\" content=\"cmvsf2\" \/>\n\t<meta name=\"twitter:label2\" content=\"Tiempo de lectura\" \/>\n\t<meta name=\"twitter:data2\" content=\"1 minuto\" \/>\n<script type=\"application\/ld+json\" class=\"yoast-schema-graph\">{\"@context\":\"https:\\\/\\\/schema.org\",\"@graph\":[{\"@type\":\"Article\",\"@id\":\"https:\\\/\\\/cmvsf2.org\\\/web\\\/2022\\\/09\\\/07\\\/primer-congreso-de-medicina-veterinaria-en-santa-fe\\\/#article\",\"isPartOf\":{\"@id\":\"https:\\\/\\\/cmvsf2.org\\\/web\\\/2022\\\/09\\\/07\\\/primer-congreso-de-medicina-veterinaria-en-santa-fe\\\/\"},\"author\":{\"name\":\"cmvsf2\",\"@id\":\"https:\\\/\\\/cmvsf2.org\\\/web\\\/#\\\/schema\\\/person\\\/46ea3630099a4a3df8d89f07cf5f7520\"},\"headline\":\"Primer Congreso de Medicina Veterinaria en Santa Fe\",\"datePublished\":\"2022-09-07T11:57:30+00:00\",\"mainEntityOfPage\":{\"@id\":\"https:\\\/\\\/cmvsf2.org\\\/web\\\/2022\\\/09\\\/07\\\/primer-congreso-de-medicina-veterinaria-en-santa-fe\\\/\"},\"wordCount\":197,\"commentCount\":0,\"publisher\":{\"@id\":\"https:\\\/\\\/cmvsf2.org\\\/web\\\/#organization\"},\"image\":{\"@id\":\"https:\\\/\\\/cmvsf2.org\\\/web\\\/2022\\\/09\\\/07\\\/primer-congreso-de-medicina-veterinaria-en-santa-fe\\\/#primaryimage\"},\"thumbnailUrl\":\"https:\\\/\\\/cmvsf2.org\\\/web\\\/wp-content\\\/uploads\\\/2022\\\/09\\\/congresos-portada.jpg\",\"keywords\":[\"congreso veterinario\",\"Santa Fe\"],\"articleSection\":[\"Destacada\",\"Formaci\u00f3n\"],\"inLanguage\":\"es\"},{\"@type\":\"WebPage\",\"@id\":\"https:\\\/\\\/cmvsf2.org\\\/web\\\/2022\\\/09\\\/07\\\/primer-congreso-de-medicina-veterinaria-en-santa-fe\\\/\",\"url\":\"https:\\\/\\\/cmvsf2.org\\\/web\\\/2022\\\/09\\\/07\\\/primer-congreso-de-medicina-veterinaria-en-santa-fe\\\/\",\"name\":\"Primer Congreso de Medicina Veterinaria en Santa Fe - Colegio De Veterinarios De Santa Fe 2da. Circunscripci\u00f3n\",\"isPartOf\":{\"@id\":\"https:\\\/\\\/cmvsf2.org\\\/web\\\/#website\"},\"primaryImageOfPage\":{\"@id\":\"https:\\\/\\\/cmvsf2.org\\\/web\\\/2022\\\/09\\\/07\\\/primer-congreso-de-medicina-veterinaria-en-santa-fe\\\/#primaryimage\"},\"image\":{\"@id\":\"https:\\\/\\\/cmvsf2.org\\\/web\\\/2022\\\/09\\\/07\\\/primer-congreso-de-medicina-veterinaria-en-santa-fe\\\/#primaryimage\"},\"thumbnailUrl\":\"https:\\\/\\\/cmvsf2.org\\\/web\\\/wp-content\\\/uploads\\\/2022\\\/09\\\/congresos-portada.jpg\",\"datePublished\":\"2022-09-07T11:57:30+00:00\",\"description\":\"El CMVSF 1ra y 2da Circunscripci\u00f3n, invitan a participar de la Primera Edici\u00f3n del Congreso Veterinario de la Provincia de Santa Fe, con el objetivo de\",\"breadcrumb\":{\"@id\":\"https:\\\/\\\/cmvsf2.org\\\/web\\\/2022\\\/09\\\/07\\\/primer-congreso-de-medicina-veterinaria-en-santa-fe\\\/#breadcrumb\"},\"inLanguage\":\"es\",\"potentialAction\":[{\"@type\":\"ReadAction\",\"target\":[\"https:\\\/\\\/cmvsf2.org\\\/web\\\/2022\\\/09\\\/07\\\/primer-congreso-de-medicina-veterinaria-en-santa-fe\\\/\"]}]},{\"@type\":\"ImageObject\",\"inLanguage\":\"es\",\"@id\":\"https:\\\/\\\/cmvsf2.org\\\/web\\\/2022\\\/09\\\/07\\\/primer-congreso-de-medicina-veterinaria-en-santa-fe\\\/#primaryimage\",\"url\":\"https:\\\/\\\/cmvsf2.org\\\/web\\\/wp-content\\\/uploads\\\/2022\\\/09\\\/congresos-portada.jpg\",\"contentUrl\":\"https:\\\/\\\/cmvsf2.org\\\/web\\\/wp-content\\\/uploads\\\/2022\\\/09\\\/congresos-portada.jpg\",\"width\":1600,\"height\":602},{\"@type\":\"BreadcrumbList\",\"@id\":\"https:\\\/\\\/cmvsf2.org\\\/web\\\/2022\\\/09\\\/07\\\/primer-congreso-de-medicina-veterinaria-en-santa-fe\\\/#breadcrumb\",\"itemListElement\":[{\"@type\":\"ListItem\",\"position\":1,\"name\":\"Portada\",\"item\":\"https:\\\/\\\/cmvsf2.org\\\/web\\\/\"},{\"@type\":\"ListItem\",\"position\":2,\"name\":\"Primer Congreso de Medicina Veterinaria en Santa Fe\"}]},{\"@type\":\"WebSite\",\"@id\":\"https:\\\/\\\/cmvsf2.org\\\/web\\\/#website\",\"url\":\"https:\\\/\\\/cmvsf2.org\\\/web\\\/\",\"name\":\"Colegio De Veterinarios De Santa Fe 2da. Circunscripci\u00f3n\",\"description\":\"Sitio institucional del Colegio de M\u00e9dicos Veterinario de Santa Fe 2da. Circunscripci\u00f3n\",\"publisher\":{\"@id\":\"https:\\\/\\\/cmvsf2.org\\\/web\\\/#organization\"},\"potentialAction\":[{\"@type\":\"SearchAction\",\"target\":{\"@type\":\"EntryPoint\",\"urlTemplate\":\"https:\\\/\\\/cmvsf2.org\\\/web\\\/?s={search_term_string}\"},\"query-input\":{\"@type\":\"PropertyValueSpecification\",\"valueRequired\":true,\"valueName\":\"search_term_string\"}}],\"inLanguage\":\"es\"},{\"@type\":\"Organization\",\"@id\":\"https:\\\/\\\/cmvsf2.org\\\/web\\\/#organization\",\"name\":\"Colegio De Veterinarios De Santa Fe 2da. Circunscripci\u00f3n\",\"url\":\"https:\\\/\\\/cmvsf2.org\\\/web\\\/\",\"logo\":{\"@type\":\"ImageObject\",\"inLanguage\":\"es\",\"@id\":\"https:\\\/\\\/cmvsf2.org\\\/web\\\/#\\\/schema\\\/logo\\\/image\\\/\",\"url\":\"http:\\\/\\\/cmvsf2.org\\\/web\\\/wp-content\\\/uploads\\\/2020\\\/03\\\/vector-logo-02.png\",\"contentUrl\":\"http:\\\/\\\/cmvsf2.org\\\/web\\\/wp-content\\\/uploads\\\/2020\\\/03\\\/vector-logo-02.png\",\"width\":2750,\"height\":642,\"caption\":\"Colegio De Veterinarios De Santa Fe 2da. Circunscripci\u00f3n\"},\"image\":{\"@id\":\"https:\\\/\\\/cmvsf2.org\\\/web\\\/#\\\/schema\\\/logo\\\/image\\\/\"}},{\"@type\":\"Person\",\"@id\":\"https:\\\/\\\/cmvsf2.org\\\/web\\\/#\\\/schema\\\/person\\\/46ea3630099a4a3df8d89f07cf5f7520\",\"name\":\"cmvsf2\",\"image\":{\"@type\":\"ImageObject\",\"inLanguage\":\"es\",\"@id\":\"https:\\\/\\\/secure.gravatar.com\\\/avatar\\\/669647b61c77f28f1aa51df04174a5ecb296e9988b4a93d2870666cd1f502cd7?s=96&d=mm&r=g\",\"url\":\"https:\\\/\\\/secure.gravatar.com\\\/avatar\\\/669647b61c77f28f1aa51df04174a5ecb296e9988b4a93d2870666cd1f502cd7?s=96&d=mm&r=g\",\"contentUrl\":\"https:\\\/\\\/secure.gravatar.com\\\/avatar\\\/669647b61c77f28f1aa51df04174a5ecb296e9988b4a93d2870666cd1f502cd7?s=96&d=mm&r=g\",\"caption\":\"cmvsf2\"}}]}<\/script>\n<!-- \/ Yoast SEO plugin. -->","yoast_head_json":{"title":"Primer Congreso de Medicina Veterinaria en Santa Fe - Colegio De Veterinarios De Santa Fe 2da. Circunscripci\u00f3n","description":"El CMVSF 1ra y 2da Circunscripci\u00f3n, invitan a participar de la Primera Edici\u00f3n del Congreso Veterinario de la Provincia de Santa Fe, con el objetivo de","robots":{"index":"index","follow":"follow","max-snippet":"max-snippet:-1","max-image-preview":"max-image-preview:large","max-video-preview":"max-video-preview:-1"},"canonical":"https:\/\/cmvsf2.org\/web\/2022\/09\/07\/primer-congreso-de-medicina-veterinaria-en-santa-fe\/","og_locale":"es_ES","og_type":"article","og_title":"Primer Congreso de Medicina Veterinaria en Santa Fe - Colegio De Veterinarios De Santa Fe 2da. Circunscripci\u00f3n","og_description":"El CMVSF 1ra y 2da Circunscripci\u00f3n, invitan a participar de la Primera Edici\u00f3n del Congreso Veterinario de la Provincia de Santa Fe, con el objetivo de","og_url":"https:\/\/cmvsf2.org\/web\/2022\/09\/07\/primer-congreso-de-medicina-veterinaria-en-santa-fe\/","og_site_name":"Colegio De Veterinarios De Santa Fe 2da. Circunscripci\u00f3n","article_published_time":"2022-09-07T11:57:30+00:00","og_image":[{"width":1600,"height":602,"url":"https:\/\/cmvsf2.org\/web\/wp-content\/uploads\/2022\/09\/congresos-portada.jpg","type":"image\/jpeg"}],"author":"cmvsf2","twitter_card":"summary_large_image","twitter_misc":{"Escrito por":"cmvsf2","Tiempo de lectura":"1 minuto"},"schema":{"@context":"https:\/\/schema.org","@graph":[{"@type":"Article","@id":"https:\/\/cmvsf2.org\/web\/2022\/09\/07\/primer-congreso-de-medicina-veterinaria-en-santa-fe\/#article","isPartOf":{"@id":"https:\/\/cmvsf2.org\/web\/2022\/09\/07\/primer-congreso-de-medicina-veterinaria-en-santa-fe\/"},"author":{"name":"cmvsf2","@id":"https:\/\/cmvsf2.org\/web\/#\/schema\/person\/46ea3630099a4a3df8d89f07cf5f7520"},"headline":"Primer Congreso de Medicina Veterinaria en Santa Fe","datePublished":"2022-09-07T11:57:30+00:00","mainEntityOfPage":{"@id":"https:\/\/cmvsf2.org\/web\/2022\/09\/07\/primer-congreso-de-medicina-veterinaria-en-santa-fe\/"},"wordCount":197,"commentCount":0,"publisher":{"@id":"https:\/\/cmvsf2.org\/web\/#organization"},"image":{"@id":"https:\/\/cmvsf2.org\/web\/2022\/09\/07\/primer-congreso-de-medicina-veterinaria-en-santa-fe\/#primaryimage"},"thumbnailUrl":"https:\/\/cmvsf2.org\/web\/wp-content\/uploads\/2022\/09\/congresos-portada.jpg","keywords":["congreso veterinario","Santa Fe"],"articleSection":["Destacada","Formaci\u00f3n"],"inLanguage":"es"},{"@type":"WebPage","@id":"https:\/\/cmvsf2.org\/web\/2022\/09\/07\/primer-congreso-de-medicina-veterinaria-en-santa-fe\/","url":"https:\/\/cmvsf2.org\/web\/2022\/09\/07\/primer-congreso-de-medicina-veterinaria-en-santa-fe\/","name":"Primer Congreso de Medicina Veterinaria en Santa Fe - Colegio De Veterinarios De Santa Fe 2da. Circunscripci\u00f3n","isPartOf":{"@id":"https:\/\/cmvsf2.org\/web\/#website"},"primaryImageOfPage":{"@id":"https:\/\/cmvsf2.org\/web\/2022\/09\/07\/primer-congreso-de-medicina-veterinaria-en-santa-fe\/#primaryimage"},"image":{"@id":"https:\/\/cmvsf2.org\/web\/2022\/09\/07\/primer-congreso-de-medicina-veterinaria-en-santa-fe\/#primaryimage"},"thumbnailUrl":"https:\/\/cmvsf2.org\/web\/wp-content\/uploads\/2022\/09\/congresos-portada.jpg","datePublished":"2022-09-07T11:57:30+00:00","description":"El CMVSF 1ra y 2da Circunscripci\u00f3n, invitan a participar de la Primera Edici\u00f3n del Congreso Veterinario de la Provincia de Santa Fe, con el objetivo de","breadcrumb":{"@id":"https:\/\/cmvsf2.org\/web\/2022\/09\/07\/primer-congreso-de-medicina-veterinaria-en-santa-fe\/#breadcrumb"},"inLanguage":"es","potentialAction":[{"@type":"ReadAction","target":["https:\/\/cmvsf2.org\/web\/2022\/09\/07\/primer-congreso-de-medicina-veterinaria-en-santa-fe\/"]}]},{"@type":"ImageObject","inLanguage":"es","@id":"https:\/\/cmvsf2.org\/web\/2022\/09\/07\/primer-congreso-de-medicina-veterinaria-en-santa-fe\/#primaryimage","url":"https:\/\/cmvsf2.org\/web\/wp-content\/uploads\/2022\/09\/congresos-portada.jpg","contentUrl":"https:\/\/cmvsf2.org\/web\/wp-content\/uploads\/2022\/09\/congresos-portada.jpg","width":1600,"height":602},{"@type":"BreadcrumbList","@id":"https:\/\/cmvsf2.org\/web\/2022\/09\/07\/primer-congreso-de-medicina-veterinaria-en-santa-fe\/#breadcrumb","itemListElement":[{"@type":"ListItem","position":1,"name":"Portada","item":"https:\/\/cmvsf2.org\/web\/"},{"@type":"ListItem","position":2,"name":"Primer Congreso de Medicina Veterinaria en Santa Fe"}]},{"@type":"WebSite","@id":"https:\/\/cmvsf2.org\/web\/#website","url":"https:\/\/cmvsf2.org\/web\/","name":"Colegio De Veterinarios De Santa Fe 2da. Circunscripci\u00f3n","description":"Sitio institucional del Colegio de M\u00e9dicos Veterinario de Santa Fe 2da. Circunscripci\u00f3n","publisher":{"@id":"https:\/\/cmvsf2.org\/web\/#organization"},"potentialAction":[{"@type":"SearchAction","target":{"@type":"EntryPoint","urlTemplate":"https:\/\/cmvsf2.org\/web\/?s={search_term_string}"},"query-input":{"@type":"PropertyValueSpecification","valueRequired":true,"valueName":"search_term_string"}}],"inLanguage":"es"},{"@type":"Organization","@id":"https:\/\/cmvsf2.org\/web\/#organization","name":"Colegio De Veterinarios De Santa Fe 2da. Circunscripci\u00f3n","url":"https:\/\/cmvsf2.org\/web\/","logo":{"@type":"ImageObject","inLanguage":"es","@id":"https:\/\/cmvsf2.org\/web\/#\/schema\/logo\/image\/","url":"http:\/\/cmvsf2.org\/web\/wp-content\/uploads\/2020\/03\/vector-logo-02.png","contentUrl":"http:\/\/cmvsf2.org\/web\/wp-content\/uploads\/2020\/03\/vector-logo-02.png","width":2750,"height":642,"caption":"Colegio De Veterinarios De Santa Fe 2da. Circunscripci\u00f3n"},"image":{"@id":"https:\/\/cmvsf2.org\/web\/#\/schema\/logo\/image\/"}},{"@type":"Person","@id":"https:\/\/cmvsf2.org\/web\/#\/schema\/person\/46ea3630099a4a3df8d89f07cf5f7520","name":"cmvsf2","image":{"@type":"ImageObject","inLanguage":"es","@id":"https:\/\/secure.gravatar.com\/avatar\/669647b61c77f28f1aa51df04174a5ecb296e9988b4a93d2870666cd1f502cd7?s=96&d=mm&r=g","url":"https:\/\/secure.gravatar.com\/avatar\/669647b61c77f28f1aa51df04174a5ecb296e9988b4a93d2870666cd1f502cd7?s=96&d=mm&r=g","contentUrl":"https:\/\/secure.gravatar.com\/avatar\/669647b61c77f28f1aa51df04174a5ecb296e9988b4a93d2870666cd1f502cd7?s=96&d=mm&r=g","caption":"cmvsf2"}}]}},"_links":{"self":[{"href":"https:\/\/cmvsf2.org\/web\/wp-json\/wp\/v2\/posts\/33222","targetHints":{"allow":["GET"]}}],"collection":[{"href":"https:\/\/cmvsf2.org\/web\/wp-json\/wp\/v2\/posts"}],"about":[{"href":"https:\/\/cmvsf2.org\/web\/wp-json\/wp\/v2\/types\/post"}],"author":[{"embeddable":true,"href":"https:\/\/cmvsf2.org\/web\/wp-json\/wp\/v2\/users\/3"}],"replies":[{"embeddable":true,"href":"https:\/\/cmvsf2.org\/web\/wp-json\/wp\/v2\/comments?post=33222"}],"version-history":[{"count":1,"href":"https:\/\/cmvsf2.org\/web\/wp-json\/wp\/v2\/posts\/33222\/revisions"}],"predecessor-version":[{"id":33224,"href":"https:\/\/cmvsf2.org\/web\/wp-json\/wp\/v2\/posts\/33222\/revisions\/33224"}],"wp:featuredmedia":[{"embeddable":true,"href":"https:\/\/cmvsf2.org\/web\/wp-json\/wp\/v2\/media\/33223"}],"wp:attachment":[{"href":"https:\/\/cmvsf2.org\/web\/wp-json\/wp\/v2\/media?parent=33222"}],"wp:term":[{"taxonomy":"category","embeddable":true,"href":"https:\/\/cmvsf2.org\/web\/wp-json\/wp\/v2\/categories?post=33222"},{"taxonomy":"post_tag","embeddable":true,"href":"https:\/\/cmvsf2.org\/web\/wp-json\/wp\/v2\/tags?post=33222"}],"curies":[{"name":"wp","href":"https:\/\/api.w.org\/{rel}","templated":true}]}}