{"id":33037,"date":"2022-08-02T10:55:07","date_gmt":"2022-08-02T10:55:07","guid":{"rendered":"http:\/\/cmvsf2.org\/web\/?p=33037"},"modified":"2022-08-02T10:55:07","modified_gmt":"2022-08-02T10:55:07","slug":"nuevo-beneficio-convenio-con-la-mutual-amecro","status":"publish","type":"post","link":"https:\/\/cmvsf2.org\/web\/2022\/08\/02\/nuevo-beneficio-convenio-con-la-mutual-amecro\/","title":{"rendered":"Nuevo beneficio: Convenio con la Mutual Amecro"},"content":{"rendered":"<div class=\"\" data-block=\"true\" data-editor=\"1qd9j\" data-offset-key=\"4inhl-0-0\">\n<div class=\"_1mf _1mj\" data-offset-key=\"4inhl-0-0\"><span data-offset-key=\"4inhl-0-0\">El CMVSF2 informa a su membres\u00eda que, tras la suscripci\u00f3n de un convenio con la Mutual Amecro, las y los matriculados que as\u00ed lo deseen y su grupo familiar, podr\u00e1n tener <\/span>acceso a compras en la proveedur\u00eda de dicha entidad, ayudas econ\u00f3micas, gimnasio, odontolog\u00eda, subsidios, acceso a predios deportivos, entre otros.<\/div>\n<\/div>\n<div class=\"\" data-block=\"true\" data-editor=\"1qd9j\" data-offset-key=\"ps8j-0-0\">\n<div class=\"_1mf _1mj\" data-offset-key=\"ps8j-0-0\"><span data-offset-key=\"ps8j-0-0\">\u00a0<\/span><\/div>\n<\/div>\n<div class=\"\" data-block=\"true\" data-editor=\"1qd9j\" data-offset-key=\"92bqd-0-0\">\n<div class=\"_1mf _1mj\" data-offset-key=\"92bqd-0-0\"><span data-offset-key=\"92bqd-0-0\">Las v\u00edas de consulta para asesorarse sobre los beneficios son las de Amecro, inclu\u00edda su p\u00e1gina web amecro.com.ar<\/span><\/div>\n<div data-offset-key=\"92bqd-0-0\"><\/div>\n<div class=\"_1mf _1mj\" data-offset-key=\"92bqd-0-0\"><span data-offset-key=\"92bqd-0-0\">La formalizaci\u00f3n de la adhesi\u00f3n se har\u00e1 completando 3 formularios que se retiran en la administraci\u00f3n del CMVSF2: SOLICITUD DE SOCIO \/ DECLARACI\u00d3N JURADA SOBRE LICITUD DE ORIGEN DE FONDOS \/ DECLARACI\u00d3N JURADA DE PERSONA NO EXPUESTA POL\u00cdTICAMENTE y copia del DNI de todos los asociados. <\/span><\/div>\n<\/div>\n<div class=\"\" data-block=\"true\" data-editor=\"1qd9j\" data-offset-key=\"9id4t-0-0\">\n<div class=\"_1mf _1mj\" data-offset-key=\"9id4t-0-0\"><span data-offset-key=\"9id4t-0-0\">\u00a0<\/span><\/div>\n<\/div>\n<div class=\"\" data-block=\"true\" data-editor=\"1qd9j\" data-offset-key=\"2c0ak-0-0\">\n<div class=\"_1mf _1mj\" data-offset-key=\"2c0ak-0-0\"><span data-offset-key=\"2c0ak-0-0\">Cada colegiada\/o podr\u00e1 asociarse conjuntamente con su grupo familiar con un costo mensual de $400 por persona (mayor o menor) que ser\u00e1 debitado de sus cuentas a mes vencido. <\/span><\/div>\n<\/div>\n<div class=\"\" data-block=\"true\" data-editor=\"1qd9j\" data-offset-key=\"e35r2-0-0\">\n<div class=\"_1mf _1mj\" data-offset-key=\"e35r2-0-0\"><span data-offset-key=\"e35r2-0-0\">\u00a0<\/span><\/div>\n<\/div>\n<div class=\"\" data-block=\"true\" data-editor=\"1qd9j\" data-offset-key=\"2ob2j-0-0\">\n<div class=\"_1mf _1mj\" data-offset-key=\"2ob2j-0-0\"><span data-offset-key=\"2ob2j-0-0\">Las y los interesados podr\u00e1n suscribirse hasta los d\u00edas 25 de cada mes, pudiendo hacer uso de los beneficios desde el 1\u00ba del mes siguiente, o a partir del momento en que est\u00e9n las credenciales a disposici\u00f3n. <\/span><\/div>\n<\/div>\n<div class=\"\" data-block=\"true\" data-editor=\"1qd9j\" data-offset-key=\"f3qrs-0-0\">\n<div class=\"_1mf _1mj\" data-offset-key=\"f3qrs-0-0\"><span data-offset-key=\"f3qrs-0-0\">\u00a0<\/span><\/div>\n<\/div>\n<div class=\"\" data-block=\"true\" data-editor=\"1qd9j\" data-offset-key=\"2sdj3-0-0\">\n<div class=\"_1mf _1mj\" data-offset-key=\"2sdj3-0-0\"><span data-offset-key=\"2sdj3-0-0\">Las credenciales podr\u00e1n ser retiradas de Lunes a viernes de 8.00 a 16.00, luego de que se comunique a la membres\u00eda la disponibilidad de las mismas. <\/span><\/div>\n<\/div>\n<div class=\"\" data-block=\"true\" data-editor=\"1qd9j\" data-offset-key=\"7mio2-0-0\">\n<div class=\"_1mf _1mj\" data-offset-key=\"7mio2-0-0\"><span data-offset-key=\"7mio2-0-0\">\u00a0<\/span><\/div>\n<\/div>\n<div class=\"\" data-block=\"true\" data-editor=\"1qd9j\" data-offset-key=\"9tbij-0-0\">\n<div class=\"_1mf _1mj\" data-offset-key=\"9tbij-0-0\"><span data-offset-key=\"9tbij-0-0\">Recuerde que para hacer uso de cualquiera de los beneficios, deber\u00e1 presentar siempre su DNI y CREDENCIAL. <\/span><\/div>\n<\/div>\n<div class=\"\" data-block=\"true\" data-editor=\"1qd9j\" data-offset-key=\"6ii4c-0-0\">\n<div class=\"_1mf _1mj\" data-offset-key=\"6ii4c-0-0\"><span data-offset-key=\"6ii4c-0-0\">\u00a0<\/span><\/div>\n<\/div>\n<div class=\"\" data-block=\"true\" data-editor=\"1qd9j\" data-offset-key=\"bfn0-0-0\">\n<div class=\"_1mf _1mj\" data-offset-key=\"bfn0-0-0\"><span data-offset-key=\"bfn0-0-0\">La Mesa Directiva<\/span><\/div>\n<\/div>\n","protected":false},"excerpt":{"rendered":"<p>El CMVSF2 informa a su membres\u00eda que, tras la suscripci\u00f3n de un convenio con la Mutual Amecro, las y los matriculados que as\u00ed lo deseen y su grupo familiar, podr\u00e1n tener acceso a compras en la proveedur\u00eda de dicha entidad, ayudas econ\u00f3micas, gimnasio, odontolog\u00eda, subsidios, acceso a predios deportivos, entre otros. \u00a0 Las v\u00edas de consulta para asesorarse sobre los beneficios son las de [&hellip;]<\/p>\n","protected":false},"author":3,"featured_media":33038,"comment_status":"open","ping_status":"open","sticky":false,"template":"","format":"standard","meta":{"_acf_changed":false,"footnotes":""},"categories":[343,345],"tags":[822,607],"class_list":["post-33037","post","type-post","status-publish","format-standard","has-post-thumbnail","hentry","category-destacada","category-institucionales","tag-amecro","tag-beneficios-matriculados"],"acf":[],"yoast_head":"<!-- This site is optimized with the Yoast SEO plugin v28.2 - https:\/\/yoast.com\/product\/yoast-seo-wordpress\/ -->\n<title>Nuevo beneficio: Convenio con la Mutual Amecro - Colegio De Veterinarios De Santa Fe 2da. Circunscripci\u00f3n<\/title>\n<meta name=\"description\" content=\"El CMVSF2 informa a su membres\u00eda que, tras la suscripci\u00f3n de un convenio con la Mutual Amecro, las y los matriculados que as\u00ed lo deseen y su grupo\" \/>\n<meta name=\"robots\" content=\"index, follow, max-snippet:-1, max-image-preview:large, max-video-preview:-1\" \/>\n<link rel=\"canonical\" href=\"https:\/\/cmvsf2.org\/web\/2022\/08\/02\/nuevo-beneficio-convenio-con-la-mutual-amecro\/\" \/>\n<meta property=\"og:locale\" content=\"es_ES\" \/>\n<meta property=\"og:type\" content=\"article\" \/>\n<meta property=\"og:title\" content=\"Nuevo beneficio: Convenio con la Mutual Amecro - Colegio De Veterinarios De Santa Fe 2da. Circunscripci\u00f3n\" \/>\n<meta property=\"og:description\" content=\"El CMVSF2 informa a su membres\u00eda que, tras la suscripci\u00f3n de un convenio con la Mutual Amecro, las y los matriculados que as\u00ed lo deseen y su grupo\" \/>\n<meta property=\"og:url\" content=\"https:\/\/cmvsf2.org\/web\/2022\/08\/02\/nuevo-beneficio-convenio-con-la-mutual-amecro\/\" \/>\n<meta property=\"og:site_name\" content=\"Colegio De Veterinarios De Santa Fe 2da. Circunscripci\u00f3n\" \/>\n<meta property=\"article:published_time\" content=\"2022-08-02T10:55:07+00:00\" \/>\n<meta property=\"og:image\" content=\"https:\/\/cmvsf2.org\/web\/wp-content\/uploads\/2022\/08\/amecro-frente.jpg\" \/>\n\t<meta property=\"og:image:width\" content=\"1068\" \/>\n\t<meta property=\"og:image:height\" content=\"712\" \/>\n\t<meta property=\"og:image:type\" content=\"image\/jpeg\" \/>\n<meta name=\"author\" content=\"cmvsf2\" \/>\n<meta name=\"twitter:card\" content=\"summary_large_image\" \/>\n<meta name=\"twitter:label1\" content=\"Escrito por\" \/>\n\t<meta name=\"twitter:data1\" content=\"cmvsf2\" \/>\n\t<meta name=\"twitter:label2\" content=\"Tiempo de lectura\" \/>\n\t<meta name=\"twitter:data2\" content=\"2 minutos\" \/>\n<script type=\"application\/ld+json\" class=\"yoast-schema-graph\">{\"@context\":\"https:\\\/\\\/schema.org\",\"@graph\":[{\"@type\":\"Article\",\"@id\":\"https:\\\/\\\/cmvsf2.org\\\/web\\\/2022\\\/08\\\/02\\\/nuevo-beneficio-convenio-con-la-mutual-amecro\\\/#article\",\"isPartOf\":{\"@id\":\"https:\\\/\\\/cmvsf2.org\\\/web\\\/2022\\\/08\\\/02\\\/nuevo-beneficio-convenio-con-la-mutual-amecro\\\/\"},\"author\":{\"name\":\"cmvsf2\",\"@id\":\"https:\\\/\\\/cmvsf2.org\\\/web\\\/#\\\/schema\\\/person\\\/46ea3630099a4a3df8d89f07cf5f7520\"},\"headline\":\"Nuevo beneficio: Convenio con la Mutual Amecro\",\"datePublished\":\"2022-08-02T10:55:07+00:00\",\"mainEntityOfPage\":{\"@id\":\"https:\\\/\\\/cmvsf2.org\\\/web\\\/2022\\\/08\\\/02\\\/nuevo-beneficio-convenio-con-la-mutual-amecro\\\/\"},\"wordCount\":250,\"commentCount\":0,\"publisher\":{\"@id\":\"https:\\\/\\\/cmvsf2.org\\\/web\\\/#organization\"},\"image\":{\"@id\":\"https:\\\/\\\/cmvsf2.org\\\/web\\\/2022\\\/08\\\/02\\\/nuevo-beneficio-convenio-con-la-mutual-amecro\\\/#primaryimage\"},\"thumbnailUrl\":\"https:\\\/\\\/cmvsf2.org\\\/web\\\/wp-content\\\/uploads\\\/2022\\\/08\\\/amecro-frente.jpg\",\"keywords\":[\"Amecro\",\"Beneficios matriculados\"],\"articleSection\":[\"Destacada\",\"Institucionales\"],\"inLanguage\":\"es\"},{\"@type\":\"WebPage\",\"@id\":\"https:\\\/\\\/cmvsf2.org\\\/web\\\/2022\\\/08\\\/02\\\/nuevo-beneficio-convenio-con-la-mutual-amecro\\\/\",\"url\":\"https:\\\/\\\/cmvsf2.org\\\/web\\\/2022\\\/08\\\/02\\\/nuevo-beneficio-convenio-con-la-mutual-amecro\\\/\",\"name\":\"Nuevo beneficio: Convenio con la Mutual Amecro - Colegio De Veterinarios De Santa Fe 2da. Circunscripci\u00f3n\",\"isPartOf\":{\"@id\":\"https:\\\/\\\/cmvsf2.org\\\/web\\\/#website\"},\"primaryImageOfPage\":{\"@id\":\"https:\\\/\\\/cmvsf2.org\\\/web\\\/2022\\\/08\\\/02\\\/nuevo-beneficio-convenio-con-la-mutual-amecro\\\/#primaryimage\"},\"image\":{\"@id\":\"https:\\\/\\\/cmvsf2.org\\\/web\\\/2022\\\/08\\\/02\\\/nuevo-beneficio-convenio-con-la-mutual-amecro\\\/#primaryimage\"},\"thumbnailUrl\":\"https:\\\/\\\/cmvsf2.org\\\/web\\\/wp-content\\\/uploads\\\/2022\\\/08\\\/amecro-frente.jpg\",\"datePublished\":\"2022-08-02T10:55:07+00:00\",\"description\":\"El CMVSF2 informa a su membres\u00eda que, tras la suscripci\u00f3n de un convenio con la Mutual Amecro, las y los matriculados que as\u00ed lo deseen y su grupo\",\"breadcrumb\":{\"@id\":\"https:\\\/\\\/cmvsf2.org\\\/web\\\/2022\\\/08\\\/02\\\/nuevo-beneficio-convenio-con-la-mutual-amecro\\\/#breadcrumb\"},\"inLanguage\":\"es\",\"potentialAction\":[{\"@type\":\"ReadAction\",\"target\":[\"https:\\\/\\\/cmvsf2.org\\\/web\\\/2022\\\/08\\\/02\\\/nuevo-beneficio-convenio-con-la-mutual-amecro\\\/\"]}]},{\"@type\":\"ImageObject\",\"inLanguage\":\"es\",\"@id\":\"https:\\\/\\\/cmvsf2.org\\\/web\\\/2022\\\/08\\\/02\\\/nuevo-beneficio-convenio-con-la-mutual-amecro\\\/#primaryimage\",\"url\":\"https:\\\/\\\/cmvsf2.org\\\/web\\\/wp-content\\\/uploads\\\/2022\\\/08\\\/amecro-frente.jpg\",\"contentUrl\":\"https:\\\/\\\/cmvsf2.org\\\/web\\\/wp-content\\\/uploads\\\/2022\\\/08\\\/amecro-frente.jpg\",\"width\":1068,\"height\":712},{\"@type\":\"BreadcrumbList\",\"@id\":\"https:\\\/\\\/cmvsf2.org\\\/web\\\/2022\\\/08\\\/02\\\/nuevo-beneficio-convenio-con-la-mutual-amecro\\\/#breadcrumb\",\"itemListElement\":[{\"@type\":\"ListItem\",\"position\":1,\"name\":\"Portada\",\"item\":\"https:\\\/\\\/cmvsf2.org\\\/web\\\/\"},{\"@type\":\"ListItem\",\"position\":2,\"name\":\"Nuevo beneficio: Convenio con la Mutual Amecro\"}]},{\"@type\":\"WebSite\",\"@id\":\"https:\\\/\\\/cmvsf2.org\\\/web\\\/#website\",\"url\":\"https:\\\/\\\/cmvsf2.org\\\/web\\\/\",\"name\":\"Colegio De Veterinarios De Santa Fe 2da. Circunscripci\u00f3n\",\"description\":\"Sitio institucional del Colegio de M\u00e9dicos Veterinario de Santa Fe 2da. Circunscripci\u00f3n\",\"publisher\":{\"@id\":\"https:\\\/\\\/cmvsf2.org\\\/web\\\/#organization\"},\"potentialAction\":[{\"@type\":\"SearchAction\",\"target\":{\"@type\":\"EntryPoint\",\"urlTemplate\":\"https:\\\/\\\/cmvsf2.org\\\/web\\\/?s={search_term_string}\"},\"query-input\":{\"@type\":\"PropertyValueSpecification\",\"valueRequired\":true,\"valueName\":\"search_term_string\"}}],\"inLanguage\":\"es\"},{\"@type\":\"Organization\",\"@id\":\"https:\\\/\\\/cmvsf2.org\\\/web\\\/#organization\",\"name\":\"Colegio De Veterinarios De Santa Fe 2da. Circunscripci\u00f3n\",\"url\":\"https:\\\/\\\/cmvsf2.org\\\/web\\\/\",\"logo\":{\"@type\":\"ImageObject\",\"inLanguage\":\"es\",\"@id\":\"https:\\\/\\\/cmvsf2.org\\\/web\\\/#\\\/schema\\\/logo\\\/image\\\/\",\"url\":\"http:\\\/\\\/cmvsf2.org\\\/web\\\/wp-content\\\/uploads\\\/2020\\\/03\\\/vector-logo-02.png\",\"contentUrl\":\"http:\\\/\\\/cmvsf2.org\\\/web\\\/wp-content\\\/uploads\\\/2020\\\/03\\\/vector-logo-02.png\",\"width\":2750,\"height\":642,\"caption\":\"Colegio De Veterinarios De Santa Fe 2da. Circunscripci\u00f3n\"},\"image\":{\"@id\":\"https:\\\/\\\/cmvsf2.org\\\/web\\\/#\\\/schema\\\/logo\\\/image\\\/\"}},{\"@type\":\"Person\",\"@id\":\"https:\\\/\\\/cmvsf2.org\\\/web\\\/#\\\/schema\\\/person\\\/46ea3630099a4a3df8d89f07cf5f7520\",\"name\":\"cmvsf2\",\"image\":{\"@type\":\"ImageObject\",\"inLanguage\":\"es\",\"@id\":\"https:\\\/\\\/secure.gravatar.com\\\/avatar\\\/669647b61c77f28f1aa51df04174a5ecb296e9988b4a93d2870666cd1f502cd7?s=96&d=mm&r=g\",\"url\":\"https:\\\/\\\/secure.gravatar.com\\\/avatar\\\/669647b61c77f28f1aa51df04174a5ecb296e9988b4a93d2870666cd1f502cd7?s=96&d=mm&r=g\",\"contentUrl\":\"https:\\\/\\\/secure.gravatar.com\\\/avatar\\\/669647b61c77f28f1aa51df04174a5ecb296e9988b4a93d2870666cd1f502cd7?s=96&d=mm&r=g\",\"caption\":\"cmvsf2\"}}]}<\/script>\n<!-- \/ Yoast SEO plugin. -->","yoast_head_json":{"title":"Nuevo beneficio: Convenio con la Mutual Amecro - Colegio De Veterinarios De Santa Fe 2da. Circunscripci\u00f3n","description":"El CMVSF2 informa a su membres\u00eda que, tras la suscripci\u00f3n de un convenio con la Mutual Amecro, las y los matriculados que as\u00ed lo deseen y su grupo","robots":{"index":"index","follow":"follow","max-snippet":"max-snippet:-1","max-image-preview":"max-image-preview:large","max-video-preview":"max-video-preview:-1"},"canonical":"https:\/\/cmvsf2.org\/web\/2022\/08\/02\/nuevo-beneficio-convenio-con-la-mutual-amecro\/","og_locale":"es_ES","og_type":"article","og_title":"Nuevo beneficio: Convenio con la Mutual Amecro - Colegio De Veterinarios De Santa Fe 2da. Circunscripci\u00f3n","og_description":"El CMVSF2 informa a su membres\u00eda que, tras la suscripci\u00f3n de un convenio con la Mutual Amecro, las y los matriculados que as\u00ed lo deseen y su grupo","og_url":"https:\/\/cmvsf2.org\/web\/2022\/08\/02\/nuevo-beneficio-convenio-con-la-mutual-amecro\/","og_site_name":"Colegio De Veterinarios De Santa Fe 2da. Circunscripci\u00f3n","article_published_time":"2022-08-02T10:55:07+00:00","og_image":[{"width":1068,"height":712,"url":"https:\/\/cmvsf2.org\/web\/wp-content\/uploads\/2022\/08\/amecro-frente.jpg","type":"image\/jpeg"}],"author":"cmvsf2","twitter_card":"summary_large_image","twitter_misc":{"Escrito por":"cmvsf2","Tiempo de lectura":"2 minutos"},"schema":{"@context":"https:\/\/schema.org","@graph":[{"@type":"Article","@id":"https:\/\/cmvsf2.org\/web\/2022\/08\/02\/nuevo-beneficio-convenio-con-la-mutual-amecro\/#article","isPartOf":{"@id":"https:\/\/cmvsf2.org\/web\/2022\/08\/02\/nuevo-beneficio-convenio-con-la-mutual-amecro\/"},"author":{"name":"cmvsf2","@id":"https:\/\/cmvsf2.org\/web\/#\/schema\/person\/46ea3630099a4a3df8d89f07cf5f7520"},"headline":"Nuevo beneficio: Convenio con la Mutual Amecro","datePublished":"2022-08-02T10:55:07+00:00","mainEntityOfPage":{"@id":"https:\/\/cmvsf2.org\/web\/2022\/08\/02\/nuevo-beneficio-convenio-con-la-mutual-amecro\/"},"wordCount":250,"commentCount":0,"publisher":{"@id":"https:\/\/cmvsf2.org\/web\/#organization"},"image":{"@id":"https:\/\/cmvsf2.org\/web\/2022\/08\/02\/nuevo-beneficio-convenio-con-la-mutual-amecro\/#primaryimage"},"thumbnailUrl":"https:\/\/cmvsf2.org\/web\/wp-content\/uploads\/2022\/08\/amecro-frente.jpg","keywords":["Amecro","Beneficios matriculados"],"articleSection":["Destacada","Institucionales"],"inLanguage":"es"},{"@type":"WebPage","@id":"https:\/\/cmvsf2.org\/web\/2022\/08\/02\/nuevo-beneficio-convenio-con-la-mutual-amecro\/","url":"https:\/\/cmvsf2.org\/web\/2022\/08\/02\/nuevo-beneficio-convenio-con-la-mutual-amecro\/","name":"Nuevo beneficio: Convenio con la Mutual Amecro - Colegio De Veterinarios De Santa Fe 2da. Circunscripci\u00f3n","isPartOf":{"@id":"https:\/\/cmvsf2.org\/web\/#website"},"primaryImageOfPage":{"@id":"https:\/\/cmvsf2.org\/web\/2022\/08\/02\/nuevo-beneficio-convenio-con-la-mutual-amecro\/#primaryimage"},"image":{"@id":"https:\/\/cmvsf2.org\/web\/2022\/08\/02\/nuevo-beneficio-convenio-con-la-mutual-amecro\/#primaryimage"},"thumbnailUrl":"https:\/\/cmvsf2.org\/web\/wp-content\/uploads\/2022\/08\/amecro-frente.jpg","datePublished":"2022-08-02T10:55:07+00:00","description":"El CMVSF2 informa a su membres\u00eda que, tras la suscripci\u00f3n de un convenio con la Mutual Amecro, las y los matriculados que as\u00ed lo deseen y su grupo","breadcrumb":{"@id":"https:\/\/cmvsf2.org\/web\/2022\/08\/02\/nuevo-beneficio-convenio-con-la-mutual-amecro\/#breadcrumb"},"inLanguage":"es","potentialAction":[{"@type":"ReadAction","target":["https:\/\/cmvsf2.org\/web\/2022\/08\/02\/nuevo-beneficio-convenio-con-la-mutual-amecro\/"]}]},{"@type":"ImageObject","inLanguage":"es","@id":"https:\/\/cmvsf2.org\/web\/2022\/08\/02\/nuevo-beneficio-convenio-con-la-mutual-amecro\/#primaryimage","url":"https:\/\/cmvsf2.org\/web\/wp-content\/uploads\/2022\/08\/amecro-frente.jpg","contentUrl":"https:\/\/cmvsf2.org\/web\/wp-content\/uploads\/2022\/08\/amecro-frente.jpg","width":1068,"height":712},{"@type":"BreadcrumbList","@id":"https:\/\/cmvsf2.org\/web\/2022\/08\/02\/nuevo-beneficio-convenio-con-la-mutual-amecro\/#breadcrumb","itemListElement":[{"@type":"ListItem","position":1,"name":"Portada","item":"https:\/\/cmvsf2.org\/web\/"},{"@type":"ListItem","position":2,"name":"Nuevo beneficio: Convenio con la Mutual Amecro"}]},{"@type":"WebSite","@id":"https:\/\/cmvsf2.org\/web\/#website","url":"https:\/\/cmvsf2.org\/web\/","name":"Colegio De Veterinarios De Santa Fe 2da. Circunscripci\u00f3n","description":"Sitio institucional del Colegio de M\u00e9dicos Veterinario de Santa Fe 2da. Circunscripci\u00f3n","publisher":{"@id":"https:\/\/cmvsf2.org\/web\/#organization"},"potentialAction":[{"@type":"SearchAction","target":{"@type":"EntryPoint","urlTemplate":"https:\/\/cmvsf2.org\/web\/?s={search_term_string}"},"query-input":{"@type":"PropertyValueSpecification","valueRequired":true,"valueName":"search_term_string"}}],"inLanguage":"es"},{"@type":"Organization","@id":"https:\/\/cmvsf2.org\/web\/#organization","name":"Colegio De Veterinarios De Santa Fe 2da. Circunscripci\u00f3n","url":"https:\/\/cmvsf2.org\/web\/","logo":{"@type":"ImageObject","inLanguage":"es","@id":"https:\/\/cmvsf2.org\/web\/#\/schema\/logo\/image\/","url":"http:\/\/cmvsf2.org\/web\/wp-content\/uploads\/2020\/03\/vector-logo-02.png","contentUrl":"http:\/\/cmvsf2.org\/web\/wp-content\/uploads\/2020\/03\/vector-logo-02.png","width":2750,"height":642,"caption":"Colegio De Veterinarios De Santa Fe 2da. Circunscripci\u00f3n"},"image":{"@id":"https:\/\/cmvsf2.org\/web\/#\/schema\/logo\/image\/"}},{"@type":"Person","@id":"https:\/\/cmvsf2.org\/web\/#\/schema\/person\/46ea3630099a4a3df8d89f07cf5f7520","name":"cmvsf2","image":{"@type":"ImageObject","inLanguage":"es","@id":"https:\/\/secure.gravatar.com\/avatar\/669647b61c77f28f1aa51df04174a5ecb296e9988b4a93d2870666cd1f502cd7?s=96&d=mm&r=g","url":"https:\/\/secure.gravatar.com\/avatar\/669647b61c77f28f1aa51df04174a5ecb296e9988b4a93d2870666cd1f502cd7?s=96&d=mm&r=g","contentUrl":"https:\/\/secure.gravatar.com\/avatar\/669647b61c77f28f1aa51df04174a5ecb296e9988b4a93d2870666cd1f502cd7?s=96&d=mm&r=g","caption":"cmvsf2"}}]}},"_links":{"self":[{"href":"https:\/\/cmvsf2.org\/web\/wp-json\/wp\/v2\/posts\/33037","targetHints":{"allow":["GET"]}}],"collection":[{"href":"https:\/\/cmvsf2.org\/web\/wp-json\/wp\/v2\/posts"}],"about":[{"href":"https:\/\/cmvsf2.org\/web\/wp-json\/wp\/v2\/types\/post"}],"author":[{"embeddable":true,"href":"https:\/\/cmvsf2.org\/web\/wp-json\/wp\/v2\/users\/3"}],"replies":[{"embeddable":true,"href":"https:\/\/cmvsf2.org\/web\/wp-json\/wp\/v2\/comments?post=33037"}],"version-history":[{"count":1,"href":"https:\/\/cmvsf2.org\/web\/wp-json\/wp\/v2\/posts\/33037\/revisions"}],"predecessor-version":[{"id":33039,"href":"https:\/\/cmvsf2.org\/web\/wp-json\/wp\/v2\/posts\/33037\/revisions\/33039"}],"wp:featuredmedia":[{"embeddable":true,"href":"https:\/\/cmvsf2.org\/web\/wp-json\/wp\/v2\/media\/33038"}],"wp:attachment":[{"href":"https:\/\/cmvsf2.org\/web\/wp-json\/wp\/v2\/media?parent=33037"}],"wp:term":[{"taxonomy":"category","embeddable":true,"href":"https:\/\/cmvsf2.org\/web\/wp-json\/wp\/v2\/categories?post=33037"},{"taxonomy":"post_tag","embeddable":true,"href":"https:\/\/cmvsf2.org\/web\/wp-json\/wp\/v2\/tags?post=33037"}],"curies":[{"name":"wp","href":"https:\/\/api.w.org\/{rel}","templated":true}]}}