{"id":3290,"date":"2017-02-17T10:37:58","date_gmt":"2017-02-17T10:37:58","guid":{"rendered":"http:\/\/sessionstudio.ar\/vet\/web\/?p=3290"},"modified":"2017-02-17T10:37:58","modified_gmt":"2017-02-17T10:37:58","slug":"cartas-los-lectores-la-capital","status":"publish","type":"post","link":"https:\/\/cmvsf2.org\/web\/2017\/02\/17\/cartas-los-lectores-la-capital\/","title":{"rendered":"CARTAS DE LOS LECTORES &quot;LA CAPITAL&quot;"},"content":{"rendered":"<h3>El Colegio en defensa de los profesionales veterinarios<\/h3>\n<p>&nbsp;<br \/>\nCon referencia a la publicaci\u00f3n que saliera en la p\u00e1gina del correo de lectores del diario La Capital el domingo 5 de febrero pasado, invitamos a reflexionar que si la atenci\u00f3n veterinaria de los animales de compa\u00f1\u00eda por parte de los profesionales de la actividad privada fuese tan deficiente como all\u00ed se plantea, no se compatibilizar\u00eda con el desarrollo exponencial que ha tenido en los \u00faltimos a\u00f1os la cl\u00ednica de animales de compa\u00f1\u00eda en nuestro pa\u00eds y la protecci\u00f3n a la salud de los mismos que constantemente presta la profesi\u00f3n veterinaria en todos los niveles, y de la cual se han hecho eco en m\u00e1s de una oportunidad distintos medios de comunicaci\u00f3n como el diario La Capital.<br \/>\nBastar\u00eda con salir a caminar por las calles de Rosario y conversar con las miles de personas que se encuentran paseando con sus animales de compa\u00f1\u00eda y consultarlos sobre la opini\u00f3n sobre su m\u00e9dico veterinario de confianza. Menci\u00f3n aparte es la atenci\u00f3n an\u00f3nima y desinteresada que ofrecen los m\u00e9dicos veterinarios a los animales sin due\u00f1o o de due\u00f1os de escasos recursos no s\u00f3lo en Rosario, sino en todas las ciudades del interior.<br \/>\nEl Colegio de M\u00e9dicos Veterinarios ha recibido siempre todas las denuncias sobre\u00a0supuestas faltas \u00e9ticas de un profesional, las cuales han sido tratadas de acuerdo a la ley de creaci\u00f3n de esta Instituci\u00f3n y a los estatutos que rigen su accionar, porque es su deber controlar y bregar por el correcto desarrollo del ejercicio de la profesi\u00f3n veterinaria por parte de sus matriculados. Es esa la delegaci\u00f3n de poder que el Estado ha hecho en los Colegios Profesionales. Reivindicamos la defensa de la profesi\u00f3n veterinaria en cualquiera de sus niveles y destacamos el importante rol que cumplen los profesionales de las Ciencias Veterinarias en la sociedad actual.<\/p>\n<h5>\nN. de la R: Esta carta hace referencia a otra publicada con el t\u00edtulo \u201cOdisea de una perrita abandonada\u201d. En la misma, el autor cuestionaba a algunos veterinarios por la atenci\u00f3n del animal.<\/h5>\n","protected":false},"excerpt":{"rendered":"<p>El Colegio en defensa de los profesionales veterinarios &nbsp; Con referencia a la publicaci\u00f3n que saliera en la p\u00e1gina del correo de lectores del diario La Capital el domingo 5 de febrero pasado, invitamos a reflexionar que si la atenci\u00f3n veterinaria de los animales de compa\u00f1\u00eda por parte de los profesionales de la actividad privada fuese tan deficiente como all\u00ed se plantea, no se [&hellip;]<\/p>\n","protected":false},"author":3,"featured_media":3291,"comment_status":"open","ping_status":"open","sticky":false,"template":"","format":"standard","meta":{"_acf_changed":false,"footnotes":""},"categories":[1],"tags":[145,146,130],"class_list":["post-3290","post","type-post","status-publish","format-standard","has-post-thumbnail","hentry","category-sin-categoria","tag-cartaslectores","tag-defensa","tag-postura"],"acf":[],"yoast_head":"<!-- This site is optimized with the Yoast SEO plugin v28.2 - https:\/\/yoast.com\/product\/yoast-seo-wordpress\/ -->\n<title>CARTAS DE LOS LECTORES &quot;LA CAPITAL&quot; - Colegio De Veterinarios De Santa Fe 2da. Circunscripci\u00f3n<\/title>\n<meta name=\"description\" content=\"El Colegio en defensa de los profesionales veterinarios &nbsp; Con referencia a la publicaci\u00f3n que saliera en la p\u00e1gina del correo de lectores del diario\" \/>\n<meta name=\"robots\" content=\"index, follow, max-snippet:-1, max-image-preview:large, max-video-preview:-1\" \/>\n<link rel=\"canonical\" href=\"https:\/\/cmvsf2.org\/web\/2017\/02\/17\/cartas-los-lectores-la-capital\/\" \/>\n<meta property=\"og:locale\" content=\"es_ES\" \/>\n<meta property=\"og:type\" content=\"article\" \/>\n<meta property=\"og:title\" content=\"CARTAS DE LOS LECTORES &quot;LA CAPITAL&quot; - Colegio De Veterinarios De Santa Fe 2da. Circunscripci\u00f3n\" \/>\n<meta property=\"og:description\" content=\"El Colegio en defensa de los profesionales veterinarios &nbsp; Con referencia a la publicaci\u00f3n que saliera en la p\u00e1gina del correo de lectores del diario\" \/>\n<meta property=\"og:url\" content=\"https:\/\/cmvsf2.org\/web\/2017\/02\/17\/cartas-los-lectores-la-capital\/\" \/>\n<meta property=\"og:site_name\" content=\"Colegio De Veterinarios De Santa Fe 2da. Circunscripci\u00f3n\" \/>\n<meta property=\"article:published_time\" content=\"2017-02-17T10:37:58+00:00\" \/>\n<meta property=\"og:image\" content=\"https:\/\/cmvsf2.org\/web\/wp-content\/uploads\/2017\/02\/veterinarios-1.jpg\" \/>\n\t<meta property=\"og:image:width\" content=\"738\" \/>\n\t<meta property=\"og:image:height\" content=\"1023\" \/>\n\t<meta property=\"og:image:type\" content=\"image\/jpeg\" \/>\n<meta name=\"author\" content=\"cmvsf2\" \/>\n<meta name=\"twitter:card\" content=\"summary_large_image\" \/>\n<meta name=\"twitter:label1\" content=\"Escrito por\" \/>\n\t<meta name=\"twitter:data1\" content=\"cmvsf2\" \/>\n\t<meta name=\"twitter:label2\" content=\"Tiempo de lectura\" \/>\n\t<meta name=\"twitter:data2\" content=\"2 minutos\" \/>\n<script type=\"application\/ld+json\" class=\"yoast-schema-graph\">{\"@context\":\"https:\\\/\\\/schema.org\",\"@graph\":[{\"@type\":\"Article\",\"@id\":\"https:\\\/\\\/cmvsf2.org\\\/web\\\/2017\\\/02\\\/17\\\/cartas-los-lectores-la-capital\\\/#article\",\"isPartOf\":{\"@id\":\"https:\\\/\\\/cmvsf2.org\\\/web\\\/2017\\\/02\\\/17\\\/cartas-los-lectores-la-capital\\\/\"},\"author\":{\"name\":\"cmvsf2\",\"@id\":\"https:\\\/\\\/cmvsf2.org\\\/web\\\/#\\\/schema\\\/person\\\/46ea3630099a4a3df8d89f07cf5f7520\"},\"headline\":\"CARTAS DE LOS LECTORES &quot;LA CAPITAL&quot;\",\"datePublished\":\"2017-02-17T10:37:58+00:00\",\"mainEntityOfPage\":{\"@id\":\"https:\\\/\\\/cmvsf2.org\\\/web\\\/2017\\\/02\\\/17\\\/cartas-los-lectores-la-capital\\\/\"},\"wordCount\":377,\"commentCount\":0,\"publisher\":{\"@id\":\"https:\\\/\\\/cmvsf2.org\\\/web\\\/#organization\"},\"image\":{\"@id\":\"https:\\\/\\\/cmvsf2.org\\\/web\\\/2017\\\/02\\\/17\\\/cartas-los-lectores-la-capital\\\/#primaryimage\"},\"thumbnailUrl\":\"https:\\\/\\\/cmvsf2.org\\\/web\\\/wp-content\\\/uploads\\\/2017\\\/02\\\/veterinarios-1.jpg\",\"keywords\":[\"cartaslectores\",\"defensa\",\"postura\"],\"inLanguage\":\"es\"},{\"@type\":\"WebPage\",\"@id\":\"https:\\\/\\\/cmvsf2.org\\\/web\\\/2017\\\/02\\\/17\\\/cartas-los-lectores-la-capital\\\/\",\"url\":\"https:\\\/\\\/cmvsf2.org\\\/web\\\/2017\\\/02\\\/17\\\/cartas-los-lectores-la-capital\\\/\",\"name\":\"CARTAS DE LOS LECTORES &quot;LA CAPITAL&quot; - Colegio De Veterinarios De Santa Fe 2da. Circunscripci\u00f3n\",\"isPartOf\":{\"@id\":\"https:\\\/\\\/cmvsf2.org\\\/web\\\/#website\"},\"primaryImageOfPage\":{\"@id\":\"https:\\\/\\\/cmvsf2.org\\\/web\\\/2017\\\/02\\\/17\\\/cartas-los-lectores-la-capital\\\/#primaryimage\"},\"image\":{\"@id\":\"https:\\\/\\\/cmvsf2.org\\\/web\\\/2017\\\/02\\\/17\\\/cartas-los-lectores-la-capital\\\/#primaryimage\"},\"thumbnailUrl\":\"https:\\\/\\\/cmvsf2.org\\\/web\\\/wp-content\\\/uploads\\\/2017\\\/02\\\/veterinarios-1.jpg\",\"datePublished\":\"2017-02-17T10:37:58+00:00\",\"description\":\"El Colegio en defensa de los profesionales veterinarios &nbsp; Con referencia a la publicaci\u00f3n que saliera en la p\u00e1gina del correo de lectores del diario\",\"breadcrumb\":{\"@id\":\"https:\\\/\\\/cmvsf2.org\\\/web\\\/2017\\\/02\\\/17\\\/cartas-los-lectores-la-capital\\\/#breadcrumb\"},\"inLanguage\":\"es\",\"potentialAction\":[{\"@type\":\"ReadAction\",\"target\":[\"https:\\\/\\\/cmvsf2.org\\\/web\\\/2017\\\/02\\\/17\\\/cartas-los-lectores-la-capital\\\/\"]}]},{\"@type\":\"ImageObject\",\"inLanguage\":\"es\",\"@id\":\"https:\\\/\\\/cmvsf2.org\\\/web\\\/2017\\\/02\\\/17\\\/cartas-los-lectores-la-capital\\\/#primaryimage\",\"url\":\"https:\\\/\\\/cmvsf2.org\\\/web\\\/wp-content\\\/uploads\\\/2017\\\/02\\\/veterinarios-1.jpg\",\"contentUrl\":\"https:\\\/\\\/cmvsf2.org\\\/web\\\/wp-content\\\/uploads\\\/2017\\\/02\\\/veterinarios-1.jpg\",\"width\":738,\"height\":1023},{\"@type\":\"BreadcrumbList\",\"@id\":\"https:\\\/\\\/cmvsf2.org\\\/web\\\/2017\\\/02\\\/17\\\/cartas-los-lectores-la-capital\\\/#breadcrumb\",\"itemListElement\":[{\"@type\":\"ListItem\",\"position\":1,\"name\":\"Portada\",\"item\":\"https:\\\/\\\/cmvsf2.org\\\/web\\\/\"},{\"@type\":\"ListItem\",\"position\":2,\"name\":\"CARTAS DE LOS LECTORES &quot;LA CAPITAL&quot;\"}]},{\"@type\":\"WebSite\",\"@id\":\"https:\\\/\\\/cmvsf2.org\\\/web\\\/#website\",\"url\":\"https:\\\/\\\/cmvsf2.org\\\/web\\\/\",\"name\":\"Colegio De Veterinarios De Santa Fe 2da. Circunscripci\u00f3n\",\"description\":\"Sitio institucional del Colegio de M\u00e9dicos Veterinario de Santa Fe 2da. Circunscripci\u00f3n\",\"publisher\":{\"@id\":\"https:\\\/\\\/cmvsf2.org\\\/web\\\/#organization\"},\"potentialAction\":[{\"@type\":\"SearchAction\",\"target\":{\"@type\":\"EntryPoint\",\"urlTemplate\":\"https:\\\/\\\/cmvsf2.org\\\/web\\\/?s={search_term_string}\"},\"query-input\":{\"@type\":\"PropertyValueSpecification\",\"valueRequired\":true,\"valueName\":\"search_term_string\"}}],\"inLanguage\":\"es\"},{\"@type\":\"Organization\",\"@id\":\"https:\\\/\\\/cmvsf2.org\\\/web\\\/#organization\",\"name\":\"Colegio De Veterinarios De Santa Fe 2da. Circunscripci\u00f3n\",\"url\":\"https:\\\/\\\/cmvsf2.org\\\/web\\\/\",\"logo\":{\"@type\":\"ImageObject\",\"inLanguage\":\"es\",\"@id\":\"https:\\\/\\\/cmvsf2.org\\\/web\\\/#\\\/schema\\\/logo\\\/image\\\/\",\"url\":\"http:\\\/\\\/cmvsf2.org\\\/web\\\/wp-content\\\/uploads\\\/2020\\\/03\\\/vector-logo-02.png\",\"contentUrl\":\"http:\\\/\\\/cmvsf2.org\\\/web\\\/wp-content\\\/uploads\\\/2020\\\/03\\\/vector-logo-02.png\",\"width\":2750,\"height\":642,\"caption\":\"Colegio De Veterinarios De Santa Fe 2da. Circunscripci\u00f3n\"},\"image\":{\"@id\":\"https:\\\/\\\/cmvsf2.org\\\/web\\\/#\\\/schema\\\/logo\\\/image\\\/\"}},{\"@type\":\"Person\",\"@id\":\"https:\\\/\\\/cmvsf2.org\\\/web\\\/#\\\/schema\\\/person\\\/46ea3630099a4a3df8d89f07cf5f7520\",\"name\":\"cmvsf2\",\"image\":{\"@type\":\"ImageObject\",\"inLanguage\":\"es\",\"@id\":\"https:\\\/\\\/secure.gravatar.com\\\/avatar\\\/669647b61c77f28f1aa51df04174a5ecb296e9988b4a93d2870666cd1f502cd7?s=96&d=mm&r=g\",\"url\":\"https:\\\/\\\/secure.gravatar.com\\\/avatar\\\/669647b61c77f28f1aa51df04174a5ecb296e9988b4a93d2870666cd1f502cd7?s=96&d=mm&r=g\",\"contentUrl\":\"https:\\\/\\\/secure.gravatar.com\\\/avatar\\\/669647b61c77f28f1aa51df04174a5ecb296e9988b4a93d2870666cd1f502cd7?s=96&d=mm&r=g\",\"caption\":\"cmvsf2\"}}]}<\/script>\n<!-- \/ Yoast SEO plugin. -->","yoast_head_json":{"title":"CARTAS DE LOS LECTORES &quot;LA CAPITAL&quot; - Colegio De Veterinarios De Santa Fe 2da. Circunscripci\u00f3n","description":"El Colegio en defensa de los profesionales veterinarios &nbsp; Con referencia a la publicaci\u00f3n que saliera en la p\u00e1gina del correo de lectores del diario","robots":{"index":"index","follow":"follow","max-snippet":"max-snippet:-1","max-image-preview":"max-image-preview:large","max-video-preview":"max-video-preview:-1"},"canonical":"https:\/\/cmvsf2.org\/web\/2017\/02\/17\/cartas-los-lectores-la-capital\/","og_locale":"es_ES","og_type":"article","og_title":"CARTAS DE LOS LECTORES &quot;LA CAPITAL&quot; - Colegio De Veterinarios De Santa Fe 2da. Circunscripci\u00f3n","og_description":"El Colegio en defensa de los profesionales veterinarios &nbsp; Con referencia a la publicaci\u00f3n que saliera en la p\u00e1gina del correo de lectores del diario","og_url":"https:\/\/cmvsf2.org\/web\/2017\/02\/17\/cartas-los-lectores-la-capital\/","og_site_name":"Colegio De Veterinarios De Santa Fe 2da. Circunscripci\u00f3n","article_published_time":"2017-02-17T10:37:58+00:00","og_image":[{"width":738,"height":1023,"url":"https:\/\/cmvsf2.org\/web\/wp-content\/uploads\/2017\/02\/veterinarios-1.jpg","type":"image\/jpeg"}],"author":"cmvsf2","twitter_card":"summary_large_image","twitter_misc":{"Escrito por":"cmvsf2","Tiempo de lectura":"2 minutos"},"schema":{"@context":"https:\/\/schema.org","@graph":[{"@type":"Article","@id":"https:\/\/cmvsf2.org\/web\/2017\/02\/17\/cartas-los-lectores-la-capital\/#article","isPartOf":{"@id":"https:\/\/cmvsf2.org\/web\/2017\/02\/17\/cartas-los-lectores-la-capital\/"},"author":{"name":"cmvsf2","@id":"https:\/\/cmvsf2.org\/web\/#\/schema\/person\/46ea3630099a4a3df8d89f07cf5f7520"},"headline":"CARTAS DE LOS LECTORES &quot;LA CAPITAL&quot;","datePublished":"2017-02-17T10:37:58+00:00","mainEntityOfPage":{"@id":"https:\/\/cmvsf2.org\/web\/2017\/02\/17\/cartas-los-lectores-la-capital\/"},"wordCount":377,"commentCount":0,"publisher":{"@id":"https:\/\/cmvsf2.org\/web\/#organization"},"image":{"@id":"https:\/\/cmvsf2.org\/web\/2017\/02\/17\/cartas-los-lectores-la-capital\/#primaryimage"},"thumbnailUrl":"https:\/\/cmvsf2.org\/web\/wp-content\/uploads\/2017\/02\/veterinarios-1.jpg","keywords":["cartaslectores","defensa","postura"],"inLanguage":"es"},{"@type":"WebPage","@id":"https:\/\/cmvsf2.org\/web\/2017\/02\/17\/cartas-los-lectores-la-capital\/","url":"https:\/\/cmvsf2.org\/web\/2017\/02\/17\/cartas-los-lectores-la-capital\/","name":"CARTAS DE LOS LECTORES &quot;LA CAPITAL&quot; - Colegio De Veterinarios De Santa Fe 2da. Circunscripci\u00f3n","isPartOf":{"@id":"https:\/\/cmvsf2.org\/web\/#website"},"primaryImageOfPage":{"@id":"https:\/\/cmvsf2.org\/web\/2017\/02\/17\/cartas-los-lectores-la-capital\/#primaryimage"},"image":{"@id":"https:\/\/cmvsf2.org\/web\/2017\/02\/17\/cartas-los-lectores-la-capital\/#primaryimage"},"thumbnailUrl":"https:\/\/cmvsf2.org\/web\/wp-content\/uploads\/2017\/02\/veterinarios-1.jpg","datePublished":"2017-02-17T10:37:58+00:00","description":"El Colegio en defensa de los profesionales veterinarios &nbsp; Con referencia a la publicaci\u00f3n que saliera en la p\u00e1gina del correo de lectores del diario","breadcrumb":{"@id":"https:\/\/cmvsf2.org\/web\/2017\/02\/17\/cartas-los-lectores-la-capital\/#breadcrumb"},"inLanguage":"es","potentialAction":[{"@type":"ReadAction","target":["https:\/\/cmvsf2.org\/web\/2017\/02\/17\/cartas-los-lectores-la-capital\/"]}]},{"@type":"ImageObject","inLanguage":"es","@id":"https:\/\/cmvsf2.org\/web\/2017\/02\/17\/cartas-los-lectores-la-capital\/#primaryimage","url":"https:\/\/cmvsf2.org\/web\/wp-content\/uploads\/2017\/02\/veterinarios-1.jpg","contentUrl":"https:\/\/cmvsf2.org\/web\/wp-content\/uploads\/2017\/02\/veterinarios-1.jpg","width":738,"height":1023},{"@type":"BreadcrumbList","@id":"https:\/\/cmvsf2.org\/web\/2017\/02\/17\/cartas-los-lectores-la-capital\/#breadcrumb","itemListElement":[{"@type":"ListItem","position":1,"name":"Portada","item":"https:\/\/cmvsf2.org\/web\/"},{"@type":"ListItem","position":2,"name":"CARTAS DE LOS LECTORES &quot;LA CAPITAL&quot;"}]},{"@type":"WebSite","@id":"https:\/\/cmvsf2.org\/web\/#website","url":"https:\/\/cmvsf2.org\/web\/","name":"Colegio De Veterinarios De Santa Fe 2da. Circunscripci\u00f3n","description":"Sitio institucional del Colegio de M\u00e9dicos Veterinario de Santa Fe 2da. Circunscripci\u00f3n","publisher":{"@id":"https:\/\/cmvsf2.org\/web\/#organization"},"potentialAction":[{"@type":"SearchAction","target":{"@type":"EntryPoint","urlTemplate":"https:\/\/cmvsf2.org\/web\/?s={search_term_string}"},"query-input":{"@type":"PropertyValueSpecification","valueRequired":true,"valueName":"search_term_string"}}],"inLanguage":"es"},{"@type":"Organization","@id":"https:\/\/cmvsf2.org\/web\/#organization","name":"Colegio De Veterinarios De Santa Fe 2da. Circunscripci\u00f3n","url":"https:\/\/cmvsf2.org\/web\/","logo":{"@type":"ImageObject","inLanguage":"es","@id":"https:\/\/cmvsf2.org\/web\/#\/schema\/logo\/image\/","url":"http:\/\/cmvsf2.org\/web\/wp-content\/uploads\/2020\/03\/vector-logo-02.png","contentUrl":"http:\/\/cmvsf2.org\/web\/wp-content\/uploads\/2020\/03\/vector-logo-02.png","width":2750,"height":642,"caption":"Colegio De Veterinarios De Santa Fe 2da. Circunscripci\u00f3n"},"image":{"@id":"https:\/\/cmvsf2.org\/web\/#\/schema\/logo\/image\/"}},{"@type":"Person","@id":"https:\/\/cmvsf2.org\/web\/#\/schema\/person\/46ea3630099a4a3df8d89f07cf5f7520","name":"cmvsf2","image":{"@type":"ImageObject","inLanguage":"es","@id":"https:\/\/secure.gravatar.com\/avatar\/669647b61c77f28f1aa51df04174a5ecb296e9988b4a93d2870666cd1f502cd7?s=96&d=mm&r=g","url":"https:\/\/secure.gravatar.com\/avatar\/669647b61c77f28f1aa51df04174a5ecb296e9988b4a93d2870666cd1f502cd7?s=96&d=mm&r=g","contentUrl":"https:\/\/secure.gravatar.com\/avatar\/669647b61c77f28f1aa51df04174a5ecb296e9988b4a93d2870666cd1f502cd7?s=96&d=mm&r=g","caption":"cmvsf2"}}]}},"_links":{"self":[{"href":"https:\/\/cmvsf2.org\/web\/wp-json\/wp\/v2\/posts\/3290","targetHints":{"allow":["GET"]}}],"collection":[{"href":"https:\/\/cmvsf2.org\/web\/wp-json\/wp\/v2\/posts"}],"about":[{"href":"https:\/\/cmvsf2.org\/web\/wp-json\/wp\/v2\/types\/post"}],"author":[{"embeddable":true,"href":"https:\/\/cmvsf2.org\/web\/wp-json\/wp\/v2\/users\/3"}],"replies":[{"embeddable":true,"href":"https:\/\/cmvsf2.org\/web\/wp-json\/wp\/v2\/comments?post=3290"}],"version-history":[{"count":0,"href":"https:\/\/cmvsf2.org\/web\/wp-json\/wp\/v2\/posts\/3290\/revisions"}],"wp:featuredmedia":[{"embeddable":true,"href":"https:\/\/cmvsf2.org\/web\/wp-json\/wp\/v2\/media\/3291"}],"wp:attachment":[{"href":"https:\/\/cmvsf2.org\/web\/wp-json\/wp\/v2\/media?parent=3290"}],"wp:term":[{"taxonomy":"category","embeddable":true,"href":"https:\/\/cmvsf2.org\/web\/wp-json\/wp\/v2\/categories?post=3290"},{"taxonomy":"post_tag","embeddable":true,"href":"https:\/\/cmvsf2.org\/web\/wp-json\/wp\/v2\/tags?post=3290"}],"curies":[{"name":"wp","href":"https:\/\/api.w.org\/{rel}","templated":true}]}}