{"id":32465,"date":"2022-04-12T17:17:13","date_gmt":"2022-04-12T17:17:13","guid":{"rendered":"http:\/\/cmvsf2.org\/web\/?p=32465"},"modified":"2022-04-12T17:20:14","modified_gmt":"2022-04-12T17:20:14","slug":"32465","status":"publish","type":"post","link":"https:\/\/cmvsf2.org\/web\/2022\/04\/12\/32465\/","title":{"rendered":""},"content":{"rendered":"<div>El CMVSF2 informa a sus matriculad@s que el Consejo Asesor procedi\u00f3 a actualizar el valor del Gavet seg\u00fan Resoluci\u00f3n C.A. N\u00b0 068\/22.<\/div>\n<div><\/div>\n<div>Los nuevos valores son los siguientes:<\/div>\n<div><\/div>\n<div>Gavet de Honorarios Profesionales $ 100.-<\/div>\n<div>Gavet Institucional $ 78.-<\/div>\n<div><\/div>\n<div>Ambos valores comenzar\u00e1n a regir a partir del 01-05-2022.<\/div>\n<div><\/div>\n<div>LA MESA DIRECTIVA<\/div>\n","protected":false},"excerpt":{"rendered":"<p>El CMVSF2 informa a sus matriculad@s que el Consejo Asesor procedi\u00f3 a actualizar el valor del Gavet seg\u00fan Resoluci\u00f3n C.A. N\u00b0 068\/22. Los nuevos valores son los siguientes: Gavet de Honorarios Profesionales $ 100.- Gavet Institucional $ 78.- Ambos valores comenzar\u00e1n a regir a partir del 01-05-2022. LA MESA DIRECTIVA<\/p>\n","protected":false},"author":3,"featured_media":32467,"comment_status":"open","ping_status":"open","sticky":false,"template":"","format":"standard","meta":{"_acf_changed":false,"footnotes":""},"categories":[343,345],"tags":[559],"class_list":["post-32465","post","type-post","status-publish","format-standard","has-post-thumbnail","hentry","category-destacada","category-institucionales","tag-valor-del-gavet"],"acf":[],"yoast_head":"<!-- This site is optimized with the Yoast SEO plugin v28.2 - https:\/\/yoast.com\/product\/yoast-seo-wordpress\/ -->\n<title>- Colegio De Veterinarios De Santa Fe 2da. Circunscripci\u00f3n<\/title>\n<meta name=\"description\" content=\"El CMVSF2 informa a sus matriculad@s que el Consejo Asesor procedi\u00f3 a actualizar el valor del Gavet seg\u00fan Resoluci\u00f3n C.A. N\u00b0 068\/22. Los nuevos valores\" \/>\n<meta name=\"robots\" content=\"index, follow, max-snippet:-1, max-image-preview:large, max-video-preview:-1\" \/>\n<link rel=\"canonical\" href=\"https:\/\/cmvsf2.org\/web\/2022\/04\/12\/32465\/\" \/>\n<meta property=\"og:locale\" content=\"es_ES\" \/>\n<meta property=\"og:type\" content=\"article\" \/>\n<meta property=\"og:title\" content=\"- Colegio De Veterinarios De Santa Fe 2da. Circunscripci\u00f3n\" \/>\n<meta property=\"og:description\" content=\"El CMVSF2 informa a sus matriculad@s que el Consejo Asesor procedi\u00f3 a actualizar el valor del Gavet seg\u00fan Resoluci\u00f3n C.A. N\u00b0 068\/22. Los nuevos valores\" \/>\n<meta property=\"og:url\" content=\"https:\/\/cmvsf2.org\/web\/2022\/04\/12\/32465\/\" \/>\n<meta property=\"og:site_name\" content=\"Colegio De Veterinarios De Santa Fe 2da. Circunscripci\u00f3n\" \/>\n<meta property=\"article:published_time\" content=\"2022-04-12T17:17:13+00:00\" \/>\n<meta property=\"article:modified_time\" content=\"2022-04-12T17:20:14+00:00\" \/>\n<meta property=\"og:image\" content=\"https:\/\/cmvsf2.org\/web\/wp-content\/uploads\/2022\/04\/vet-con-porcinos-para-web-1024x683.jpg\" \/>\n\t<meta property=\"og:image:width\" content=\"1024\" \/>\n\t<meta property=\"og:image:height\" content=\"683\" \/>\n\t<meta property=\"og:image:type\" content=\"image\/jpeg\" \/>\n<meta name=\"author\" content=\"cmvsf2\" \/>\n<meta name=\"twitter:card\" content=\"summary_large_image\" \/>\n<meta name=\"twitter:label1\" content=\"Escrito por\" \/>\n\t<meta name=\"twitter:data1\" content=\"cmvsf2\" \/>\n\t<meta name=\"twitter:label2\" content=\"Tiempo de lectura\" \/>\n\t<meta name=\"twitter:data2\" content=\"1 minuto\" \/>\n<script type=\"application\/ld+json\" class=\"yoast-schema-graph\">{\"@context\":\"https:\\\/\\\/schema.org\",\"@graph\":[{\"@type\":\"Article\",\"@id\":\"https:\\\/\\\/cmvsf2.org\\\/web\\\/2022\\\/04\\\/12\\\/32465\\\/#article\",\"isPartOf\":{\"@id\":\"https:\\\/\\\/cmvsf2.org\\\/web\\\/2022\\\/04\\\/12\\\/32465\\\/\"},\"author\":{\"name\":\"cmvsf2\",\"@id\":\"https:\\\/\\\/cmvsf2.org\\\/web\\\/#\\\/schema\\\/person\\\/46ea3630099a4a3df8d89f07cf5f7520\"},\"headline\":\"Sin t\u00edtulo\",\"datePublished\":\"2022-04-12T17:17:13+00:00\",\"dateModified\":\"2022-04-12T17:20:14+00:00\",\"mainEntityOfPage\":{\"@id\":\"https:\\\/\\\/cmvsf2.org\\\/web\\\/2022\\\/04\\\/12\\\/32465\\\/\"},\"wordCount\":53,\"commentCount\":0,\"publisher\":{\"@id\":\"https:\\\/\\\/cmvsf2.org\\\/web\\\/#organization\"},\"image\":{\"@id\":\"https:\\\/\\\/cmvsf2.org\\\/web\\\/2022\\\/04\\\/12\\\/32465\\\/#primaryimage\"},\"thumbnailUrl\":\"https:\\\/\\\/cmvsf2.org\\\/web\\\/wp-content\\\/uploads\\\/2022\\\/04\\\/vet-con-porcinos-para-web.jpg\",\"keywords\":[\"Valor del Gavet\"],\"articleSection\":[\"Destacada\",\"Institucionales\"],\"inLanguage\":\"es\"},{\"@type\":\"WebPage\",\"@id\":\"https:\\\/\\\/cmvsf2.org\\\/web\\\/2022\\\/04\\\/12\\\/32465\\\/\",\"url\":\"https:\\\/\\\/cmvsf2.org\\\/web\\\/2022\\\/04\\\/12\\\/32465\\\/\",\"name\":\"- Colegio De Veterinarios De Santa Fe 2da. Circunscripci\u00f3n\",\"isPartOf\":{\"@id\":\"https:\\\/\\\/cmvsf2.org\\\/web\\\/#website\"},\"primaryImageOfPage\":{\"@id\":\"https:\\\/\\\/cmvsf2.org\\\/web\\\/2022\\\/04\\\/12\\\/32465\\\/#primaryimage\"},\"image\":{\"@id\":\"https:\\\/\\\/cmvsf2.org\\\/web\\\/2022\\\/04\\\/12\\\/32465\\\/#primaryimage\"},\"thumbnailUrl\":\"https:\\\/\\\/cmvsf2.org\\\/web\\\/wp-content\\\/uploads\\\/2022\\\/04\\\/vet-con-porcinos-para-web.jpg\",\"datePublished\":\"2022-04-12T17:17:13+00:00\",\"dateModified\":\"2022-04-12T17:20:14+00:00\",\"description\":\"El CMVSF2 informa a sus matriculad@s que el Consejo Asesor procedi\u00f3 a actualizar el valor del Gavet seg\u00fan Resoluci\u00f3n C.A. N\u00b0 068\\\/22. Los nuevos valores\",\"inLanguage\":\"es\",\"potentialAction\":[{\"@type\":\"ReadAction\",\"target\":[\"https:\\\/\\\/cmvsf2.org\\\/web\\\/2022\\\/04\\\/12\\\/32465\\\/\"]}]},{\"@type\":\"ImageObject\",\"inLanguage\":\"es\",\"@id\":\"https:\\\/\\\/cmvsf2.org\\\/web\\\/2022\\\/04\\\/12\\\/32465\\\/#primaryimage\",\"url\":\"https:\\\/\\\/cmvsf2.org\\\/web\\\/wp-content\\\/uploads\\\/2022\\\/04\\\/vet-con-porcinos-para-web.jpg\",\"contentUrl\":\"https:\\\/\\\/cmvsf2.org\\\/web\\\/wp-content\\\/uploads\\\/2022\\\/04\\\/vet-con-porcinos-para-web.jpg\",\"width\":2500,\"height\":1668,\"caption\":\"Professional veterinarian in white coat and mask holding syringe and medicine preparing for vaccination of pigs to prevent diseases.\"},{\"@type\":\"WebSite\",\"@id\":\"https:\\\/\\\/cmvsf2.org\\\/web\\\/#website\",\"url\":\"https:\\\/\\\/cmvsf2.org\\\/web\\\/\",\"name\":\"Colegio De Veterinarios De Santa Fe 2da. Circunscripci\u00f3n\",\"description\":\"Sitio institucional del Colegio de M\u00e9dicos Veterinario de Santa Fe 2da. Circunscripci\u00f3n\",\"publisher\":{\"@id\":\"https:\\\/\\\/cmvsf2.org\\\/web\\\/#organization\"},\"potentialAction\":[{\"@type\":\"SearchAction\",\"target\":{\"@type\":\"EntryPoint\",\"urlTemplate\":\"https:\\\/\\\/cmvsf2.org\\\/web\\\/?s={search_term_string}\"},\"query-input\":{\"@type\":\"PropertyValueSpecification\",\"valueRequired\":true,\"valueName\":\"search_term_string\"}}],\"inLanguage\":\"es\"},{\"@type\":\"Organization\",\"@id\":\"https:\\\/\\\/cmvsf2.org\\\/web\\\/#organization\",\"name\":\"Colegio De Veterinarios De Santa Fe 2da. Circunscripci\u00f3n\",\"url\":\"https:\\\/\\\/cmvsf2.org\\\/web\\\/\",\"logo\":{\"@type\":\"ImageObject\",\"inLanguage\":\"es\",\"@id\":\"https:\\\/\\\/cmvsf2.org\\\/web\\\/#\\\/schema\\\/logo\\\/image\\\/\",\"url\":\"http:\\\/\\\/cmvsf2.org\\\/web\\\/wp-content\\\/uploads\\\/2020\\\/03\\\/vector-logo-02.png\",\"contentUrl\":\"http:\\\/\\\/cmvsf2.org\\\/web\\\/wp-content\\\/uploads\\\/2020\\\/03\\\/vector-logo-02.png\",\"width\":2750,\"height\":642,\"caption\":\"Colegio De Veterinarios De Santa Fe 2da. Circunscripci\u00f3n\"},\"image\":{\"@id\":\"https:\\\/\\\/cmvsf2.org\\\/web\\\/#\\\/schema\\\/logo\\\/image\\\/\"}},{\"@type\":\"Person\",\"@id\":\"https:\\\/\\\/cmvsf2.org\\\/web\\\/#\\\/schema\\\/person\\\/46ea3630099a4a3df8d89f07cf5f7520\",\"name\":\"cmvsf2\",\"image\":{\"@type\":\"ImageObject\",\"inLanguage\":\"es\",\"@id\":\"https:\\\/\\\/secure.gravatar.com\\\/avatar\\\/669647b61c77f28f1aa51df04174a5ecb296e9988b4a93d2870666cd1f502cd7?s=96&d=mm&r=g\",\"url\":\"https:\\\/\\\/secure.gravatar.com\\\/avatar\\\/669647b61c77f28f1aa51df04174a5ecb296e9988b4a93d2870666cd1f502cd7?s=96&d=mm&r=g\",\"contentUrl\":\"https:\\\/\\\/secure.gravatar.com\\\/avatar\\\/669647b61c77f28f1aa51df04174a5ecb296e9988b4a93d2870666cd1f502cd7?s=96&d=mm&r=g\",\"caption\":\"cmvsf2\"}}]}<\/script>\n<!-- \/ Yoast SEO plugin. -->","yoast_head_json":{"title":"- Colegio De Veterinarios De Santa Fe 2da. Circunscripci\u00f3n","description":"El CMVSF2 informa a sus matriculad@s que el Consejo Asesor procedi\u00f3 a actualizar el valor del Gavet seg\u00fan Resoluci\u00f3n C.A. N\u00b0 068\/22. Los nuevos valores","robots":{"index":"index","follow":"follow","max-snippet":"max-snippet:-1","max-image-preview":"max-image-preview:large","max-video-preview":"max-video-preview:-1"},"canonical":"https:\/\/cmvsf2.org\/web\/2022\/04\/12\/32465\/","og_locale":"es_ES","og_type":"article","og_title":"- Colegio De Veterinarios De Santa Fe 2da. Circunscripci\u00f3n","og_description":"El CMVSF2 informa a sus matriculad@s que el Consejo Asesor procedi\u00f3 a actualizar el valor del Gavet seg\u00fan Resoluci\u00f3n C.A. N\u00b0 068\/22. Los nuevos valores","og_url":"https:\/\/cmvsf2.org\/web\/2022\/04\/12\/32465\/","og_site_name":"Colegio De Veterinarios De Santa Fe 2da. Circunscripci\u00f3n","article_published_time":"2022-04-12T17:17:13+00:00","article_modified_time":"2022-04-12T17:20:14+00:00","og_image":[{"width":1024,"height":683,"url":"https:\/\/cmvsf2.org\/web\/wp-content\/uploads\/2022\/04\/vet-con-porcinos-para-web-1024x683.jpg","type":"image\/jpeg"}],"author":"cmvsf2","twitter_card":"summary_large_image","twitter_misc":{"Escrito por":"cmvsf2","Tiempo de lectura":"1 minuto"},"schema":{"@context":"https:\/\/schema.org","@graph":[{"@type":"Article","@id":"https:\/\/cmvsf2.org\/web\/2022\/04\/12\/32465\/#article","isPartOf":{"@id":"https:\/\/cmvsf2.org\/web\/2022\/04\/12\/32465\/"},"author":{"name":"cmvsf2","@id":"https:\/\/cmvsf2.org\/web\/#\/schema\/person\/46ea3630099a4a3df8d89f07cf5f7520"},"headline":"Sin t\u00edtulo","datePublished":"2022-04-12T17:17:13+00:00","dateModified":"2022-04-12T17:20:14+00:00","mainEntityOfPage":{"@id":"https:\/\/cmvsf2.org\/web\/2022\/04\/12\/32465\/"},"wordCount":53,"commentCount":0,"publisher":{"@id":"https:\/\/cmvsf2.org\/web\/#organization"},"image":{"@id":"https:\/\/cmvsf2.org\/web\/2022\/04\/12\/32465\/#primaryimage"},"thumbnailUrl":"https:\/\/cmvsf2.org\/web\/wp-content\/uploads\/2022\/04\/vet-con-porcinos-para-web.jpg","keywords":["Valor del Gavet"],"articleSection":["Destacada","Institucionales"],"inLanguage":"es"},{"@type":"WebPage","@id":"https:\/\/cmvsf2.org\/web\/2022\/04\/12\/32465\/","url":"https:\/\/cmvsf2.org\/web\/2022\/04\/12\/32465\/","name":"- Colegio De Veterinarios De Santa Fe 2da. Circunscripci\u00f3n","isPartOf":{"@id":"https:\/\/cmvsf2.org\/web\/#website"},"primaryImageOfPage":{"@id":"https:\/\/cmvsf2.org\/web\/2022\/04\/12\/32465\/#primaryimage"},"image":{"@id":"https:\/\/cmvsf2.org\/web\/2022\/04\/12\/32465\/#primaryimage"},"thumbnailUrl":"https:\/\/cmvsf2.org\/web\/wp-content\/uploads\/2022\/04\/vet-con-porcinos-para-web.jpg","datePublished":"2022-04-12T17:17:13+00:00","dateModified":"2022-04-12T17:20:14+00:00","description":"El CMVSF2 informa a sus matriculad@s que el Consejo Asesor procedi\u00f3 a actualizar el valor del Gavet seg\u00fan Resoluci\u00f3n C.A. N\u00b0 068\/22. Los nuevos valores","inLanguage":"es","potentialAction":[{"@type":"ReadAction","target":["https:\/\/cmvsf2.org\/web\/2022\/04\/12\/32465\/"]}]},{"@type":"ImageObject","inLanguage":"es","@id":"https:\/\/cmvsf2.org\/web\/2022\/04\/12\/32465\/#primaryimage","url":"https:\/\/cmvsf2.org\/web\/wp-content\/uploads\/2022\/04\/vet-con-porcinos-para-web.jpg","contentUrl":"https:\/\/cmvsf2.org\/web\/wp-content\/uploads\/2022\/04\/vet-con-porcinos-para-web.jpg","width":2500,"height":1668,"caption":"Professional veterinarian in white coat and mask holding syringe and medicine preparing for vaccination of pigs to prevent diseases."},{"@type":"WebSite","@id":"https:\/\/cmvsf2.org\/web\/#website","url":"https:\/\/cmvsf2.org\/web\/","name":"Colegio De Veterinarios De Santa Fe 2da. Circunscripci\u00f3n","description":"Sitio institucional del Colegio de M\u00e9dicos Veterinario de Santa Fe 2da. Circunscripci\u00f3n","publisher":{"@id":"https:\/\/cmvsf2.org\/web\/#organization"},"potentialAction":[{"@type":"SearchAction","target":{"@type":"EntryPoint","urlTemplate":"https:\/\/cmvsf2.org\/web\/?s={search_term_string}"},"query-input":{"@type":"PropertyValueSpecification","valueRequired":true,"valueName":"search_term_string"}}],"inLanguage":"es"},{"@type":"Organization","@id":"https:\/\/cmvsf2.org\/web\/#organization","name":"Colegio De Veterinarios De Santa Fe 2da. Circunscripci\u00f3n","url":"https:\/\/cmvsf2.org\/web\/","logo":{"@type":"ImageObject","inLanguage":"es","@id":"https:\/\/cmvsf2.org\/web\/#\/schema\/logo\/image\/","url":"http:\/\/cmvsf2.org\/web\/wp-content\/uploads\/2020\/03\/vector-logo-02.png","contentUrl":"http:\/\/cmvsf2.org\/web\/wp-content\/uploads\/2020\/03\/vector-logo-02.png","width":2750,"height":642,"caption":"Colegio De Veterinarios De Santa Fe 2da. Circunscripci\u00f3n"},"image":{"@id":"https:\/\/cmvsf2.org\/web\/#\/schema\/logo\/image\/"}},{"@type":"Person","@id":"https:\/\/cmvsf2.org\/web\/#\/schema\/person\/46ea3630099a4a3df8d89f07cf5f7520","name":"cmvsf2","image":{"@type":"ImageObject","inLanguage":"es","@id":"https:\/\/secure.gravatar.com\/avatar\/669647b61c77f28f1aa51df04174a5ecb296e9988b4a93d2870666cd1f502cd7?s=96&d=mm&r=g","url":"https:\/\/secure.gravatar.com\/avatar\/669647b61c77f28f1aa51df04174a5ecb296e9988b4a93d2870666cd1f502cd7?s=96&d=mm&r=g","contentUrl":"https:\/\/secure.gravatar.com\/avatar\/669647b61c77f28f1aa51df04174a5ecb296e9988b4a93d2870666cd1f502cd7?s=96&d=mm&r=g","caption":"cmvsf2"}}]}},"_links":{"self":[{"href":"https:\/\/cmvsf2.org\/web\/wp-json\/wp\/v2\/posts\/32465","targetHints":{"allow":["GET"]}}],"collection":[{"href":"https:\/\/cmvsf2.org\/web\/wp-json\/wp\/v2\/posts"}],"about":[{"href":"https:\/\/cmvsf2.org\/web\/wp-json\/wp\/v2\/types\/post"}],"author":[{"embeddable":true,"href":"https:\/\/cmvsf2.org\/web\/wp-json\/wp\/v2\/users\/3"}],"replies":[{"embeddable":true,"href":"https:\/\/cmvsf2.org\/web\/wp-json\/wp\/v2\/comments?post=32465"}],"version-history":[{"count":1,"href":"https:\/\/cmvsf2.org\/web\/wp-json\/wp\/v2\/posts\/32465\/revisions"}],"predecessor-version":[{"id":32468,"href":"https:\/\/cmvsf2.org\/web\/wp-json\/wp\/v2\/posts\/32465\/revisions\/32468"}],"wp:featuredmedia":[{"embeddable":true,"href":"https:\/\/cmvsf2.org\/web\/wp-json\/wp\/v2\/media\/32467"}],"wp:attachment":[{"href":"https:\/\/cmvsf2.org\/web\/wp-json\/wp\/v2\/media?parent=32465"}],"wp:term":[{"taxonomy":"category","embeddable":true,"href":"https:\/\/cmvsf2.org\/web\/wp-json\/wp\/v2\/categories?post=32465"},{"taxonomy":"post_tag","embeddable":true,"href":"https:\/\/cmvsf2.org\/web\/wp-json\/wp\/v2\/tags?post=32465"}],"curies":[{"name":"wp","href":"https:\/\/api.w.org\/{rel}","templated":true}]}}