{"id":31998,"date":"2021-11-10T14:19:22","date_gmt":"2021-11-10T14:19:22","guid":{"rendered":"http:\/\/cmvsf2.org\/web\/?p=31998"},"modified":"2021-11-10T14:26:23","modified_gmt":"2021-11-10T14:26:23","slug":"jornada-de-capacitacion-online","status":"publish","type":"post","link":"https:\/\/cmvsf2.org\/web\/2021\/11\/10\/jornada-de-capacitacion-online\/","title":{"rendered":"Jornada de Capacitaci\u00f3n Online"},"content":{"rendered":"<p>El CMVSF2 invita a la J<span class=\"JsGRdQ\">ornada de Capacitaci\u00f3n Online sobre herramientas financieras y marketing, que tendr\u00e1 lugar el pr\u00f3ximo jueves 18 de noviembre a las 20.30 a trav\u00e9s de la Plataforma Zoom.<\/span><\/p>\n<p>La actividad, totalmente gratuita, contar\u00e1 con las siguientes charlas:<\/p>\n<p class=\"_04xlpA direction-ltr align-start para-style-body\"><span class=\"JsGRdQ\">EMPRENDIENDO MI NEGOCIO Y MI MARCA PERSONAL<\/span><\/p>\n<p class=\"_04xlpA direction-ltr align-start para-style-body\"><span class=\"JsGRdQ\">Mix de Marketing. Las 4 P. El mundo online y el marketing offline. Herramientas para emprender y desarrollar mi propia marca. Herramientas digitales del mercado. Comportamiento del consumidor.<\/span><\/p>\n<p>A cargo de <span class=\"JsGRdQ\">Mar\u00eda Rosa Dariozzi, diplomada en Gesti\u00f3n Comercial y Liderazgo. Docente Especialista en Marketing Digital y Transformaci\u00f3n Digital 4.0.<\/span><\/p>\n<p class=\"_04xlpA direction-ltr align-start para-style-body\"><span class=\"JsGRdQ\">HERRAMIENTAS FINANCIERAS PARA<\/span><\/p>\n<p class=\"_04xlpA direction-ltr align-start para-style-body\"><span class=\"JsGRdQ\">EL PROFESIONAL VETERINARIO<\/span><\/p>\n<p class=\"_04xlpA direction-ltr align-start para-style-body\"><span class=\"JsGRdQ\">Etapa cursado estudiantil:<\/span><\/p>\n<p class=\"_04xlpA direction-ltr align-start para-style-body\"><span class=\"JsGRdQ\">Posibilidad de ahorro e inversi\u00f3n de dinero para concretar proyectos una vez alcanzado el t\u00edtulo profesional. Disponibilidad del uso del ahorro durante cualquier momento del cursado. Aportes de acuerdo a las posibilidades econ\u00f3micas del estudiante.<\/span><\/p>\n<p class=\"_04xlpA direction-ltr align-start para-style-body\"><span class=\"JsGRdQ\">Etapa graduado profesional:<\/span><\/p>\n<p class=\"_04xlpA direction-ltr align-start para-style-body\"><span class=\"JsGRdQ\">Gesti\u00f3n de ahorros para el futuro retiro de la profesi\u00f3n. Posibilidad de complementar el monto de la jubilaci\u00f3n como trabajador aut\u00f3nomo. Aportes a la medida del ingreso del profesional activo. Herramientas financieras para la protecci\u00f3n familiar en caso de no poder trabajar. Administraci\u00f3n de las herramientas financieras mediante plataformas digitales.<\/span><\/p>\n<p>A cargo del <span class=\"JsGRdQ\">Dr. Guillermo A. Yasparra, M\u00e9dico Veterinario. Productor de seguros.<\/span><\/p>\n<div class=\"kvgmc6g5 cxmmr5t8 oygrvhab hcukyx3x c1et5uql ii04i59q\">\n<div dir=\"auto\"><span class=\"pq6dq46d tbxw36s4 knj5qynh kvgmc6g5 ditlmg2l oygrvhab nvdbi5me sf5mxxl7 gl3lb2sf hhz5lgdu\"><img loading=\"lazy\" decoding=\"async\" src=\"https:\/\/static.xx.fbcdn.net\/images\/emoji.php\/v9\/t8c\/1\/16\/1f4bb.png\" alt=\"\ud83d\udcbb\" width=\"16\" height=\"16\" \/><\/span> Datos para ingresar a la jornada:<\/div>\n<div dir=\"auto\"><a class=\"oajrlxb2 g5ia77u1 qu0x051f esr5mh6w e9989ue4 r7d6kgcz rq0escxv nhd2j8a9 nc684nl6 p7hjln8o kvgmc6g5 cxmmr5t8 oygrvhab hcukyx3x jb3vyjys rz4wbd8a qt6c0cv9 a8nywdso i1ao9s8h esuyzwwr f1sip0of lzcic4wl py34i1dx gpro0wi8\" tabindex=\"0\" role=\"link\" href=\"https:\/\/l.facebook.com\/l.php?u=https%3A%2F%2Fus02web.zoom.us%2Fj%2F2687320000%3Fpwd%3DdG9SUmhzQzJsZklmVXlSUzQ1bmgxQT09%26fbclid%3DIwAR364MaB_EbzudbphJUmEe08PL4WQiaZlz81LRfi_6RY3nrR-uG451PHKRs&amp;h=AT14UrTY-i-mKEWbDtOGFQ3ZO-n7_nH-s22ZJeRaomRIOFQsRRGHO3snJtp1jmUrczMw9XzzsVQA6f8_RlpEdXulYkSPYJSO2CwPM3dq9jK3Ba1lh1naLzcecr1x8aeqLTc&amp;__tn__=-UK-R&amp;c[0]=AT3N8d8cVc0JnsGglupGeXgnRKdUrlGmTh1CFe0yClEtLHJq9vjKE4jp9l99ZNwHQfpfmiumFOP_VmlkcSGsqJ3SEpIBdEcdELAupDNBtDgw6bzqx2jJkMYue2KaPNOnw4U1eyhQz7Zf42-IjBXXb9d9j9XOgryVJG_6PzPmTylizHAwvqRQ7wN5Jwa9ZAHG1X_FQitG\" target=\"_blank\" rel=\"nofollow noopener noreferrer\">https:\/\/us02web.zoom.us\/j\/2687320000&#8230;<\/a><\/div>\n<\/div>\n<div class=\"o9v6fnle cxmmr5t8 oygrvhab hcukyx3x c1et5uql ii04i59q\">\n<div dir=\"auto\">ID de reuni\u00f3n: 268 732 0000<\/div>\n<div dir=\"auto\">C\u00f3digo de acceso: cmv52<\/div>\n<\/div>\n<div dir=\"auto\"><\/div>\n<div dir=\"auto\">Organiza: Subcomisi\u00f3n de Animales de Compa\u00f1\u00eda del CMVSF2<\/div>\n<div dir=\"auto\">Auspician: C\u00edrculo de Veterinarios del Sudoeste de la Pcia. de Santa Fe y Claustro de Graduados de la Fac. de Cs. Veterinarias &#8211; UNR<\/div>\n","protected":false},"excerpt":{"rendered":"<p>El CMVSF2 invita a la Jornada de Capacitaci\u00f3n Online sobre herramientas financieras y marketing, que tendr\u00e1 lugar el pr\u00f3ximo jueves 18 de noviembre a las 20.30 a trav\u00e9s de la Plataforma Zoom. La actividad, totalmente gratuita, contar\u00e1 con las siguientes charlas: EMPRENDIENDO MI NEGOCIO Y MI MARCA PERSONAL Mix de Marketing. Las 4 P. El mundo online y el marketing offline. Herramientas para emprender [&hellip;]<\/p>\n","protected":false},"author":3,"featured_media":32002,"comment_status":"open","ping_status":"open","sticky":false,"template":"","format":"standard","meta":{"_acf_changed":false,"footnotes":""},"categories":[6,343,35],"tags":[488,585],"class_list":["post-31998","post","type-post","status-publish","format-standard","has-post-thumbnail","hentry","category-animales-compania2","category-destacada","category-formacion","tag-formacion-online","tag-marketing"],"acf":[],"yoast_head":"<!-- This site is optimized with the Yoast SEO plugin v28.2 - https:\/\/yoast.com\/product\/yoast-seo-wordpress\/ -->\n<title>Jornada de Capacitaci\u00f3n Online - Colegio De Veterinarios De Santa Fe 2da. Circunscripci\u00f3n<\/title>\n<meta name=\"description\" content=\"El CMVSF2 invita a la Jornada de Capacitaci\u00f3n Online sobre herramientas financieras y marketing, que tendr\u00e1 lugar el pr\u00f3ximo jueves 18 de noviembre a las\" \/>\n<meta name=\"robots\" content=\"index, follow, max-snippet:-1, max-image-preview:large, max-video-preview:-1\" \/>\n<link rel=\"canonical\" href=\"https:\/\/cmvsf2.org\/web\/2021\/11\/10\/jornada-de-capacitacion-online\/\" \/>\n<meta property=\"og:locale\" content=\"es_ES\" \/>\n<meta property=\"og:type\" content=\"article\" \/>\n<meta property=\"og:title\" content=\"Jornada de Capacitaci\u00f3n Online - Colegio De Veterinarios De Santa Fe 2da. Circunscripci\u00f3n\" \/>\n<meta property=\"og:description\" content=\"El CMVSF2 invita a la Jornada de Capacitaci\u00f3n Online sobre herramientas financieras y marketing, que tendr\u00e1 lugar el pr\u00f3ximo jueves 18 de noviembre a las\" \/>\n<meta property=\"og:url\" content=\"https:\/\/cmvsf2.org\/web\/2021\/11\/10\/jornada-de-capacitacion-online\/\" \/>\n<meta property=\"og:site_name\" content=\"Colegio De Veterinarios De Santa Fe 2da. Circunscripci\u00f3n\" \/>\n<meta property=\"article:published_time\" content=\"2021-11-10T14:19:22+00:00\" \/>\n<meta property=\"article:modified_time\" content=\"2021-11-10T14:26:23+00:00\" \/>\n<meta property=\"og:image\" content=\"https:\/\/cmvsf2.org\/web\/wp-content\/uploads\/2021\/11\/separ-lanza-una-guia-para-la-teleconsulta-en-enfermedades-respiratorias-9637_620x368.jpg\" \/>\n\t<meta property=\"og:image:width\" content=\"620\" \/>\n\t<meta property=\"og:image:height\" content=\"368\" \/>\n\t<meta property=\"og:image:type\" content=\"image\/jpeg\" \/>\n<meta name=\"author\" content=\"cmvsf2\" \/>\n<meta name=\"twitter:card\" content=\"summary_large_image\" \/>\n<meta name=\"twitter:label1\" content=\"Escrito por\" \/>\n\t<meta name=\"twitter:data1\" content=\"cmvsf2\" \/>\n\t<meta name=\"twitter:label2\" content=\"Tiempo de lectura\" \/>\n\t<meta name=\"twitter:data2\" content=\"1 minuto\" \/>\n<script type=\"application\/ld+json\" class=\"yoast-schema-graph\">{\"@context\":\"https:\\\/\\\/schema.org\",\"@graph\":[{\"@type\":\"Article\",\"@id\":\"https:\\\/\\\/cmvsf2.org\\\/web\\\/2021\\\/11\\\/10\\\/jornada-de-capacitacion-online\\\/#article\",\"isPartOf\":{\"@id\":\"https:\\\/\\\/cmvsf2.org\\\/web\\\/2021\\\/11\\\/10\\\/jornada-de-capacitacion-online\\\/\"},\"author\":{\"name\":\"cmvsf2\",\"@id\":\"https:\\\/\\\/cmvsf2.org\\\/web\\\/#\\\/schema\\\/person\\\/46ea3630099a4a3df8d89f07cf5f7520\"},\"headline\":\"Jornada de Capacitaci\u00f3n Online\",\"datePublished\":\"2021-11-10T14:19:22+00:00\",\"dateModified\":\"2021-11-10T14:26:23+00:00\",\"mainEntityOfPage\":{\"@id\":\"https:\\\/\\\/cmvsf2.org\\\/web\\\/2021\\\/11\\\/10\\\/jornada-de-capacitacion-online\\\/\"},\"wordCount\":279,\"commentCount\":0,\"publisher\":{\"@id\":\"https:\\\/\\\/cmvsf2.org\\\/web\\\/#organization\"},\"image\":{\"@id\":\"https:\\\/\\\/cmvsf2.org\\\/web\\\/2021\\\/11\\\/10\\\/jornada-de-capacitacion-online\\\/#primaryimage\"},\"thumbnailUrl\":\"https:\\\/\\\/cmvsf2.org\\\/web\\\/wp-content\\\/uploads\\\/2021\\\/11\\\/separ-lanza-una-guia-para-la-teleconsulta-en-enfermedades-respiratorias-9637_620x368.jpg\",\"keywords\":[\"formaci\u00f3n online\",\"marketing\"],\"articleSection\":[\"Animales de Compan\u00eda\",\"Destacada\",\"Formaci\u00f3n\"],\"inLanguage\":\"es\"},{\"@type\":\"WebPage\",\"@id\":\"https:\\\/\\\/cmvsf2.org\\\/web\\\/2021\\\/11\\\/10\\\/jornada-de-capacitacion-online\\\/\",\"url\":\"https:\\\/\\\/cmvsf2.org\\\/web\\\/2021\\\/11\\\/10\\\/jornada-de-capacitacion-online\\\/\",\"name\":\"Jornada de Capacitaci\u00f3n Online - Colegio De Veterinarios De Santa Fe 2da. Circunscripci\u00f3n\",\"isPartOf\":{\"@id\":\"https:\\\/\\\/cmvsf2.org\\\/web\\\/#website\"},\"primaryImageOfPage\":{\"@id\":\"https:\\\/\\\/cmvsf2.org\\\/web\\\/2021\\\/11\\\/10\\\/jornada-de-capacitacion-online\\\/#primaryimage\"},\"image\":{\"@id\":\"https:\\\/\\\/cmvsf2.org\\\/web\\\/2021\\\/11\\\/10\\\/jornada-de-capacitacion-online\\\/#primaryimage\"},\"thumbnailUrl\":\"https:\\\/\\\/cmvsf2.org\\\/web\\\/wp-content\\\/uploads\\\/2021\\\/11\\\/separ-lanza-una-guia-para-la-teleconsulta-en-enfermedades-respiratorias-9637_620x368.jpg\",\"datePublished\":\"2021-11-10T14:19:22+00:00\",\"dateModified\":\"2021-11-10T14:26:23+00:00\",\"description\":\"El CMVSF2 invita a la Jornada de Capacitaci\u00f3n Online sobre herramientas financieras y marketing, que tendr\u00e1 lugar el pr\u00f3ximo jueves 18 de noviembre a las\",\"breadcrumb\":{\"@id\":\"https:\\\/\\\/cmvsf2.org\\\/web\\\/2021\\\/11\\\/10\\\/jornada-de-capacitacion-online\\\/#breadcrumb\"},\"inLanguage\":\"es\",\"potentialAction\":[{\"@type\":\"ReadAction\",\"target\":[\"https:\\\/\\\/cmvsf2.org\\\/web\\\/2021\\\/11\\\/10\\\/jornada-de-capacitacion-online\\\/\"]}]},{\"@type\":\"ImageObject\",\"inLanguage\":\"es\",\"@id\":\"https:\\\/\\\/cmvsf2.org\\\/web\\\/2021\\\/11\\\/10\\\/jornada-de-capacitacion-online\\\/#primaryimage\",\"url\":\"https:\\\/\\\/cmvsf2.org\\\/web\\\/wp-content\\\/uploads\\\/2021\\\/11\\\/separ-lanza-una-guia-para-la-teleconsulta-en-enfermedades-respiratorias-9637_620x368.jpg\",\"contentUrl\":\"https:\\\/\\\/cmvsf2.org\\\/web\\\/wp-content\\\/uploads\\\/2021\\\/11\\\/separ-lanza-una-guia-para-la-teleconsulta-en-enfermedades-respiratorias-9637_620x368.jpg\",\"width\":620,\"height\":368},{\"@type\":\"BreadcrumbList\",\"@id\":\"https:\\\/\\\/cmvsf2.org\\\/web\\\/2021\\\/11\\\/10\\\/jornada-de-capacitacion-online\\\/#breadcrumb\",\"itemListElement\":[{\"@type\":\"ListItem\",\"position\":1,\"name\":\"Portada\",\"item\":\"https:\\\/\\\/cmvsf2.org\\\/web\\\/\"},{\"@type\":\"ListItem\",\"position\":2,\"name\":\"Jornada de Capacitaci\u00f3n Online\"}]},{\"@type\":\"WebSite\",\"@id\":\"https:\\\/\\\/cmvsf2.org\\\/web\\\/#website\",\"url\":\"https:\\\/\\\/cmvsf2.org\\\/web\\\/\",\"name\":\"Colegio De Veterinarios De Santa Fe 2da. Circunscripci\u00f3n\",\"description\":\"Sitio institucional del Colegio de M\u00e9dicos Veterinario de Santa Fe 2da. Circunscripci\u00f3n\",\"publisher\":{\"@id\":\"https:\\\/\\\/cmvsf2.org\\\/web\\\/#organization\"},\"potentialAction\":[{\"@type\":\"SearchAction\",\"target\":{\"@type\":\"EntryPoint\",\"urlTemplate\":\"https:\\\/\\\/cmvsf2.org\\\/web\\\/?s={search_term_string}\"},\"query-input\":{\"@type\":\"PropertyValueSpecification\",\"valueRequired\":true,\"valueName\":\"search_term_string\"}}],\"inLanguage\":\"es\"},{\"@type\":\"Organization\",\"@id\":\"https:\\\/\\\/cmvsf2.org\\\/web\\\/#organization\",\"name\":\"Colegio De Veterinarios De Santa Fe 2da. Circunscripci\u00f3n\",\"url\":\"https:\\\/\\\/cmvsf2.org\\\/web\\\/\",\"logo\":{\"@type\":\"ImageObject\",\"inLanguage\":\"es\",\"@id\":\"https:\\\/\\\/cmvsf2.org\\\/web\\\/#\\\/schema\\\/logo\\\/image\\\/\",\"url\":\"http:\\\/\\\/cmvsf2.org\\\/web\\\/wp-content\\\/uploads\\\/2020\\\/03\\\/vector-logo-02.png\",\"contentUrl\":\"http:\\\/\\\/cmvsf2.org\\\/web\\\/wp-content\\\/uploads\\\/2020\\\/03\\\/vector-logo-02.png\",\"width\":2750,\"height\":642,\"caption\":\"Colegio De Veterinarios De Santa Fe 2da. Circunscripci\u00f3n\"},\"image\":{\"@id\":\"https:\\\/\\\/cmvsf2.org\\\/web\\\/#\\\/schema\\\/logo\\\/image\\\/\"}},{\"@type\":\"Person\",\"@id\":\"https:\\\/\\\/cmvsf2.org\\\/web\\\/#\\\/schema\\\/person\\\/46ea3630099a4a3df8d89f07cf5f7520\",\"name\":\"cmvsf2\",\"image\":{\"@type\":\"ImageObject\",\"inLanguage\":\"es\",\"@id\":\"https:\\\/\\\/secure.gravatar.com\\\/avatar\\\/669647b61c77f28f1aa51df04174a5ecb296e9988b4a93d2870666cd1f502cd7?s=96&d=mm&r=g\",\"url\":\"https:\\\/\\\/secure.gravatar.com\\\/avatar\\\/669647b61c77f28f1aa51df04174a5ecb296e9988b4a93d2870666cd1f502cd7?s=96&d=mm&r=g\",\"contentUrl\":\"https:\\\/\\\/secure.gravatar.com\\\/avatar\\\/669647b61c77f28f1aa51df04174a5ecb296e9988b4a93d2870666cd1f502cd7?s=96&d=mm&r=g\",\"caption\":\"cmvsf2\"}}]}<\/script>\n<!-- \/ Yoast SEO plugin. -->","yoast_head_json":{"title":"Jornada de Capacitaci\u00f3n Online - Colegio De Veterinarios De Santa Fe 2da. Circunscripci\u00f3n","description":"El CMVSF2 invita a la Jornada de Capacitaci\u00f3n Online sobre herramientas financieras y marketing, que tendr\u00e1 lugar el pr\u00f3ximo jueves 18 de noviembre a las","robots":{"index":"index","follow":"follow","max-snippet":"max-snippet:-1","max-image-preview":"max-image-preview:large","max-video-preview":"max-video-preview:-1"},"canonical":"https:\/\/cmvsf2.org\/web\/2021\/11\/10\/jornada-de-capacitacion-online\/","og_locale":"es_ES","og_type":"article","og_title":"Jornada de Capacitaci\u00f3n Online - Colegio De Veterinarios De Santa Fe 2da. Circunscripci\u00f3n","og_description":"El CMVSF2 invita a la Jornada de Capacitaci\u00f3n Online sobre herramientas financieras y marketing, que tendr\u00e1 lugar el pr\u00f3ximo jueves 18 de noviembre a las","og_url":"https:\/\/cmvsf2.org\/web\/2021\/11\/10\/jornada-de-capacitacion-online\/","og_site_name":"Colegio De Veterinarios De Santa Fe 2da. Circunscripci\u00f3n","article_published_time":"2021-11-10T14:19:22+00:00","article_modified_time":"2021-11-10T14:26:23+00:00","og_image":[{"width":620,"height":368,"url":"https:\/\/cmvsf2.org\/web\/wp-content\/uploads\/2021\/11\/separ-lanza-una-guia-para-la-teleconsulta-en-enfermedades-respiratorias-9637_620x368.jpg","type":"image\/jpeg"}],"author":"cmvsf2","twitter_card":"summary_large_image","twitter_misc":{"Escrito por":"cmvsf2","Tiempo de lectura":"1 minuto"},"schema":{"@context":"https:\/\/schema.org","@graph":[{"@type":"Article","@id":"https:\/\/cmvsf2.org\/web\/2021\/11\/10\/jornada-de-capacitacion-online\/#article","isPartOf":{"@id":"https:\/\/cmvsf2.org\/web\/2021\/11\/10\/jornada-de-capacitacion-online\/"},"author":{"name":"cmvsf2","@id":"https:\/\/cmvsf2.org\/web\/#\/schema\/person\/46ea3630099a4a3df8d89f07cf5f7520"},"headline":"Jornada de Capacitaci\u00f3n Online","datePublished":"2021-11-10T14:19:22+00:00","dateModified":"2021-11-10T14:26:23+00:00","mainEntityOfPage":{"@id":"https:\/\/cmvsf2.org\/web\/2021\/11\/10\/jornada-de-capacitacion-online\/"},"wordCount":279,"commentCount":0,"publisher":{"@id":"https:\/\/cmvsf2.org\/web\/#organization"},"image":{"@id":"https:\/\/cmvsf2.org\/web\/2021\/11\/10\/jornada-de-capacitacion-online\/#primaryimage"},"thumbnailUrl":"https:\/\/cmvsf2.org\/web\/wp-content\/uploads\/2021\/11\/separ-lanza-una-guia-para-la-teleconsulta-en-enfermedades-respiratorias-9637_620x368.jpg","keywords":["formaci\u00f3n online","marketing"],"articleSection":["Animales de Compan\u00eda","Destacada","Formaci\u00f3n"],"inLanguage":"es"},{"@type":"WebPage","@id":"https:\/\/cmvsf2.org\/web\/2021\/11\/10\/jornada-de-capacitacion-online\/","url":"https:\/\/cmvsf2.org\/web\/2021\/11\/10\/jornada-de-capacitacion-online\/","name":"Jornada de Capacitaci\u00f3n Online - Colegio De Veterinarios De Santa Fe 2da. Circunscripci\u00f3n","isPartOf":{"@id":"https:\/\/cmvsf2.org\/web\/#website"},"primaryImageOfPage":{"@id":"https:\/\/cmvsf2.org\/web\/2021\/11\/10\/jornada-de-capacitacion-online\/#primaryimage"},"image":{"@id":"https:\/\/cmvsf2.org\/web\/2021\/11\/10\/jornada-de-capacitacion-online\/#primaryimage"},"thumbnailUrl":"https:\/\/cmvsf2.org\/web\/wp-content\/uploads\/2021\/11\/separ-lanza-una-guia-para-la-teleconsulta-en-enfermedades-respiratorias-9637_620x368.jpg","datePublished":"2021-11-10T14:19:22+00:00","dateModified":"2021-11-10T14:26:23+00:00","description":"El CMVSF2 invita a la Jornada de Capacitaci\u00f3n Online sobre herramientas financieras y marketing, que tendr\u00e1 lugar el pr\u00f3ximo jueves 18 de noviembre a las","breadcrumb":{"@id":"https:\/\/cmvsf2.org\/web\/2021\/11\/10\/jornada-de-capacitacion-online\/#breadcrumb"},"inLanguage":"es","potentialAction":[{"@type":"ReadAction","target":["https:\/\/cmvsf2.org\/web\/2021\/11\/10\/jornada-de-capacitacion-online\/"]}]},{"@type":"ImageObject","inLanguage":"es","@id":"https:\/\/cmvsf2.org\/web\/2021\/11\/10\/jornada-de-capacitacion-online\/#primaryimage","url":"https:\/\/cmvsf2.org\/web\/wp-content\/uploads\/2021\/11\/separ-lanza-una-guia-para-la-teleconsulta-en-enfermedades-respiratorias-9637_620x368.jpg","contentUrl":"https:\/\/cmvsf2.org\/web\/wp-content\/uploads\/2021\/11\/separ-lanza-una-guia-para-la-teleconsulta-en-enfermedades-respiratorias-9637_620x368.jpg","width":620,"height":368},{"@type":"BreadcrumbList","@id":"https:\/\/cmvsf2.org\/web\/2021\/11\/10\/jornada-de-capacitacion-online\/#breadcrumb","itemListElement":[{"@type":"ListItem","position":1,"name":"Portada","item":"https:\/\/cmvsf2.org\/web\/"},{"@type":"ListItem","position":2,"name":"Jornada de Capacitaci\u00f3n Online"}]},{"@type":"WebSite","@id":"https:\/\/cmvsf2.org\/web\/#website","url":"https:\/\/cmvsf2.org\/web\/","name":"Colegio De Veterinarios De Santa Fe 2da. Circunscripci\u00f3n","description":"Sitio institucional del Colegio de M\u00e9dicos Veterinario de Santa Fe 2da. Circunscripci\u00f3n","publisher":{"@id":"https:\/\/cmvsf2.org\/web\/#organization"},"potentialAction":[{"@type":"SearchAction","target":{"@type":"EntryPoint","urlTemplate":"https:\/\/cmvsf2.org\/web\/?s={search_term_string}"},"query-input":{"@type":"PropertyValueSpecification","valueRequired":true,"valueName":"search_term_string"}}],"inLanguage":"es"},{"@type":"Organization","@id":"https:\/\/cmvsf2.org\/web\/#organization","name":"Colegio De Veterinarios De Santa Fe 2da. Circunscripci\u00f3n","url":"https:\/\/cmvsf2.org\/web\/","logo":{"@type":"ImageObject","inLanguage":"es","@id":"https:\/\/cmvsf2.org\/web\/#\/schema\/logo\/image\/","url":"http:\/\/cmvsf2.org\/web\/wp-content\/uploads\/2020\/03\/vector-logo-02.png","contentUrl":"http:\/\/cmvsf2.org\/web\/wp-content\/uploads\/2020\/03\/vector-logo-02.png","width":2750,"height":642,"caption":"Colegio De Veterinarios De Santa Fe 2da. Circunscripci\u00f3n"},"image":{"@id":"https:\/\/cmvsf2.org\/web\/#\/schema\/logo\/image\/"}},{"@type":"Person","@id":"https:\/\/cmvsf2.org\/web\/#\/schema\/person\/46ea3630099a4a3df8d89f07cf5f7520","name":"cmvsf2","image":{"@type":"ImageObject","inLanguage":"es","@id":"https:\/\/secure.gravatar.com\/avatar\/669647b61c77f28f1aa51df04174a5ecb296e9988b4a93d2870666cd1f502cd7?s=96&d=mm&r=g","url":"https:\/\/secure.gravatar.com\/avatar\/669647b61c77f28f1aa51df04174a5ecb296e9988b4a93d2870666cd1f502cd7?s=96&d=mm&r=g","contentUrl":"https:\/\/secure.gravatar.com\/avatar\/669647b61c77f28f1aa51df04174a5ecb296e9988b4a93d2870666cd1f502cd7?s=96&d=mm&r=g","caption":"cmvsf2"}}]}},"_links":{"self":[{"href":"https:\/\/cmvsf2.org\/web\/wp-json\/wp\/v2\/posts\/31998","targetHints":{"allow":["GET"]}}],"collection":[{"href":"https:\/\/cmvsf2.org\/web\/wp-json\/wp\/v2\/posts"}],"about":[{"href":"https:\/\/cmvsf2.org\/web\/wp-json\/wp\/v2\/types\/post"}],"author":[{"embeddable":true,"href":"https:\/\/cmvsf2.org\/web\/wp-json\/wp\/v2\/users\/3"}],"replies":[{"embeddable":true,"href":"https:\/\/cmvsf2.org\/web\/wp-json\/wp\/v2\/comments?post=31998"}],"version-history":[{"count":4,"href":"https:\/\/cmvsf2.org\/web\/wp-json\/wp\/v2\/posts\/31998\/revisions"}],"predecessor-version":[{"id":32004,"href":"https:\/\/cmvsf2.org\/web\/wp-json\/wp\/v2\/posts\/31998\/revisions\/32004"}],"wp:featuredmedia":[{"embeddable":true,"href":"https:\/\/cmvsf2.org\/web\/wp-json\/wp\/v2\/media\/32002"}],"wp:attachment":[{"href":"https:\/\/cmvsf2.org\/web\/wp-json\/wp\/v2\/media?parent=31998"}],"wp:term":[{"taxonomy":"category","embeddable":true,"href":"https:\/\/cmvsf2.org\/web\/wp-json\/wp\/v2\/categories?post=31998"},{"taxonomy":"post_tag","embeddable":true,"href":"https:\/\/cmvsf2.org\/web\/wp-json\/wp\/v2\/tags?post=31998"}],"curies":[{"name":"wp","href":"https:\/\/api.w.org\/{rel}","templated":true}]}}