{"id":31969,"date":"2021-10-22T15:31:04","date_gmt":"2021-10-22T15:31:04","guid":{"rendered":"http:\/\/cmvsf2.org\/web\/?p=31969"},"modified":"2021-10-22T15:47:52","modified_gmt":"2021-10-22T15:47:52","slug":"jornada-online-sobre-diabetes","status":"publish","type":"post","link":"https:\/\/cmvsf2.org\/web\/2021\/10\/22\/jornada-online-sobre-diabetes\/","title":{"rendered":"Jornada online sobre DIABETES"},"content":{"rendered":"<p>La subcomisi\u00f3n de Animales de Compa\u00f1\u00eda del Colegios de M\u00e9dicos Veterinarios de Santa Fe 2da Circunscripci\u00f3n, invita a la jornada online sobre Diabetes que tendr\u00e1 lugar el pr\u00f3ximo <strong><em>mi\u00e9rcoles 27 de octubre a las 20 horas<\/em><\/strong>.<\/p>\n<p>La misma contar\u00e1 con las siguientes charlas:<\/p>\n<p class=\"_04xlpA direction-ltr align-start para-style-subtitle\"><span class=\"JsGRdQ\">\u00ab<strong><em>Manejo de Diabetes en caninos<\/em><\/strong>\u00bb &#8211;\u00a0<\/span><span class=\"JsGRdQ\">M.V. Marcelo Mitre<\/span><\/p>\n<p class=\"_04xlpA direction-ltr align-start para-style-subtitle\"><span class=\"JsGRdQ\">\u00ab<strong><em>Manejo del paciente diab\u00e9tico &#8211; Caninsulin<\/em><\/strong>\u00bb &#8211;\u00a0<\/span><span class=\"JsGRdQ\">M.V. Eugenia Sanz<\/span><\/p>\n<p>y la moderaci\u00f3n de la MV <span class=\"JsGRdQ\">Marina Balsa <\/span>y el MV Esteban L\u00f3pez.<\/p>\n<p><span class=\"JsGRdQ\">La actividad es gratuita y requiere inscripci\u00f3n previa a trav\u00e9s del siguiente link:\u00a0<\/span><\/p>\n<p><a href=\"https:\/\/docs.google.com\/forms\/d\/e\/1FAIpQLSdpeb03fMe1e3LGfapzDP0nT7oGJGohdIuP4oorD0xrLn-myw\/viewform\" target=\"_blank\" rel=\"noopener noreferrer\">https:\/\/docs.google.com\/forms\/d\/e\/1FAIpQLSdpeb03fMe1e3LGfapzDP0nT7oGJGohdIuP4oorD0xrLn-myw\/viewform<\/a><\/p>\n<p><em><span class=\"JsGRdQ\">Se recibir\u00e1n aportes econ\u00f3micos para ayudar a solventar el tratamiento de Luc\u00eda, hija del colega Walter Masci\u00e1ngelo, a la cuenta:<\/span><\/em><\/p>\n<p class=\"_04xlpA direction-ltr align-start para-style-details\"><span class=\"JsGRdQ\">CBU 0110190030019027407551<\/span><\/p>\n<p class=\"_04xlpA direction-ltr align-start para-style-details\"><span class=\"JsGRdQ\">ALIAS: ATUN.COMIDA.FLOR<\/span><\/p>\n","protected":false},"excerpt":{"rendered":"<p>La subcomisi\u00f3n de Animales de Compa\u00f1\u00eda del Colegios de M\u00e9dicos Veterinarios de Santa Fe 2da Circunscripci\u00f3n, invita a la jornada online sobre Diabetes que tendr\u00e1 lugar el pr\u00f3ximo mi\u00e9rcoles 27 de octubre a las 20 horas. La misma contar\u00e1 con las siguientes charlas: \u00abManejo de Diabetes en caninos\u00bb &#8211;\u00a0M.V. Marcelo Mitre \u00abManejo del paciente diab\u00e9tico &#8211; Caninsulin\u00bb &#8211;\u00a0M.V. Eugenia Sanz y la moderaci\u00f3n de [&hellip;]<\/p>\n","protected":false},"author":3,"featured_media":31971,"comment_status":"open","ping_status":"open","sticky":false,"template":"","format":"standard","meta":{"_acf_changed":false,"footnotes":""},"categories":[6,343,35],"tags":[41,583,475],"class_list":["post-31969","post","type-post","status-publish","format-standard","has-post-thumbnail","hentry","category-animales-compania2","category-destacada","category-formacion","tag-caninos","tag-diabtes","tag-jornada-on-line"],"acf":[],"yoast_head":"<!-- This site is optimized with the Yoast SEO plugin v28.2 - https:\/\/yoast.com\/product\/yoast-seo-wordpress\/ -->\n<title>Jornada online sobre DIABETES - Colegio De Veterinarios De Santa Fe 2da. Circunscripci\u00f3n<\/title>\n<meta name=\"description\" content=\"La subcomisi\u00f3n de Animales de Compa\u00f1\u00eda del Colegios de M\u00e9dicos Veterinarios de Santa Fe 2da Circunscripci\u00f3n, invita a la jornada online sobre Diabetes que\" \/>\n<meta name=\"robots\" content=\"index, follow, max-snippet:-1, max-image-preview:large, max-video-preview:-1\" \/>\n<link rel=\"canonical\" href=\"https:\/\/cmvsf2.org\/web\/2021\/10\/22\/jornada-online-sobre-diabetes\/\" \/>\n<meta property=\"og:locale\" content=\"es_ES\" \/>\n<meta property=\"og:type\" content=\"article\" \/>\n<meta property=\"og:title\" content=\"Jornada online sobre DIABETES - Colegio De Veterinarios De Santa Fe 2da. Circunscripci\u00f3n\" \/>\n<meta property=\"og:description\" content=\"La subcomisi\u00f3n de Animales de Compa\u00f1\u00eda del Colegios de M\u00e9dicos Veterinarios de Santa Fe 2da Circunscripci\u00f3n, invita a la jornada online sobre Diabetes que\" \/>\n<meta property=\"og:url\" content=\"https:\/\/cmvsf2.org\/web\/2021\/10\/22\/jornada-online-sobre-diabetes\/\" \/>\n<meta property=\"og:site_name\" content=\"Colegio De Veterinarios De Santa Fe 2da. Circunscripci\u00f3n\" \/>\n<meta property=\"article:published_time\" content=\"2021-10-22T15:31:04+00:00\" \/>\n<meta property=\"article:modified_time\" content=\"2021-10-22T15:47:52+00:00\" \/>\n<meta property=\"og:image\" content=\"https:\/\/cmvsf2.org\/web\/wp-content\/uploads\/2021\/10\/evi-kalemi-x6C31QauowM-unsplash-para-web.jpg\" \/>\n\t<meta property=\"og:image:width\" content=\"2500\" \/>\n\t<meta property=\"og:image:height\" content=\"1671\" \/>\n\t<meta property=\"og:image:type\" content=\"image\/jpeg\" \/>\n<meta name=\"author\" content=\"cmvsf2\" \/>\n<meta name=\"twitter:card\" content=\"summary_large_image\" \/>\n<meta name=\"twitter:label1\" content=\"Escrito por\" \/>\n\t<meta name=\"twitter:data1\" content=\"cmvsf2\" \/>\n\t<meta name=\"twitter:label2\" content=\"Tiempo de lectura\" \/>\n\t<meta name=\"twitter:data2\" content=\"1 minuto\" \/>\n<script type=\"application\/ld+json\" class=\"yoast-schema-graph\">{\"@context\":\"https:\\\/\\\/schema.org\",\"@graph\":[{\"@type\":\"Article\",\"@id\":\"https:\\\/\\\/cmvsf2.org\\\/web\\\/2021\\\/10\\\/22\\\/jornada-online-sobre-diabetes\\\/#article\",\"isPartOf\":{\"@id\":\"https:\\\/\\\/cmvsf2.org\\\/web\\\/2021\\\/10\\\/22\\\/jornada-online-sobre-diabetes\\\/\"},\"author\":{\"name\":\"cmvsf2\",\"@id\":\"https:\\\/\\\/cmvsf2.org\\\/web\\\/#\\\/schema\\\/person\\\/46ea3630099a4a3df8d89f07cf5f7520\"},\"headline\":\"Jornada online sobre DIABETES\",\"datePublished\":\"2021-10-22T15:31:04+00:00\",\"dateModified\":\"2021-10-22T15:47:52+00:00\",\"mainEntityOfPage\":{\"@id\":\"https:\\\/\\\/cmvsf2.org\\\/web\\\/2021\\\/10\\\/22\\\/jornada-online-sobre-diabetes\\\/\"},\"wordCount\":148,\"commentCount\":0,\"publisher\":{\"@id\":\"https:\\\/\\\/cmvsf2.org\\\/web\\\/#organization\"},\"image\":{\"@id\":\"https:\\\/\\\/cmvsf2.org\\\/web\\\/2021\\\/10\\\/22\\\/jornada-online-sobre-diabetes\\\/#primaryimage\"},\"thumbnailUrl\":\"https:\\\/\\\/cmvsf2.org\\\/web\\\/wp-content\\\/uploads\\\/2021\\\/10\\\/evi-kalemi-x6C31QauowM-unsplash-para-web.jpg\",\"keywords\":[\"caninos\",\"diabtes\",\"JORNADA ON LINE\"],\"articleSection\":[\"Animales de Compan\u00eda\",\"Destacada\",\"Formaci\u00f3n\"],\"inLanguage\":\"es\"},{\"@type\":\"WebPage\",\"@id\":\"https:\\\/\\\/cmvsf2.org\\\/web\\\/2021\\\/10\\\/22\\\/jornada-online-sobre-diabetes\\\/\",\"url\":\"https:\\\/\\\/cmvsf2.org\\\/web\\\/2021\\\/10\\\/22\\\/jornada-online-sobre-diabetes\\\/\",\"name\":\"Jornada online sobre DIABETES - Colegio De Veterinarios De Santa Fe 2da. Circunscripci\u00f3n\",\"isPartOf\":{\"@id\":\"https:\\\/\\\/cmvsf2.org\\\/web\\\/#website\"},\"primaryImageOfPage\":{\"@id\":\"https:\\\/\\\/cmvsf2.org\\\/web\\\/2021\\\/10\\\/22\\\/jornada-online-sobre-diabetes\\\/#primaryimage\"},\"image\":{\"@id\":\"https:\\\/\\\/cmvsf2.org\\\/web\\\/2021\\\/10\\\/22\\\/jornada-online-sobre-diabetes\\\/#primaryimage\"},\"thumbnailUrl\":\"https:\\\/\\\/cmvsf2.org\\\/web\\\/wp-content\\\/uploads\\\/2021\\\/10\\\/evi-kalemi-x6C31QauowM-unsplash-para-web.jpg\",\"datePublished\":\"2021-10-22T15:31:04+00:00\",\"dateModified\":\"2021-10-22T15:47:52+00:00\",\"description\":\"La subcomisi\u00f3n de Animales de Compa\u00f1\u00eda del Colegios de M\u00e9dicos Veterinarios de Santa Fe 2da Circunscripci\u00f3n, invita a la jornada online sobre Diabetes que\",\"breadcrumb\":{\"@id\":\"https:\\\/\\\/cmvsf2.org\\\/web\\\/2021\\\/10\\\/22\\\/jornada-online-sobre-diabetes\\\/#breadcrumb\"},\"inLanguage\":\"es\",\"potentialAction\":[{\"@type\":\"ReadAction\",\"target\":[\"https:\\\/\\\/cmvsf2.org\\\/web\\\/2021\\\/10\\\/22\\\/jornada-online-sobre-diabetes\\\/\"]}]},{\"@type\":\"ImageObject\",\"inLanguage\":\"es\",\"@id\":\"https:\\\/\\\/cmvsf2.org\\\/web\\\/2021\\\/10\\\/22\\\/jornada-online-sobre-diabetes\\\/#primaryimage\",\"url\":\"https:\\\/\\\/cmvsf2.org\\\/web\\\/wp-content\\\/uploads\\\/2021\\\/10\\\/evi-kalemi-x6C31QauowM-unsplash-para-web.jpg\",\"contentUrl\":\"https:\\\/\\\/cmvsf2.org\\\/web\\\/wp-content\\\/uploads\\\/2021\\\/10\\\/evi-kalemi-x6C31QauowM-unsplash-para-web.jpg\",\"width\":2500,\"height\":1671},{\"@type\":\"BreadcrumbList\",\"@id\":\"https:\\\/\\\/cmvsf2.org\\\/web\\\/2021\\\/10\\\/22\\\/jornada-online-sobre-diabetes\\\/#breadcrumb\",\"itemListElement\":[{\"@type\":\"ListItem\",\"position\":1,\"name\":\"Portada\",\"item\":\"https:\\\/\\\/cmvsf2.org\\\/web\\\/\"},{\"@type\":\"ListItem\",\"position\":2,\"name\":\"Jornada online sobre DIABETES\"}]},{\"@type\":\"WebSite\",\"@id\":\"https:\\\/\\\/cmvsf2.org\\\/web\\\/#website\",\"url\":\"https:\\\/\\\/cmvsf2.org\\\/web\\\/\",\"name\":\"Colegio De Veterinarios De Santa Fe 2da. Circunscripci\u00f3n\",\"description\":\"Sitio institucional del Colegio de M\u00e9dicos Veterinario de Santa Fe 2da. Circunscripci\u00f3n\",\"publisher\":{\"@id\":\"https:\\\/\\\/cmvsf2.org\\\/web\\\/#organization\"},\"potentialAction\":[{\"@type\":\"SearchAction\",\"target\":{\"@type\":\"EntryPoint\",\"urlTemplate\":\"https:\\\/\\\/cmvsf2.org\\\/web\\\/?s={search_term_string}\"},\"query-input\":{\"@type\":\"PropertyValueSpecification\",\"valueRequired\":true,\"valueName\":\"search_term_string\"}}],\"inLanguage\":\"es\"},{\"@type\":\"Organization\",\"@id\":\"https:\\\/\\\/cmvsf2.org\\\/web\\\/#organization\",\"name\":\"Colegio De Veterinarios De Santa Fe 2da. Circunscripci\u00f3n\",\"url\":\"https:\\\/\\\/cmvsf2.org\\\/web\\\/\",\"logo\":{\"@type\":\"ImageObject\",\"inLanguage\":\"es\",\"@id\":\"https:\\\/\\\/cmvsf2.org\\\/web\\\/#\\\/schema\\\/logo\\\/image\\\/\",\"url\":\"http:\\\/\\\/cmvsf2.org\\\/web\\\/wp-content\\\/uploads\\\/2020\\\/03\\\/vector-logo-02.png\",\"contentUrl\":\"http:\\\/\\\/cmvsf2.org\\\/web\\\/wp-content\\\/uploads\\\/2020\\\/03\\\/vector-logo-02.png\",\"width\":2750,\"height\":642,\"caption\":\"Colegio De Veterinarios De Santa Fe 2da. Circunscripci\u00f3n\"},\"image\":{\"@id\":\"https:\\\/\\\/cmvsf2.org\\\/web\\\/#\\\/schema\\\/logo\\\/image\\\/\"}},{\"@type\":\"Person\",\"@id\":\"https:\\\/\\\/cmvsf2.org\\\/web\\\/#\\\/schema\\\/person\\\/46ea3630099a4a3df8d89f07cf5f7520\",\"name\":\"cmvsf2\",\"image\":{\"@type\":\"ImageObject\",\"inLanguage\":\"es\",\"@id\":\"https:\\\/\\\/secure.gravatar.com\\\/avatar\\\/669647b61c77f28f1aa51df04174a5ecb296e9988b4a93d2870666cd1f502cd7?s=96&d=mm&r=g\",\"url\":\"https:\\\/\\\/secure.gravatar.com\\\/avatar\\\/669647b61c77f28f1aa51df04174a5ecb296e9988b4a93d2870666cd1f502cd7?s=96&d=mm&r=g\",\"contentUrl\":\"https:\\\/\\\/secure.gravatar.com\\\/avatar\\\/669647b61c77f28f1aa51df04174a5ecb296e9988b4a93d2870666cd1f502cd7?s=96&d=mm&r=g\",\"caption\":\"cmvsf2\"}}]}<\/script>\n<!-- \/ Yoast SEO plugin. -->","yoast_head_json":{"title":"Jornada online sobre DIABETES - Colegio De Veterinarios De Santa Fe 2da. Circunscripci\u00f3n","description":"La subcomisi\u00f3n de Animales de Compa\u00f1\u00eda del Colegios de M\u00e9dicos Veterinarios de Santa Fe 2da Circunscripci\u00f3n, invita a la jornada online sobre Diabetes que","robots":{"index":"index","follow":"follow","max-snippet":"max-snippet:-1","max-image-preview":"max-image-preview:large","max-video-preview":"max-video-preview:-1"},"canonical":"https:\/\/cmvsf2.org\/web\/2021\/10\/22\/jornada-online-sobre-diabetes\/","og_locale":"es_ES","og_type":"article","og_title":"Jornada online sobre DIABETES - Colegio De Veterinarios De Santa Fe 2da. Circunscripci\u00f3n","og_description":"La subcomisi\u00f3n de Animales de Compa\u00f1\u00eda del Colegios de M\u00e9dicos Veterinarios de Santa Fe 2da Circunscripci\u00f3n, invita a la jornada online sobre Diabetes que","og_url":"https:\/\/cmvsf2.org\/web\/2021\/10\/22\/jornada-online-sobre-diabetes\/","og_site_name":"Colegio De Veterinarios De Santa Fe 2da. Circunscripci\u00f3n","article_published_time":"2021-10-22T15:31:04+00:00","article_modified_time":"2021-10-22T15:47:52+00:00","og_image":[{"width":2500,"height":1671,"url":"https:\/\/cmvsf2.org\/web\/wp-content\/uploads\/2021\/10\/evi-kalemi-x6C31QauowM-unsplash-para-web.jpg","type":"image\/jpeg"}],"author":"cmvsf2","twitter_card":"summary_large_image","twitter_misc":{"Escrito por":"cmvsf2","Tiempo de lectura":"1 minuto"},"schema":{"@context":"https:\/\/schema.org","@graph":[{"@type":"Article","@id":"https:\/\/cmvsf2.org\/web\/2021\/10\/22\/jornada-online-sobre-diabetes\/#article","isPartOf":{"@id":"https:\/\/cmvsf2.org\/web\/2021\/10\/22\/jornada-online-sobre-diabetes\/"},"author":{"name":"cmvsf2","@id":"https:\/\/cmvsf2.org\/web\/#\/schema\/person\/46ea3630099a4a3df8d89f07cf5f7520"},"headline":"Jornada online sobre DIABETES","datePublished":"2021-10-22T15:31:04+00:00","dateModified":"2021-10-22T15:47:52+00:00","mainEntityOfPage":{"@id":"https:\/\/cmvsf2.org\/web\/2021\/10\/22\/jornada-online-sobre-diabetes\/"},"wordCount":148,"commentCount":0,"publisher":{"@id":"https:\/\/cmvsf2.org\/web\/#organization"},"image":{"@id":"https:\/\/cmvsf2.org\/web\/2021\/10\/22\/jornada-online-sobre-diabetes\/#primaryimage"},"thumbnailUrl":"https:\/\/cmvsf2.org\/web\/wp-content\/uploads\/2021\/10\/evi-kalemi-x6C31QauowM-unsplash-para-web.jpg","keywords":["caninos","diabtes","JORNADA ON LINE"],"articleSection":["Animales de Compan\u00eda","Destacada","Formaci\u00f3n"],"inLanguage":"es"},{"@type":"WebPage","@id":"https:\/\/cmvsf2.org\/web\/2021\/10\/22\/jornada-online-sobre-diabetes\/","url":"https:\/\/cmvsf2.org\/web\/2021\/10\/22\/jornada-online-sobre-diabetes\/","name":"Jornada online sobre DIABETES - Colegio De Veterinarios De Santa Fe 2da. Circunscripci\u00f3n","isPartOf":{"@id":"https:\/\/cmvsf2.org\/web\/#website"},"primaryImageOfPage":{"@id":"https:\/\/cmvsf2.org\/web\/2021\/10\/22\/jornada-online-sobre-diabetes\/#primaryimage"},"image":{"@id":"https:\/\/cmvsf2.org\/web\/2021\/10\/22\/jornada-online-sobre-diabetes\/#primaryimage"},"thumbnailUrl":"https:\/\/cmvsf2.org\/web\/wp-content\/uploads\/2021\/10\/evi-kalemi-x6C31QauowM-unsplash-para-web.jpg","datePublished":"2021-10-22T15:31:04+00:00","dateModified":"2021-10-22T15:47:52+00:00","description":"La subcomisi\u00f3n de Animales de Compa\u00f1\u00eda del Colegios de M\u00e9dicos Veterinarios de Santa Fe 2da Circunscripci\u00f3n, invita a la jornada online sobre Diabetes que","breadcrumb":{"@id":"https:\/\/cmvsf2.org\/web\/2021\/10\/22\/jornada-online-sobre-diabetes\/#breadcrumb"},"inLanguage":"es","potentialAction":[{"@type":"ReadAction","target":["https:\/\/cmvsf2.org\/web\/2021\/10\/22\/jornada-online-sobre-diabetes\/"]}]},{"@type":"ImageObject","inLanguage":"es","@id":"https:\/\/cmvsf2.org\/web\/2021\/10\/22\/jornada-online-sobre-diabetes\/#primaryimage","url":"https:\/\/cmvsf2.org\/web\/wp-content\/uploads\/2021\/10\/evi-kalemi-x6C31QauowM-unsplash-para-web.jpg","contentUrl":"https:\/\/cmvsf2.org\/web\/wp-content\/uploads\/2021\/10\/evi-kalemi-x6C31QauowM-unsplash-para-web.jpg","width":2500,"height":1671},{"@type":"BreadcrumbList","@id":"https:\/\/cmvsf2.org\/web\/2021\/10\/22\/jornada-online-sobre-diabetes\/#breadcrumb","itemListElement":[{"@type":"ListItem","position":1,"name":"Portada","item":"https:\/\/cmvsf2.org\/web\/"},{"@type":"ListItem","position":2,"name":"Jornada online sobre DIABETES"}]},{"@type":"WebSite","@id":"https:\/\/cmvsf2.org\/web\/#website","url":"https:\/\/cmvsf2.org\/web\/","name":"Colegio De Veterinarios De Santa Fe 2da. Circunscripci\u00f3n","description":"Sitio institucional del Colegio de M\u00e9dicos Veterinario de Santa Fe 2da. Circunscripci\u00f3n","publisher":{"@id":"https:\/\/cmvsf2.org\/web\/#organization"},"potentialAction":[{"@type":"SearchAction","target":{"@type":"EntryPoint","urlTemplate":"https:\/\/cmvsf2.org\/web\/?s={search_term_string}"},"query-input":{"@type":"PropertyValueSpecification","valueRequired":true,"valueName":"search_term_string"}}],"inLanguage":"es"},{"@type":"Organization","@id":"https:\/\/cmvsf2.org\/web\/#organization","name":"Colegio De Veterinarios De Santa Fe 2da. Circunscripci\u00f3n","url":"https:\/\/cmvsf2.org\/web\/","logo":{"@type":"ImageObject","inLanguage":"es","@id":"https:\/\/cmvsf2.org\/web\/#\/schema\/logo\/image\/","url":"http:\/\/cmvsf2.org\/web\/wp-content\/uploads\/2020\/03\/vector-logo-02.png","contentUrl":"http:\/\/cmvsf2.org\/web\/wp-content\/uploads\/2020\/03\/vector-logo-02.png","width":2750,"height":642,"caption":"Colegio De Veterinarios De Santa Fe 2da. Circunscripci\u00f3n"},"image":{"@id":"https:\/\/cmvsf2.org\/web\/#\/schema\/logo\/image\/"}},{"@type":"Person","@id":"https:\/\/cmvsf2.org\/web\/#\/schema\/person\/46ea3630099a4a3df8d89f07cf5f7520","name":"cmvsf2","image":{"@type":"ImageObject","inLanguage":"es","@id":"https:\/\/secure.gravatar.com\/avatar\/669647b61c77f28f1aa51df04174a5ecb296e9988b4a93d2870666cd1f502cd7?s=96&d=mm&r=g","url":"https:\/\/secure.gravatar.com\/avatar\/669647b61c77f28f1aa51df04174a5ecb296e9988b4a93d2870666cd1f502cd7?s=96&d=mm&r=g","contentUrl":"https:\/\/secure.gravatar.com\/avatar\/669647b61c77f28f1aa51df04174a5ecb296e9988b4a93d2870666cd1f502cd7?s=96&d=mm&r=g","caption":"cmvsf2"}}]}},"_links":{"self":[{"href":"https:\/\/cmvsf2.org\/web\/wp-json\/wp\/v2\/posts\/31969","targetHints":{"allow":["GET"]}}],"collection":[{"href":"https:\/\/cmvsf2.org\/web\/wp-json\/wp\/v2\/posts"}],"about":[{"href":"https:\/\/cmvsf2.org\/web\/wp-json\/wp\/v2\/types\/post"}],"author":[{"embeddable":true,"href":"https:\/\/cmvsf2.org\/web\/wp-json\/wp\/v2\/users\/3"}],"replies":[{"embeddable":true,"href":"https:\/\/cmvsf2.org\/web\/wp-json\/wp\/v2\/comments?post=31969"}],"version-history":[{"count":2,"href":"https:\/\/cmvsf2.org\/web\/wp-json\/wp\/v2\/posts\/31969\/revisions"}],"predecessor-version":[{"id":31973,"href":"https:\/\/cmvsf2.org\/web\/wp-json\/wp\/v2\/posts\/31969\/revisions\/31973"}],"wp:featuredmedia":[{"embeddable":true,"href":"https:\/\/cmvsf2.org\/web\/wp-json\/wp\/v2\/media\/31971"}],"wp:attachment":[{"href":"https:\/\/cmvsf2.org\/web\/wp-json\/wp\/v2\/media?parent=31969"}],"wp:term":[{"taxonomy":"category","embeddable":true,"href":"https:\/\/cmvsf2.org\/web\/wp-json\/wp\/v2\/categories?post=31969"},{"taxonomy":"post_tag","embeddable":true,"href":"https:\/\/cmvsf2.org\/web\/wp-json\/wp\/v2\/tags?post=31969"}],"curies":[{"name":"wp","href":"https:\/\/api.w.org\/{rel}","templated":true}]}}