{"id":3185,"date":"2017-01-23T20:31:37","date_gmt":"2017-01-23T20:31:37","guid":{"rendered":"http:\/\/sessionstudio.ar\/vet\/web\/?p=3185"},"modified":"2017-01-23T20:31:37","modified_gmt":"2017-01-23T20:31:37","slug":"alerta-inundaciones-novedades-medicina-agricola-salud-mental-estres","status":"publish","type":"post","link":"https:\/\/cmvsf2.org\/web\/2017\/01\/23\/alerta-inundaciones-novedades-medicina-agricola-salud-mental-estres\/","title":{"rendered":"Alerta Inundaciones. Novedades Medicina Agr\u00edcola: salud mental y estr\u00e9s"},"content":{"rendered":"<h2>Las inundaciones y los desastres naturales en la Medicina Agr\u00edcola<\/h2>\n<p>Uno de los temas m\u00e1s trascendentes en Medicina Agr\u00edcola, son las situaciones de desastres naturales (inundaciones, incendios, sequ\u00edas, tornados). Estos, no s\u00f3lo afectan el patrimonio econ\u00f3mico de los productores, trabajadores y profesionales. Sino tambi\u00e9n impactan en su salud f\u00edsica y ps\u00edquica.<br \/>\nA pesar de que muchas vidas de productores y trabajadores rurales se pierden durante estos eventos. En algunos casos la consecuencia en la salud suele verse a mediano y largo plazo. Generando decesos mucho tiempo despu\u00e9s de ocurrido el desastre.<br \/>\n<img loading=\"lazy\" decoding=\"async\" class=\"wp-image-3186 aligncenter\" src=\"http:\/\/sessionstudio.ar\/vet\/web\/wp-content\/uploads\/2017\/01\/12771671_416102348514514_1762645486358245394_o.jpg\" width=\"700\" height=\"394\" \/><br \/>\n&nbsp;<\/p>\n<h3>El estr\u00e9s de los trabajadores rurales<\/h3>\n<p>Desde hace varios a\u00f1os informamos peri\u00f3dicamente, sobre el estr\u00e9s al que se ven sometidos los productores y la importancia de prevenirlo. Las inundaciones, inclemencias clim\u00e1ticas o incendios que est\u00e1n ocurriendo, son uno de los ejemplos del porqu\u00e9 la actividad agr\u00edcola es m\u00e1s estresante y exigente que otras actividades laborales.<br \/>\nEn este triste contexto actual\u00a0de inundaciones, y\u00a0acompa\u00f1ando el trabajo de las instituciones, organizaciones y organismos oficiales relacionados al medio productivo rural, que brindan informaci\u00f3n. Estamos brindando informaci\u00f3n sobre c\u00f3mo\u00a0 prevenir y preservar la salud (en este caso, mental) de los actores rurales y la familia rural. En otras palabras, durante las inundaciones, \u00a0cuidar cultivos y animales es importante. Pero m\u00e1s lo es, cuidar al productor y trabajador rural.<br \/>\nEl alto nivel de estr\u00e9s que pueden estar viviendo los afectados, requiere\u00a0gran atenci\u00f3n. De esta manera, un productor estresado tiene hasta 3 veces m\u00e1s posibilidades de sufrir un accidente durante sus tareas.<br \/>\n&nbsp;<\/p>\n<hr \/>\n<h3><strong><u>Recomendaciones para cuidar la salud mental en emergencias<br \/>\n<\/u><\/strong><em>Ministerio de salud de la Naci\u00f3n<\/em><\/h3>\n<p>Si bien las grandes emergencias o desastres (como la inundaci\u00f3n) producen efectos sobre la salud f\u00edsica. Tambi\u00e9n impactan en la salud mental y el bienestar de personas, familias y comunidades afectadas.<br \/>\nPara sobrellevar mejor estas situaciones cr\u00edticas, podemos proteger nuestra salud mental y disminuir el riesgo de desarrollar trastornos m\u00e1s serios y duraderos, siguiendo algunas recomendaciones sencillas y eficaces que pueden ponerse en pr\u00e1ctica, ya sea para nosotros mismos o para apoyar a familiares y allegados.<\/p>\n<h5><strong><u>Reacciones esperables de las personas v\u00edctimas de\u00a0 inundaciones, incendios, etc.<\/u><\/strong><\/h5>\n<h5><strong><u><img loading=\"lazy\" decoding=\"async\" class=\"wp-image-3187 alignright\" src=\"http:\/\/sessionstudio.ar\/vet\/web\/wp-content\/uploads\/2017\/01\/inundaciones-General-Villegas-Argentina-octubre-2016-2.jpg\" width=\"500\" height=\"281\" \/><\/u><\/strong><\/h5>\n<p>&#8211; Estado de alerta, de sobresalto, hipersensibilidad a los ruidos.<br \/>\n&#8211; Irritabilidad, rabia, cambios bruscos del humor, nerviosismo, ansiedad, angustia, ganas de llorar.<br \/>\n&#8211; Sentimientos de miedo, impotencia, tristeza, frustraci\u00f3n, cansancio, desgano, desinter\u00e9s, falta de voluntad, culpa.<br \/>\n&#8211; Alteraciones del sue\u00f1o (insomnio, pesadillas) y del apetito.<br \/>\n&#8211; Diversos malestares f\u00edsicos: dolor de cabeza, tensi\u00f3n muscular, mareos, n\u00e1useas, dolor de pecho, taquicardia, dificultad para respirar, sudor excesivo, etc.<br \/>\n&#8211; Conflictos interpersonales, discusiones en el trabajo o en la familia. Cuando por el desastre las personas deben permanecer en centros de evacuados, pueden generarse situaciones de gran conflictividad.<br \/>\n&#8211; Aumento del consumo de alcohol u otras sustancias psicoactivas.<br \/>\n&#8211; En los ni\u00f1os es com\u00fan que pierdan pautas madurativas ya adquiridas, como caminar, hablar, ir solos al ba\u00f1o, etc. Por otro lado, pueden manifestar miedo a separarse de sus adultos de confianza.<br \/>\n&#8211; En los adolescentes pueden aparecer conductas que los ponen en riesgo, aislamiento, sentimientos de impotencia o de omnipotencia.<\/p>\n<h3><strong><u>Recomendaciones<\/u><\/strong><\/h3>\n<p>&#8211; Buscar apoyo en otros afectados, familiares y amigos, con quienes poder conversar y expresar lo que nos sucede, manifestar nuestros sentimientos sin esconderlos o reprimirlos, permitirse \u201cestar mal\u201d.<br \/>\n&#8211; Realizar actividades que nos hagan sentir \u00fatiles, participar en la organizaci\u00f3n de las tareas de reconstrucci\u00f3n.<br \/>\n&#8211; Pedir informaci\u00f3n acerca de los lugares y organismos a donde recurrir para resolver las diferentes necesidades y problem\u00e1ticas.<br \/>\n&#8211; Realizar ejercicios f\u00edsicos suaves y otras actividades que nos resulten placenteras. Conectarnos con los seres queridos, con los vecinos, con nuestras mascotas.<br \/>\n&#8211; Descansar y dormir lo suficiente. A su vez, tratar de comer bien y regularmente, aunque no tengamos apetito.<br \/>\n&#8211; Tomar peque\u00f1as decisiones cotidianas, proponernos objetivos que se puedan cumplir, no intentar hacer todo a la vez.<br \/>\n&#8211; No escapar al malestar o al sufrimiento consumiendo alcohol o drogas.<br \/>\n&#8211; Organizar el tiempo y mantenerse ocupado, retomando lo antes posible las rutinas y actividades cotidianas.<br \/>\n<strong>Fuente: <a href=\"http:\/\/www.msal.gob.ar\/dinesa\/index.php?option=com_content&amp;view=article&amp;id=186:recomendaciones-frente-a-las-inundaciones&amp;catid=4:destacados-slide186\" data-saferedirecturl=\"https:\/\/www.google.com\/url?hl=es-419&amp;q=http:\/\/www.msal.gob.ar\/dinesa\/index.php?option%3Dcom_content%26view%3Darticle%26id%3D186:recomendaciones-frente-a-las-inundaciones%26catid%3D4:destacados-slide186&amp;source=gmail&amp;ust=1485287591927000&amp;usg=AFQjCNFuQMZh3V_bnURsWS8vtYpOL1nWfA\">http:\/\/www.msal.gob.ar\/dinesa\/index.php?option=com_content&amp;view=article&amp;id=186:recomendaciones-frente-a-las-inundaciones&amp;catid=4:destacados-slide186<\/a><\/strong><\/p>\n<hr \/>\n<h3><strong>La importancia del papel de los profesionales de la actividad rural.\u00a0 <\/strong><\/h3>\n<p>Los ingenieros agr\u00f3nomos y los veterinarios son actores claves para prevenir, ya que ellos por su permanente interacci\u00f3n con clientes, productores, trabajadores,\u00a0 colegas. Los mismos pueden brindar estas\u00a0 recomendaciones, fomentando el cuidado mental de todos los part\u00edcipes de la producci\u00f3n rural.<br \/>\nEn el medio rural la ayuda para sobrellevar situaciones de estr\u00e9s (salud mental), puede tardar mucho o nunca\u00a0ser solicitada, ya que puede ser vista como un signo de \u201cdebilidad\u201d por parte de quien padece el estr\u00e9s y sus efectos. Por ello es importante que la familia y quienes trabajan o se relacionan con el afectado, est\u00e9n alertas ante conductas extra\u00f1as, signos de depresi\u00f3n, etc., para buscar\u00a0 apoyo profesional.<br \/>\nPor \u00faltimo es importante que las organizaciones de productores, entidades gremiales rurales, organismos oficiales, facultades de veterinaria y agronom\u00eda, cooperativas, etc., investiguen, trabajen y difundan informaci\u00f3n sobre estos temas, ya que por su cercan\u00eda con la gente de campo, lograr\u00edan efectos muy positivos con m\u00ednimos recursos.<\/p>\n<pre>Autor: Dr. Marcos Grigioni<\/pre>\n","protected":false},"excerpt":{"rendered":"<p>Las inundaciones y los desastres naturales en la Medicina Agr\u00edcola Uno de los temas m\u00e1s trascendentes en Medicina Agr\u00edcola, son las situaciones de desastres naturales (inundaciones, incendios, sequ\u00edas, tornados). Estos, no s\u00f3lo afectan el patrimonio econ\u00f3mico de los productores, trabajadores y profesionales. Sino tambi\u00e9n impactan en su salud f\u00edsica y ps\u00edquica. A pesar de que muchas vidas de productores y trabajadores rurales se pierden [&hellip;]<\/p>\n","protected":false},"author":3,"featured_media":0,"comment_status":"open","ping_status":"open","sticky":false,"template":"","format":"standard","meta":{"_acf_changed":false,"footnotes":""},"categories":[1],"tags":[],"class_list":["post-3185","post","type-post","status-publish","format-standard","hentry","category-sin-categoria"],"acf":[],"yoast_head":"<!-- This site is optimized with the Yoast SEO plugin v28.2 - https:\/\/yoast.com\/product\/yoast-seo-wordpress\/ -->\n<title>Alerta Inundaciones. Novedades Medicina Agr\u00edcola: salud mental y estr\u00e9s - Colegio De Veterinarios De Santa Fe 2da. Circunscripci\u00f3n<\/title>\n<meta name=\"description\" content=\"Las inundaciones y los desastres naturales en la Medicina Agr\u00edcola Uno de los temas m\u00e1s trascendentes en Medicina Agr\u00edcola, son las situaciones de\" \/>\n<meta name=\"robots\" content=\"index, follow, max-snippet:-1, max-image-preview:large, max-video-preview:-1\" \/>\n<link rel=\"canonical\" href=\"https:\/\/cmvsf2.org\/web\/2017\/01\/23\/alerta-inundaciones-novedades-medicina-agricola-salud-mental-estres\/\" \/>\n<meta property=\"og:locale\" content=\"es_ES\" \/>\n<meta property=\"og:type\" content=\"article\" \/>\n<meta property=\"og:title\" content=\"Alerta Inundaciones. Novedades Medicina Agr\u00edcola: salud mental y estr\u00e9s - Colegio De Veterinarios De Santa Fe 2da. Circunscripci\u00f3n\" \/>\n<meta property=\"og:description\" content=\"Las inundaciones y los desastres naturales en la Medicina Agr\u00edcola Uno de los temas m\u00e1s trascendentes en Medicina Agr\u00edcola, son las situaciones de\" \/>\n<meta property=\"og:url\" content=\"https:\/\/cmvsf2.org\/web\/2017\/01\/23\/alerta-inundaciones-novedades-medicina-agricola-salud-mental-estres\/\" \/>\n<meta property=\"og:site_name\" content=\"Colegio De Veterinarios De Santa Fe 2da. Circunscripci\u00f3n\" \/>\n<meta property=\"article:published_time\" content=\"2017-01-23T20:31:37+00:00\" \/>\n<meta property=\"og:image\" content=\"http:\/\/sessionstudio.ar\/vet\/web\/wp-content\/uploads\/2017\/01\/12771671_416102348514514_1762645486358245394_o.jpg\" \/>\n<meta name=\"author\" content=\"cmvsf2\" \/>\n<meta name=\"twitter:card\" content=\"summary_large_image\" \/>\n<meta name=\"twitter:label1\" content=\"Escrito por\" \/>\n\t<meta name=\"twitter:data1\" content=\"cmvsf2\" \/>\n\t<meta name=\"twitter:label2\" content=\"Tiempo de lectura\" \/>\n\t<meta name=\"twitter:data2\" content=\"5 minutos\" \/>\n<script type=\"application\/ld+json\" class=\"yoast-schema-graph\">{\"@context\":\"https:\\\/\\\/schema.org\",\"@graph\":[{\"@type\":\"Article\",\"@id\":\"https:\\\/\\\/cmvsf2.org\\\/web\\\/2017\\\/01\\\/23\\\/alerta-inundaciones-novedades-medicina-agricola-salud-mental-estres\\\/#article\",\"isPartOf\":{\"@id\":\"https:\\\/\\\/cmvsf2.org\\\/web\\\/2017\\\/01\\\/23\\\/alerta-inundaciones-novedades-medicina-agricola-salud-mental-estres\\\/\"},\"author\":{\"name\":\"cmvsf2\",\"@id\":\"https:\\\/\\\/cmvsf2.org\\\/web\\\/#\\\/schema\\\/person\\\/46ea3630099a4a3df8d89f07cf5f7520\"},\"headline\":\"Alerta Inundaciones. Novedades Medicina Agr\u00edcola: salud mental y estr\u00e9s\",\"datePublished\":\"2017-01-23T20:31:37+00:00\",\"mainEntityOfPage\":{\"@id\":\"https:\\\/\\\/cmvsf2.org\\\/web\\\/2017\\\/01\\\/23\\\/alerta-inundaciones-novedades-medicina-agricola-salud-mental-estres\\\/\"},\"wordCount\":924,\"commentCount\":0,\"publisher\":{\"@id\":\"https:\\\/\\\/cmvsf2.org\\\/web\\\/#organization\"},\"image\":{\"@id\":\"https:\\\/\\\/cmvsf2.org\\\/web\\\/2017\\\/01\\\/23\\\/alerta-inundaciones-novedades-medicina-agricola-salud-mental-estres\\\/#primaryimage\"},\"thumbnailUrl\":\"http:\\\/\\\/sessionstudio.ar\\\/vet\\\/web\\\/wp-content\\\/uploads\\\/2017\\\/01\\\/12771671_416102348514514_1762645486358245394_o.jpg\",\"inLanguage\":\"es\"},{\"@type\":\"WebPage\",\"@id\":\"https:\\\/\\\/cmvsf2.org\\\/web\\\/2017\\\/01\\\/23\\\/alerta-inundaciones-novedades-medicina-agricola-salud-mental-estres\\\/\",\"url\":\"https:\\\/\\\/cmvsf2.org\\\/web\\\/2017\\\/01\\\/23\\\/alerta-inundaciones-novedades-medicina-agricola-salud-mental-estres\\\/\",\"name\":\"Alerta Inundaciones. Novedades Medicina Agr\u00edcola: salud mental y estr\u00e9s - Colegio De Veterinarios De Santa Fe 2da. Circunscripci\u00f3n\",\"isPartOf\":{\"@id\":\"https:\\\/\\\/cmvsf2.org\\\/web\\\/#website\"},\"primaryImageOfPage\":{\"@id\":\"https:\\\/\\\/cmvsf2.org\\\/web\\\/2017\\\/01\\\/23\\\/alerta-inundaciones-novedades-medicina-agricola-salud-mental-estres\\\/#primaryimage\"},\"image\":{\"@id\":\"https:\\\/\\\/cmvsf2.org\\\/web\\\/2017\\\/01\\\/23\\\/alerta-inundaciones-novedades-medicina-agricola-salud-mental-estres\\\/#primaryimage\"},\"thumbnailUrl\":\"http:\\\/\\\/sessionstudio.ar\\\/vet\\\/web\\\/wp-content\\\/uploads\\\/2017\\\/01\\\/12771671_416102348514514_1762645486358245394_o.jpg\",\"datePublished\":\"2017-01-23T20:31:37+00:00\",\"description\":\"Las inundaciones y los desastres naturales en la Medicina Agr\u00edcola Uno de los temas m\u00e1s trascendentes en Medicina Agr\u00edcola, son las situaciones de\",\"breadcrumb\":{\"@id\":\"https:\\\/\\\/cmvsf2.org\\\/web\\\/2017\\\/01\\\/23\\\/alerta-inundaciones-novedades-medicina-agricola-salud-mental-estres\\\/#breadcrumb\"},\"inLanguage\":\"es\",\"potentialAction\":[{\"@type\":\"ReadAction\",\"target\":[\"https:\\\/\\\/cmvsf2.org\\\/web\\\/2017\\\/01\\\/23\\\/alerta-inundaciones-novedades-medicina-agricola-salud-mental-estres\\\/\"]}]},{\"@type\":\"ImageObject\",\"inLanguage\":\"es\",\"@id\":\"https:\\\/\\\/cmvsf2.org\\\/web\\\/2017\\\/01\\\/23\\\/alerta-inundaciones-novedades-medicina-agricola-salud-mental-estres\\\/#primaryimage\",\"url\":\"http:\\\/\\\/sessionstudio.ar\\\/vet\\\/web\\\/wp-content\\\/uploads\\\/2017\\\/01\\\/12771671_416102348514514_1762645486358245394_o.jpg\",\"contentUrl\":\"http:\\\/\\\/sessionstudio.ar\\\/vet\\\/web\\\/wp-content\\\/uploads\\\/2017\\\/01\\\/12771671_416102348514514_1762645486358245394_o.jpg\"},{\"@type\":\"BreadcrumbList\",\"@id\":\"https:\\\/\\\/cmvsf2.org\\\/web\\\/2017\\\/01\\\/23\\\/alerta-inundaciones-novedades-medicina-agricola-salud-mental-estres\\\/#breadcrumb\",\"itemListElement\":[{\"@type\":\"ListItem\",\"position\":1,\"name\":\"Portada\",\"item\":\"https:\\\/\\\/cmvsf2.org\\\/web\\\/\"},{\"@type\":\"ListItem\",\"position\":2,\"name\":\"Alerta Inundaciones. Novedades Medicina Agr\u00edcola: salud mental y estr\u00e9s\"}]},{\"@type\":\"WebSite\",\"@id\":\"https:\\\/\\\/cmvsf2.org\\\/web\\\/#website\",\"url\":\"https:\\\/\\\/cmvsf2.org\\\/web\\\/\",\"name\":\"Colegio De Veterinarios De Santa Fe 2da. Circunscripci\u00f3n\",\"description\":\"Sitio institucional del Colegio de M\u00e9dicos Veterinario de Santa Fe 2da. Circunscripci\u00f3n\",\"publisher\":{\"@id\":\"https:\\\/\\\/cmvsf2.org\\\/web\\\/#organization\"},\"potentialAction\":[{\"@type\":\"SearchAction\",\"target\":{\"@type\":\"EntryPoint\",\"urlTemplate\":\"https:\\\/\\\/cmvsf2.org\\\/web\\\/?s={search_term_string}\"},\"query-input\":{\"@type\":\"PropertyValueSpecification\",\"valueRequired\":true,\"valueName\":\"search_term_string\"}}],\"inLanguage\":\"es\"},{\"@type\":\"Organization\",\"@id\":\"https:\\\/\\\/cmvsf2.org\\\/web\\\/#organization\",\"name\":\"Colegio De Veterinarios De Santa Fe 2da. Circunscripci\u00f3n\",\"url\":\"https:\\\/\\\/cmvsf2.org\\\/web\\\/\",\"logo\":{\"@type\":\"ImageObject\",\"inLanguage\":\"es\",\"@id\":\"https:\\\/\\\/cmvsf2.org\\\/web\\\/#\\\/schema\\\/logo\\\/image\\\/\",\"url\":\"http:\\\/\\\/cmvsf2.org\\\/web\\\/wp-content\\\/uploads\\\/2020\\\/03\\\/vector-logo-02.png\",\"contentUrl\":\"http:\\\/\\\/cmvsf2.org\\\/web\\\/wp-content\\\/uploads\\\/2020\\\/03\\\/vector-logo-02.png\",\"width\":2750,\"height\":642,\"caption\":\"Colegio De Veterinarios De Santa Fe 2da. Circunscripci\u00f3n\"},\"image\":{\"@id\":\"https:\\\/\\\/cmvsf2.org\\\/web\\\/#\\\/schema\\\/logo\\\/image\\\/\"}},{\"@type\":\"Person\",\"@id\":\"https:\\\/\\\/cmvsf2.org\\\/web\\\/#\\\/schema\\\/person\\\/46ea3630099a4a3df8d89f07cf5f7520\",\"name\":\"cmvsf2\",\"image\":{\"@type\":\"ImageObject\",\"inLanguage\":\"es\",\"@id\":\"https:\\\/\\\/secure.gravatar.com\\\/avatar\\\/669647b61c77f28f1aa51df04174a5ecb296e9988b4a93d2870666cd1f502cd7?s=96&d=mm&r=g\",\"url\":\"https:\\\/\\\/secure.gravatar.com\\\/avatar\\\/669647b61c77f28f1aa51df04174a5ecb296e9988b4a93d2870666cd1f502cd7?s=96&d=mm&r=g\",\"contentUrl\":\"https:\\\/\\\/secure.gravatar.com\\\/avatar\\\/669647b61c77f28f1aa51df04174a5ecb296e9988b4a93d2870666cd1f502cd7?s=96&d=mm&r=g\",\"caption\":\"cmvsf2\"}}]}<\/script>\n<!-- \/ Yoast SEO plugin. -->","yoast_head_json":{"title":"Alerta Inundaciones. Novedades Medicina Agr\u00edcola: salud mental y estr\u00e9s - Colegio De Veterinarios De Santa Fe 2da. Circunscripci\u00f3n","description":"Las inundaciones y los desastres naturales en la Medicina Agr\u00edcola Uno de los temas m\u00e1s trascendentes en Medicina Agr\u00edcola, son las situaciones de","robots":{"index":"index","follow":"follow","max-snippet":"max-snippet:-1","max-image-preview":"max-image-preview:large","max-video-preview":"max-video-preview:-1"},"canonical":"https:\/\/cmvsf2.org\/web\/2017\/01\/23\/alerta-inundaciones-novedades-medicina-agricola-salud-mental-estres\/","og_locale":"es_ES","og_type":"article","og_title":"Alerta Inundaciones. Novedades Medicina Agr\u00edcola: salud mental y estr\u00e9s - Colegio De Veterinarios De Santa Fe 2da. Circunscripci\u00f3n","og_description":"Las inundaciones y los desastres naturales en la Medicina Agr\u00edcola Uno de los temas m\u00e1s trascendentes en Medicina Agr\u00edcola, son las situaciones de","og_url":"https:\/\/cmvsf2.org\/web\/2017\/01\/23\/alerta-inundaciones-novedades-medicina-agricola-salud-mental-estres\/","og_site_name":"Colegio De Veterinarios De Santa Fe 2da. Circunscripci\u00f3n","article_published_time":"2017-01-23T20:31:37+00:00","og_image":[{"url":"http:\/\/sessionstudio.ar\/vet\/web\/wp-content\/uploads\/2017\/01\/12771671_416102348514514_1762645486358245394_o.jpg","type":"","width":"","height":""}],"author":"cmvsf2","twitter_card":"summary_large_image","twitter_misc":{"Escrito por":"cmvsf2","Tiempo de lectura":"5 minutos"},"schema":{"@context":"https:\/\/schema.org","@graph":[{"@type":"Article","@id":"https:\/\/cmvsf2.org\/web\/2017\/01\/23\/alerta-inundaciones-novedades-medicina-agricola-salud-mental-estres\/#article","isPartOf":{"@id":"https:\/\/cmvsf2.org\/web\/2017\/01\/23\/alerta-inundaciones-novedades-medicina-agricola-salud-mental-estres\/"},"author":{"name":"cmvsf2","@id":"https:\/\/cmvsf2.org\/web\/#\/schema\/person\/46ea3630099a4a3df8d89f07cf5f7520"},"headline":"Alerta Inundaciones. Novedades Medicina Agr\u00edcola: salud mental y estr\u00e9s","datePublished":"2017-01-23T20:31:37+00:00","mainEntityOfPage":{"@id":"https:\/\/cmvsf2.org\/web\/2017\/01\/23\/alerta-inundaciones-novedades-medicina-agricola-salud-mental-estres\/"},"wordCount":924,"commentCount":0,"publisher":{"@id":"https:\/\/cmvsf2.org\/web\/#organization"},"image":{"@id":"https:\/\/cmvsf2.org\/web\/2017\/01\/23\/alerta-inundaciones-novedades-medicina-agricola-salud-mental-estres\/#primaryimage"},"thumbnailUrl":"http:\/\/sessionstudio.ar\/vet\/web\/wp-content\/uploads\/2017\/01\/12771671_416102348514514_1762645486358245394_o.jpg","inLanguage":"es"},{"@type":"WebPage","@id":"https:\/\/cmvsf2.org\/web\/2017\/01\/23\/alerta-inundaciones-novedades-medicina-agricola-salud-mental-estres\/","url":"https:\/\/cmvsf2.org\/web\/2017\/01\/23\/alerta-inundaciones-novedades-medicina-agricola-salud-mental-estres\/","name":"Alerta Inundaciones. Novedades Medicina Agr\u00edcola: salud mental y estr\u00e9s - Colegio De Veterinarios De Santa Fe 2da. Circunscripci\u00f3n","isPartOf":{"@id":"https:\/\/cmvsf2.org\/web\/#website"},"primaryImageOfPage":{"@id":"https:\/\/cmvsf2.org\/web\/2017\/01\/23\/alerta-inundaciones-novedades-medicina-agricola-salud-mental-estres\/#primaryimage"},"image":{"@id":"https:\/\/cmvsf2.org\/web\/2017\/01\/23\/alerta-inundaciones-novedades-medicina-agricola-salud-mental-estres\/#primaryimage"},"thumbnailUrl":"http:\/\/sessionstudio.ar\/vet\/web\/wp-content\/uploads\/2017\/01\/12771671_416102348514514_1762645486358245394_o.jpg","datePublished":"2017-01-23T20:31:37+00:00","description":"Las inundaciones y los desastres naturales en la Medicina Agr\u00edcola Uno de los temas m\u00e1s trascendentes en Medicina Agr\u00edcola, son las situaciones de","breadcrumb":{"@id":"https:\/\/cmvsf2.org\/web\/2017\/01\/23\/alerta-inundaciones-novedades-medicina-agricola-salud-mental-estres\/#breadcrumb"},"inLanguage":"es","potentialAction":[{"@type":"ReadAction","target":["https:\/\/cmvsf2.org\/web\/2017\/01\/23\/alerta-inundaciones-novedades-medicina-agricola-salud-mental-estres\/"]}]},{"@type":"ImageObject","inLanguage":"es","@id":"https:\/\/cmvsf2.org\/web\/2017\/01\/23\/alerta-inundaciones-novedades-medicina-agricola-salud-mental-estres\/#primaryimage","url":"http:\/\/sessionstudio.ar\/vet\/web\/wp-content\/uploads\/2017\/01\/12771671_416102348514514_1762645486358245394_o.jpg","contentUrl":"http:\/\/sessionstudio.ar\/vet\/web\/wp-content\/uploads\/2017\/01\/12771671_416102348514514_1762645486358245394_o.jpg"},{"@type":"BreadcrumbList","@id":"https:\/\/cmvsf2.org\/web\/2017\/01\/23\/alerta-inundaciones-novedades-medicina-agricola-salud-mental-estres\/#breadcrumb","itemListElement":[{"@type":"ListItem","position":1,"name":"Portada","item":"https:\/\/cmvsf2.org\/web\/"},{"@type":"ListItem","position":2,"name":"Alerta Inundaciones. Novedades Medicina Agr\u00edcola: salud mental y estr\u00e9s"}]},{"@type":"WebSite","@id":"https:\/\/cmvsf2.org\/web\/#website","url":"https:\/\/cmvsf2.org\/web\/","name":"Colegio De Veterinarios De Santa Fe 2da. Circunscripci\u00f3n","description":"Sitio institucional del Colegio de M\u00e9dicos Veterinario de Santa Fe 2da. Circunscripci\u00f3n","publisher":{"@id":"https:\/\/cmvsf2.org\/web\/#organization"},"potentialAction":[{"@type":"SearchAction","target":{"@type":"EntryPoint","urlTemplate":"https:\/\/cmvsf2.org\/web\/?s={search_term_string}"},"query-input":{"@type":"PropertyValueSpecification","valueRequired":true,"valueName":"search_term_string"}}],"inLanguage":"es"},{"@type":"Organization","@id":"https:\/\/cmvsf2.org\/web\/#organization","name":"Colegio De Veterinarios De Santa Fe 2da. Circunscripci\u00f3n","url":"https:\/\/cmvsf2.org\/web\/","logo":{"@type":"ImageObject","inLanguage":"es","@id":"https:\/\/cmvsf2.org\/web\/#\/schema\/logo\/image\/","url":"http:\/\/cmvsf2.org\/web\/wp-content\/uploads\/2020\/03\/vector-logo-02.png","contentUrl":"http:\/\/cmvsf2.org\/web\/wp-content\/uploads\/2020\/03\/vector-logo-02.png","width":2750,"height":642,"caption":"Colegio De Veterinarios De Santa Fe 2da. Circunscripci\u00f3n"},"image":{"@id":"https:\/\/cmvsf2.org\/web\/#\/schema\/logo\/image\/"}},{"@type":"Person","@id":"https:\/\/cmvsf2.org\/web\/#\/schema\/person\/46ea3630099a4a3df8d89f07cf5f7520","name":"cmvsf2","image":{"@type":"ImageObject","inLanguage":"es","@id":"https:\/\/secure.gravatar.com\/avatar\/669647b61c77f28f1aa51df04174a5ecb296e9988b4a93d2870666cd1f502cd7?s=96&d=mm&r=g","url":"https:\/\/secure.gravatar.com\/avatar\/669647b61c77f28f1aa51df04174a5ecb296e9988b4a93d2870666cd1f502cd7?s=96&d=mm&r=g","contentUrl":"https:\/\/secure.gravatar.com\/avatar\/669647b61c77f28f1aa51df04174a5ecb296e9988b4a93d2870666cd1f502cd7?s=96&d=mm&r=g","caption":"cmvsf2"}}]}},"_links":{"self":[{"href":"https:\/\/cmvsf2.org\/web\/wp-json\/wp\/v2\/posts\/3185","targetHints":{"allow":["GET"]}}],"collection":[{"href":"https:\/\/cmvsf2.org\/web\/wp-json\/wp\/v2\/posts"}],"about":[{"href":"https:\/\/cmvsf2.org\/web\/wp-json\/wp\/v2\/types\/post"}],"author":[{"embeddable":true,"href":"https:\/\/cmvsf2.org\/web\/wp-json\/wp\/v2\/users\/3"}],"replies":[{"embeddable":true,"href":"https:\/\/cmvsf2.org\/web\/wp-json\/wp\/v2\/comments?post=3185"}],"version-history":[{"count":0,"href":"https:\/\/cmvsf2.org\/web\/wp-json\/wp\/v2\/posts\/3185\/revisions"}],"wp:attachment":[{"href":"https:\/\/cmvsf2.org\/web\/wp-json\/wp\/v2\/media?parent=3185"}],"wp:term":[{"taxonomy":"category","embeddable":true,"href":"https:\/\/cmvsf2.org\/web\/wp-json\/wp\/v2\/categories?post=3185"},{"taxonomy":"post_tag","embeddable":true,"href":"https:\/\/cmvsf2.org\/web\/wp-json\/wp\/v2\/tags?post=3185"}],"curies":[{"name":"wp","href":"https:\/\/api.w.org\/{rel}","templated":true}]}}