{"id":31721,"date":"2021-05-21T12:37:21","date_gmt":"2021-05-21T12:37:21","guid":{"rendered":"http:\/\/cmvsf2.org\/web\/?p=31721"},"modified":"2021-05-21T12:56:14","modified_gmt":"2021-05-21T12:56:14","slug":"el-cmvsf2-envio-al-ministerio-de-salud-el-padron-de-sus-matriculados-para-ser-vacunados","status":"publish","type":"post","link":"https:\/\/cmvsf2.org\/web\/2021\/05\/21\/el-cmvsf2-envio-al-ministerio-de-salud-el-padron-de-sus-matriculados-para-ser-vacunados\/","title":{"rendered":"El CMVSF2 envi\u00f3 al Ministerio de Salud el padr\u00f3n de sus matriculados para ser vacunados"},"content":{"rendered":"<p style=\"font-weight: 400;\">A pedido de las autoridades y luego de insistir con\u00a0sucesivos reclamos ante el Ministerio de Salud\u00a0para que la profesi\u00f3n veterinaria sea incluida dentro del grupo prioritario para recibir la vacuna contra Covid-19, se remiti\u00f3, a pedido de las autoridades en el d\u00eda de ayer la informaci\u00f3n correspondiente.<\/p>\n<p style=\"font-weight: 400;\">Los reclamos referidos comenzaron en enero de este a\u00f1o y continuaron con el env\u00edo de la \u00abcarta abierta\u00bb al gobernador Omar Perotti, para explicarle los motivos por los cuales las y los veterinarios deben ser inoculados, el Equipo de Vacunaci\u00f3n del Ministerio de Salud solicit\u00f3 el padr\u00f3n de matriculados para avanzar con las gestiones.<\/p>\n<p>Seg\u00fan informaron, el objetivo es \u201cchequear quienes se encuentran registrados para recibir la vacuna COVID 19 en el link dispuesto por la Provincia. De esta manera se podr\u00e1 verificar quienes aun no han recibido su dosis y organizar el correspondiente\u00a0cronograma de vacunaci\u00f3n\u201d.<\/p>\n<p>\u201cLuego de esta verificaci\u00f3n, quienes no se hayan registrado ser\u00e1n vacunados junto con la comunidad\u201d, aseguraron.<\/p>\n<p>Cabe destacar que la Mesa Directiva del Colegio de M\u00e9dicos Veterinarios de la Provincia de Santa Fe 2da Circunscripci\u00f3n recibi\u00f3 con gran expectativa esta comunicaci\u00f3n y se espera que sea el comienzo de una pronta resoluci\u00f3n al pedido de miles de veterinarios\/as de la Provincia.<\/p>\n<p style=\"font-weight: 400;\">LA MESA DIRECTIVA<\/p>\n","protected":false},"excerpt":{"rendered":"<p>A pedido de las autoridades y luego de insistir con\u00a0sucesivos reclamos ante el Ministerio de Salud\u00a0para que la profesi\u00f3n veterinaria sea incluida dentro del grupo prioritario para recibir la vacuna contra Covid-19, se remiti\u00f3, a pedido de las autoridades en el d\u00eda de ayer la informaci\u00f3n correspondiente. Los reclamos referidos comenzaron en enero de este a\u00f1o y continuaron con el env\u00edo de la \u00abcarta [&hellip;]<\/p>\n","protected":false},"author":3,"featured_media":31722,"comment_status":"open","ping_status":"open","sticky":false,"template":"","format":"standard","meta":{"_acf_changed":false,"footnotes":""},"categories":[536,343,345],"tags":[446,299,288],"class_list":["post-31721","post","type-post","status-publish","format-standard","has-post-thumbnail","hentry","category-covid19","category-destacada","category-institucionales","tag-covid-19","tag-salud","tag-vacuna"],"acf":[],"yoast_head":"<!-- This site is optimized with the Yoast SEO plugin v28.2 - https:\/\/yoast.com\/product\/yoast-seo-wordpress\/ -->\n<title>El CMVSF2 envi\u00f3 al Ministerio de Salud el padr\u00f3n de sus matriculados para ser vacunados - Colegio De Veterinarios De Santa Fe 2da. Circunscripci\u00f3n<\/title>\n<meta name=\"description\" content=\"A pedido de las autoridades y luego de insistir con\u00a0sucesivos reclamos ante el Ministerio de Salud\u00a0para que la profesi\u00f3n veterinaria sea incluida dentro\" \/>\n<meta name=\"robots\" content=\"index, follow, max-snippet:-1, max-image-preview:large, max-video-preview:-1\" \/>\n<link rel=\"canonical\" href=\"https:\/\/cmvsf2.org\/web\/2021\/05\/21\/el-cmvsf2-envio-al-ministerio-de-salud-el-padron-de-sus-matriculados-para-ser-vacunados\/\" \/>\n<meta property=\"og:locale\" content=\"es_ES\" \/>\n<meta property=\"og:type\" content=\"article\" \/>\n<meta property=\"og:title\" content=\"El CMVSF2 envi\u00f3 al Ministerio de Salud el padr\u00f3n de sus matriculados para ser vacunados - Colegio De Veterinarios De Santa Fe 2da. Circunscripci\u00f3n\" \/>\n<meta property=\"og:description\" content=\"A pedido de las autoridades y luego de insistir con\u00a0sucesivos reclamos ante el Ministerio de Salud\u00a0para que la profesi\u00f3n veterinaria sea incluida dentro\" \/>\n<meta property=\"og:url\" content=\"https:\/\/cmvsf2.org\/web\/2021\/05\/21\/el-cmvsf2-envio-al-ministerio-de-salud-el-padron-de-sus-matriculados-para-ser-vacunados\/\" \/>\n<meta property=\"og:site_name\" content=\"Colegio De Veterinarios De Santa Fe 2da. Circunscripci\u00f3n\" \/>\n<meta property=\"article:published_time\" content=\"2021-05-21T12:37:21+00:00\" \/>\n<meta property=\"article:modified_time\" content=\"2021-05-21T12:56:14+00:00\" \/>\n<meta property=\"og:image\" content=\"https:\/\/cmvsf2.org\/web\/wp-content\/uploads\/2021\/05\/vacuna-y-barbijo-para-webl.jpg\" \/>\n\t<meta property=\"og:image:width\" content=\"2500\" \/>\n\t<meta property=\"og:image:height\" content=\"1667\" \/>\n\t<meta property=\"og:image:type\" content=\"image\/jpeg\" \/>\n<meta name=\"author\" content=\"cmvsf2\" \/>\n<meta name=\"twitter:card\" content=\"summary_large_image\" \/>\n<meta name=\"twitter:label1\" content=\"Escrito por\" \/>\n\t<meta name=\"twitter:data1\" content=\"cmvsf2\" \/>\n\t<meta name=\"twitter:label2\" content=\"Tiempo de lectura\" \/>\n\t<meta name=\"twitter:data2\" content=\"1 minuto\" \/>\n<script type=\"application\/ld+json\" class=\"yoast-schema-graph\">{\"@context\":\"https:\\\/\\\/schema.org\",\"@graph\":[{\"@type\":\"Article\",\"@id\":\"https:\\\/\\\/cmvsf2.org\\\/web\\\/2021\\\/05\\\/21\\\/el-cmvsf2-envio-al-ministerio-de-salud-el-padron-de-sus-matriculados-para-ser-vacunados\\\/#article\",\"isPartOf\":{\"@id\":\"https:\\\/\\\/cmvsf2.org\\\/web\\\/2021\\\/05\\\/21\\\/el-cmvsf2-envio-al-ministerio-de-salud-el-padron-de-sus-matriculados-para-ser-vacunados\\\/\"},\"author\":{\"name\":\"cmvsf2\",\"@id\":\"https:\\\/\\\/cmvsf2.org\\\/web\\\/#\\\/schema\\\/person\\\/46ea3630099a4a3df8d89f07cf5f7520\"},\"headline\":\"El CMVSF2 envi\u00f3 al Ministerio de Salud el padr\u00f3n de sus matriculados para ser vacunados\",\"datePublished\":\"2021-05-21T12:37:21+00:00\",\"dateModified\":\"2021-05-21T12:56:14+00:00\",\"mainEntityOfPage\":{\"@id\":\"https:\\\/\\\/cmvsf2.org\\\/web\\\/2021\\\/05\\\/21\\\/el-cmvsf2-envio-al-ministerio-de-salud-el-padron-de-sus-matriculados-para-ser-vacunados\\\/\"},\"wordCount\":241,\"commentCount\":0,\"publisher\":{\"@id\":\"https:\\\/\\\/cmvsf2.org\\\/web\\\/#organization\"},\"image\":{\"@id\":\"https:\\\/\\\/cmvsf2.org\\\/web\\\/2021\\\/05\\\/21\\\/el-cmvsf2-envio-al-ministerio-de-salud-el-padron-de-sus-matriculados-para-ser-vacunados\\\/#primaryimage\"},\"thumbnailUrl\":\"https:\\\/\\\/cmvsf2.org\\\/web\\\/wp-content\\\/uploads\\\/2021\\\/05\\\/vacuna-y-barbijo-para-webl.jpg\",\"keywords\":[\"covid 19\",\"salud\",\"vacuna\"],\"articleSection\":[\"Covid19\",\"Destacada\",\"Institucionales\"],\"inLanguage\":\"es\"},{\"@type\":\"WebPage\",\"@id\":\"https:\\\/\\\/cmvsf2.org\\\/web\\\/2021\\\/05\\\/21\\\/el-cmvsf2-envio-al-ministerio-de-salud-el-padron-de-sus-matriculados-para-ser-vacunados\\\/\",\"url\":\"https:\\\/\\\/cmvsf2.org\\\/web\\\/2021\\\/05\\\/21\\\/el-cmvsf2-envio-al-ministerio-de-salud-el-padron-de-sus-matriculados-para-ser-vacunados\\\/\",\"name\":\"El CMVSF2 envi\u00f3 al Ministerio de Salud el padr\u00f3n de sus matriculados para ser vacunados - Colegio De Veterinarios De Santa Fe 2da. Circunscripci\u00f3n\",\"isPartOf\":{\"@id\":\"https:\\\/\\\/cmvsf2.org\\\/web\\\/#website\"},\"primaryImageOfPage\":{\"@id\":\"https:\\\/\\\/cmvsf2.org\\\/web\\\/2021\\\/05\\\/21\\\/el-cmvsf2-envio-al-ministerio-de-salud-el-padron-de-sus-matriculados-para-ser-vacunados\\\/#primaryimage\"},\"image\":{\"@id\":\"https:\\\/\\\/cmvsf2.org\\\/web\\\/2021\\\/05\\\/21\\\/el-cmvsf2-envio-al-ministerio-de-salud-el-padron-de-sus-matriculados-para-ser-vacunados\\\/#primaryimage\"},\"thumbnailUrl\":\"https:\\\/\\\/cmvsf2.org\\\/web\\\/wp-content\\\/uploads\\\/2021\\\/05\\\/vacuna-y-barbijo-para-webl.jpg\",\"datePublished\":\"2021-05-21T12:37:21+00:00\",\"dateModified\":\"2021-05-21T12:56:14+00:00\",\"description\":\"A pedido de las autoridades y luego de insistir con\u00a0sucesivos reclamos ante el Ministerio de Salud\u00a0para que la profesi\u00f3n veterinaria sea incluida dentro\",\"breadcrumb\":{\"@id\":\"https:\\\/\\\/cmvsf2.org\\\/web\\\/2021\\\/05\\\/21\\\/el-cmvsf2-envio-al-ministerio-de-salud-el-padron-de-sus-matriculados-para-ser-vacunados\\\/#breadcrumb\"},\"inLanguage\":\"es\",\"potentialAction\":[{\"@type\":\"ReadAction\",\"target\":[\"https:\\\/\\\/cmvsf2.org\\\/web\\\/2021\\\/05\\\/21\\\/el-cmvsf2-envio-al-ministerio-de-salud-el-padron-de-sus-matriculados-para-ser-vacunados\\\/\"]}]},{\"@type\":\"ImageObject\",\"inLanguage\":\"es\",\"@id\":\"https:\\\/\\\/cmvsf2.org\\\/web\\\/2021\\\/05\\\/21\\\/el-cmvsf2-envio-al-ministerio-de-salud-el-padron-de-sus-matriculados-para-ser-vacunados\\\/#primaryimage\",\"url\":\"https:\\\/\\\/cmvsf2.org\\\/web\\\/wp-content\\\/uploads\\\/2021\\\/05\\\/vacuna-y-barbijo-para-webl.jpg\",\"contentUrl\":\"https:\\\/\\\/cmvsf2.org\\\/web\\\/wp-content\\\/uploads\\\/2021\\\/05\\\/vacuna-y-barbijo-para-webl.jpg\",\"width\":2500,\"height\":1667,\"caption\":\"Young doctor is holding hypodermic syringe with vaccine vial rubber gloves on gray background.\"},{\"@type\":\"BreadcrumbList\",\"@id\":\"https:\\\/\\\/cmvsf2.org\\\/web\\\/2021\\\/05\\\/21\\\/el-cmvsf2-envio-al-ministerio-de-salud-el-padron-de-sus-matriculados-para-ser-vacunados\\\/#breadcrumb\",\"itemListElement\":[{\"@type\":\"ListItem\",\"position\":1,\"name\":\"Portada\",\"item\":\"https:\\\/\\\/cmvsf2.org\\\/web\\\/\"},{\"@type\":\"ListItem\",\"position\":2,\"name\":\"El CMVSF2 envi\u00f3 al Ministerio de Salud el padr\u00f3n de sus matriculados para ser vacunados\"}]},{\"@type\":\"WebSite\",\"@id\":\"https:\\\/\\\/cmvsf2.org\\\/web\\\/#website\",\"url\":\"https:\\\/\\\/cmvsf2.org\\\/web\\\/\",\"name\":\"Colegio De Veterinarios De Santa Fe 2da. Circunscripci\u00f3n\",\"description\":\"Sitio institucional del Colegio de M\u00e9dicos Veterinario de Santa Fe 2da. Circunscripci\u00f3n\",\"publisher\":{\"@id\":\"https:\\\/\\\/cmvsf2.org\\\/web\\\/#organization\"},\"potentialAction\":[{\"@type\":\"SearchAction\",\"target\":{\"@type\":\"EntryPoint\",\"urlTemplate\":\"https:\\\/\\\/cmvsf2.org\\\/web\\\/?s={search_term_string}\"},\"query-input\":{\"@type\":\"PropertyValueSpecification\",\"valueRequired\":true,\"valueName\":\"search_term_string\"}}],\"inLanguage\":\"es\"},{\"@type\":\"Organization\",\"@id\":\"https:\\\/\\\/cmvsf2.org\\\/web\\\/#organization\",\"name\":\"Colegio De Veterinarios De Santa Fe 2da. Circunscripci\u00f3n\",\"url\":\"https:\\\/\\\/cmvsf2.org\\\/web\\\/\",\"logo\":{\"@type\":\"ImageObject\",\"inLanguage\":\"es\",\"@id\":\"https:\\\/\\\/cmvsf2.org\\\/web\\\/#\\\/schema\\\/logo\\\/image\\\/\",\"url\":\"http:\\\/\\\/cmvsf2.org\\\/web\\\/wp-content\\\/uploads\\\/2020\\\/03\\\/vector-logo-02.png\",\"contentUrl\":\"http:\\\/\\\/cmvsf2.org\\\/web\\\/wp-content\\\/uploads\\\/2020\\\/03\\\/vector-logo-02.png\",\"width\":2750,\"height\":642,\"caption\":\"Colegio De Veterinarios De Santa Fe 2da. Circunscripci\u00f3n\"},\"image\":{\"@id\":\"https:\\\/\\\/cmvsf2.org\\\/web\\\/#\\\/schema\\\/logo\\\/image\\\/\"}},{\"@type\":\"Person\",\"@id\":\"https:\\\/\\\/cmvsf2.org\\\/web\\\/#\\\/schema\\\/person\\\/46ea3630099a4a3df8d89f07cf5f7520\",\"name\":\"cmvsf2\",\"image\":{\"@type\":\"ImageObject\",\"inLanguage\":\"es\",\"@id\":\"https:\\\/\\\/secure.gravatar.com\\\/avatar\\\/669647b61c77f28f1aa51df04174a5ecb296e9988b4a93d2870666cd1f502cd7?s=96&d=mm&r=g\",\"url\":\"https:\\\/\\\/secure.gravatar.com\\\/avatar\\\/669647b61c77f28f1aa51df04174a5ecb296e9988b4a93d2870666cd1f502cd7?s=96&d=mm&r=g\",\"contentUrl\":\"https:\\\/\\\/secure.gravatar.com\\\/avatar\\\/669647b61c77f28f1aa51df04174a5ecb296e9988b4a93d2870666cd1f502cd7?s=96&d=mm&r=g\",\"caption\":\"cmvsf2\"}}]}<\/script>\n<!-- \/ Yoast SEO plugin. -->","yoast_head_json":{"title":"El CMVSF2 envi\u00f3 al Ministerio de Salud el padr\u00f3n de sus matriculados para ser vacunados - Colegio De Veterinarios De Santa Fe 2da. Circunscripci\u00f3n","description":"A pedido de las autoridades y luego de insistir con\u00a0sucesivos reclamos ante el Ministerio de Salud\u00a0para que la profesi\u00f3n veterinaria sea incluida dentro","robots":{"index":"index","follow":"follow","max-snippet":"max-snippet:-1","max-image-preview":"max-image-preview:large","max-video-preview":"max-video-preview:-1"},"canonical":"https:\/\/cmvsf2.org\/web\/2021\/05\/21\/el-cmvsf2-envio-al-ministerio-de-salud-el-padron-de-sus-matriculados-para-ser-vacunados\/","og_locale":"es_ES","og_type":"article","og_title":"El CMVSF2 envi\u00f3 al Ministerio de Salud el padr\u00f3n de sus matriculados para ser vacunados - Colegio De Veterinarios De Santa Fe 2da. Circunscripci\u00f3n","og_description":"A pedido de las autoridades y luego de insistir con\u00a0sucesivos reclamos ante el Ministerio de Salud\u00a0para que la profesi\u00f3n veterinaria sea incluida dentro","og_url":"https:\/\/cmvsf2.org\/web\/2021\/05\/21\/el-cmvsf2-envio-al-ministerio-de-salud-el-padron-de-sus-matriculados-para-ser-vacunados\/","og_site_name":"Colegio De Veterinarios De Santa Fe 2da. Circunscripci\u00f3n","article_published_time":"2021-05-21T12:37:21+00:00","article_modified_time":"2021-05-21T12:56:14+00:00","og_image":[{"width":2500,"height":1667,"url":"https:\/\/cmvsf2.org\/web\/wp-content\/uploads\/2021\/05\/vacuna-y-barbijo-para-webl.jpg","type":"image\/jpeg"}],"author":"cmvsf2","twitter_card":"summary_large_image","twitter_misc":{"Escrito por":"cmvsf2","Tiempo de lectura":"1 minuto"},"schema":{"@context":"https:\/\/schema.org","@graph":[{"@type":"Article","@id":"https:\/\/cmvsf2.org\/web\/2021\/05\/21\/el-cmvsf2-envio-al-ministerio-de-salud-el-padron-de-sus-matriculados-para-ser-vacunados\/#article","isPartOf":{"@id":"https:\/\/cmvsf2.org\/web\/2021\/05\/21\/el-cmvsf2-envio-al-ministerio-de-salud-el-padron-de-sus-matriculados-para-ser-vacunados\/"},"author":{"name":"cmvsf2","@id":"https:\/\/cmvsf2.org\/web\/#\/schema\/person\/46ea3630099a4a3df8d89f07cf5f7520"},"headline":"El CMVSF2 envi\u00f3 al Ministerio de Salud el padr\u00f3n de sus matriculados para ser vacunados","datePublished":"2021-05-21T12:37:21+00:00","dateModified":"2021-05-21T12:56:14+00:00","mainEntityOfPage":{"@id":"https:\/\/cmvsf2.org\/web\/2021\/05\/21\/el-cmvsf2-envio-al-ministerio-de-salud-el-padron-de-sus-matriculados-para-ser-vacunados\/"},"wordCount":241,"commentCount":0,"publisher":{"@id":"https:\/\/cmvsf2.org\/web\/#organization"},"image":{"@id":"https:\/\/cmvsf2.org\/web\/2021\/05\/21\/el-cmvsf2-envio-al-ministerio-de-salud-el-padron-de-sus-matriculados-para-ser-vacunados\/#primaryimage"},"thumbnailUrl":"https:\/\/cmvsf2.org\/web\/wp-content\/uploads\/2021\/05\/vacuna-y-barbijo-para-webl.jpg","keywords":["covid 19","salud","vacuna"],"articleSection":["Covid19","Destacada","Institucionales"],"inLanguage":"es"},{"@type":"WebPage","@id":"https:\/\/cmvsf2.org\/web\/2021\/05\/21\/el-cmvsf2-envio-al-ministerio-de-salud-el-padron-de-sus-matriculados-para-ser-vacunados\/","url":"https:\/\/cmvsf2.org\/web\/2021\/05\/21\/el-cmvsf2-envio-al-ministerio-de-salud-el-padron-de-sus-matriculados-para-ser-vacunados\/","name":"El CMVSF2 envi\u00f3 al Ministerio de Salud el padr\u00f3n de sus matriculados para ser vacunados - Colegio De Veterinarios De Santa Fe 2da. Circunscripci\u00f3n","isPartOf":{"@id":"https:\/\/cmvsf2.org\/web\/#website"},"primaryImageOfPage":{"@id":"https:\/\/cmvsf2.org\/web\/2021\/05\/21\/el-cmvsf2-envio-al-ministerio-de-salud-el-padron-de-sus-matriculados-para-ser-vacunados\/#primaryimage"},"image":{"@id":"https:\/\/cmvsf2.org\/web\/2021\/05\/21\/el-cmvsf2-envio-al-ministerio-de-salud-el-padron-de-sus-matriculados-para-ser-vacunados\/#primaryimage"},"thumbnailUrl":"https:\/\/cmvsf2.org\/web\/wp-content\/uploads\/2021\/05\/vacuna-y-barbijo-para-webl.jpg","datePublished":"2021-05-21T12:37:21+00:00","dateModified":"2021-05-21T12:56:14+00:00","description":"A pedido de las autoridades y luego de insistir con\u00a0sucesivos reclamos ante el Ministerio de Salud\u00a0para que la profesi\u00f3n veterinaria sea incluida dentro","breadcrumb":{"@id":"https:\/\/cmvsf2.org\/web\/2021\/05\/21\/el-cmvsf2-envio-al-ministerio-de-salud-el-padron-de-sus-matriculados-para-ser-vacunados\/#breadcrumb"},"inLanguage":"es","potentialAction":[{"@type":"ReadAction","target":["https:\/\/cmvsf2.org\/web\/2021\/05\/21\/el-cmvsf2-envio-al-ministerio-de-salud-el-padron-de-sus-matriculados-para-ser-vacunados\/"]}]},{"@type":"ImageObject","inLanguage":"es","@id":"https:\/\/cmvsf2.org\/web\/2021\/05\/21\/el-cmvsf2-envio-al-ministerio-de-salud-el-padron-de-sus-matriculados-para-ser-vacunados\/#primaryimage","url":"https:\/\/cmvsf2.org\/web\/wp-content\/uploads\/2021\/05\/vacuna-y-barbijo-para-webl.jpg","contentUrl":"https:\/\/cmvsf2.org\/web\/wp-content\/uploads\/2021\/05\/vacuna-y-barbijo-para-webl.jpg","width":2500,"height":1667,"caption":"Young doctor is holding hypodermic syringe with vaccine vial rubber gloves on gray background."},{"@type":"BreadcrumbList","@id":"https:\/\/cmvsf2.org\/web\/2021\/05\/21\/el-cmvsf2-envio-al-ministerio-de-salud-el-padron-de-sus-matriculados-para-ser-vacunados\/#breadcrumb","itemListElement":[{"@type":"ListItem","position":1,"name":"Portada","item":"https:\/\/cmvsf2.org\/web\/"},{"@type":"ListItem","position":2,"name":"El CMVSF2 envi\u00f3 al Ministerio de Salud el padr\u00f3n de sus matriculados para ser vacunados"}]},{"@type":"WebSite","@id":"https:\/\/cmvsf2.org\/web\/#website","url":"https:\/\/cmvsf2.org\/web\/","name":"Colegio De Veterinarios De Santa Fe 2da. Circunscripci\u00f3n","description":"Sitio institucional del Colegio de M\u00e9dicos Veterinario de Santa Fe 2da. Circunscripci\u00f3n","publisher":{"@id":"https:\/\/cmvsf2.org\/web\/#organization"},"potentialAction":[{"@type":"SearchAction","target":{"@type":"EntryPoint","urlTemplate":"https:\/\/cmvsf2.org\/web\/?s={search_term_string}"},"query-input":{"@type":"PropertyValueSpecification","valueRequired":true,"valueName":"search_term_string"}}],"inLanguage":"es"},{"@type":"Organization","@id":"https:\/\/cmvsf2.org\/web\/#organization","name":"Colegio De Veterinarios De Santa Fe 2da. Circunscripci\u00f3n","url":"https:\/\/cmvsf2.org\/web\/","logo":{"@type":"ImageObject","inLanguage":"es","@id":"https:\/\/cmvsf2.org\/web\/#\/schema\/logo\/image\/","url":"http:\/\/cmvsf2.org\/web\/wp-content\/uploads\/2020\/03\/vector-logo-02.png","contentUrl":"http:\/\/cmvsf2.org\/web\/wp-content\/uploads\/2020\/03\/vector-logo-02.png","width":2750,"height":642,"caption":"Colegio De Veterinarios De Santa Fe 2da. Circunscripci\u00f3n"},"image":{"@id":"https:\/\/cmvsf2.org\/web\/#\/schema\/logo\/image\/"}},{"@type":"Person","@id":"https:\/\/cmvsf2.org\/web\/#\/schema\/person\/46ea3630099a4a3df8d89f07cf5f7520","name":"cmvsf2","image":{"@type":"ImageObject","inLanguage":"es","@id":"https:\/\/secure.gravatar.com\/avatar\/669647b61c77f28f1aa51df04174a5ecb296e9988b4a93d2870666cd1f502cd7?s=96&d=mm&r=g","url":"https:\/\/secure.gravatar.com\/avatar\/669647b61c77f28f1aa51df04174a5ecb296e9988b4a93d2870666cd1f502cd7?s=96&d=mm&r=g","contentUrl":"https:\/\/secure.gravatar.com\/avatar\/669647b61c77f28f1aa51df04174a5ecb296e9988b4a93d2870666cd1f502cd7?s=96&d=mm&r=g","caption":"cmvsf2"}}]}},"_links":{"self":[{"href":"https:\/\/cmvsf2.org\/web\/wp-json\/wp\/v2\/posts\/31721","targetHints":{"allow":["GET"]}}],"collection":[{"href":"https:\/\/cmvsf2.org\/web\/wp-json\/wp\/v2\/posts"}],"about":[{"href":"https:\/\/cmvsf2.org\/web\/wp-json\/wp\/v2\/types\/post"}],"author":[{"embeddable":true,"href":"https:\/\/cmvsf2.org\/web\/wp-json\/wp\/v2\/users\/3"}],"replies":[{"embeddable":true,"href":"https:\/\/cmvsf2.org\/web\/wp-json\/wp\/v2\/comments?post=31721"}],"version-history":[{"count":3,"href":"https:\/\/cmvsf2.org\/web\/wp-json\/wp\/v2\/posts\/31721\/revisions"}],"predecessor-version":[{"id":31725,"href":"https:\/\/cmvsf2.org\/web\/wp-json\/wp\/v2\/posts\/31721\/revisions\/31725"}],"wp:featuredmedia":[{"embeddable":true,"href":"https:\/\/cmvsf2.org\/web\/wp-json\/wp\/v2\/media\/31722"}],"wp:attachment":[{"href":"https:\/\/cmvsf2.org\/web\/wp-json\/wp\/v2\/media?parent=31721"}],"wp:term":[{"taxonomy":"category","embeddable":true,"href":"https:\/\/cmvsf2.org\/web\/wp-json\/wp\/v2\/categories?post=31721"},{"taxonomy":"post_tag","embeddable":true,"href":"https:\/\/cmvsf2.org\/web\/wp-json\/wp\/v2\/tags?post=31721"}],"curies":[{"name":"wp","href":"https:\/\/api.w.org\/{rel}","templated":true}]}}