{"id":31704,"date":"2021-05-18T13:27:43","date_gmt":"2021-05-18T13:27:43","guid":{"rendered":"http:\/\/cmvsf2.org\/web\/?p=31704"},"modified":"2021-05-18T13:45:26","modified_gmt":"2021-05-18T13:45:26","slug":"elecciones-2021-asi-quedaron-integrados-los-organos-del-colegio","status":"publish","type":"post","link":"https:\/\/cmvsf2.org\/web\/2021\/05\/18\/elecciones-2021-asi-quedaron-integrados-los-organos-del-colegio\/","title":{"rendered":"Elecciones 2021: As\u00ed quedaron integrados los \u00f3rganos del Colegio"},"content":{"rendered":"<p>El CMVSF2 informa a la membres\u00eda la integraci\u00f3n de los \u00f3rganos del Colegio con los nuevos miembros electos de cada cuerpo que regir\u00e1n los destinos del Colegio por el per\u00edodo 2021 &#8211; 2024.<\/p>\n<div>\n<div dir=\"ltr\">\n<div>\n<p><strong>CONSEJO ASESOR<\/strong><\/p>\n<p><strong>TITULARES\u00a0Departamento\u00a0Rosario:\u00a0<\/strong><br \/>\nCAMILETTI, H\u00c9CTOR\u00a0EUGENIO (Mat. 498)<br \/>\nBITTEL, LEANDRO ADOLFO (Mat. 1509)<br \/>\nSEP\u00daLVEDA, GRACIELA SUSANA (Mat. 1054)<br \/>\nHERN\u00c1NDEZ, NATALIA SOLEDAD (Mat. 1486)<br \/>\nYAAFAR, NATALIA ELISA (Mat. 1305)<br \/>\nBAKST, DUILIO GUSTAVO (Mat. 747)<br \/>\nFAVOT, NATALIA AYEL\u00c9N (Mat. 1899)<\/p>\n<p><strong>TITULARES\u00a0Departamento Iriondo:\u00a0<\/strong><br \/>\nPR\u00cdNCIPE, RA\u00daL V\u00cdCTOR (Mat. 824)<br \/>\nVIGNOLO, BETINA (Mat. 984)<br \/>\nFECCIA, DIEGO RUB\u00c9N (Mat. 1489)<br \/>\nGUI\u00d1AZ\u00da, ANDREA FABIANA (Mat. 1078)<br \/>\nDI MARCO, EMILIANO GERM\u00c1N (Mat. 1366)<\/p>\n<p><strong>TITULARES\u00a0Departamento General L\u00f3pez:<\/strong><br \/>\nBELLIGOTTI, VICTORIA MAR\u00cdA (Mat. 910)<br \/>\nDOCTOROVICH, NATALIA LAURA (Mat. 949)<br \/>\nTOM\u00c9, HORACIO ROBERTO (Mat. 369)<br \/>\nD\u00cdAZ NETO, SERGIO HORACIO (Mat. 738)<br \/>\nFAR\u00cdAS, GABRIELA (Mat. 1309)<br \/>\nMC LOUGHLIN, KEVIN (Mat. 1662)<br \/>\nCARO OBEID, MAR\u00cdA P\u00cdA (Mat. 1888)<\/p>\n<p><strong>TITULARES\u00a0Departamento San Lorenzo:<\/strong><br \/>\nANTONELLI, ARIEL IV\u00c1N (Mat. 1417)<br \/>\nCAPPELLETTI, GRACIELA SUSANA (Mat. 1028)<br \/>\nBAZZANA, ORENCIO JES\u00daS (Mat. 552)<br \/>\nCALOGEROPULOS, JULIA (Mat. 1447)<br \/>\nPIGNALITTI, IVANA MAR\u00cdA (Mat. 1680)<\/p>\n<p><strong>TITULARES\u00a0Departamento Belgrano:<\/strong><br \/>\nTACCARI, FERNANDO CLAUDIO (Mat. 763)<br \/>\nDIGNANI, ENRIQUE SANTOS (Mat. 471)<br \/>\nALBORNOZ, MARINA ROSMARIE (Mat. 804)<br \/>\nAQUINO, N\u00c9STOR JAVIER (Mat. 837)<\/p>\n<p><strong>TITULARES\u00a0Departamento Constituci\u00f3n:<\/strong><br \/>\nPAGNI, MIGUEL \u00c1NGEL (Mat. 215)<br \/>\nURIARTE, MIGUEL \u00c1NGEL (Mat. 328)<br \/>\nCORREA, LUC\u00cdA IN\u00c9S (Mat. 1764)<br \/>\nCORTASA, MIGUEL \u00c1NGEL (Mat. 414)<br \/>\nGOBBI, DAMI\u00c1N LEANDRO (Mat. 1738)<\/p>\n<p><strong>TITULARES\u00a0Departamento Caseros:<\/strong><br \/>\nRISSO, RUB\u00c9N OMAR (Mat. 394)<br \/>\nALBERA, CRISTIAN (Mat. 1282)<br \/>\nCORTESE, MAR\u00cdA CARLA (Mat. 1837)<br \/>\nAPA, FERNANDO JAVIER (Mat. 1647)<br \/>\nVIDORET, LUIS \u00c1NGEL (Mat. 444)<br \/>\nFIORNOVELLI, DARDO TILDO (Mat. 727)<\/p>\n<p><strong>MESA DIRECTIVA<\/strong><br \/>\nPresidente: CAMILETTI, H\u00c9CTOR EUGENIO (Mat. 498)<br \/>\nVice-Presidente:\u00a0PAGNI, MIGUEL \u00c1NGEL (Mat. 215)<br \/>\nSecretaria:\u00a0YAAFAR, NATALIA ELISA (Mat. 1305)<br \/>\nTesorera:\u00a0FAR\u00cdAS, GABRIELA (Mat. 1309)<br \/>\nVocal Titular:\u00a0VIDORET, LUIS \u00c1NGEL (Mat. 444)<br \/>\nVocales Suplentes:\u00a0CORREA, LUC\u00cdA IN\u00c9S (Mat. 1764)\u00a0\u00a0\u00a0y\u00a0\u00a0PR\u00cdNCIPE, RA\u00daL V\u00cdCTOR (Mat. 824)\u00a0 y\u00a0ANTONELLI, ARIEL IV\u00c1N (Mat. 1417)<\/p>\n<p><strong>TRIBUNAL DE \u00c9TICA<\/strong><br \/>\nTitulares: Dra. CALOGEROPULOS, JULIA (Mat. 1447), BELLIGOTTI, VICTORIA MAR\u00cdA (Mat. 910)\u00a0 y SEP\u00daLVEDA, GRACIELA SUSANA (Mat. 1054) \/\/ Suplentes: Dra. GUI\u00d1AZ\u00da, ANDREA FABIANA (Mat. 1078),\u00a0\u00a0D\u00cdAZ NETO, SERGIO HORACIO (Mat. 738)\u00a0\u00a0\u00a0y GOBBI, DAMI\u00c1N LEANDRO (Mat. 1738)<\/p>\n<p><strong>COMISION REVISORA DE CUENTAS<\/strong><br \/>\nTitulares: Dres. FIORNOVELLI DARDO (Mat. 727) y AQUINO NESTOR (Mat. 837) \/\/ Suplentes: Dra. PIGNALITTI IVANA (Mat. 1680), Dres. ALBERA CRISTIAN (Mat. 1282) y DI MARCO EMILIANO (Mat. 1366).<\/p>\n<\/div>\n<\/div>\n<\/div>\n","protected":false},"excerpt":{"rendered":"<p>El CMVSF2 informa a la membres\u00eda la integraci\u00f3n de los \u00f3rganos del Colegio con los nuevos miembros electos de cada cuerpo que regir\u00e1n los destinos del Colegio por el per\u00edodo 2021 &#8211; 2024. CONSEJO ASESOR TITULARES\u00a0Departamento\u00a0Rosario:\u00a0 CAMILETTI, H\u00c9CTOR\u00a0EUGENIO (Mat. 498) BITTEL, LEANDRO ADOLFO (Mat. 1509) SEP\u00daLVEDA, GRACIELA SUSANA (Mat. 1054) HERN\u00c1NDEZ, NATALIA SOLEDAD (Mat. 1486) YAAFAR, NATALIA ELISA (Mat. 1305) BAKST, DUILIO GUSTAVO (Mat. [&hellip;]<\/p>\n","protected":false},"author":3,"featured_media":31595,"comment_status":"open","ping_status":"open","sticky":false,"template":"","format":"standard","meta":{"_acf_changed":false,"footnotes":""},"categories":[343,546,345],"tags":[163,544,165],"class_list":["post-31704","post","type-post","status-publish","format-standard","has-post-thumbnail","hentry","category-destacada","category-elecciones-2021","category-institucionales","tag-consejo-asesor","tag-elecciones-2021","tag-mesa-directiva"],"acf":[],"yoast_head":"<!-- This site is optimized with the Yoast SEO plugin v28.2 - https:\/\/yoast.com\/product\/yoast-seo-wordpress\/ -->\n<title>Elecciones 2021: As\u00ed quedaron integrados los \u00f3rganos del Colegio - Colegio De Veterinarios De Santa Fe 2da. Circunscripci\u00f3n<\/title>\n<meta name=\"description\" content=\"El CMVSF2 informa a la membres\u00eda la integraci\u00f3n de los \u00f3rganos del Colegio con los nuevos miembros electos de cada cuerpo que regir\u00e1n los destinos del\" \/>\n<meta name=\"robots\" content=\"index, follow, max-snippet:-1, max-image-preview:large, max-video-preview:-1\" \/>\n<link rel=\"canonical\" href=\"https:\/\/cmvsf2.org\/web\/2021\/05\/18\/elecciones-2021-asi-quedaron-integrados-los-organos-del-colegio\/\" \/>\n<meta property=\"og:locale\" content=\"es_ES\" \/>\n<meta property=\"og:type\" content=\"article\" \/>\n<meta property=\"og:title\" content=\"Elecciones 2021: As\u00ed quedaron integrados los \u00f3rganos del Colegio - Colegio De Veterinarios De Santa Fe 2da. Circunscripci\u00f3n\" \/>\n<meta property=\"og:description\" content=\"El CMVSF2 informa a la membres\u00eda la integraci\u00f3n de los \u00f3rganos del Colegio con los nuevos miembros electos de cada cuerpo que regir\u00e1n los destinos del\" \/>\n<meta property=\"og:url\" content=\"https:\/\/cmvsf2.org\/web\/2021\/05\/18\/elecciones-2021-asi-quedaron-integrados-los-organos-del-colegio\/\" \/>\n<meta property=\"og:site_name\" content=\"Colegio De Veterinarios De Santa Fe 2da. Circunscripci\u00f3n\" \/>\n<meta property=\"article:published_time\" content=\"2021-05-18T13:27:43+00:00\" \/>\n<meta property=\"article:modified_time\" content=\"2021-05-18T13:45:26+00:00\" \/>\n<meta property=\"og:image\" content=\"https:\/\/cmvsf2.org\/web\/wp-content\/uploads\/2021\/03\/Copia-de-Elecciones-2020-1.png\" \/>\n\t<meta property=\"og:image:width\" content=\"1640\" \/>\n\t<meta property=\"og:image:height\" content=\"924\" \/>\n\t<meta property=\"og:image:type\" content=\"image\/png\" \/>\n<meta name=\"author\" content=\"cmvsf2\" \/>\n<meta name=\"twitter:card\" content=\"summary_large_image\" \/>\n<meta name=\"twitter:label1\" content=\"Escrito por\" \/>\n\t<meta name=\"twitter:data1\" content=\"cmvsf2\" \/>\n\t<meta name=\"twitter:label2\" content=\"Tiempo de lectura\" \/>\n\t<meta name=\"twitter:data2\" content=\"2 minutos\" \/>\n<script type=\"application\/ld+json\" class=\"yoast-schema-graph\">{\"@context\":\"https:\\\/\\\/schema.org\",\"@graph\":[{\"@type\":\"Article\",\"@id\":\"https:\\\/\\\/cmvsf2.org\\\/web\\\/2021\\\/05\\\/18\\\/elecciones-2021-asi-quedaron-integrados-los-organos-del-colegio\\\/#article\",\"isPartOf\":{\"@id\":\"https:\\\/\\\/cmvsf2.org\\\/web\\\/2021\\\/05\\\/18\\\/elecciones-2021-asi-quedaron-integrados-los-organos-del-colegio\\\/\"},\"author\":{\"name\":\"cmvsf2\",\"@id\":\"https:\\\/\\\/cmvsf2.org\\\/web\\\/#\\\/schema\\\/person\\\/46ea3630099a4a3df8d89f07cf5f7520\"},\"headline\":\"Elecciones 2021: As\u00ed quedaron integrados los \u00f3rganos del Colegio\",\"datePublished\":\"2021-05-18T13:27:43+00:00\",\"dateModified\":\"2021-05-18T13:45:26+00:00\",\"mainEntityOfPage\":{\"@id\":\"https:\\\/\\\/cmvsf2.org\\\/web\\\/2021\\\/05\\\/18\\\/elecciones-2021-asi-quedaron-integrados-los-organos-del-colegio\\\/\"},\"wordCount\":365,\"commentCount\":0,\"publisher\":{\"@id\":\"https:\\\/\\\/cmvsf2.org\\\/web\\\/#organization\"},\"image\":{\"@id\":\"https:\\\/\\\/cmvsf2.org\\\/web\\\/2021\\\/05\\\/18\\\/elecciones-2021-asi-quedaron-integrados-los-organos-del-colegio\\\/#primaryimage\"},\"thumbnailUrl\":\"https:\\\/\\\/cmvsf2.org\\\/web\\\/wp-content\\\/uploads\\\/2021\\\/03\\\/Copia-de-Elecciones-2020-1.png\",\"keywords\":[\"consejo asesor\",\"Elecciones 2021\",\"Mesa directiva\"],\"articleSection\":[\"Destacada\",\"Elecciones 2021\",\"Institucionales\"],\"inLanguage\":\"es\"},{\"@type\":\"WebPage\",\"@id\":\"https:\\\/\\\/cmvsf2.org\\\/web\\\/2021\\\/05\\\/18\\\/elecciones-2021-asi-quedaron-integrados-los-organos-del-colegio\\\/\",\"url\":\"https:\\\/\\\/cmvsf2.org\\\/web\\\/2021\\\/05\\\/18\\\/elecciones-2021-asi-quedaron-integrados-los-organos-del-colegio\\\/\",\"name\":\"Elecciones 2021: As\u00ed quedaron integrados los \u00f3rganos del Colegio - Colegio De Veterinarios De Santa Fe 2da. Circunscripci\u00f3n\",\"isPartOf\":{\"@id\":\"https:\\\/\\\/cmvsf2.org\\\/web\\\/#website\"},\"primaryImageOfPage\":{\"@id\":\"https:\\\/\\\/cmvsf2.org\\\/web\\\/2021\\\/05\\\/18\\\/elecciones-2021-asi-quedaron-integrados-los-organos-del-colegio\\\/#primaryimage\"},\"image\":{\"@id\":\"https:\\\/\\\/cmvsf2.org\\\/web\\\/2021\\\/05\\\/18\\\/elecciones-2021-asi-quedaron-integrados-los-organos-del-colegio\\\/#primaryimage\"},\"thumbnailUrl\":\"https:\\\/\\\/cmvsf2.org\\\/web\\\/wp-content\\\/uploads\\\/2021\\\/03\\\/Copia-de-Elecciones-2020-1.png\",\"datePublished\":\"2021-05-18T13:27:43+00:00\",\"dateModified\":\"2021-05-18T13:45:26+00:00\",\"description\":\"El CMVSF2 informa a la membres\u00eda la integraci\u00f3n de los \u00f3rganos del Colegio con los nuevos miembros electos de cada cuerpo que regir\u00e1n los destinos del\",\"breadcrumb\":{\"@id\":\"https:\\\/\\\/cmvsf2.org\\\/web\\\/2021\\\/05\\\/18\\\/elecciones-2021-asi-quedaron-integrados-los-organos-del-colegio\\\/#breadcrumb\"},\"inLanguage\":\"es\",\"potentialAction\":[{\"@type\":\"ReadAction\",\"target\":[\"https:\\\/\\\/cmvsf2.org\\\/web\\\/2021\\\/05\\\/18\\\/elecciones-2021-asi-quedaron-integrados-los-organos-del-colegio\\\/\"]}]},{\"@type\":\"ImageObject\",\"inLanguage\":\"es\",\"@id\":\"https:\\\/\\\/cmvsf2.org\\\/web\\\/2021\\\/05\\\/18\\\/elecciones-2021-asi-quedaron-integrados-los-organos-del-colegio\\\/#primaryimage\",\"url\":\"https:\\\/\\\/cmvsf2.org\\\/web\\\/wp-content\\\/uploads\\\/2021\\\/03\\\/Copia-de-Elecciones-2020-1.png\",\"contentUrl\":\"https:\\\/\\\/cmvsf2.org\\\/web\\\/wp-content\\\/uploads\\\/2021\\\/03\\\/Copia-de-Elecciones-2020-1.png\",\"width\":1640,\"height\":924},{\"@type\":\"BreadcrumbList\",\"@id\":\"https:\\\/\\\/cmvsf2.org\\\/web\\\/2021\\\/05\\\/18\\\/elecciones-2021-asi-quedaron-integrados-los-organos-del-colegio\\\/#breadcrumb\",\"itemListElement\":[{\"@type\":\"ListItem\",\"position\":1,\"name\":\"Portada\",\"item\":\"https:\\\/\\\/cmvsf2.org\\\/web\\\/\"},{\"@type\":\"ListItem\",\"position\":2,\"name\":\"Elecciones 2021: As\u00ed quedaron integrados los \u00f3rganos del Colegio\"}]},{\"@type\":\"WebSite\",\"@id\":\"https:\\\/\\\/cmvsf2.org\\\/web\\\/#website\",\"url\":\"https:\\\/\\\/cmvsf2.org\\\/web\\\/\",\"name\":\"Colegio De Veterinarios De Santa Fe 2da. Circunscripci\u00f3n\",\"description\":\"Sitio institucional del Colegio de M\u00e9dicos Veterinario de Santa Fe 2da. Circunscripci\u00f3n\",\"publisher\":{\"@id\":\"https:\\\/\\\/cmvsf2.org\\\/web\\\/#organization\"},\"potentialAction\":[{\"@type\":\"SearchAction\",\"target\":{\"@type\":\"EntryPoint\",\"urlTemplate\":\"https:\\\/\\\/cmvsf2.org\\\/web\\\/?s={search_term_string}\"},\"query-input\":{\"@type\":\"PropertyValueSpecification\",\"valueRequired\":true,\"valueName\":\"search_term_string\"}}],\"inLanguage\":\"es\"},{\"@type\":\"Organization\",\"@id\":\"https:\\\/\\\/cmvsf2.org\\\/web\\\/#organization\",\"name\":\"Colegio De Veterinarios De Santa Fe 2da. Circunscripci\u00f3n\",\"url\":\"https:\\\/\\\/cmvsf2.org\\\/web\\\/\",\"logo\":{\"@type\":\"ImageObject\",\"inLanguage\":\"es\",\"@id\":\"https:\\\/\\\/cmvsf2.org\\\/web\\\/#\\\/schema\\\/logo\\\/image\\\/\",\"url\":\"http:\\\/\\\/cmvsf2.org\\\/web\\\/wp-content\\\/uploads\\\/2020\\\/03\\\/vector-logo-02.png\",\"contentUrl\":\"http:\\\/\\\/cmvsf2.org\\\/web\\\/wp-content\\\/uploads\\\/2020\\\/03\\\/vector-logo-02.png\",\"width\":2750,\"height\":642,\"caption\":\"Colegio De Veterinarios De Santa Fe 2da. Circunscripci\u00f3n\"},\"image\":{\"@id\":\"https:\\\/\\\/cmvsf2.org\\\/web\\\/#\\\/schema\\\/logo\\\/image\\\/\"}},{\"@type\":\"Person\",\"@id\":\"https:\\\/\\\/cmvsf2.org\\\/web\\\/#\\\/schema\\\/person\\\/46ea3630099a4a3df8d89f07cf5f7520\",\"name\":\"cmvsf2\",\"image\":{\"@type\":\"ImageObject\",\"inLanguage\":\"es\",\"@id\":\"https:\\\/\\\/secure.gravatar.com\\\/avatar\\\/669647b61c77f28f1aa51df04174a5ecb296e9988b4a93d2870666cd1f502cd7?s=96&d=mm&r=g\",\"url\":\"https:\\\/\\\/secure.gravatar.com\\\/avatar\\\/669647b61c77f28f1aa51df04174a5ecb296e9988b4a93d2870666cd1f502cd7?s=96&d=mm&r=g\",\"contentUrl\":\"https:\\\/\\\/secure.gravatar.com\\\/avatar\\\/669647b61c77f28f1aa51df04174a5ecb296e9988b4a93d2870666cd1f502cd7?s=96&d=mm&r=g\",\"caption\":\"cmvsf2\"}}]}<\/script>\n<!-- \/ Yoast SEO plugin. -->","yoast_head_json":{"title":"Elecciones 2021: As\u00ed quedaron integrados los \u00f3rganos del Colegio - Colegio De Veterinarios De Santa Fe 2da. Circunscripci\u00f3n","description":"El CMVSF2 informa a la membres\u00eda la integraci\u00f3n de los \u00f3rganos del Colegio con los nuevos miembros electos de cada cuerpo que regir\u00e1n los destinos del","robots":{"index":"index","follow":"follow","max-snippet":"max-snippet:-1","max-image-preview":"max-image-preview:large","max-video-preview":"max-video-preview:-1"},"canonical":"https:\/\/cmvsf2.org\/web\/2021\/05\/18\/elecciones-2021-asi-quedaron-integrados-los-organos-del-colegio\/","og_locale":"es_ES","og_type":"article","og_title":"Elecciones 2021: As\u00ed quedaron integrados los \u00f3rganos del Colegio - Colegio De Veterinarios De Santa Fe 2da. Circunscripci\u00f3n","og_description":"El CMVSF2 informa a la membres\u00eda la integraci\u00f3n de los \u00f3rganos del Colegio con los nuevos miembros electos de cada cuerpo que regir\u00e1n los destinos del","og_url":"https:\/\/cmvsf2.org\/web\/2021\/05\/18\/elecciones-2021-asi-quedaron-integrados-los-organos-del-colegio\/","og_site_name":"Colegio De Veterinarios De Santa Fe 2da. Circunscripci\u00f3n","article_published_time":"2021-05-18T13:27:43+00:00","article_modified_time":"2021-05-18T13:45:26+00:00","og_image":[{"width":1640,"height":924,"url":"https:\/\/cmvsf2.org\/web\/wp-content\/uploads\/2021\/03\/Copia-de-Elecciones-2020-1.png","type":"image\/png"}],"author":"cmvsf2","twitter_card":"summary_large_image","twitter_misc":{"Escrito por":"cmvsf2","Tiempo de lectura":"2 minutos"},"schema":{"@context":"https:\/\/schema.org","@graph":[{"@type":"Article","@id":"https:\/\/cmvsf2.org\/web\/2021\/05\/18\/elecciones-2021-asi-quedaron-integrados-los-organos-del-colegio\/#article","isPartOf":{"@id":"https:\/\/cmvsf2.org\/web\/2021\/05\/18\/elecciones-2021-asi-quedaron-integrados-los-organos-del-colegio\/"},"author":{"name":"cmvsf2","@id":"https:\/\/cmvsf2.org\/web\/#\/schema\/person\/46ea3630099a4a3df8d89f07cf5f7520"},"headline":"Elecciones 2021: As\u00ed quedaron integrados los \u00f3rganos del Colegio","datePublished":"2021-05-18T13:27:43+00:00","dateModified":"2021-05-18T13:45:26+00:00","mainEntityOfPage":{"@id":"https:\/\/cmvsf2.org\/web\/2021\/05\/18\/elecciones-2021-asi-quedaron-integrados-los-organos-del-colegio\/"},"wordCount":365,"commentCount":0,"publisher":{"@id":"https:\/\/cmvsf2.org\/web\/#organization"},"image":{"@id":"https:\/\/cmvsf2.org\/web\/2021\/05\/18\/elecciones-2021-asi-quedaron-integrados-los-organos-del-colegio\/#primaryimage"},"thumbnailUrl":"https:\/\/cmvsf2.org\/web\/wp-content\/uploads\/2021\/03\/Copia-de-Elecciones-2020-1.png","keywords":["consejo asesor","Elecciones 2021","Mesa directiva"],"articleSection":["Destacada","Elecciones 2021","Institucionales"],"inLanguage":"es"},{"@type":"WebPage","@id":"https:\/\/cmvsf2.org\/web\/2021\/05\/18\/elecciones-2021-asi-quedaron-integrados-los-organos-del-colegio\/","url":"https:\/\/cmvsf2.org\/web\/2021\/05\/18\/elecciones-2021-asi-quedaron-integrados-los-organos-del-colegio\/","name":"Elecciones 2021: As\u00ed quedaron integrados los \u00f3rganos del Colegio - Colegio De Veterinarios De Santa Fe 2da. Circunscripci\u00f3n","isPartOf":{"@id":"https:\/\/cmvsf2.org\/web\/#website"},"primaryImageOfPage":{"@id":"https:\/\/cmvsf2.org\/web\/2021\/05\/18\/elecciones-2021-asi-quedaron-integrados-los-organos-del-colegio\/#primaryimage"},"image":{"@id":"https:\/\/cmvsf2.org\/web\/2021\/05\/18\/elecciones-2021-asi-quedaron-integrados-los-organos-del-colegio\/#primaryimage"},"thumbnailUrl":"https:\/\/cmvsf2.org\/web\/wp-content\/uploads\/2021\/03\/Copia-de-Elecciones-2020-1.png","datePublished":"2021-05-18T13:27:43+00:00","dateModified":"2021-05-18T13:45:26+00:00","description":"El CMVSF2 informa a la membres\u00eda la integraci\u00f3n de los \u00f3rganos del Colegio con los nuevos miembros electos de cada cuerpo que regir\u00e1n los destinos del","breadcrumb":{"@id":"https:\/\/cmvsf2.org\/web\/2021\/05\/18\/elecciones-2021-asi-quedaron-integrados-los-organos-del-colegio\/#breadcrumb"},"inLanguage":"es","potentialAction":[{"@type":"ReadAction","target":["https:\/\/cmvsf2.org\/web\/2021\/05\/18\/elecciones-2021-asi-quedaron-integrados-los-organos-del-colegio\/"]}]},{"@type":"ImageObject","inLanguage":"es","@id":"https:\/\/cmvsf2.org\/web\/2021\/05\/18\/elecciones-2021-asi-quedaron-integrados-los-organos-del-colegio\/#primaryimage","url":"https:\/\/cmvsf2.org\/web\/wp-content\/uploads\/2021\/03\/Copia-de-Elecciones-2020-1.png","contentUrl":"https:\/\/cmvsf2.org\/web\/wp-content\/uploads\/2021\/03\/Copia-de-Elecciones-2020-1.png","width":1640,"height":924},{"@type":"BreadcrumbList","@id":"https:\/\/cmvsf2.org\/web\/2021\/05\/18\/elecciones-2021-asi-quedaron-integrados-los-organos-del-colegio\/#breadcrumb","itemListElement":[{"@type":"ListItem","position":1,"name":"Portada","item":"https:\/\/cmvsf2.org\/web\/"},{"@type":"ListItem","position":2,"name":"Elecciones 2021: As\u00ed quedaron integrados los \u00f3rganos del Colegio"}]},{"@type":"WebSite","@id":"https:\/\/cmvsf2.org\/web\/#website","url":"https:\/\/cmvsf2.org\/web\/","name":"Colegio De Veterinarios De Santa Fe 2da. Circunscripci\u00f3n","description":"Sitio institucional del Colegio de M\u00e9dicos Veterinario de Santa Fe 2da. Circunscripci\u00f3n","publisher":{"@id":"https:\/\/cmvsf2.org\/web\/#organization"},"potentialAction":[{"@type":"SearchAction","target":{"@type":"EntryPoint","urlTemplate":"https:\/\/cmvsf2.org\/web\/?s={search_term_string}"},"query-input":{"@type":"PropertyValueSpecification","valueRequired":true,"valueName":"search_term_string"}}],"inLanguage":"es"},{"@type":"Organization","@id":"https:\/\/cmvsf2.org\/web\/#organization","name":"Colegio De Veterinarios De Santa Fe 2da. Circunscripci\u00f3n","url":"https:\/\/cmvsf2.org\/web\/","logo":{"@type":"ImageObject","inLanguage":"es","@id":"https:\/\/cmvsf2.org\/web\/#\/schema\/logo\/image\/","url":"http:\/\/cmvsf2.org\/web\/wp-content\/uploads\/2020\/03\/vector-logo-02.png","contentUrl":"http:\/\/cmvsf2.org\/web\/wp-content\/uploads\/2020\/03\/vector-logo-02.png","width":2750,"height":642,"caption":"Colegio De Veterinarios De Santa Fe 2da. Circunscripci\u00f3n"},"image":{"@id":"https:\/\/cmvsf2.org\/web\/#\/schema\/logo\/image\/"}},{"@type":"Person","@id":"https:\/\/cmvsf2.org\/web\/#\/schema\/person\/46ea3630099a4a3df8d89f07cf5f7520","name":"cmvsf2","image":{"@type":"ImageObject","inLanguage":"es","@id":"https:\/\/secure.gravatar.com\/avatar\/669647b61c77f28f1aa51df04174a5ecb296e9988b4a93d2870666cd1f502cd7?s=96&d=mm&r=g","url":"https:\/\/secure.gravatar.com\/avatar\/669647b61c77f28f1aa51df04174a5ecb296e9988b4a93d2870666cd1f502cd7?s=96&d=mm&r=g","contentUrl":"https:\/\/secure.gravatar.com\/avatar\/669647b61c77f28f1aa51df04174a5ecb296e9988b4a93d2870666cd1f502cd7?s=96&d=mm&r=g","caption":"cmvsf2"}}]}},"_links":{"self":[{"href":"https:\/\/cmvsf2.org\/web\/wp-json\/wp\/v2\/posts\/31704","targetHints":{"allow":["GET"]}}],"collection":[{"href":"https:\/\/cmvsf2.org\/web\/wp-json\/wp\/v2\/posts"}],"about":[{"href":"https:\/\/cmvsf2.org\/web\/wp-json\/wp\/v2\/types\/post"}],"author":[{"embeddable":true,"href":"https:\/\/cmvsf2.org\/web\/wp-json\/wp\/v2\/users\/3"}],"replies":[{"embeddable":true,"href":"https:\/\/cmvsf2.org\/web\/wp-json\/wp\/v2\/comments?post=31704"}],"version-history":[{"count":6,"href":"https:\/\/cmvsf2.org\/web\/wp-json\/wp\/v2\/posts\/31704\/revisions"}],"predecessor-version":[{"id":31710,"href":"https:\/\/cmvsf2.org\/web\/wp-json\/wp\/v2\/posts\/31704\/revisions\/31710"}],"wp:featuredmedia":[{"embeddable":true,"href":"https:\/\/cmvsf2.org\/web\/wp-json\/wp\/v2\/media\/31595"}],"wp:attachment":[{"href":"https:\/\/cmvsf2.org\/web\/wp-json\/wp\/v2\/media?parent=31704"}],"wp:term":[{"taxonomy":"category","embeddable":true,"href":"https:\/\/cmvsf2.org\/web\/wp-json\/wp\/v2\/categories?post=31704"},{"taxonomy":"post_tag","embeddable":true,"href":"https:\/\/cmvsf2.org\/web\/wp-json\/wp\/v2\/tags?post=31704"}],"curies":[{"name":"wp","href":"https:\/\/api.w.org\/{rel}","templated":true}]}}