{"id":31691,"date":"2021-05-10T18:21:24","date_gmt":"2021-05-10T18:21:24","guid":{"rendered":"http:\/\/cmvsf2.org\/web\/?p=31691"},"modified":"2021-05-10T18:28:40","modified_gmt":"2021-05-10T18:28:40","slug":"xxxi-jornada-de-formacion-continua-para-corresponsables-sanitarios","status":"publish","type":"post","link":"https:\/\/cmvsf2.org\/web\/2021\/05\/10\/xxxi-jornada-de-formacion-continua-para-corresponsables-sanitarios\/","title":{"rendered":"XXXI Jornada de Formaci\u00f3n Continua para Corresponsables Sanitarios"},"content":{"rendered":"<p>El CMVSF tiene el agrado de invitar a la XXXI Jornada de Formaci\u00f3n Continua para Corresponsables Sanitarios que se realizar\u00e1 el j<span class=\"JsGRdQ\">ueves 27 de mayo a las 14:15 horas, de manera online a trav\u00e9s de la plataforma Zoom.\u00a0<\/span><\/p>\n<p class=\"_04xlpA direction-ltr align-start para-style-body\"><span class=\"JsGRdQ\">El tema de la jornada ser\u00e1 Bienestar Animal y se desarrollar\u00e1 bajo el t\u00edtulo \u00ab<\/span><span class=\"JsGRdQ\">Desarrollo nacional de un protocolo para evaluar Bienestar Animal en bovinos de engorde a corral\u00bb.<\/span><\/p>\n<p class=\"_04xlpA direction-ltr align-start para-style-body\"><span class=\"JsGRdQ\">El disertante es el MsC (Ing. Alim.) Leandro Langman, coordinador (i) PE 1507 <\/span><span class=\"JsGRdQ\">Centro de Investigaci\u00f3n de\u00a0<\/span><span class=\"JsGRdQ\">Agroindustria, INTA.<\/span><\/p>\n<p class=\"_04xlpA direction-ltr align-start para-style-body\"><span class=\"JsGRdQ\">L@s interesad@s en participar pueden inscribirse sin costo a trav\u00e9s del siguiente <a href=\"https:\/\/us02web.zoom.us\/webinar\/register\/WN_YhRIYcmMQnylyEKX_-t02w\" target=\"_blank\" rel=\"noopener noreferrer\">LINK<\/a><\/span><\/p>\n<p class=\"_04xlpA direction-ltr align-start para-style-body\">Dirigido a profesionales veterinarios\/as de la 1\u00b0 y 2\u00b0 Circunscripci\u00f3n del CMVSF. Sirve como acreditaci\u00f3n para el Registro de Corresponsables Sanitarios de la Pcia. de Sta. Fe<\/p>\n","protected":false},"excerpt":{"rendered":"<p>El CMVSF tiene el agrado de invitar a la XXXI Jornada de Formaci\u00f3n Continua para Corresponsables Sanitarios que se realizar\u00e1 el jueves 27 de mayo a las 14:15 horas, de manera online a trav\u00e9s de la plataforma Zoom.\u00a0 El tema de la jornada ser\u00e1 Bienestar Animal y se desarrollar\u00e1 bajo el t\u00edtulo \u00abDesarrollo nacional de un protocolo para evaluar Bienestar Animal en bovinos de [&hellip;]<\/p>\n","protected":false},"author":3,"featured_media":31692,"comment_status":"open","ping_status":"open","sticky":false,"template":"","format":"standard","meta":{"_acf_changed":false,"footnotes":""},"categories":[343,35,430,451],"tags":[278,562],"class_list":["post-31691","post","type-post","status-publish","format-standard","has-post-thumbnail","hentry","category-destacada","category-formacion","category-ganaderia","category-sanidad-animal","tag-corresponsables-sanitarios","tag-jornadas-de-formacion"],"acf":[],"yoast_head":"<!-- This site is optimized with the Yoast SEO plugin v28.2 - https:\/\/yoast.com\/product\/yoast-seo-wordpress\/ -->\n<title>XXXI Jornada de Formaci\u00f3n Continua para Corresponsables Sanitarios - Colegio De Veterinarios De Santa Fe 2da. Circunscripci\u00f3n<\/title>\n<meta name=\"description\" content=\"El CMVSF tiene el agrado de invitar a la XXXI Jornada de Formaci\u00f3n Continua para Corresponsables Sanitarios que se realizar\u00e1 el jueves 27 de mayo a las\" \/>\n<meta name=\"robots\" content=\"index, follow, max-snippet:-1, max-image-preview:large, max-video-preview:-1\" \/>\n<link rel=\"canonical\" href=\"https:\/\/cmvsf2.org\/web\/2021\/05\/10\/xxxi-jornada-de-formacion-continua-para-corresponsables-sanitarios\/\" \/>\n<meta property=\"og:locale\" content=\"es_ES\" \/>\n<meta property=\"og:type\" content=\"article\" \/>\n<meta property=\"og:title\" content=\"XXXI Jornada de Formaci\u00f3n Continua para Corresponsables Sanitarios - Colegio De Veterinarios De Santa Fe 2da. Circunscripci\u00f3n\" \/>\n<meta property=\"og:description\" content=\"El CMVSF tiene el agrado de invitar a la XXXI Jornada de Formaci\u00f3n Continua para Corresponsables Sanitarios que se realizar\u00e1 el jueves 27 de mayo a las\" \/>\n<meta property=\"og:url\" content=\"https:\/\/cmvsf2.org\/web\/2021\/05\/10\/xxxi-jornada-de-formacion-continua-para-corresponsables-sanitarios\/\" \/>\n<meta property=\"og:site_name\" content=\"Colegio De Veterinarios De Santa Fe 2da. Circunscripci\u00f3n\" \/>\n<meta property=\"article:published_time\" content=\"2021-05-10T18:21:24+00:00\" \/>\n<meta property=\"article:modified_time\" content=\"2021-05-10T18:28:40+00:00\" \/>\n<meta property=\"og:image\" content=\"https:\/\/cmvsf2.org\/web\/wp-content\/uploads\/2021\/05\/feed-lot-vacas-comiendo.jpg\" \/>\n\t<meta property=\"og:image:width\" content=\"600\" \/>\n\t<meta property=\"og:image:height\" content=\"487\" \/>\n\t<meta property=\"og:image:type\" content=\"image\/jpeg\" \/>\n<meta name=\"author\" content=\"cmvsf2\" \/>\n<meta name=\"twitter:card\" content=\"summary_large_image\" \/>\n<meta name=\"twitter:label1\" content=\"Escrito por\" \/>\n\t<meta name=\"twitter:data1\" content=\"cmvsf2\" \/>\n\t<meta name=\"twitter:label2\" content=\"Tiempo de lectura\" \/>\n\t<meta name=\"twitter:data2\" content=\"1 minuto\" \/>\n<script type=\"application\/ld+json\" class=\"yoast-schema-graph\">{\"@context\":\"https:\\\/\\\/schema.org\",\"@graph\":[{\"@type\":\"Article\",\"@id\":\"https:\\\/\\\/cmvsf2.org\\\/web\\\/2021\\\/05\\\/10\\\/xxxi-jornada-de-formacion-continua-para-corresponsables-sanitarios\\\/#article\",\"isPartOf\":{\"@id\":\"https:\\\/\\\/cmvsf2.org\\\/web\\\/2021\\\/05\\\/10\\\/xxxi-jornada-de-formacion-continua-para-corresponsables-sanitarios\\\/\"},\"author\":{\"name\":\"cmvsf2\",\"@id\":\"https:\\\/\\\/cmvsf2.org\\\/web\\\/#\\\/schema\\\/person\\\/46ea3630099a4a3df8d89f07cf5f7520\"},\"headline\":\"XXXI Jornada de Formaci\u00f3n Continua para Corresponsables Sanitarios\",\"datePublished\":\"2021-05-10T18:21:24+00:00\",\"dateModified\":\"2021-05-10T18:28:40+00:00\",\"mainEntityOfPage\":{\"@id\":\"https:\\\/\\\/cmvsf2.org\\\/web\\\/2021\\\/05\\\/10\\\/xxxi-jornada-de-formacion-continua-para-corresponsables-sanitarios\\\/\"},\"wordCount\":140,\"commentCount\":0,\"publisher\":{\"@id\":\"https:\\\/\\\/cmvsf2.org\\\/web\\\/#organization\"},\"image\":{\"@id\":\"https:\\\/\\\/cmvsf2.org\\\/web\\\/2021\\\/05\\\/10\\\/xxxi-jornada-de-formacion-continua-para-corresponsables-sanitarios\\\/#primaryimage\"},\"thumbnailUrl\":\"https:\\\/\\\/cmvsf2.org\\\/web\\\/wp-content\\\/uploads\\\/2021\\\/05\\\/feed-lot-vacas-comiendo.jpg\",\"keywords\":[\"corresponsables sanitarios\",\"jornadas de formaci\u00f3n\"],\"articleSection\":[\"Destacada\",\"Formaci\u00f3n\",\"Ganader\u00eda\",\"Sanidad animal\"],\"inLanguage\":\"es\"},{\"@type\":\"WebPage\",\"@id\":\"https:\\\/\\\/cmvsf2.org\\\/web\\\/2021\\\/05\\\/10\\\/xxxi-jornada-de-formacion-continua-para-corresponsables-sanitarios\\\/\",\"url\":\"https:\\\/\\\/cmvsf2.org\\\/web\\\/2021\\\/05\\\/10\\\/xxxi-jornada-de-formacion-continua-para-corresponsables-sanitarios\\\/\",\"name\":\"XXXI Jornada de Formaci\u00f3n Continua para Corresponsables Sanitarios - Colegio De Veterinarios De Santa Fe 2da. Circunscripci\u00f3n\",\"isPartOf\":{\"@id\":\"https:\\\/\\\/cmvsf2.org\\\/web\\\/#website\"},\"primaryImageOfPage\":{\"@id\":\"https:\\\/\\\/cmvsf2.org\\\/web\\\/2021\\\/05\\\/10\\\/xxxi-jornada-de-formacion-continua-para-corresponsables-sanitarios\\\/#primaryimage\"},\"image\":{\"@id\":\"https:\\\/\\\/cmvsf2.org\\\/web\\\/2021\\\/05\\\/10\\\/xxxi-jornada-de-formacion-continua-para-corresponsables-sanitarios\\\/#primaryimage\"},\"thumbnailUrl\":\"https:\\\/\\\/cmvsf2.org\\\/web\\\/wp-content\\\/uploads\\\/2021\\\/05\\\/feed-lot-vacas-comiendo.jpg\",\"datePublished\":\"2021-05-10T18:21:24+00:00\",\"dateModified\":\"2021-05-10T18:28:40+00:00\",\"description\":\"El CMVSF tiene el agrado de invitar a la XXXI Jornada de Formaci\u00f3n Continua para Corresponsables Sanitarios que se realizar\u00e1 el jueves 27 de mayo a las\",\"breadcrumb\":{\"@id\":\"https:\\\/\\\/cmvsf2.org\\\/web\\\/2021\\\/05\\\/10\\\/xxxi-jornada-de-formacion-continua-para-corresponsables-sanitarios\\\/#breadcrumb\"},\"inLanguage\":\"es\",\"potentialAction\":[{\"@type\":\"ReadAction\",\"target\":[\"https:\\\/\\\/cmvsf2.org\\\/web\\\/2021\\\/05\\\/10\\\/xxxi-jornada-de-formacion-continua-para-corresponsables-sanitarios\\\/\"]}]},{\"@type\":\"ImageObject\",\"inLanguage\":\"es\",\"@id\":\"https:\\\/\\\/cmvsf2.org\\\/web\\\/2021\\\/05\\\/10\\\/xxxi-jornada-de-formacion-continua-para-corresponsables-sanitarios\\\/#primaryimage\",\"url\":\"https:\\\/\\\/cmvsf2.org\\\/web\\\/wp-content\\\/uploads\\\/2021\\\/05\\\/feed-lot-vacas-comiendo.jpg\",\"contentUrl\":\"https:\\\/\\\/cmvsf2.org\\\/web\\\/wp-content\\\/uploads\\\/2021\\\/05\\\/feed-lot-vacas-comiendo.jpg\",\"width\":600,\"height\":487},{\"@type\":\"BreadcrumbList\",\"@id\":\"https:\\\/\\\/cmvsf2.org\\\/web\\\/2021\\\/05\\\/10\\\/xxxi-jornada-de-formacion-continua-para-corresponsables-sanitarios\\\/#breadcrumb\",\"itemListElement\":[{\"@type\":\"ListItem\",\"position\":1,\"name\":\"Portada\",\"item\":\"https:\\\/\\\/cmvsf2.org\\\/web\\\/\"},{\"@type\":\"ListItem\",\"position\":2,\"name\":\"XXXI Jornada de Formaci\u00f3n Continua para Corresponsables Sanitarios\"}]},{\"@type\":\"WebSite\",\"@id\":\"https:\\\/\\\/cmvsf2.org\\\/web\\\/#website\",\"url\":\"https:\\\/\\\/cmvsf2.org\\\/web\\\/\",\"name\":\"Colegio De Veterinarios De Santa Fe 2da. Circunscripci\u00f3n\",\"description\":\"Sitio institucional del Colegio de M\u00e9dicos Veterinario de Santa Fe 2da. Circunscripci\u00f3n\",\"publisher\":{\"@id\":\"https:\\\/\\\/cmvsf2.org\\\/web\\\/#organization\"},\"potentialAction\":[{\"@type\":\"SearchAction\",\"target\":{\"@type\":\"EntryPoint\",\"urlTemplate\":\"https:\\\/\\\/cmvsf2.org\\\/web\\\/?s={search_term_string}\"},\"query-input\":{\"@type\":\"PropertyValueSpecification\",\"valueRequired\":true,\"valueName\":\"search_term_string\"}}],\"inLanguage\":\"es\"},{\"@type\":\"Organization\",\"@id\":\"https:\\\/\\\/cmvsf2.org\\\/web\\\/#organization\",\"name\":\"Colegio De Veterinarios De Santa Fe 2da. Circunscripci\u00f3n\",\"url\":\"https:\\\/\\\/cmvsf2.org\\\/web\\\/\",\"logo\":{\"@type\":\"ImageObject\",\"inLanguage\":\"es\",\"@id\":\"https:\\\/\\\/cmvsf2.org\\\/web\\\/#\\\/schema\\\/logo\\\/image\\\/\",\"url\":\"http:\\\/\\\/cmvsf2.org\\\/web\\\/wp-content\\\/uploads\\\/2020\\\/03\\\/vector-logo-02.png\",\"contentUrl\":\"http:\\\/\\\/cmvsf2.org\\\/web\\\/wp-content\\\/uploads\\\/2020\\\/03\\\/vector-logo-02.png\",\"width\":2750,\"height\":642,\"caption\":\"Colegio De Veterinarios De Santa Fe 2da. Circunscripci\u00f3n\"},\"image\":{\"@id\":\"https:\\\/\\\/cmvsf2.org\\\/web\\\/#\\\/schema\\\/logo\\\/image\\\/\"}},{\"@type\":\"Person\",\"@id\":\"https:\\\/\\\/cmvsf2.org\\\/web\\\/#\\\/schema\\\/person\\\/46ea3630099a4a3df8d89f07cf5f7520\",\"name\":\"cmvsf2\",\"image\":{\"@type\":\"ImageObject\",\"inLanguage\":\"es\",\"@id\":\"https:\\\/\\\/secure.gravatar.com\\\/avatar\\\/669647b61c77f28f1aa51df04174a5ecb296e9988b4a93d2870666cd1f502cd7?s=96&d=mm&r=g\",\"url\":\"https:\\\/\\\/secure.gravatar.com\\\/avatar\\\/669647b61c77f28f1aa51df04174a5ecb296e9988b4a93d2870666cd1f502cd7?s=96&d=mm&r=g\",\"contentUrl\":\"https:\\\/\\\/secure.gravatar.com\\\/avatar\\\/669647b61c77f28f1aa51df04174a5ecb296e9988b4a93d2870666cd1f502cd7?s=96&d=mm&r=g\",\"caption\":\"cmvsf2\"}}]}<\/script>\n<!-- \/ Yoast SEO plugin. -->","yoast_head_json":{"title":"XXXI Jornada de Formaci\u00f3n Continua para Corresponsables Sanitarios - Colegio De Veterinarios De Santa Fe 2da. Circunscripci\u00f3n","description":"El CMVSF tiene el agrado de invitar a la XXXI Jornada de Formaci\u00f3n Continua para Corresponsables Sanitarios que se realizar\u00e1 el jueves 27 de mayo a las","robots":{"index":"index","follow":"follow","max-snippet":"max-snippet:-1","max-image-preview":"max-image-preview:large","max-video-preview":"max-video-preview:-1"},"canonical":"https:\/\/cmvsf2.org\/web\/2021\/05\/10\/xxxi-jornada-de-formacion-continua-para-corresponsables-sanitarios\/","og_locale":"es_ES","og_type":"article","og_title":"XXXI Jornada de Formaci\u00f3n Continua para Corresponsables Sanitarios - Colegio De Veterinarios De Santa Fe 2da. Circunscripci\u00f3n","og_description":"El CMVSF tiene el agrado de invitar a la XXXI Jornada de Formaci\u00f3n Continua para Corresponsables Sanitarios que se realizar\u00e1 el jueves 27 de mayo a las","og_url":"https:\/\/cmvsf2.org\/web\/2021\/05\/10\/xxxi-jornada-de-formacion-continua-para-corresponsables-sanitarios\/","og_site_name":"Colegio De Veterinarios De Santa Fe 2da. Circunscripci\u00f3n","article_published_time":"2021-05-10T18:21:24+00:00","article_modified_time":"2021-05-10T18:28:40+00:00","og_image":[{"width":600,"height":487,"url":"https:\/\/cmvsf2.org\/web\/wp-content\/uploads\/2021\/05\/feed-lot-vacas-comiendo.jpg","type":"image\/jpeg"}],"author":"cmvsf2","twitter_card":"summary_large_image","twitter_misc":{"Escrito por":"cmvsf2","Tiempo de lectura":"1 minuto"},"schema":{"@context":"https:\/\/schema.org","@graph":[{"@type":"Article","@id":"https:\/\/cmvsf2.org\/web\/2021\/05\/10\/xxxi-jornada-de-formacion-continua-para-corresponsables-sanitarios\/#article","isPartOf":{"@id":"https:\/\/cmvsf2.org\/web\/2021\/05\/10\/xxxi-jornada-de-formacion-continua-para-corresponsables-sanitarios\/"},"author":{"name":"cmvsf2","@id":"https:\/\/cmvsf2.org\/web\/#\/schema\/person\/46ea3630099a4a3df8d89f07cf5f7520"},"headline":"XXXI Jornada de Formaci\u00f3n Continua para Corresponsables Sanitarios","datePublished":"2021-05-10T18:21:24+00:00","dateModified":"2021-05-10T18:28:40+00:00","mainEntityOfPage":{"@id":"https:\/\/cmvsf2.org\/web\/2021\/05\/10\/xxxi-jornada-de-formacion-continua-para-corresponsables-sanitarios\/"},"wordCount":140,"commentCount":0,"publisher":{"@id":"https:\/\/cmvsf2.org\/web\/#organization"},"image":{"@id":"https:\/\/cmvsf2.org\/web\/2021\/05\/10\/xxxi-jornada-de-formacion-continua-para-corresponsables-sanitarios\/#primaryimage"},"thumbnailUrl":"https:\/\/cmvsf2.org\/web\/wp-content\/uploads\/2021\/05\/feed-lot-vacas-comiendo.jpg","keywords":["corresponsables sanitarios","jornadas de formaci\u00f3n"],"articleSection":["Destacada","Formaci\u00f3n","Ganader\u00eda","Sanidad animal"],"inLanguage":"es"},{"@type":"WebPage","@id":"https:\/\/cmvsf2.org\/web\/2021\/05\/10\/xxxi-jornada-de-formacion-continua-para-corresponsables-sanitarios\/","url":"https:\/\/cmvsf2.org\/web\/2021\/05\/10\/xxxi-jornada-de-formacion-continua-para-corresponsables-sanitarios\/","name":"XXXI Jornada de Formaci\u00f3n Continua para Corresponsables Sanitarios - Colegio De Veterinarios De Santa Fe 2da. Circunscripci\u00f3n","isPartOf":{"@id":"https:\/\/cmvsf2.org\/web\/#website"},"primaryImageOfPage":{"@id":"https:\/\/cmvsf2.org\/web\/2021\/05\/10\/xxxi-jornada-de-formacion-continua-para-corresponsables-sanitarios\/#primaryimage"},"image":{"@id":"https:\/\/cmvsf2.org\/web\/2021\/05\/10\/xxxi-jornada-de-formacion-continua-para-corresponsables-sanitarios\/#primaryimage"},"thumbnailUrl":"https:\/\/cmvsf2.org\/web\/wp-content\/uploads\/2021\/05\/feed-lot-vacas-comiendo.jpg","datePublished":"2021-05-10T18:21:24+00:00","dateModified":"2021-05-10T18:28:40+00:00","description":"El CMVSF tiene el agrado de invitar a la XXXI Jornada de Formaci\u00f3n Continua para Corresponsables Sanitarios que se realizar\u00e1 el jueves 27 de mayo a las","breadcrumb":{"@id":"https:\/\/cmvsf2.org\/web\/2021\/05\/10\/xxxi-jornada-de-formacion-continua-para-corresponsables-sanitarios\/#breadcrumb"},"inLanguage":"es","potentialAction":[{"@type":"ReadAction","target":["https:\/\/cmvsf2.org\/web\/2021\/05\/10\/xxxi-jornada-de-formacion-continua-para-corresponsables-sanitarios\/"]}]},{"@type":"ImageObject","inLanguage":"es","@id":"https:\/\/cmvsf2.org\/web\/2021\/05\/10\/xxxi-jornada-de-formacion-continua-para-corresponsables-sanitarios\/#primaryimage","url":"https:\/\/cmvsf2.org\/web\/wp-content\/uploads\/2021\/05\/feed-lot-vacas-comiendo.jpg","contentUrl":"https:\/\/cmvsf2.org\/web\/wp-content\/uploads\/2021\/05\/feed-lot-vacas-comiendo.jpg","width":600,"height":487},{"@type":"BreadcrumbList","@id":"https:\/\/cmvsf2.org\/web\/2021\/05\/10\/xxxi-jornada-de-formacion-continua-para-corresponsables-sanitarios\/#breadcrumb","itemListElement":[{"@type":"ListItem","position":1,"name":"Portada","item":"https:\/\/cmvsf2.org\/web\/"},{"@type":"ListItem","position":2,"name":"XXXI Jornada de Formaci\u00f3n Continua para Corresponsables Sanitarios"}]},{"@type":"WebSite","@id":"https:\/\/cmvsf2.org\/web\/#website","url":"https:\/\/cmvsf2.org\/web\/","name":"Colegio De Veterinarios De Santa Fe 2da. Circunscripci\u00f3n","description":"Sitio institucional del Colegio de M\u00e9dicos Veterinario de Santa Fe 2da. Circunscripci\u00f3n","publisher":{"@id":"https:\/\/cmvsf2.org\/web\/#organization"},"potentialAction":[{"@type":"SearchAction","target":{"@type":"EntryPoint","urlTemplate":"https:\/\/cmvsf2.org\/web\/?s={search_term_string}"},"query-input":{"@type":"PropertyValueSpecification","valueRequired":true,"valueName":"search_term_string"}}],"inLanguage":"es"},{"@type":"Organization","@id":"https:\/\/cmvsf2.org\/web\/#organization","name":"Colegio De Veterinarios De Santa Fe 2da. Circunscripci\u00f3n","url":"https:\/\/cmvsf2.org\/web\/","logo":{"@type":"ImageObject","inLanguage":"es","@id":"https:\/\/cmvsf2.org\/web\/#\/schema\/logo\/image\/","url":"http:\/\/cmvsf2.org\/web\/wp-content\/uploads\/2020\/03\/vector-logo-02.png","contentUrl":"http:\/\/cmvsf2.org\/web\/wp-content\/uploads\/2020\/03\/vector-logo-02.png","width":2750,"height":642,"caption":"Colegio De Veterinarios De Santa Fe 2da. Circunscripci\u00f3n"},"image":{"@id":"https:\/\/cmvsf2.org\/web\/#\/schema\/logo\/image\/"}},{"@type":"Person","@id":"https:\/\/cmvsf2.org\/web\/#\/schema\/person\/46ea3630099a4a3df8d89f07cf5f7520","name":"cmvsf2","image":{"@type":"ImageObject","inLanguage":"es","@id":"https:\/\/secure.gravatar.com\/avatar\/669647b61c77f28f1aa51df04174a5ecb296e9988b4a93d2870666cd1f502cd7?s=96&d=mm&r=g","url":"https:\/\/secure.gravatar.com\/avatar\/669647b61c77f28f1aa51df04174a5ecb296e9988b4a93d2870666cd1f502cd7?s=96&d=mm&r=g","contentUrl":"https:\/\/secure.gravatar.com\/avatar\/669647b61c77f28f1aa51df04174a5ecb296e9988b4a93d2870666cd1f502cd7?s=96&d=mm&r=g","caption":"cmvsf2"}}]}},"_links":{"self":[{"href":"https:\/\/cmvsf2.org\/web\/wp-json\/wp\/v2\/posts\/31691","targetHints":{"allow":["GET"]}}],"collection":[{"href":"https:\/\/cmvsf2.org\/web\/wp-json\/wp\/v2\/posts"}],"about":[{"href":"https:\/\/cmvsf2.org\/web\/wp-json\/wp\/v2\/types\/post"}],"author":[{"embeddable":true,"href":"https:\/\/cmvsf2.org\/web\/wp-json\/wp\/v2\/users\/3"}],"replies":[{"embeddable":true,"href":"https:\/\/cmvsf2.org\/web\/wp-json\/wp\/v2\/comments?post=31691"}],"version-history":[{"count":2,"href":"https:\/\/cmvsf2.org\/web\/wp-json\/wp\/v2\/posts\/31691\/revisions"}],"predecessor-version":[{"id":31694,"href":"https:\/\/cmvsf2.org\/web\/wp-json\/wp\/v2\/posts\/31691\/revisions\/31694"}],"wp:featuredmedia":[{"embeddable":true,"href":"https:\/\/cmvsf2.org\/web\/wp-json\/wp\/v2\/media\/31692"}],"wp:attachment":[{"href":"https:\/\/cmvsf2.org\/web\/wp-json\/wp\/v2\/media?parent=31691"}],"wp:term":[{"taxonomy":"category","embeddable":true,"href":"https:\/\/cmvsf2.org\/web\/wp-json\/wp\/v2\/categories?post=31691"},{"taxonomy":"post_tag","embeddable":true,"href":"https:\/\/cmvsf2.org\/web\/wp-json\/wp\/v2\/tags?post=31691"}],"curies":[{"name":"wp","href":"https:\/\/api.w.org\/{rel}","templated":true}]}}