{"id":31579,"date":"2021-03-19T17:54:25","date_gmt":"2021-03-19T17:54:25","guid":{"rendered":"http:\/\/cmvsf2.org\/web\/?p=31579"},"modified":"2021-03-19T17:58:00","modified_gmt":"2021-03-19T17:58:00","slug":"insistimos-con-la-vacunacion-covid-19","status":"publish","type":"post","link":"https:\/\/cmvsf2.org\/web\/2021\/03\/19\/insistimos-con-la-vacunacion-covid-19\/","title":{"rendered":"Insistimos con la Vacunaci\u00f3n Covid-19"},"content":{"rendered":"<div>Como ya informamos en fecha 23-02-21, la v\u00eda para inscribirse, aquellos profesionales que deseen inmunizarse contra Covid-19, es a trav\u00e9s de la <a href=\"https:\/\/www.santafe.gob.ar\/santafevacunacioncovid\">p\u00e1gina del Gobierno de Santa Fe. <\/a><\/div>\n<div><\/div>\n<div><\/div>\n<div>Este Colegio solicit\u00f3 al Ministerio de Salud de Sta. Fe, la r\u00e1pida\u00a0inclusi\u00f3n de los Profesionales Veterinarios dentro de los profesionales de la salud en dos oportunidades.<\/div>\n<div><\/div>\n<div><\/div>\n<div>Ante la no convocatoria, continuamos insistiendo y compartimos con Uds. la \u00faltima comunicaci\u00f3n arribada desde la Secretar\u00eda Privada de ese Ministerio.<\/div>\n","protected":false},"excerpt":{"rendered":"<p>Como ya informamos en fecha 23-02-21, la v\u00eda para inscribirse, aquellos profesionales que deseen inmunizarse contra Covid-19, es a trav\u00e9s de la p\u00e1gina del Gobierno de Santa Fe. Este Colegio solicit\u00f3 al Ministerio de Salud de Sta. Fe, la r\u00e1pida\u00a0inclusi\u00f3n de los Profesionales Veterinarios dentro de los profesionales de la salud en dos oportunidades. Ante la no convocatoria, continuamos insistiendo y compartimos con Uds. [&hellip;]<\/p>\n","protected":false},"author":3,"featured_media":31361,"comment_status":"open","ping_status":"open","sticky":false,"template":"","format":"standard","meta":{"_acf_changed":false,"footnotes":""},"categories":[536,343,345],"tags":[366,412,288],"class_list":["post-31579","post","type-post","status-publish","format-standard","has-post-thumbnail","hentry","category-covid19","category-destacada","category-institucionales","tag-coronavirus","tag-covid19","tag-vacuna"],"acf":[],"yoast_head":"<!-- This site is optimized with the Yoast SEO plugin v28.2 - https:\/\/yoast.com\/product\/yoast-seo-wordpress\/ -->\n<title>Insistimos con la Vacunaci\u00f3n Covid-19 - Colegio De Veterinarios De Santa Fe 2da. Circunscripci\u00f3n<\/title>\n<meta name=\"description\" content=\"Como ya informamos en fecha 23-02-21, la v\u00eda para inscribirse, aquellos profesionales que deseen inmunizarse contra Covid-19, es a trav\u00e9s de la p\u00e1gina del\" \/>\n<meta name=\"robots\" content=\"index, follow, max-snippet:-1, max-image-preview:large, max-video-preview:-1\" \/>\n<link rel=\"canonical\" href=\"https:\/\/cmvsf2.org\/web\/2021\/03\/19\/insistimos-con-la-vacunacion-covid-19\/\" \/>\n<meta property=\"og:locale\" content=\"es_ES\" \/>\n<meta property=\"og:type\" content=\"article\" \/>\n<meta property=\"og:title\" content=\"Insistimos con la Vacunaci\u00f3n Covid-19 - Colegio De Veterinarios De Santa Fe 2da. Circunscripci\u00f3n\" \/>\n<meta property=\"og:description\" content=\"Como ya informamos en fecha 23-02-21, la v\u00eda para inscribirse, aquellos profesionales que deseen inmunizarse contra Covid-19, es a trav\u00e9s de la p\u00e1gina del\" \/>\n<meta property=\"og:url\" content=\"https:\/\/cmvsf2.org\/web\/2021\/03\/19\/insistimos-con-la-vacunacion-covid-19\/\" \/>\n<meta property=\"og:site_name\" content=\"Colegio De Veterinarios De Santa Fe 2da. Circunscripci\u00f3n\" \/>\n<meta property=\"article:published_time\" content=\"2021-03-19T17:54:25+00:00\" \/>\n<meta property=\"article:modified_time\" content=\"2021-03-19T17:58:00+00:00\" \/>\n<meta property=\"og:image\" content=\"https:\/\/cmvsf2.org\/web\/wp-content\/uploads\/2020\/12\/image-from-rawpixel-id-1203168-jpeg-1024x1024.jpg\" \/>\n\t<meta property=\"og:image:width\" content=\"1024\" \/>\n\t<meta property=\"og:image:height\" content=\"1024\" \/>\n\t<meta property=\"og:image:type\" content=\"image\/jpeg\" \/>\n<meta name=\"author\" content=\"cmvsf2\" \/>\n<meta name=\"twitter:card\" content=\"summary_large_image\" \/>\n<meta name=\"twitter:label1\" content=\"Escrito por\" \/>\n\t<meta name=\"twitter:data1\" content=\"cmvsf2\" \/>\n<script type=\"application\/ld+json\" class=\"yoast-schema-graph\">{\"@context\":\"https:\\\/\\\/schema.org\",\"@graph\":[{\"@type\":\"Article\",\"@id\":\"https:\\\/\\\/cmvsf2.org\\\/web\\\/2021\\\/03\\\/19\\\/insistimos-con-la-vacunacion-covid-19\\\/#article\",\"isPartOf\":{\"@id\":\"https:\\\/\\\/cmvsf2.org\\\/web\\\/2021\\\/03\\\/19\\\/insistimos-con-la-vacunacion-covid-19\\\/\"},\"author\":{\"name\":\"cmvsf2\",\"@id\":\"https:\\\/\\\/cmvsf2.org\\\/web\\\/#\\\/schema\\\/person\\\/46ea3630099a4a3df8d89f07cf5f7520\"},\"headline\":\"Insistimos con la Vacunaci\u00f3n Covid-19\",\"datePublished\":\"2021-03-19T17:54:25+00:00\",\"dateModified\":\"2021-03-19T17:58:00+00:00\",\"mainEntityOfPage\":{\"@id\":\"https:\\\/\\\/cmvsf2.org\\\/web\\\/2021\\\/03\\\/19\\\/insistimos-con-la-vacunacion-covid-19\\\/\"},\"wordCount\":90,\"commentCount\":0,\"publisher\":{\"@id\":\"https:\\\/\\\/cmvsf2.org\\\/web\\\/#organization\"},\"image\":{\"@id\":\"https:\\\/\\\/cmvsf2.org\\\/web\\\/2021\\\/03\\\/19\\\/insistimos-con-la-vacunacion-covid-19\\\/#primaryimage\"},\"thumbnailUrl\":\"https:\\\/\\\/cmvsf2.org\\\/web\\\/wp-content\\\/uploads\\\/2020\\\/12\\\/image-from-rawpixel-id-1203168-jpeg.jpg\",\"keywords\":[\"CORONAVIRUS\",\"covid19\",\"vacuna\"],\"articleSection\":[\"Covid19\",\"Destacada\",\"Institucionales\"],\"inLanguage\":\"es\"},{\"@type\":\"WebPage\",\"@id\":\"https:\\\/\\\/cmvsf2.org\\\/web\\\/2021\\\/03\\\/19\\\/insistimos-con-la-vacunacion-covid-19\\\/\",\"url\":\"https:\\\/\\\/cmvsf2.org\\\/web\\\/2021\\\/03\\\/19\\\/insistimos-con-la-vacunacion-covid-19\\\/\",\"name\":\"Insistimos con la Vacunaci\u00f3n Covid-19 - Colegio De Veterinarios De Santa Fe 2da. Circunscripci\u00f3n\",\"isPartOf\":{\"@id\":\"https:\\\/\\\/cmvsf2.org\\\/web\\\/#website\"},\"primaryImageOfPage\":{\"@id\":\"https:\\\/\\\/cmvsf2.org\\\/web\\\/2021\\\/03\\\/19\\\/insistimos-con-la-vacunacion-covid-19\\\/#primaryimage\"},\"image\":{\"@id\":\"https:\\\/\\\/cmvsf2.org\\\/web\\\/2021\\\/03\\\/19\\\/insistimos-con-la-vacunacion-covid-19\\\/#primaryimage\"},\"thumbnailUrl\":\"https:\\\/\\\/cmvsf2.org\\\/web\\\/wp-content\\\/uploads\\\/2020\\\/12\\\/image-from-rawpixel-id-1203168-jpeg.jpg\",\"datePublished\":\"2021-03-19T17:54:25+00:00\",\"dateModified\":\"2021-03-19T17:58:00+00:00\",\"description\":\"Como ya informamos en fecha 23-02-21, la v\u00eda para inscribirse, aquellos profesionales que deseen inmunizarse contra Covid-19, es a trav\u00e9s de la p\u00e1gina del\",\"breadcrumb\":{\"@id\":\"https:\\\/\\\/cmvsf2.org\\\/web\\\/2021\\\/03\\\/19\\\/insistimos-con-la-vacunacion-covid-19\\\/#breadcrumb\"},\"inLanguage\":\"es\",\"potentialAction\":[{\"@type\":\"ReadAction\",\"target\":[\"https:\\\/\\\/cmvsf2.org\\\/web\\\/2021\\\/03\\\/19\\\/insistimos-con-la-vacunacion-covid-19\\\/\"]}]},{\"@type\":\"ImageObject\",\"inLanguage\":\"es\",\"@id\":\"https:\\\/\\\/cmvsf2.org\\\/web\\\/2021\\\/03\\\/19\\\/insistimos-con-la-vacunacion-covid-19\\\/#primaryimage\",\"url\":\"https:\\\/\\\/cmvsf2.org\\\/web\\\/wp-content\\\/uploads\\\/2020\\\/12\\\/image-from-rawpixel-id-1203168-jpeg.jpg\",\"contentUrl\":\"https:\\\/\\\/cmvsf2.org\\\/web\\\/wp-content\\\/uploads\\\/2020\\\/12\\\/image-from-rawpixel-id-1203168-jpeg.jpg\",\"width\":2102,\"height\":2102},{\"@type\":\"BreadcrumbList\",\"@id\":\"https:\\\/\\\/cmvsf2.org\\\/web\\\/2021\\\/03\\\/19\\\/insistimos-con-la-vacunacion-covid-19\\\/#breadcrumb\",\"itemListElement\":[{\"@type\":\"ListItem\",\"position\":1,\"name\":\"Portada\",\"item\":\"https:\\\/\\\/cmvsf2.org\\\/web\\\/\"},{\"@type\":\"ListItem\",\"position\":2,\"name\":\"Insistimos con la Vacunaci\u00f3n Covid-19\"}]},{\"@type\":\"WebSite\",\"@id\":\"https:\\\/\\\/cmvsf2.org\\\/web\\\/#website\",\"url\":\"https:\\\/\\\/cmvsf2.org\\\/web\\\/\",\"name\":\"Colegio De Veterinarios De Santa Fe 2da. Circunscripci\u00f3n\",\"description\":\"Sitio institucional del Colegio de M\u00e9dicos Veterinario de Santa Fe 2da. Circunscripci\u00f3n\",\"publisher\":{\"@id\":\"https:\\\/\\\/cmvsf2.org\\\/web\\\/#organization\"},\"potentialAction\":[{\"@type\":\"SearchAction\",\"target\":{\"@type\":\"EntryPoint\",\"urlTemplate\":\"https:\\\/\\\/cmvsf2.org\\\/web\\\/?s={search_term_string}\"},\"query-input\":{\"@type\":\"PropertyValueSpecification\",\"valueRequired\":true,\"valueName\":\"search_term_string\"}}],\"inLanguage\":\"es\"},{\"@type\":\"Organization\",\"@id\":\"https:\\\/\\\/cmvsf2.org\\\/web\\\/#organization\",\"name\":\"Colegio De Veterinarios De Santa Fe 2da. Circunscripci\u00f3n\",\"url\":\"https:\\\/\\\/cmvsf2.org\\\/web\\\/\",\"logo\":{\"@type\":\"ImageObject\",\"inLanguage\":\"es\",\"@id\":\"https:\\\/\\\/cmvsf2.org\\\/web\\\/#\\\/schema\\\/logo\\\/image\\\/\",\"url\":\"http:\\\/\\\/cmvsf2.org\\\/web\\\/wp-content\\\/uploads\\\/2020\\\/03\\\/vector-logo-02.png\",\"contentUrl\":\"http:\\\/\\\/cmvsf2.org\\\/web\\\/wp-content\\\/uploads\\\/2020\\\/03\\\/vector-logo-02.png\",\"width\":2750,\"height\":642,\"caption\":\"Colegio De Veterinarios De Santa Fe 2da. Circunscripci\u00f3n\"},\"image\":{\"@id\":\"https:\\\/\\\/cmvsf2.org\\\/web\\\/#\\\/schema\\\/logo\\\/image\\\/\"}},{\"@type\":\"Person\",\"@id\":\"https:\\\/\\\/cmvsf2.org\\\/web\\\/#\\\/schema\\\/person\\\/46ea3630099a4a3df8d89f07cf5f7520\",\"name\":\"cmvsf2\",\"image\":{\"@type\":\"ImageObject\",\"inLanguage\":\"es\",\"@id\":\"https:\\\/\\\/secure.gravatar.com\\\/avatar\\\/669647b61c77f28f1aa51df04174a5ecb296e9988b4a93d2870666cd1f502cd7?s=96&d=mm&r=g\",\"url\":\"https:\\\/\\\/secure.gravatar.com\\\/avatar\\\/669647b61c77f28f1aa51df04174a5ecb296e9988b4a93d2870666cd1f502cd7?s=96&d=mm&r=g\",\"contentUrl\":\"https:\\\/\\\/secure.gravatar.com\\\/avatar\\\/669647b61c77f28f1aa51df04174a5ecb296e9988b4a93d2870666cd1f502cd7?s=96&d=mm&r=g\",\"caption\":\"cmvsf2\"}}]}<\/script>\n<!-- \/ Yoast SEO plugin. -->","yoast_head_json":{"title":"Insistimos con la Vacunaci\u00f3n Covid-19 - Colegio De Veterinarios De Santa Fe 2da. Circunscripci\u00f3n","description":"Como ya informamos en fecha 23-02-21, la v\u00eda para inscribirse, aquellos profesionales que deseen inmunizarse contra Covid-19, es a trav\u00e9s de la p\u00e1gina del","robots":{"index":"index","follow":"follow","max-snippet":"max-snippet:-1","max-image-preview":"max-image-preview:large","max-video-preview":"max-video-preview:-1"},"canonical":"https:\/\/cmvsf2.org\/web\/2021\/03\/19\/insistimos-con-la-vacunacion-covid-19\/","og_locale":"es_ES","og_type":"article","og_title":"Insistimos con la Vacunaci\u00f3n Covid-19 - Colegio De Veterinarios De Santa Fe 2da. Circunscripci\u00f3n","og_description":"Como ya informamos en fecha 23-02-21, la v\u00eda para inscribirse, aquellos profesionales que deseen inmunizarse contra Covid-19, es a trav\u00e9s de la p\u00e1gina del","og_url":"https:\/\/cmvsf2.org\/web\/2021\/03\/19\/insistimos-con-la-vacunacion-covid-19\/","og_site_name":"Colegio De Veterinarios De Santa Fe 2da. Circunscripci\u00f3n","article_published_time":"2021-03-19T17:54:25+00:00","article_modified_time":"2021-03-19T17:58:00+00:00","og_image":[{"width":1024,"height":1024,"url":"https:\/\/cmvsf2.org\/web\/wp-content\/uploads\/2020\/12\/image-from-rawpixel-id-1203168-jpeg-1024x1024.jpg","type":"image\/jpeg"}],"author":"cmvsf2","twitter_card":"summary_large_image","twitter_misc":{"Escrito por":"cmvsf2"},"schema":{"@context":"https:\/\/schema.org","@graph":[{"@type":"Article","@id":"https:\/\/cmvsf2.org\/web\/2021\/03\/19\/insistimos-con-la-vacunacion-covid-19\/#article","isPartOf":{"@id":"https:\/\/cmvsf2.org\/web\/2021\/03\/19\/insistimos-con-la-vacunacion-covid-19\/"},"author":{"name":"cmvsf2","@id":"https:\/\/cmvsf2.org\/web\/#\/schema\/person\/46ea3630099a4a3df8d89f07cf5f7520"},"headline":"Insistimos con la Vacunaci\u00f3n Covid-19","datePublished":"2021-03-19T17:54:25+00:00","dateModified":"2021-03-19T17:58:00+00:00","mainEntityOfPage":{"@id":"https:\/\/cmvsf2.org\/web\/2021\/03\/19\/insistimos-con-la-vacunacion-covid-19\/"},"wordCount":90,"commentCount":0,"publisher":{"@id":"https:\/\/cmvsf2.org\/web\/#organization"},"image":{"@id":"https:\/\/cmvsf2.org\/web\/2021\/03\/19\/insistimos-con-la-vacunacion-covid-19\/#primaryimage"},"thumbnailUrl":"https:\/\/cmvsf2.org\/web\/wp-content\/uploads\/2020\/12\/image-from-rawpixel-id-1203168-jpeg.jpg","keywords":["CORONAVIRUS","covid19","vacuna"],"articleSection":["Covid19","Destacada","Institucionales"],"inLanguage":"es"},{"@type":"WebPage","@id":"https:\/\/cmvsf2.org\/web\/2021\/03\/19\/insistimos-con-la-vacunacion-covid-19\/","url":"https:\/\/cmvsf2.org\/web\/2021\/03\/19\/insistimos-con-la-vacunacion-covid-19\/","name":"Insistimos con la Vacunaci\u00f3n Covid-19 - Colegio De Veterinarios De Santa Fe 2da. Circunscripci\u00f3n","isPartOf":{"@id":"https:\/\/cmvsf2.org\/web\/#website"},"primaryImageOfPage":{"@id":"https:\/\/cmvsf2.org\/web\/2021\/03\/19\/insistimos-con-la-vacunacion-covid-19\/#primaryimage"},"image":{"@id":"https:\/\/cmvsf2.org\/web\/2021\/03\/19\/insistimos-con-la-vacunacion-covid-19\/#primaryimage"},"thumbnailUrl":"https:\/\/cmvsf2.org\/web\/wp-content\/uploads\/2020\/12\/image-from-rawpixel-id-1203168-jpeg.jpg","datePublished":"2021-03-19T17:54:25+00:00","dateModified":"2021-03-19T17:58:00+00:00","description":"Como ya informamos en fecha 23-02-21, la v\u00eda para inscribirse, aquellos profesionales que deseen inmunizarse contra Covid-19, es a trav\u00e9s de la p\u00e1gina del","breadcrumb":{"@id":"https:\/\/cmvsf2.org\/web\/2021\/03\/19\/insistimos-con-la-vacunacion-covid-19\/#breadcrumb"},"inLanguage":"es","potentialAction":[{"@type":"ReadAction","target":["https:\/\/cmvsf2.org\/web\/2021\/03\/19\/insistimos-con-la-vacunacion-covid-19\/"]}]},{"@type":"ImageObject","inLanguage":"es","@id":"https:\/\/cmvsf2.org\/web\/2021\/03\/19\/insistimos-con-la-vacunacion-covid-19\/#primaryimage","url":"https:\/\/cmvsf2.org\/web\/wp-content\/uploads\/2020\/12\/image-from-rawpixel-id-1203168-jpeg.jpg","contentUrl":"https:\/\/cmvsf2.org\/web\/wp-content\/uploads\/2020\/12\/image-from-rawpixel-id-1203168-jpeg.jpg","width":2102,"height":2102},{"@type":"BreadcrumbList","@id":"https:\/\/cmvsf2.org\/web\/2021\/03\/19\/insistimos-con-la-vacunacion-covid-19\/#breadcrumb","itemListElement":[{"@type":"ListItem","position":1,"name":"Portada","item":"https:\/\/cmvsf2.org\/web\/"},{"@type":"ListItem","position":2,"name":"Insistimos con la Vacunaci\u00f3n Covid-19"}]},{"@type":"WebSite","@id":"https:\/\/cmvsf2.org\/web\/#website","url":"https:\/\/cmvsf2.org\/web\/","name":"Colegio De Veterinarios De Santa Fe 2da. Circunscripci\u00f3n","description":"Sitio institucional del Colegio de M\u00e9dicos Veterinario de Santa Fe 2da. Circunscripci\u00f3n","publisher":{"@id":"https:\/\/cmvsf2.org\/web\/#organization"},"potentialAction":[{"@type":"SearchAction","target":{"@type":"EntryPoint","urlTemplate":"https:\/\/cmvsf2.org\/web\/?s={search_term_string}"},"query-input":{"@type":"PropertyValueSpecification","valueRequired":true,"valueName":"search_term_string"}}],"inLanguage":"es"},{"@type":"Organization","@id":"https:\/\/cmvsf2.org\/web\/#organization","name":"Colegio De Veterinarios De Santa Fe 2da. Circunscripci\u00f3n","url":"https:\/\/cmvsf2.org\/web\/","logo":{"@type":"ImageObject","inLanguage":"es","@id":"https:\/\/cmvsf2.org\/web\/#\/schema\/logo\/image\/","url":"http:\/\/cmvsf2.org\/web\/wp-content\/uploads\/2020\/03\/vector-logo-02.png","contentUrl":"http:\/\/cmvsf2.org\/web\/wp-content\/uploads\/2020\/03\/vector-logo-02.png","width":2750,"height":642,"caption":"Colegio De Veterinarios De Santa Fe 2da. Circunscripci\u00f3n"},"image":{"@id":"https:\/\/cmvsf2.org\/web\/#\/schema\/logo\/image\/"}},{"@type":"Person","@id":"https:\/\/cmvsf2.org\/web\/#\/schema\/person\/46ea3630099a4a3df8d89f07cf5f7520","name":"cmvsf2","image":{"@type":"ImageObject","inLanguage":"es","@id":"https:\/\/secure.gravatar.com\/avatar\/669647b61c77f28f1aa51df04174a5ecb296e9988b4a93d2870666cd1f502cd7?s=96&d=mm&r=g","url":"https:\/\/secure.gravatar.com\/avatar\/669647b61c77f28f1aa51df04174a5ecb296e9988b4a93d2870666cd1f502cd7?s=96&d=mm&r=g","contentUrl":"https:\/\/secure.gravatar.com\/avatar\/669647b61c77f28f1aa51df04174a5ecb296e9988b4a93d2870666cd1f502cd7?s=96&d=mm&r=g","caption":"cmvsf2"}}]}},"_links":{"self":[{"href":"https:\/\/cmvsf2.org\/web\/wp-json\/wp\/v2\/posts\/31579","targetHints":{"allow":["GET"]}}],"collection":[{"href":"https:\/\/cmvsf2.org\/web\/wp-json\/wp\/v2\/posts"}],"about":[{"href":"https:\/\/cmvsf2.org\/web\/wp-json\/wp\/v2\/types\/post"}],"author":[{"embeddable":true,"href":"https:\/\/cmvsf2.org\/web\/wp-json\/wp\/v2\/users\/3"}],"replies":[{"embeddable":true,"href":"https:\/\/cmvsf2.org\/web\/wp-json\/wp\/v2\/comments?post=31579"}],"version-history":[{"count":4,"href":"https:\/\/cmvsf2.org\/web\/wp-json\/wp\/v2\/posts\/31579\/revisions"}],"predecessor-version":[{"id":31584,"href":"https:\/\/cmvsf2.org\/web\/wp-json\/wp\/v2\/posts\/31579\/revisions\/31584"}],"wp:featuredmedia":[{"embeddable":true,"href":"https:\/\/cmvsf2.org\/web\/wp-json\/wp\/v2\/media\/31361"}],"wp:attachment":[{"href":"https:\/\/cmvsf2.org\/web\/wp-json\/wp\/v2\/media?parent=31579"}],"wp:term":[{"taxonomy":"category","embeddable":true,"href":"https:\/\/cmvsf2.org\/web\/wp-json\/wp\/v2\/categories?post=31579"},{"taxonomy":"post_tag","embeddable":true,"href":"https:\/\/cmvsf2.org\/web\/wp-json\/wp\/v2\/tags?post=31579"}],"curies":[{"name":"wp","href":"https:\/\/api.w.org\/{rel}","templated":true}]}}