{"id":31452,"date":"2021-01-29T19:26:46","date_gmt":"2021-01-29T19:26:46","guid":{"rendered":"http:\/\/cmvsf2.org\/web\/?p=31452"},"modified":"2021-01-29T19:26:46","modified_gmt":"2021-01-29T19:26:46","slug":"los-matriculados-que-esten-al-dia-con-el-pago-de-su-matricula-seran-beneficiados-con-la-bonificacion-de-una-cuota-durante-2021","status":"publish","type":"post","link":"https:\/\/cmvsf2.org\/web\/2021\/01\/29\/los-matriculados-que-esten-al-dia-con-el-pago-de-su-matricula-seran-beneficiados-con-la-bonificacion-de-una-cuota-durante-2021\/","title":{"rendered":"Los matriculados que est\u00e9n al d\u00eda con el pago de su matr\u00edcula, ser\u00e1n beneficiados con la bonificaci\u00f3n de una cuota durante 2021"},"content":{"rendered":"<p><em>La medida est\u00e1 contemplada en la moratoria que tiene por objetivo regularizar la mayor cantidad posible de profesionales que se encuentran en mora con el sistema, producto de la dif\u00edcil situaci\u00f3n econ\u00f3mica de los \u00faltimos a\u00f1os, sumado a la pandemia Covid-19 del 2020.<\/em><em>\u00a0<\/em><\/p>\n<p>El CMVSF2 anunci\u00f3 la <strong>MORATORIA GENERAL PARA TODO TIPO DE DEUDAS DE MATRICULADOS (Resol. N\u00b0 5334\/20) <\/strong>con el fin de incorporar la mayor cantidad posible de profesionales que se encuentran en mora con el sistema, previo a la modificaci\u00f3n del m\u00e9todo de cobro de matr\u00edcula, la que a la brevedad pasar\u00e1 de ser bimensual a mensual. Todo ello con la intenci\u00f3n de morigerar el monto de pago a afrontar por el colega, prorrate\u00e1ndolo.<\/p>\n<p>Asimismo, se instituye una prescripci\u00f3n de deudas (Resol. N\u00b0 5335\/20) para esta moratoria en el t\u00e9rmino de cinco (5) a\u00f1os de acuerdo a lo que establecen las normas del C\u00f3digo Civil y Comercial a contar el mencionado per\u00edodo desde 01-02-2021 hacia atr\u00e1s.<\/p>\n<p>Finalmente, conforme a lo aprobado por Mesa Directiva seg\u00fan acta de la reuni\u00f3n de Consejo Asesor del 18 de diciembre de 2020, se beneficiar\u00e1 a los matriculados que vienen cumpliendo en tiempo y forma con sus obligaciones.<\/p>\n<p><strong>DATOS A TENER EN CUENTA MORATORIA GENERAL:<\/strong><strong>\u00a0<\/strong><\/p>\n<p><u>Plazo de adhesi\u00f3n:<\/u><\/p>\n<p>Desde el 01-02-2021 al 30-04-2021.<\/p>\n<p><u>Forma de adhesi\u00f3n<\/u>:<\/p>\n<p>Personalmente en la instituci\u00f3n, a trav\u00e9s del correo electr\u00f3nico <a href=\"mailto:tesorer\u00eda@cmvsf2.org\">tesorer\u00eda@cmvsf2.org<\/a> o telef\u00f3nicamente; en todos los casos se explicar\u00e1n los pasos a seguir.<\/p>\n<p><u>Per\u00edodo de deuda que abarca:<\/u><\/p>\n<p>Hasta \u00faltimo bimestre de 2020.<\/p>\n<p><u>Deudas a incluir<\/u>:<\/p>\n<p>Todas, \u00a0inclusive aquellas que est\u00e9n en cobro judicial. A los deudores intimados fehacientemente por mandatario externo, se les reclamar\u00e1 como m\u00e1ximo 5 a\u00f1os y 6 meses (Art. N\u00b0 2541 del C\u00f3digo Civil y Comercial). Los deudores con demanda judicial, tendr\u00e1n un reclamo de todo lo incluido en la demanda y adem\u00e1s los per\u00edodos generados con posterioridad hasta un m\u00e1ximo de 5 a\u00f1os.<\/p>\n<p><u>Caducidad:<\/u><\/p>\n<ol>\n<li>Dos cuotas consecutivas o alternadas impagas.<\/li>\n<li>Mora de m\u00e1s de tres meses consecutivos en el pago de la matr\u00edcula mensual u otras obligaciones de aporte institucional (Fosmeve, Seguro de Vida, compra de certificados, etc.).<\/li>\n<\/ol>\n<p><u>Reconocimiento a cumplidores:<\/u><\/p>\n<p>Los matriculados que cumplan en tiempo y forma con sus obligaciones acceder\u00e1n a los siguientes beneficios:<\/p>\n<p>a) Una bonificaci\u00f3n anual al matriculado que haya cumplido con el pago de sus obligaciones durante los \u00faltimos dos a\u00f1os, a trav\u00e9s de la liberaci\u00f3n del pago de una cuota mensual de la matr\u00edcula del a\u00f1o 2021. As\u00ed se continuar\u00e1 adem\u00e1s en los a\u00f1os sucesivos.<\/p>\n<p>b) Descuento de un porcentaje en la inscripci\u00f3n a los cursos o jornadas de formaci\u00f3n que dicte el CMVSF2 o aqu\u00e9llos externos en los que por convenios pueda aplicarse esta condici\u00f3n.<\/p>\n<p>c) Intervenci\u00f3n en los sorteos de becas en jornadas de formaci\u00f3n externas, otorgadas al CMVSF2 por otras instituciones.<\/p>\n<p>d) Posibilidad de abonar por adelantado toda la matr\u00edcula del a\u00f1o al valor del Gavet institucional vigente al mes de enero de cada a\u00f1o con fecha tope para ello, al segundo vencimiento de la primera cuota de matriculaci\u00f3n.<\/p>\n<p>&nbsp;<\/p>\n<p><strong>MESA DIRECTIVA CMVSF2<\/strong><\/p>\n","protected":false},"excerpt":{"rendered":"<p>La medida est\u00e1 contemplada en la moratoria que tiene por objetivo regularizar la mayor cantidad posible de profesionales que se encuentran en mora con el sistema, producto de la dif\u00edcil situaci\u00f3n econ\u00f3mica de los \u00faltimos a\u00f1os, sumado a la pandemia Covid-19 del 2020.\u00a0 El CMVSF2 anunci\u00f3 la MORATORIA GENERAL PARA TODO TIPO DE DEUDAS DE MATRICULADOS (Resol. N\u00b0 5334\/20) con el fin de incorporar [&hellip;]<\/p>\n","protected":false},"author":3,"featured_media":31454,"comment_status":"open","ping_status":"open","sticky":false,"template":"","format":"standard","meta":{"_acf_changed":false,"footnotes":""},"categories":[343,345],"tags":[527,357,524],"class_list":["post-31452","post","type-post","status-publish","format-standard","has-post-thumbnail","hentry","category-destacada","category-institucionales","tag-527","tag-beneficios","tag-moratoria"],"acf":[],"yoast_head":"<!-- This site is optimized with the Yoast SEO plugin v28.2 - https:\/\/yoast.com\/product\/yoast-seo-wordpress\/ -->\n<title>Los matriculados que est\u00e9n al d\u00eda con el pago de su matr\u00edcula, ser\u00e1n beneficiados con la bonificaci\u00f3n de una cuota durante 2021 - Colegio De Veterinarios De Santa Fe 2da. Circunscripci\u00f3n<\/title>\n<meta name=\"description\" content=\"La medida est\u00e1 contemplada en la moratoria que tiene por objetivo regularizar la mayor cantidad posible de profesionales que se encuentran en mora con el\" \/>\n<meta name=\"robots\" content=\"index, follow, max-snippet:-1, max-image-preview:large, max-video-preview:-1\" \/>\n<link rel=\"canonical\" href=\"https:\/\/cmvsf2.org\/web\/2021\/01\/29\/los-matriculados-que-esten-al-dia-con-el-pago-de-su-matricula-seran-beneficiados-con-la-bonificacion-de-una-cuota-durante-2021\/\" \/>\n<meta property=\"og:locale\" content=\"es_ES\" \/>\n<meta property=\"og:type\" content=\"article\" \/>\n<meta property=\"og:title\" content=\"Los matriculados que est\u00e9n al d\u00eda con el pago de su matr\u00edcula, ser\u00e1n beneficiados con la bonificaci\u00f3n de una cuota durante 2021 - Colegio De Veterinarios De Santa Fe 2da. Circunscripci\u00f3n\" \/>\n<meta property=\"og:description\" content=\"La medida est\u00e1 contemplada en la moratoria que tiene por objetivo regularizar la mayor cantidad posible de profesionales que se encuentran en mora con el\" \/>\n<meta property=\"og:url\" content=\"https:\/\/cmvsf2.org\/web\/2021\/01\/29\/los-matriculados-que-esten-al-dia-con-el-pago-de-su-matricula-seran-beneficiados-con-la-bonificacion-de-una-cuota-durante-2021\/\" \/>\n<meta property=\"og:site_name\" content=\"Colegio De Veterinarios De Santa Fe 2da. Circunscripci\u00f3n\" \/>\n<meta property=\"article:published_time\" content=\"2021-01-29T19:26:46+00:00\" \/>\n<meta property=\"og:image\" content=\"https:\/\/cmvsf2.org\/web\/wp-content\/uploads\/2021\/01\/manos-1024x711.jpg\" \/>\n\t<meta property=\"og:image:width\" content=\"1024\" \/>\n\t<meta property=\"og:image:height\" content=\"711\" \/>\n\t<meta property=\"og:image:type\" content=\"image\/jpeg\" \/>\n<meta name=\"author\" content=\"cmvsf2\" \/>\n<meta name=\"twitter:card\" content=\"summary_large_image\" \/>\n<meta name=\"twitter:label1\" content=\"Escrito por\" \/>\n\t<meta name=\"twitter:data1\" content=\"cmvsf2\" \/>\n\t<meta name=\"twitter:label2\" content=\"Tiempo de lectura\" \/>\n\t<meta name=\"twitter:data2\" content=\"3 minutos\" \/>\n<script type=\"application\/ld+json\" class=\"yoast-schema-graph\">{\"@context\":\"https:\\\/\\\/schema.org\",\"@graph\":[{\"@type\":\"Article\",\"@id\":\"https:\\\/\\\/cmvsf2.org\\\/web\\\/2021\\\/01\\\/29\\\/los-matriculados-que-esten-al-dia-con-el-pago-de-su-matricula-seran-beneficiados-con-la-bonificacion-de-una-cuota-durante-2021\\\/#article\",\"isPartOf\":{\"@id\":\"https:\\\/\\\/cmvsf2.org\\\/web\\\/2021\\\/01\\\/29\\\/los-matriculados-que-esten-al-dia-con-el-pago-de-su-matricula-seran-beneficiados-con-la-bonificacion-de-una-cuota-durante-2021\\\/\"},\"author\":{\"name\":\"cmvsf2\",\"@id\":\"https:\\\/\\\/cmvsf2.org\\\/web\\\/#\\\/schema\\\/person\\\/46ea3630099a4a3df8d89f07cf5f7520\"},\"headline\":\"Los matriculados que est\u00e9n al d\u00eda con el pago de su matr\u00edcula, ser\u00e1n beneficiados con la bonificaci\u00f3n de una cuota durante 2021\",\"datePublished\":\"2021-01-29T19:26:46+00:00\",\"mainEntityOfPage\":{\"@id\":\"https:\\\/\\\/cmvsf2.org\\\/web\\\/2021\\\/01\\\/29\\\/los-matriculados-que-esten-al-dia-con-el-pago-de-su-matricula-seran-beneficiados-con-la-bonificacion-de-una-cuota-durante-2021\\\/\"},\"wordCount\":575,\"commentCount\":0,\"publisher\":{\"@id\":\"https:\\\/\\\/cmvsf2.org\\\/web\\\/#organization\"},\"image\":{\"@id\":\"https:\\\/\\\/cmvsf2.org\\\/web\\\/2021\\\/01\\\/29\\\/los-matriculados-que-esten-al-dia-con-el-pago-de-su-matricula-seran-beneficiados-con-la-bonificacion-de-una-cuota-durante-2021\\\/#primaryimage\"},\"thumbnailUrl\":\"https:\\\/\\\/cmvsf2.org\\\/web\\\/wp-content\\\/uploads\\\/2021\\\/01\\\/manos.jpg\",\"keywords\":[\"2021\",\"beneficios\",\"Moratoria\"],\"articleSection\":[\"Destacada\",\"Institucionales\"],\"inLanguage\":\"es\"},{\"@type\":\"WebPage\",\"@id\":\"https:\\\/\\\/cmvsf2.org\\\/web\\\/2021\\\/01\\\/29\\\/los-matriculados-que-esten-al-dia-con-el-pago-de-su-matricula-seran-beneficiados-con-la-bonificacion-de-una-cuota-durante-2021\\\/\",\"url\":\"https:\\\/\\\/cmvsf2.org\\\/web\\\/2021\\\/01\\\/29\\\/los-matriculados-que-esten-al-dia-con-el-pago-de-su-matricula-seran-beneficiados-con-la-bonificacion-de-una-cuota-durante-2021\\\/\",\"name\":\"Los matriculados que est\u00e9n al d\u00eda con el pago de su matr\u00edcula, ser\u00e1n beneficiados con la bonificaci\u00f3n de una cuota durante 2021 - Colegio De Veterinarios De Santa Fe 2da. Circunscripci\u00f3n\",\"isPartOf\":{\"@id\":\"https:\\\/\\\/cmvsf2.org\\\/web\\\/#website\"},\"primaryImageOfPage\":{\"@id\":\"https:\\\/\\\/cmvsf2.org\\\/web\\\/2021\\\/01\\\/29\\\/los-matriculados-que-esten-al-dia-con-el-pago-de-su-matricula-seran-beneficiados-con-la-bonificacion-de-una-cuota-durante-2021\\\/#primaryimage\"},\"image\":{\"@id\":\"https:\\\/\\\/cmvsf2.org\\\/web\\\/2021\\\/01\\\/29\\\/los-matriculados-que-esten-al-dia-con-el-pago-de-su-matricula-seran-beneficiados-con-la-bonificacion-de-una-cuota-durante-2021\\\/#primaryimage\"},\"thumbnailUrl\":\"https:\\\/\\\/cmvsf2.org\\\/web\\\/wp-content\\\/uploads\\\/2021\\\/01\\\/manos.jpg\",\"datePublished\":\"2021-01-29T19:26:46+00:00\",\"description\":\"La medida est\u00e1 contemplada en la moratoria que tiene por objetivo regularizar la mayor cantidad posible de profesionales que se encuentran en mora con el\",\"breadcrumb\":{\"@id\":\"https:\\\/\\\/cmvsf2.org\\\/web\\\/2021\\\/01\\\/29\\\/los-matriculados-que-esten-al-dia-con-el-pago-de-su-matricula-seran-beneficiados-con-la-bonificacion-de-una-cuota-durante-2021\\\/#breadcrumb\"},\"inLanguage\":\"es\",\"potentialAction\":[{\"@type\":\"ReadAction\",\"target\":[\"https:\\\/\\\/cmvsf2.org\\\/web\\\/2021\\\/01\\\/29\\\/los-matriculados-que-esten-al-dia-con-el-pago-de-su-matricula-seran-beneficiados-con-la-bonificacion-de-una-cuota-durante-2021\\\/\"]}]},{\"@type\":\"ImageObject\",\"inLanguage\":\"es\",\"@id\":\"https:\\\/\\\/cmvsf2.org\\\/web\\\/2021\\\/01\\\/29\\\/los-matriculados-que-esten-al-dia-con-el-pago-de-su-matricula-seran-beneficiados-con-la-bonificacion-de-una-cuota-durante-2021\\\/#primaryimage\",\"url\":\"https:\\\/\\\/cmvsf2.org\\\/web\\\/wp-content\\\/uploads\\\/2021\\\/01\\\/manos.jpg\",\"contentUrl\":\"https:\\\/\\\/cmvsf2.org\\\/web\\\/wp-content\\\/uploads\\\/2021\\\/01\\\/manos.jpg\",\"width\":2500,\"height\":1736},{\"@type\":\"BreadcrumbList\",\"@id\":\"https:\\\/\\\/cmvsf2.org\\\/web\\\/2021\\\/01\\\/29\\\/los-matriculados-que-esten-al-dia-con-el-pago-de-su-matricula-seran-beneficiados-con-la-bonificacion-de-una-cuota-durante-2021\\\/#breadcrumb\",\"itemListElement\":[{\"@type\":\"ListItem\",\"position\":1,\"name\":\"Portada\",\"item\":\"https:\\\/\\\/cmvsf2.org\\\/web\\\/\"},{\"@type\":\"ListItem\",\"position\":2,\"name\":\"Los matriculados que est\u00e9n al d\u00eda con el pago de su matr\u00edcula, ser\u00e1n beneficiados con la bonificaci\u00f3n de una cuota durante 2021\"}]},{\"@type\":\"WebSite\",\"@id\":\"https:\\\/\\\/cmvsf2.org\\\/web\\\/#website\",\"url\":\"https:\\\/\\\/cmvsf2.org\\\/web\\\/\",\"name\":\"Colegio De Veterinarios De Santa Fe 2da. Circunscripci\u00f3n\",\"description\":\"Sitio institucional del Colegio de M\u00e9dicos Veterinario de Santa Fe 2da. Circunscripci\u00f3n\",\"publisher\":{\"@id\":\"https:\\\/\\\/cmvsf2.org\\\/web\\\/#organization\"},\"potentialAction\":[{\"@type\":\"SearchAction\",\"target\":{\"@type\":\"EntryPoint\",\"urlTemplate\":\"https:\\\/\\\/cmvsf2.org\\\/web\\\/?s={search_term_string}\"},\"query-input\":{\"@type\":\"PropertyValueSpecification\",\"valueRequired\":true,\"valueName\":\"search_term_string\"}}],\"inLanguage\":\"es\"},{\"@type\":\"Organization\",\"@id\":\"https:\\\/\\\/cmvsf2.org\\\/web\\\/#organization\",\"name\":\"Colegio De Veterinarios De Santa Fe 2da. Circunscripci\u00f3n\",\"url\":\"https:\\\/\\\/cmvsf2.org\\\/web\\\/\",\"logo\":{\"@type\":\"ImageObject\",\"inLanguage\":\"es\",\"@id\":\"https:\\\/\\\/cmvsf2.org\\\/web\\\/#\\\/schema\\\/logo\\\/image\\\/\",\"url\":\"http:\\\/\\\/cmvsf2.org\\\/web\\\/wp-content\\\/uploads\\\/2020\\\/03\\\/vector-logo-02.png\",\"contentUrl\":\"http:\\\/\\\/cmvsf2.org\\\/web\\\/wp-content\\\/uploads\\\/2020\\\/03\\\/vector-logo-02.png\",\"width\":2750,\"height\":642,\"caption\":\"Colegio De Veterinarios De Santa Fe 2da. Circunscripci\u00f3n\"},\"image\":{\"@id\":\"https:\\\/\\\/cmvsf2.org\\\/web\\\/#\\\/schema\\\/logo\\\/image\\\/\"}},{\"@type\":\"Person\",\"@id\":\"https:\\\/\\\/cmvsf2.org\\\/web\\\/#\\\/schema\\\/person\\\/46ea3630099a4a3df8d89f07cf5f7520\",\"name\":\"cmvsf2\",\"image\":{\"@type\":\"ImageObject\",\"inLanguage\":\"es\",\"@id\":\"https:\\\/\\\/secure.gravatar.com\\\/avatar\\\/669647b61c77f28f1aa51df04174a5ecb296e9988b4a93d2870666cd1f502cd7?s=96&d=mm&r=g\",\"url\":\"https:\\\/\\\/secure.gravatar.com\\\/avatar\\\/669647b61c77f28f1aa51df04174a5ecb296e9988b4a93d2870666cd1f502cd7?s=96&d=mm&r=g\",\"contentUrl\":\"https:\\\/\\\/secure.gravatar.com\\\/avatar\\\/669647b61c77f28f1aa51df04174a5ecb296e9988b4a93d2870666cd1f502cd7?s=96&d=mm&r=g\",\"caption\":\"cmvsf2\"}}]}<\/script>\n<!-- \/ Yoast SEO plugin. -->","yoast_head_json":{"title":"Los matriculados que est\u00e9n al d\u00eda con el pago de su matr\u00edcula, ser\u00e1n beneficiados con la bonificaci\u00f3n de una cuota durante 2021 - Colegio De Veterinarios De Santa Fe 2da. Circunscripci\u00f3n","description":"La medida est\u00e1 contemplada en la moratoria que tiene por objetivo regularizar la mayor cantidad posible de profesionales que se encuentran en mora con el","robots":{"index":"index","follow":"follow","max-snippet":"max-snippet:-1","max-image-preview":"max-image-preview:large","max-video-preview":"max-video-preview:-1"},"canonical":"https:\/\/cmvsf2.org\/web\/2021\/01\/29\/los-matriculados-que-esten-al-dia-con-el-pago-de-su-matricula-seran-beneficiados-con-la-bonificacion-de-una-cuota-durante-2021\/","og_locale":"es_ES","og_type":"article","og_title":"Los matriculados que est\u00e9n al d\u00eda con el pago de su matr\u00edcula, ser\u00e1n beneficiados con la bonificaci\u00f3n de una cuota durante 2021 - Colegio De Veterinarios De Santa Fe 2da. Circunscripci\u00f3n","og_description":"La medida est\u00e1 contemplada en la moratoria que tiene por objetivo regularizar la mayor cantidad posible de profesionales que se encuentran en mora con el","og_url":"https:\/\/cmvsf2.org\/web\/2021\/01\/29\/los-matriculados-que-esten-al-dia-con-el-pago-de-su-matricula-seran-beneficiados-con-la-bonificacion-de-una-cuota-durante-2021\/","og_site_name":"Colegio De Veterinarios De Santa Fe 2da. Circunscripci\u00f3n","article_published_time":"2021-01-29T19:26:46+00:00","og_image":[{"width":1024,"height":711,"url":"https:\/\/cmvsf2.org\/web\/wp-content\/uploads\/2021\/01\/manos-1024x711.jpg","type":"image\/jpeg"}],"author":"cmvsf2","twitter_card":"summary_large_image","twitter_misc":{"Escrito por":"cmvsf2","Tiempo de lectura":"3 minutos"},"schema":{"@context":"https:\/\/schema.org","@graph":[{"@type":"Article","@id":"https:\/\/cmvsf2.org\/web\/2021\/01\/29\/los-matriculados-que-esten-al-dia-con-el-pago-de-su-matricula-seran-beneficiados-con-la-bonificacion-de-una-cuota-durante-2021\/#article","isPartOf":{"@id":"https:\/\/cmvsf2.org\/web\/2021\/01\/29\/los-matriculados-que-esten-al-dia-con-el-pago-de-su-matricula-seran-beneficiados-con-la-bonificacion-de-una-cuota-durante-2021\/"},"author":{"name":"cmvsf2","@id":"https:\/\/cmvsf2.org\/web\/#\/schema\/person\/46ea3630099a4a3df8d89f07cf5f7520"},"headline":"Los matriculados que est\u00e9n al d\u00eda con el pago de su matr\u00edcula, ser\u00e1n beneficiados con la bonificaci\u00f3n de una cuota durante 2021","datePublished":"2021-01-29T19:26:46+00:00","mainEntityOfPage":{"@id":"https:\/\/cmvsf2.org\/web\/2021\/01\/29\/los-matriculados-que-esten-al-dia-con-el-pago-de-su-matricula-seran-beneficiados-con-la-bonificacion-de-una-cuota-durante-2021\/"},"wordCount":575,"commentCount":0,"publisher":{"@id":"https:\/\/cmvsf2.org\/web\/#organization"},"image":{"@id":"https:\/\/cmvsf2.org\/web\/2021\/01\/29\/los-matriculados-que-esten-al-dia-con-el-pago-de-su-matricula-seran-beneficiados-con-la-bonificacion-de-una-cuota-durante-2021\/#primaryimage"},"thumbnailUrl":"https:\/\/cmvsf2.org\/web\/wp-content\/uploads\/2021\/01\/manos.jpg","keywords":["2021","beneficios","Moratoria"],"articleSection":["Destacada","Institucionales"],"inLanguage":"es"},{"@type":"WebPage","@id":"https:\/\/cmvsf2.org\/web\/2021\/01\/29\/los-matriculados-que-esten-al-dia-con-el-pago-de-su-matricula-seran-beneficiados-con-la-bonificacion-de-una-cuota-durante-2021\/","url":"https:\/\/cmvsf2.org\/web\/2021\/01\/29\/los-matriculados-que-esten-al-dia-con-el-pago-de-su-matricula-seran-beneficiados-con-la-bonificacion-de-una-cuota-durante-2021\/","name":"Los matriculados que est\u00e9n al d\u00eda con el pago de su matr\u00edcula, ser\u00e1n beneficiados con la bonificaci\u00f3n de una cuota durante 2021 - Colegio De Veterinarios De Santa Fe 2da. Circunscripci\u00f3n","isPartOf":{"@id":"https:\/\/cmvsf2.org\/web\/#website"},"primaryImageOfPage":{"@id":"https:\/\/cmvsf2.org\/web\/2021\/01\/29\/los-matriculados-que-esten-al-dia-con-el-pago-de-su-matricula-seran-beneficiados-con-la-bonificacion-de-una-cuota-durante-2021\/#primaryimage"},"image":{"@id":"https:\/\/cmvsf2.org\/web\/2021\/01\/29\/los-matriculados-que-esten-al-dia-con-el-pago-de-su-matricula-seran-beneficiados-con-la-bonificacion-de-una-cuota-durante-2021\/#primaryimage"},"thumbnailUrl":"https:\/\/cmvsf2.org\/web\/wp-content\/uploads\/2021\/01\/manos.jpg","datePublished":"2021-01-29T19:26:46+00:00","description":"La medida est\u00e1 contemplada en la moratoria que tiene por objetivo regularizar la mayor cantidad posible de profesionales que se encuentran en mora con el","breadcrumb":{"@id":"https:\/\/cmvsf2.org\/web\/2021\/01\/29\/los-matriculados-que-esten-al-dia-con-el-pago-de-su-matricula-seran-beneficiados-con-la-bonificacion-de-una-cuota-durante-2021\/#breadcrumb"},"inLanguage":"es","potentialAction":[{"@type":"ReadAction","target":["https:\/\/cmvsf2.org\/web\/2021\/01\/29\/los-matriculados-que-esten-al-dia-con-el-pago-de-su-matricula-seran-beneficiados-con-la-bonificacion-de-una-cuota-durante-2021\/"]}]},{"@type":"ImageObject","inLanguage":"es","@id":"https:\/\/cmvsf2.org\/web\/2021\/01\/29\/los-matriculados-que-esten-al-dia-con-el-pago-de-su-matricula-seran-beneficiados-con-la-bonificacion-de-una-cuota-durante-2021\/#primaryimage","url":"https:\/\/cmvsf2.org\/web\/wp-content\/uploads\/2021\/01\/manos.jpg","contentUrl":"https:\/\/cmvsf2.org\/web\/wp-content\/uploads\/2021\/01\/manos.jpg","width":2500,"height":1736},{"@type":"BreadcrumbList","@id":"https:\/\/cmvsf2.org\/web\/2021\/01\/29\/los-matriculados-que-esten-al-dia-con-el-pago-de-su-matricula-seran-beneficiados-con-la-bonificacion-de-una-cuota-durante-2021\/#breadcrumb","itemListElement":[{"@type":"ListItem","position":1,"name":"Portada","item":"https:\/\/cmvsf2.org\/web\/"},{"@type":"ListItem","position":2,"name":"Los matriculados que est\u00e9n al d\u00eda con el pago de su matr\u00edcula, ser\u00e1n beneficiados con la bonificaci\u00f3n de una cuota durante 2021"}]},{"@type":"WebSite","@id":"https:\/\/cmvsf2.org\/web\/#website","url":"https:\/\/cmvsf2.org\/web\/","name":"Colegio De Veterinarios De Santa Fe 2da. Circunscripci\u00f3n","description":"Sitio institucional del Colegio de M\u00e9dicos Veterinario de Santa Fe 2da. Circunscripci\u00f3n","publisher":{"@id":"https:\/\/cmvsf2.org\/web\/#organization"},"potentialAction":[{"@type":"SearchAction","target":{"@type":"EntryPoint","urlTemplate":"https:\/\/cmvsf2.org\/web\/?s={search_term_string}"},"query-input":{"@type":"PropertyValueSpecification","valueRequired":true,"valueName":"search_term_string"}}],"inLanguage":"es"},{"@type":"Organization","@id":"https:\/\/cmvsf2.org\/web\/#organization","name":"Colegio De Veterinarios De Santa Fe 2da. Circunscripci\u00f3n","url":"https:\/\/cmvsf2.org\/web\/","logo":{"@type":"ImageObject","inLanguage":"es","@id":"https:\/\/cmvsf2.org\/web\/#\/schema\/logo\/image\/","url":"http:\/\/cmvsf2.org\/web\/wp-content\/uploads\/2020\/03\/vector-logo-02.png","contentUrl":"http:\/\/cmvsf2.org\/web\/wp-content\/uploads\/2020\/03\/vector-logo-02.png","width":2750,"height":642,"caption":"Colegio De Veterinarios De Santa Fe 2da. Circunscripci\u00f3n"},"image":{"@id":"https:\/\/cmvsf2.org\/web\/#\/schema\/logo\/image\/"}},{"@type":"Person","@id":"https:\/\/cmvsf2.org\/web\/#\/schema\/person\/46ea3630099a4a3df8d89f07cf5f7520","name":"cmvsf2","image":{"@type":"ImageObject","inLanguage":"es","@id":"https:\/\/secure.gravatar.com\/avatar\/669647b61c77f28f1aa51df04174a5ecb296e9988b4a93d2870666cd1f502cd7?s=96&d=mm&r=g","url":"https:\/\/secure.gravatar.com\/avatar\/669647b61c77f28f1aa51df04174a5ecb296e9988b4a93d2870666cd1f502cd7?s=96&d=mm&r=g","contentUrl":"https:\/\/secure.gravatar.com\/avatar\/669647b61c77f28f1aa51df04174a5ecb296e9988b4a93d2870666cd1f502cd7?s=96&d=mm&r=g","caption":"cmvsf2"}}]}},"_links":{"self":[{"href":"https:\/\/cmvsf2.org\/web\/wp-json\/wp\/v2\/posts\/31452","targetHints":{"allow":["GET"]}}],"collection":[{"href":"https:\/\/cmvsf2.org\/web\/wp-json\/wp\/v2\/posts"}],"about":[{"href":"https:\/\/cmvsf2.org\/web\/wp-json\/wp\/v2\/types\/post"}],"author":[{"embeddable":true,"href":"https:\/\/cmvsf2.org\/web\/wp-json\/wp\/v2\/users\/3"}],"replies":[{"embeddable":true,"href":"https:\/\/cmvsf2.org\/web\/wp-json\/wp\/v2\/comments?post=31452"}],"version-history":[{"count":2,"href":"https:\/\/cmvsf2.org\/web\/wp-json\/wp\/v2\/posts\/31452\/revisions"}],"predecessor-version":[{"id":31455,"href":"https:\/\/cmvsf2.org\/web\/wp-json\/wp\/v2\/posts\/31452\/revisions\/31455"}],"wp:featuredmedia":[{"embeddable":true,"href":"https:\/\/cmvsf2.org\/web\/wp-json\/wp\/v2\/media\/31454"}],"wp:attachment":[{"href":"https:\/\/cmvsf2.org\/web\/wp-json\/wp\/v2\/media?parent=31452"}],"wp:term":[{"taxonomy":"category","embeddable":true,"href":"https:\/\/cmvsf2.org\/web\/wp-json\/wp\/v2\/categories?post=31452"},{"taxonomy":"post_tag","embeddable":true,"href":"https:\/\/cmvsf2.org\/web\/wp-json\/wp\/v2\/tags?post=31452"}],"curies":[{"name":"wp","href":"https:\/\/api.w.org\/{rel}","templated":true}]}}