{"id":31442,"date":"2021-01-20T13:07:19","date_gmt":"2021-01-20T13:07:19","guid":{"rendered":"http:\/\/cmvsf2.org\/web\/?p=31442"},"modified":"2021-01-20T13:07:19","modified_gmt":"2021-01-20T13:07:19","slug":"las-y-los-veterinarios-as-solicitamos-ser-incluidos-en-el-grupo-prioritario-para-recibir-la-vacuna-contra-el-covid-19","status":"publish","type":"post","link":"https:\/\/cmvsf2.org\/web\/2021\/01\/20\/las-y-los-veterinarios-as-solicitamos-ser-incluidos-en-el-grupo-prioritario-para-recibir-la-vacuna-contra-el-covid-19\/","title":{"rendered":"Las y los veterinarios\/as solicitamos ser incluidos en el grupo prioritario para recibir la vacuna contra el Covid-19"},"content":{"rendered":"<p>El Colegio de M\u00e9dicos Veterinarios de la Provincia de Santa Fe 2da Circunscripci\u00f3n, envi\u00f3 una carta el pasado 14 de enero dirigida a la ministra de Salud de la Provincia, Sonia Martorano, con el fin de solicitarle la inclusi\u00f3n de las y los m\u00e9dicos\/as veterinarios\/as en el grupo prioritario para recibir la vacuna contra el Covid-19.<\/p>\n<p>En la misma, las y los profesionales expresan que \u201cdesde el comienzo de la pandemia y en funci\u00f3n del DNU 297 de Presidencia de la Naci\u00f3n, fuimos considerados\/as trabajadores\/as esenciales, entendi\u00e9ndose que, bajo el concepto de una salud, integramos el grupo de la sanidad que desempe\u00f1a roles fundamentales e irremplazables, vigilantes permanentes de Ia salud p\u00fablica\u201d.<\/p>\n<p>Asimismo, justificaron su pedido en que \u201cquienes se desempe\u00f1an en la cl\u00ednica de animales de compa\u00f1\u00eda, en los distintos eslabones de la cadena de valor de alimentos de origen animal, en los institutos y servicios nacionales, en la industria farmac\u00e9utica veterinaria, en las estructuras de distribuci\u00f3n y en los puntos de venta, requieren estar vacunados minimizando el riesgo de contraer Covid-19 por el consecuente deterioro en la producci\u00f3n y productividad que podr\u00eda desencadenarse en cada \u00e1rea citada y que muy posiblemente redundar\u00eda en falta de elementos para controlar y prevenir otras zoonosis\u201d.<\/p>\n","protected":false},"excerpt":{"rendered":"<p>El Colegio de M\u00e9dicos Veterinarios de la Provincia de Santa Fe 2da Circunscripci\u00f3n, envi\u00f3 una carta el pasado 14 de enero dirigida a la ministra de Salud de la Provincia, Sonia Martorano, con el fin de solicitarle la inclusi\u00f3n de las y los m\u00e9dicos\/as veterinarios\/as en el grupo prioritario para recibir la vacuna contra el Covid-19. En la misma, las y los profesionales expresan [&hellip;]<\/p>\n","protected":false},"author":3,"featured_media":31444,"comment_status":"open","ping_status":"open","sticky":false,"template":"","format":"standard","meta":{"_acf_changed":false,"footnotes":""},"categories":[343,345],"tags":[446,288],"class_list":["post-31442","post","type-post","status-publish","format-standard","has-post-thumbnail","hentry","category-destacada","category-institucionales","tag-covid-19","tag-vacuna"],"acf":[],"yoast_head":"<!-- This site is optimized with the Yoast SEO plugin v28.2 - https:\/\/yoast.com\/product\/yoast-seo-wordpress\/ -->\n<title>Las y los veterinarios\/as solicitamos ser incluidos en el grupo prioritario para recibir la vacuna contra el Covid-19 - Colegio De Veterinarios De Santa Fe 2da. Circunscripci\u00f3n<\/title>\n<meta name=\"description\" content=\"El Colegio de M\u00e9dicos Veterinarios de la Provincia de Santa Fe 2da Circunscripci\u00f3n, envi\u00f3 una carta el pasado 14 de enero dirigida a la ministra de Salud\" \/>\n<meta name=\"robots\" content=\"index, follow, max-snippet:-1, max-image-preview:large, max-video-preview:-1\" \/>\n<link rel=\"canonical\" href=\"https:\/\/cmvsf2.org\/web\/2021\/01\/20\/las-y-los-veterinarios-as-solicitamos-ser-incluidos-en-el-grupo-prioritario-para-recibir-la-vacuna-contra-el-covid-19\/\" \/>\n<meta property=\"og:locale\" content=\"es_ES\" \/>\n<meta property=\"og:type\" content=\"article\" \/>\n<meta property=\"og:title\" content=\"Las y los veterinarios\/as solicitamos ser incluidos en el grupo prioritario para recibir la vacuna contra el Covid-19 - Colegio De Veterinarios De Santa Fe 2da. Circunscripci\u00f3n\" \/>\n<meta property=\"og:description\" content=\"El Colegio de M\u00e9dicos Veterinarios de la Provincia de Santa Fe 2da Circunscripci\u00f3n, envi\u00f3 una carta el pasado 14 de enero dirigida a la ministra de Salud\" \/>\n<meta property=\"og:url\" content=\"https:\/\/cmvsf2.org\/web\/2021\/01\/20\/las-y-los-veterinarios-as-solicitamos-ser-incluidos-en-el-grupo-prioritario-para-recibir-la-vacuna-contra-el-covid-19\/\" \/>\n<meta property=\"og:site_name\" content=\"Colegio De Veterinarios De Santa Fe 2da. Circunscripci\u00f3n\" \/>\n<meta property=\"article:published_time\" content=\"2021-01-20T13:07:19+00:00\" \/>\n<meta property=\"og:image\" content=\"https:\/\/cmvsf2.org\/web\/wp-content\/uploads\/2021\/01\/vacuna-2.jpeg\" \/>\n\t<meta property=\"og:image:width\" content=\"656\" \/>\n\t<meta property=\"og:image:height\" content=\"370\" \/>\n\t<meta property=\"og:image:type\" content=\"image\/jpeg\" \/>\n<meta name=\"author\" content=\"cmvsf2\" \/>\n<meta name=\"twitter:card\" content=\"summary_large_image\" \/>\n<meta name=\"twitter:label1\" content=\"Escrito por\" \/>\n\t<meta name=\"twitter:data1\" content=\"cmvsf2\" \/>\n\t<meta name=\"twitter:label2\" content=\"Tiempo de lectura\" \/>\n\t<meta name=\"twitter:data2\" content=\"1 minuto\" \/>\n<script type=\"application\/ld+json\" class=\"yoast-schema-graph\">{\"@context\":\"https:\\\/\\\/schema.org\",\"@graph\":[{\"@type\":\"Article\",\"@id\":\"https:\\\/\\\/cmvsf2.org\\\/web\\\/2021\\\/01\\\/20\\\/las-y-los-veterinarios-as-solicitamos-ser-incluidos-en-el-grupo-prioritario-para-recibir-la-vacuna-contra-el-covid-19\\\/#article\",\"isPartOf\":{\"@id\":\"https:\\\/\\\/cmvsf2.org\\\/web\\\/2021\\\/01\\\/20\\\/las-y-los-veterinarios-as-solicitamos-ser-incluidos-en-el-grupo-prioritario-para-recibir-la-vacuna-contra-el-covid-19\\\/\"},\"author\":{\"name\":\"cmvsf2\",\"@id\":\"https:\\\/\\\/cmvsf2.org\\\/web\\\/#\\\/schema\\\/person\\\/46ea3630099a4a3df8d89f07cf5f7520\"},\"headline\":\"Las y los veterinarios\\\/as solicitamos ser incluidos en el grupo prioritario para recibir la vacuna contra el Covid-19\",\"datePublished\":\"2021-01-20T13:07:19+00:00\",\"mainEntityOfPage\":{\"@id\":\"https:\\\/\\\/cmvsf2.org\\\/web\\\/2021\\\/01\\\/20\\\/las-y-los-veterinarios-as-solicitamos-ser-incluidos-en-el-grupo-prioritario-para-recibir-la-vacuna-contra-el-covid-19\\\/\"},\"wordCount\":242,\"commentCount\":0,\"publisher\":{\"@id\":\"https:\\\/\\\/cmvsf2.org\\\/web\\\/#organization\"},\"image\":{\"@id\":\"https:\\\/\\\/cmvsf2.org\\\/web\\\/2021\\\/01\\\/20\\\/las-y-los-veterinarios-as-solicitamos-ser-incluidos-en-el-grupo-prioritario-para-recibir-la-vacuna-contra-el-covid-19\\\/#primaryimage\"},\"thumbnailUrl\":\"https:\\\/\\\/cmvsf2.org\\\/web\\\/wp-content\\\/uploads\\\/2021\\\/01\\\/vacuna-2.jpeg\",\"keywords\":[\"covid 19\",\"vacuna\"],\"articleSection\":[\"Destacada\",\"Institucionales\"],\"inLanguage\":\"es\"},{\"@type\":\"WebPage\",\"@id\":\"https:\\\/\\\/cmvsf2.org\\\/web\\\/2021\\\/01\\\/20\\\/las-y-los-veterinarios-as-solicitamos-ser-incluidos-en-el-grupo-prioritario-para-recibir-la-vacuna-contra-el-covid-19\\\/\",\"url\":\"https:\\\/\\\/cmvsf2.org\\\/web\\\/2021\\\/01\\\/20\\\/las-y-los-veterinarios-as-solicitamos-ser-incluidos-en-el-grupo-prioritario-para-recibir-la-vacuna-contra-el-covid-19\\\/\",\"name\":\"Las y los veterinarios\\\/as solicitamos ser incluidos en el grupo prioritario para recibir la vacuna contra el Covid-19 - Colegio De Veterinarios De Santa Fe 2da. Circunscripci\u00f3n\",\"isPartOf\":{\"@id\":\"https:\\\/\\\/cmvsf2.org\\\/web\\\/#website\"},\"primaryImageOfPage\":{\"@id\":\"https:\\\/\\\/cmvsf2.org\\\/web\\\/2021\\\/01\\\/20\\\/las-y-los-veterinarios-as-solicitamos-ser-incluidos-en-el-grupo-prioritario-para-recibir-la-vacuna-contra-el-covid-19\\\/#primaryimage\"},\"image\":{\"@id\":\"https:\\\/\\\/cmvsf2.org\\\/web\\\/2021\\\/01\\\/20\\\/las-y-los-veterinarios-as-solicitamos-ser-incluidos-en-el-grupo-prioritario-para-recibir-la-vacuna-contra-el-covid-19\\\/#primaryimage\"},\"thumbnailUrl\":\"https:\\\/\\\/cmvsf2.org\\\/web\\\/wp-content\\\/uploads\\\/2021\\\/01\\\/vacuna-2.jpeg\",\"datePublished\":\"2021-01-20T13:07:19+00:00\",\"description\":\"El Colegio de M\u00e9dicos Veterinarios de la Provincia de Santa Fe 2da Circunscripci\u00f3n, envi\u00f3 una carta el pasado 14 de enero dirigida a la ministra de Salud\",\"breadcrumb\":{\"@id\":\"https:\\\/\\\/cmvsf2.org\\\/web\\\/2021\\\/01\\\/20\\\/las-y-los-veterinarios-as-solicitamos-ser-incluidos-en-el-grupo-prioritario-para-recibir-la-vacuna-contra-el-covid-19\\\/#breadcrumb\"},\"inLanguage\":\"es\",\"potentialAction\":[{\"@type\":\"ReadAction\",\"target\":[\"https:\\\/\\\/cmvsf2.org\\\/web\\\/2021\\\/01\\\/20\\\/las-y-los-veterinarios-as-solicitamos-ser-incluidos-en-el-grupo-prioritario-para-recibir-la-vacuna-contra-el-covid-19\\\/\"]}]},{\"@type\":\"ImageObject\",\"inLanguage\":\"es\",\"@id\":\"https:\\\/\\\/cmvsf2.org\\\/web\\\/2021\\\/01\\\/20\\\/las-y-los-veterinarios-as-solicitamos-ser-incluidos-en-el-grupo-prioritario-para-recibir-la-vacuna-contra-el-covid-19\\\/#primaryimage\",\"url\":\"https:\\\/\\\/cmvsf2.org\\\/web\\\/wp-content\\\/uploads\\\/2021\\\/01\\\/vacuna-2.jpeg\",\"contentUrl\":\"https:\\\/\\\/cmvsf2.org\\\/web\\\/wp-content\\\/uploads\\\/2021\\\/01\\\/vacuna-2.jpeg\",\"width\":656,\"height\":370},{\"@type\":\"BreadcrumbList\",\"@id\":\"https:\\\/\\\/cmvsf2.org\\\/web\\\/2021\\\/01\\\/20\\\/las-y-los-veterinarios-as-solicitamos-ser-incluidos-en-el-grupo-prioritario-para-recibir-la-vacuna-contra-el-covid-19\\\/#breadcrumb\",\"itemListElement\":[{\"@type\":\"ListItem\",\"position\":1,\"name\":\"Portada\",\"item\":\"https:\\\/\\\/cmvsf2.org\\\/web\\\/\"},{\"@type\":\"ListItem\",\"position\":2,\"name\":\"Las y los veterinarios\\\/as solicitamos ser incluidos en el grupo prioritario para recibir la vacuna contra el Covid-19\"}]},{\"@type\":\"WebSite\",\"@id\":\"https:\\\/\\\/cmvsf2.org\\\/web\\\/#website\",\"url\":\"https:\\\/\\\/cmvsf2.org\\\/web\\\/\",\"name\":\"Colegio De Veterinarios De Santa Fe 2da. Circunscripci\u00f3n\",\"description\":\"Sitio institucional del Colegio de M\u00e9dicos Veterinario de Santa Fe 2da. Circunscripci\u00f3n\",\"publisher\":{\"@id\":\"https:\\\/\\\/cmvsf2.org\\\/web\\\/#organization\"},\"potentialAction\":[{\"@type\":\"SearchAction\",\"target\":{\"@type\":\"EntryPoint\",\"urlTemplate\":\"https:\\\/\\\/cmvsf2.org\\\/web\\\/?s={search_term_string}\"},\"query-input\":{\"@type\":\"PropertyValueSpecification\",\"valueRequired\":true,\"valueName\":\"search_term_string\"}}],\"inLanguage\":\"es\"},{\"@type\":\"Organization\",\"@id\":\"https:\\\/\\\/cmvsf2.org\\\/web\\\/#organization\",\"name\":\"Colegio De Veterinarios De Santa Fe 2da. Circunscripci\u00f3n\",\"url\":\"https:\\\/\\\/cmvsf2.org\\\/web\\\/\",\"logo\":{\"@type\":\"ImageObject\",\"inLanguage\":\"es\",\"@id\":\"https:\\\/\\\/cmvsf2.org\\\/web\\\/#\\\/schema\\\/logo\\\/image\\\/\",\"url\":\"http:\\\/\\\/cmvsf2.org\\\/web\\\/wp-content\\\/uploads\\\/2020\\\/03\\\/vector-logo-02.png\",\"contentUrl\":\"http:\\\/\\\/cmvsf2.org\\\/web\\\/wp-content\\\/uploads\\\/2020\\\/03\\\/vector-logo-02.png\",\"width\":2750,\"height\":642,\"caption\":\"Colegio De Veterinarios De Santa Fe 2da. Circunscripci\u00f3n\"},\"image\":{\"@id\":\"https:\\\/\\\/cmvsf2.org\\\/web\\\/#\\\/schema\\\/logo\\\/image\\\/\"}},{\"@type\":\"Person\",\"@id\":\"https:\\\/\\\/cmvsf2.org\\\/web\\\/#\\\/schema\\\/person\\\/46ea3630099a4a3df8d89f07cf5f7520\",\"name\":\"cmvsf2\",\"image\":{\"@type\":\"ImageObject\",\"inLanguage\":\"es\",\"@id\":\"https:\\\/\\\/secure.gravatar.com\\\/avatar\\\/669647b61c77f28f1aa51df04174a5ecb296e9988b4a93d2870666cd1f502cd7?s=96&d=mm&r=g\",\"url\":\"https:\\\/\\\/secure.gravatar.com\\\/avatar\\\/669647b61c77f28f1aa51df04174a5ecb296e9988b4a93d2870666cd1f502cd7?s=96&d=mm&r=g\",\"contentUrl\":\"https:\\\/\\\/secure.gravatar.com\\\/avatar\\\/669647b61c77f28f1aa51df04174a5ecb296e9988b4a93d2870666cd1f502cd7?s=96&d=mm&r=g\",\"caption\":\"cmvsf2\"}}]}<\/script>\n<!-- \/ Yoast SEO plugin. -->","yoast_head_json":{"title":"Las y los veterinarios\/as solicitamos ser incluidos en el grupo prioritario para recibir la vacuna contra el Covid-19 - Colegio De Veterinarios De Santa Fe 2da. Circunscripci\u00f3n","description":"El Colegio de M\u00e9dicos Veterinarios de la Provincia de Santa Fe 2da Circunscripci\u00f3n, envi\u00f3 una carta el pasado 14 de enero dirigida a la ministra de Salud","robots":{"index":"index","follow":"follow","max-snippet":"max-snippet:-1","max-image-preview":"max-image-preview:large","max-video-preview":"max-video-preview:-1"},"canonical":"https:\/\/cmvsf2.org\/web\/2021\/01\/20\/las-y-los-veterinarios-as-solicitamos-ser-incluidos-en-el-grupo-prioritario-para-recibir-la-vacuna-contra-el-covid-19\/","og_locale":"es_ES","og_type":"article","og_title":"Las y los veterinarios\/as solicitamos ser incluidos en el grupo prioritario para recibir la vacuna contra el Covid-19 - Colegio De Veterinarios De Santa Fe 2da. Circunscripci\u00f3n","og_description":"El Colegio de M\u00e9dicos Veterinarios de la Provincia de Santa Fe 2da Circunscripci\u00f3n, envi\u00f3 una carta el pasado 14 de enero dirigida a la ministra de Salud","og_url":"https:\/\/cmvsf2.org\/web\/2021\/01\/20\/las-y-los-veterinarios-as-solicitamos-ser-incluidos-en-el-grupo-prioritario-para-recibir-la-vacuna-contra-el-covid-19\/","og_site_name":"Colegio De Veterinarios De Santa Fe 2da. Circunscripci\u00f3n","article_published_time":"2021-01-20T13:07:19+00:00","og_image":[{"width":656,"height":370,"url":"https:\/\/cmvsf2.org\/web\/wp-content\/uploads\/2021\/01\/vacuna-2.jpeg","type":"image\/jpeg"}],"author":"cmvsf2","twitter_card":"summary_large_image","twitter_misc":{"Escrito por":"cmvsf2","Tiempo de lectura":"1 minuto"},"schema":{"@context":"https:\/\/schema.org","@graph":[{"@type":"Article","@id":"https:\/\/cmvsf2.org\/web\/2021\/01\/20\/las-y-los-veterinarios-as-solicitamos-ser-incluidos-en-el-grupo-prioritario-para-recibir-la-vacuna-contra-el-covid-19\/#article","isPartOf":{"@id":"https:\/\/cmvsf2.org\/web\/2021\/01\/20\/las-y-los-veterinarios-as-solicitamos-ser-incluidos-en-el-grupo-prioritario-para-recibir-la-vacuna-contra-el-covid-19\/"},"author":{"name":"cmvsf2","@id":"https:\/\/cmvsf2.org\/web\/#\/schema\/person\/46ea3630099a4a3df8d89f07cf5f7520"},"headline":"Las y los veterinarios\/as solicitamos ser incluidos en el grupo prioritario para recibir la vacuna contra el Covid-19","datePublished":"2021-01-20T13:07:19+00:00","mainEntityOfPage":{"@id":"https:\/\/cmvsf2.org\/web\/2021\/01\/20\/las-y-los-veterinarios-as-solicitamos-ser-incluidos-en-el-grupo-prioritario-para-recibir-la-vacuna-contra-el-covid-19\/"},"wordCount":242,"commentCount":0,"publisher":{"@id":"https:\/\/cmvsf2.org\/web\/#organization"},"image":{"@id":"https:\/\/cmvsf2.org\/web\/2021\/01\/20\/las-y-los-veterinarios-as-solicitamos-ser-incluidos-en-el-grupo-prioritario-para-recibir-la-vacuna-contra-el-covid-19\/#primaryimage"},"thumbnailUrl":"https:\/\/cmvsf2.org\/web\/wp-content\/uploads\/2021\/01\/vacuna-2.jpeg","keywords":["covid 19","vacuna"],"articleSection":["Destacada","Institucionales"],"inLanguage":"es"},{"@type":"WebPage","@id":"https:\/\/cmvsf2.org\/web\/2021\/01\/20\/las-y-los-veterinarios-as-solicitamos-ser-incluidos-en-el-grupo-prioritario-para-recibir-la-vacuna-contra-el-covid-19\/","url":"https:\/\/cmvsf2.org\/web\/2021\/01\/20\/las-y-los-veterinarios-as-solicitamos-ser-incluidos-en-el-grupo-prioritario-para-recibir-la-vacuna-contra-el-covid-19\/","name":"Las y los veterinarios\/as solicitamos ser incluidos en el grupo prioritario para recibir la vacuna contra el Covid-19 - Colegio De Veterinarios De Santa Fe 2da. Circunscripci\u00f3n","isPartOf":{"@id":"https:\/\/cmvsf2.org\/web\/#website"},"primaryImageOfPage":{"@id":"https:\/\/cmvsf2.org\/web\/2021\/01\/20\/las-y-los-veterinarios-as-solicitamos-ser-incluidos-en-el-grupo-prioritario-para-recibir-la-vacuna-contra-el-covid-19\/#primaryimage"},"image":{"@id":"https:\/\/cmvsf2.org\/web\/2021\/01\/20\/las-y-los-veterinarios-as-solicitamos-ser-incluidos-en-el-grupo-prioritario-para-recibir-la-vacuna-contra-el-covid-19\/#primaryimage"},"thumbnailUrl":"https:\/\/cmvsf2.org\/web\/wp-content\/uploads\/2021\/01\/vacuna-2.jpeg","datePublished":"2021-01-20T13:07:19+00:00","description":"El Colegio de M\u00e9dicos Veterinarios de la Provincia de Santa Fe 2da Circunscripci\u00f3n, envi\u00f3 una carta el pasado 14 de enero dirigida a la ministra de Salud","breadcrumb":{"@id":"https:\/\/cmvsf2.org\/web\/2021\/01\/20\/las-y-los-veterinarios-as-solicitamos-ser-incluidos-en-el-grupo-prioritario-para-recibir-la-vacuna-contra-el-covid-19\/#breadcrumb"},"inLanguage":"es","potentialAction":[{"@type":"ReadAction","target":["https:\/\/cmvsf2.org\/web\/2021\/01\/20\/las-y-los-veterinarios-as-solicitamos-ser-incluidos-en-el-grupo-prioritario-para-recibir-la-vacuna-contra-el-covid-19\/"]}]},{"@type":"ImageObject","inLanguage":"es","@id":"https:\/\/cmvsf2.org\/web\/2021\/01\/20\/las-y-los-veterinarios-as-solicitamos-ser-incluidos-en-el-grupo-prioritario-para-recibir-la-vacuna-contra-el-covid-19\/#primaryimage","url":"https:\/\/cmvsf2.org\/web\/wp-content\/uploads\/2021\/01\/vacuna-2.jpeg","contentUrl":"https:\/\/cmvsf2.org\/web\/wp-content\/uploads\/2021\/01\/vacuna-2.jpeg","width":656,"height":370},{"@type":"BreadcrumbList","@id":"https:\/\/cmvsf2.org\/web\/2021\/01\/20\/las-y-los-veterinarios-as-solicitamos-ser-incluidos-en-el-grupo-prioritario-para-recibir-la-vacuna-contra-el-covid-19\/#breadcrumb","itemListElement":[{"@type":"ListItem","position":1,"name":"Portada","item":"https:\/\/cmvsf2.org\/web\/"},{"@type":"ListItem","position":2,"name":"Las y los veterinarios\/as solicitamos ser incluidos en el grupo prioritario para recibir la vacuna contra el Covid-19"}]},{"@type":"WebSite","@id":"https:\/\/cmvsf2.org\/web\/#website","url":"https:\/\/cmvsf2.org\/web\/","name":"Colegio De Veterinarios De Santa Fe 2da. Circunscripci\u00f3n","description":"Sitio institucional del Colegio de M\u00e9dicos Veterinario de Santa Fe 2da. Circunscripci\u00f3n","publisher":{"@id":"https:\/\/cmvsf2.org\/web\/#organization"},"potentialAction":[{"@type":"SearchAction","target":{"@type":"EntryPoint","urlTemplate":"https:\/\/cmvsf2.org\/web\/?s={search_term_string}"},"query-input":{"@type":"PropertyValueSpecification","valueRequired":true,"valueName":"search_term_string"}}],"inLanguage":"es"},{"@type":"Organization","@id":"https:\/\/cmvsf2.org\/web\/#organization","name":"Colegio De Veterinarios De Santa Fe 2da. Circunscripci\u00f3n","url":"https:\/\/cmvsf2.org\/web\/","logo":{"@type":"ImageObject","inLanguage":"es","@id":"https:\/\/cmvsf2.org\/web\/#\/schema\/logo\/image\/","url":"http:\/\/cmvsf2.org\/web\/wp-content\/uploads\/2020\/03\/vector-logo-02.png","contentUrl":"http:\/\/cmvsf2.org\/web\/wp-content\/uploads\/2020\/03\/vector-logo-02.png","width":2750,"height":642,"caption":"Colegio De Veterinarios De Santa Fe 2da. Circunscripci\u00f3n"},"image":{"@id":"https:\/\/cmvsf2.org\/web\/#\/schema\/logo\/image\/"}},{"@type":"Person","@id":"https:\/\/cmvsf2.org\/web\/#\/schema\/person\/46ea3630099a4a3df8d89f07cf5f7520","name":"cmvsf2","image":{"@type":"ImageObject","inLanguage":"es","@id":"https:\/\/secure.gravatar.com\/avatar\/669647b61c77f28f1aa51df04174a5ecb296e9988b4a93d2870666cd1f502cd7?s=96&d=mm&r=g","url":"https:\/\/secure.gravatar.com\/avatar\/669647b61c77f28f1aa51df04174a5ecb296e9988b4a93d2870666cd1f502cd7?s=96&d=mm&r=g","contentUrl":"https:\/\/secure.gravatar.com\/avatar\/669647b61c77f28f1aa51df04174a5ecb296e9988b4a93d2870666cd1f502cd7?s=96&d=mm&r=g","caption":"cmvsf2"}}]}},"_links":{"self":[{"href":"https:\/\/cmvsf2.org\/web\/wp-json\/wp\/v2\/posts\/31442","targetHints":{"allow":["GET"]}}],"collection":[{"href":"https:\/\/cmvsf2.org\/web\/wp-json\/wp\/v2\/posts"}],"about":[{"href":"https:\/\/cmvsf2.org\/web\/wp-json\/wp\/v2\/types\/post"}],"author":[{"embeddable":true,"href":"https:\/\/cmvsf2.org\/web\/wp-json\/wp\/v2\/users\/3"}],"replies":[{"embeddable":true,"href":"https:\/\/cmvsf2.org\/web\/wp-json\/wp\/v2\/comments?post=31442"}],"version-history":[{"count":1,"href":"https:\/\/cmvsf2.org\/web\/wp-json\/wp\/v2\/posts\/31442\/revisions"}],"predecessor-version":[{"id":31445,"href":"https:\/\/cmvsf2.org\/web\/wp-json\/wp\/v2\/posts\/31442\/revisions\/31445"}],"wp:featuredmedia":[{"embeddable":true,"href":"https:\/\/cmvsf2.org\/web\/wp-json\/wp\/v2\/media\/31444"}],"wp:attachment":[{"href":"https:\/\/cmvsf2.org\/web\/wp-json\/wp\/v2\/media?parent=31442"}],"wp:term":[{"taxonomy":"category","embeddable":true,"href":"https:\/\/cmvsf2.org\/web\/wp-json\/wp\/v2\/categories?post=31442"},{"taxonomy":"post_tag","embeddable":true,"href":"https:\/\/cmvsf2.org\/web\/wp-json\/wp\/v2\/tags?post=31442"}],"curies":[{"name":"wp","href":"https:\/\/api.w.org\/{rel}","templated":true}]}}