{"id":31394,"date":"2020-12-21T17:35:53","date_gmt":"2020-12-21T17:35:53","guid":{"rendered":"http:\/\/cmvsf2.org\/web\/?p=31394"},"modified":"2020-12-22T11:04:37","modified_gmt":"2020-12-22T11:04:37","slug":"sabia-usted-que-no-a-todos-los-perros-se-les-puede-dar-un-tranquilizante","status":"publish","type":"post","link":"https:\/\/cmvsf2.org\/web\/2020\/12\/21\/sabia-usted-que-no-a-todos-los-perros-se-les-puede-dar-un-tranquilizante\/","title":{"rendered":"\u00bfSab\u00eda usted que no a todos los perros se les puede dar un tranquilizante?"},"content":{"rendered":"<p>Ante la llegada de las Fiestas de Navidad y A\u00f1o Nuevo, el CMVSF2 lanz\u00f3 un comunicado advirtiendo sobre el uso de tranquilizantes en perros, una pr\u00e1ctica que lamentablemente est\u00e1 muy difundida entre los tenedores de animales de compa\u00f1\u00eda.<\/p>\n<p>El documento, elaborado por la subcomisi\u00f3n de Animales de Compa\u00f1\u00eda, se titula: <strong><em>\u00bfSab\u00eda usted que no a todos los perros se les puede dar un tranquilizante?<\/em><\/strong> En \u00e9l las y los profesionales aconsejan:<\/p>\n<p>* Consultar siempre con su M\u00e9dico Veterinario de confianza, que le ajustar\u00e1 a su animal la dosis\u00a0 seg\u00fan el peso, edad, raza, estado general, etc.<\/p>\n<p>*Adquirir las gotas de tranquilizante \u00fanicamente en Farmacias Veterinarias habilitadas.<\/p>\n<p>* Probar el medicamento unos d\u00edas antes de las fiestas, para comprobar la respuesta en la conducta\u00a0 y duraci\u00f3n del efecto.<\/p>\n<p>* No utilizar drogas de uso humano.<\/p>\n<p>* Controlar el vencimiento del f\u00e1rmaco.<\/p>\n<p>* Si es posible, el animal debe quedar encerrado en una habitaci\u00f3n, con luz y m\u00fasica fuerte. Debi\u00e9ndose cubrir los vidrios de las ventanas y puertas con cart\u00f3n, para prevenir accidentes. Evitar que el animal quede en una terraza.<\/p>\n<p><strong>Teniendo en cuenta estas premisas Ud. podr\u00e1 disfrutar de estas fiestas sin preocuparse por su animal. \u00a1\u00a1\u00a1Le decimos NO a la pirotecnia!!!!<\/strong><\/p>\n","protected":false},"excerpt":{"rendered":"<p>Ante la llegada de las Fiestas de Navidad y A\u00f1o Nuevo, el CMVSF2 lanz\u00f3 un comunicado advirtiendo sobre el uso de tranquilizantes en perros, una pr\u00e1ctica que lamentablemente est\u00e1 muy difundida entre los tenedores de animales de compa\u00f1\u00eda. El documento, elaborado por la subcomisi\u00f3n de Animales de Compa\u00f1\u00eda, se titula: \u00bfSab\u00eda usted que no a todos los perros se les puede dar un tranquilizante? [&hellip;]<\/p>\n","protected":false},"author":3,"featured_media":31395,"comment_status":"open","ping_status":"open","sticky":false,"template":"","format":"standard","meta":{"_acf_changed":false,"footnotes":""},"categories":[6,343],"tags":[],"class_list":["post-31394","post","type-post","status-publish","format-standard","has-post-thumbnail","hentry","category-animales-compania2","category-destacada"],"acf":[],"yoast_head":"<!-- This site is optimized with the Yoast SEO plugin v28.2 - https:\/\/yoast.com\/product\/yoast-seo-wordpress\/ -->\n<title>\u00bfSab\u00eda usted que no a todos los perros se les puede dar un tranquilizante? - Colegio De Veterinarios De Santa Fe 2da. Circunscripci\u00f3n<\/title>\n<meta name=\"description\" content=\"Ante la llegada de las Fiestas de Navidad y A\u00f1o Nuevo, el CMVSF2 lanz\u00f3 un comunicado advirtiendo sobre el uso de tranquilizantes en perros, una pr\u00e1ctica\" \/>\n<meta name=\"robots\" content=\"index, follow, max-snippet:-1, max-image-preview:large, max-video-preview:-1\" \/>\n<link rel=\"canonical\" href=\"https:\/\/cmvsf2.org\/web\/2020\/12\/21\/sabia-usted-que-no-a-todos-los-perros-se-les-puede-dar-un-tranquilizante\/\" \/>\n<meta property=\"og:locale\" content=\"es_ES\" \/>\n<meta property=\"og:type\" content=\"article\" \/>\n<meta property=\"og:title\" content=\"\u00bfSab\u00eda usted que no a todos los perros se les puede dar un tranquilizante? - Colegio De Veterinarios De Santa Fe 2da. Circunscripci\u00f3n\" \/>\n<meta property=\"og:description\" content=\"Ante la llegada de las Fiestas de Navidad y A\u00f1o Nuevo, el CMVSF2 lanz\u00f3 un comunicado advirtiendo sobre el uso de tranquilizantes en perros, una pr\u00e1ctica\" \/>\n<meta property=\"og:url\" content=\"https:\/\/cmvsf2.org\/web\/2020\/12\/21\/sabia-usted-que-no-a-todos-los-perros-se-les-puede-dar-un-tranquilizante\/\" \/>\n<meta property=\"og:site_name\" content=\"Colegio De Veterinarios De Santa Fe 2da. Circunscripci\u00f3n\" \/>\n<meta property=\"article:published_time\" content=\"2020-12-21T17:35:53+00:00\" \/>\n<meta property=\"article:modified_time\" content=\"2020-12-22T11:04:37+00:00\" \/>\n<meta property=\"og:image\" content=\"https:\/\/cmvsf2.org\/web\/wp-content\/uploads\/2020\/12\/recortada-2.jpg\" \/>\n\t<meta property=\"og:image:width\" content=\"2500\" \/>\n\t<meta property=\"og:image:height\" content=\"1668\" \/>\n\t<meta property=\"og:image:type\" content=\"image\/jpeg\" \/>\n<meta name=\"author\" content=\"cmvsf2\" \/>\n<meta name=\"twitter:card\" content=\"summary_large_image\" \/>\n<meta name=\"twitter:label1\" content=\"Escrito por\" \/>\n\t<meta name=\"twitter:data1\" content=\"cmvsf2\" \/>\n\t<meta name=\"twitter:label2\" content=\"Tiempo de lectura\" \/>\n\t<meta name=\"twitter:data2\" content=\"1 minuto\" \/>\n<script type=\"application\/ld+json\" class=\"yoast-schema-graph\">{\"@context\":\"https:\\\/\\\/schema.org\",\"@graph\":[{\"@type\":\"Article\",\"@id\":\"https:\\\/\\\/cmvsf2.org\\\/web\\\/2020\\\/12\\\/21\\\/sabia-usted-que-no-a-todos-los-perros-se-les-puede-dar-un-tranquilizante\\\/#article\",\"isPartOf\":{\"@id\":\"https:\\\/\\\/cmvsf2.org\\\/web\\\/2020\\\/12\\\/21\\\/sabia-usted-que-no-a-todos-los-perros-se-les-puede-dar-un-tranquilizante\\\/\"},\"author\":{\"name\":\"cmvsf2\",\"@id\":\"https:\\\/\\\/cmvsf2.org\\\/web\\\/#\\\/schema\\\/person\\\/46ea3630099a4a3df8d89f07cf5f7520\"},\"headline\":\"\u00bfSab\u00eda usted que no a todos los perros se les puede dar un tranquilizante?\",\"datePublished\":\"2020-12-21T17:35:53+00:00\",\"dateModified\":\"2020-12-22T11:04:37+00:00\",\"mainEntityOfPage\":{\"@id\":\"https:\\\/\\\/cmvsf2.org\\\/web\\\/2020\\\/12\\\/21\\\/sabia-usted-que-no-a-todos-los-perros-se-les-puede-dar-un-tranquilizante\\\/\"},\"wordCount\":226,\"commentCount\":0,\"publisher\":{\"@id\":\"https:\\\/\\\/cmvsf2.org\\\/web\\\/#organization\"},\"image\":{\"@id\":\"https:\\\/\\\/cmvsf2.org\\\/web\\\/2020\\\/12\\\/21\\\/sabia-usted-que-no-a-todos-los-perros-se-les-puede-dar-un-tranquilizante\\\/#primaryimage\"},\"thumbnailUrl\":\"https:\\\/\\\/cmvsf2.org\\\/web\\\/wp-content\\\/uploads\\\/2020\\\/12\\\/recortada-2.jpg\",\"articleSection\":[\"Animales de Compan\u00eda\",\"Destacada\"],\"inLanguage\":\"es\"},{\"@type\":\"WebPage\",\"@id\":\"https:\\\/\\\/cmvsf2.org\\\/web\\\/2020\\\/12\\\/21\\\/sabia-usted-que-no-a-todos-los-perros-se-les-puede-dar-un-tranquilizante\\\/\",\"url\":\"https:\\\/\\\/cmvsf2.org\\\/web\\\/2020\\\/12\\\/21\\\/sabia-usted-que-no-a-todos-los-perros-se-les-puede-dar-un-tranquilizante\\\/\",\"name\":\"\u00bfSab\u00eda usted que no a todos los perros se les puede dar un tranquilizante? - Colegio De Veterinarios De Santa Fe 2da. Circunscripci\u00f3n\",\"isPartOf\":{\"@id\":\"https:\\\/\\\/cmvsf2.org\\\/web\\\/#website\"},\"primaryImageOfPage\":{\"@id\":\"https:\\\/\\\/cmvsf2.org\\\/web\\\/2020\\\/12\\\/21\\\/sabia-usted-que-no-a-todos-los-perros-se-les-puede-dar-un-tranquilizante\\\/#primaryimage\"},\"image\":{\"@id\":\"https:\\\/\\\/cmvsf2.org\\\/web\\\/2020\\\/12\\\/21\\\/sabia-usted-que-no-a-todos-los-perros-se-les-puede-dar-un-tranquilizante\\\/#primaryimage\"},\"thumbnailUrl\":\"https:\\\/\\\/cmvsf2.org\\\/web\\\/wp-content\\\/uploads\\\/2020\\\/12\\\/recortada-2.jpg\",\"datePublished\":\"2020-12-21T17:35:53+00:00\",\"dateModified\":\"2020-12-22T11:04:37+00:00\",\"description\":\"Ante la llegada de las Fiestas de Navidad y A\u00f1o Nuevo, el CMVSF2 lanz\u00f3 un comunicado advirtiendo sobre el uso de tranquilizantes en perros, una pr\u00e1ctica\",\"breadcrumb\":{\"@id\":\"https:\\\/\\\/cmvsf2.org\\\/web\\\/2020\\\/12\\\/21\\\/sabia-usted-que-no-a-todos-los-perros-se-les-puede-dar-un-tranquilizante\\\/#breadcrumb\"},\"inLanguage\":\"es\",\"potentialAction\":[{\"@type\":\"ReadAction\",\"target\":[\"https:\\\/\\\/cmvsf2.org\\\/web\\\/2020\\\/12\\\/21\\\/sabia-usted-que-no-a-todos-los-perros-se-les-puede-dar-un-tranquilizante\\\/\"]}]},{\"@type\":\"ImageObject\",\"inLanguage\":\"es\",\"@id\":\"https:\\\/\\\/cmvsf2.org\\\/web\\\/2020\\\/12\\\/21\\\/sabia-usted-que-no-a-todos-los-perros-se-les-puede-dar-un-tranquilizante\\\/#primaryimage\",\"url\":\"https:\\\/\\\/cmvsf2.org\\\/web\\\/wp-content\\\/uploads\\\/2020\\\/12\\\/recortada-2.jpg\",\"contentUrl\":\"https:\\\/\\\/cmvsf2.org\\\/web\\\/wp-content\\\/uploads\\\/2020\\\/12\\\/recortada-2.jpg\",\"width\":2500,\"height\":1668},{\"@type\":\"BreadcrumbList\",\"@id\":\"https:\\\/\\\/cmvsf2.org\\\/web\\\/2020\\\/12\\\/21\\\/sabia-usted-que-no-a-todos-los-perros-se-les-puede-dar-un-tranquilizante\\\/#breadcrumb\",\"itemListElement\":[{\"@type\":\"ListItem\",\"position\":1,\"name\":\"Portada\",\"item\":\"https:\\\/\\\/cmvsf2.org\\\/web\\\/\"},{\"@type\":\"ListItem\",\"position\":2,\"name\":\"\u00bfSab\u00eda usted que no a todos los perros se les puede dar un tranquilizante?\"}]},{\"@type\":\"WebSite\",\"@id\":\"https:\\\/\\\/cmvsf2.org\\\/web\\\/#website\",\"url\":\"https:\\\/\\\/cmvsf2.org\\\/web\\\/\",\"name\":\"Colegio De Veterinarios De Santa Fe 2da. Circunscripci\u00f3n\",\"description\":\"Sitio institucional del Colegio de M\u00e9dicos Veterinario de Santa Fe 2da. Circunscripci\u00f3n\",\"publisher\":{\"@id\":\"https:\\\/\\\/cmvsf2.org\\\/web\\\/#organization\"},\"potentialAction\":[{\"@type\":\"SearchAction\",\"target\":{\"@type\":\"EntryPoint\",\"urlTemplate\":\"https:\\\/\\\/cmvsf2.org\\\/web\\\/?s={search_term_string}\"},\"query-input\":{\"@type\":\"PropertyValueSpecification\",\"valueRequired\":true,\"valueName\":\"search_term_string\"}}],\"inLanguage\":\"es\"},{\"@type\":\"Organization\",\"@id\":\"https:\\\/\\\/cmvsf2.org\\\/web\\\/#organization\",\"name\":\"Colegio De Veterinarios De Santa Fe 2da. Circunscripci\u00f3n\",\"url\":\"https:\\\/\\\/cmvsf2.org\\\/web\\\/\",\"logo\":{\"@type\":\"ImageObject\",\"inLanguage\":\"es\",\"@id\":\"https:\\\/\\\/cmvsf2.org\\\/web\\\/#\\\/schema\\\/logo\\\/image\\\/\",\"url\":\"http:\\\/\\\/cmvsf2.org\\\/web\\\/wp-content\\\/uploads\\\/2020\\\/03\\\/vector-logo-02.png\",\"contentUrl\":\"http:\\\/\\\/cmvsf2.org\\\/web\\\/wp-content\\\/uploads\\\/2020\\\/03\\\/vector-logo-02.png\",\"width\":2750,\"height\":642,\"caption\":\"Colegio De Veterinarios De Santa Fe 2da. Circunscripci\u00f3n\"},\"image\":{\"@id\":\"https:\\\/\\\/cmvsf2.org\\\/web\\\/#\\\/schema\\\/logo\\\/image\\\/\"}},{\"@type\":\"Person\",\"@id\":\"https:\\\/\\\/cmvsf2.org\\\/web\\\/#\\\/schema\\\/person\\\/46ea3630099a4a3df8d89f07cf5f7520\",\"name\":\"cmvsf2\",\"image\":{\"@type\":\"ImageObject\",\"inLanguage\":\"es\",\"@id\":\"https:\\\/\\\/secure.gravatar.com\\\/avatar\\\/669647b61c77f28f1aa51df04174a5ecb296e9988b4a93d2870666cd1f502cd7?s=96&d=mm&r=g\",\"url\":\"https:\\\/\\\/secure.gravatar.com\\\/avatar\\\/669647b61c77f28f1aa51df04174a5ecb296e9988b4a93d2870666cd1f502cd7?s=96&d=mm&r=g\",\"contentUrl\":\"https:\\\/\\\/secure.gravatar.com\\\/avatar\\\/669647b61c77f28f1aa51df04174a5ecb296e9988b4a93d2870666cd1f502cd7?s=96&d=mm&r=g\",\"caption\":\"cmvsf2\"}}]}<\/script>\n<!-- \/ Yoast SEO plugin. -->","yoast_head_json":{"title":"\u00bfSab\u00eda usted que no a todos los perros se les puede dar un tranquilizante? - Colegio De Veterinarios De Santa Fe 2da. Circunscripci\u00f3n","description":"Ante la llegada de las Fiestas de Navidad y A\u00f1o Nuevo, el CMVSF2 lanz\u00f3 un comunicado advirtiendo sobre el uso de tranquilizantes en perros, una pr\u00e1ctica","robots":{"index":"index","follow":"follow","max-snippet":"max-snippet:-1","max-image-preview":"max-image-preview:large","max-video-preview":"max-video-preview:-1"},"canonical":"https:\/\/cmvsf2.org\/web\/2020\/12\/21\/sabia-usted-que-no-a-todos-los-perros-se-les-puede-dar-un-tranquilizante\/","og_locale":"es_ES","og_type":"article","og_title":"\u00bfSab\u00eda usted que no a todos los perros se les puede dar un tranquilizante? - Colegio De Veterinarios De Santa Fe 2da. Circunscripci\u00f3n","og_description":"Ante la llegada de las Fiestas de Navidad y A\u00f1o Nuevo, el CMVSF2 lanz\u00f3 un comunicado advirtiendo sobre el uso de tranquilizantes en perros, una pr\u00e1ctica","og_url":"https:\/\/cmvsf2.org\/web\/2020\/12\/21\/sabia-usted-que-no-a-todos-los-perros-se-les-puede-dar-un-tranquilizante\/","og_site_name":"Colegio De Veterinarios De Santa Fe 2da. Circunscripci\u00f3n","article_published_time":"2020-12-21T17:35:53+00:00","article_modified_time":"2020-12-22T11:04:37+00:00","og_image":[{"width":2500,"height":1668,"url":"https:\/\/cmvsf2.org\/web\/wp-content\/uploads\/2020\/12\/recortada-2.jpg","type":"image\/jpeg"}],"author":"cmvsf2","twitter_card":"summary_large_image","twitter_misc":{"Escrito por":"cmvsf2","Tiempo de lectura":"1 minuto"},"schema":{"@context":"https:\/\/schema.org","@graph":[{"@type":"Article","@id":"https:\/\/cmvsf2.org\/web\/2020\/12\/21\/sabia-usted-que-no-a-todos-los-perros-se-les-puede-dar-un-tranquilizante\/#article","isPartOf":{"@id":"https:\/\/cmvsf2.org\/web\/2020\/12\/21\/sabia-usted-que-no-a-todos-los-perros-se-les-puede-dar-un-tranquilizante\/"},"author":{"name":"cmvsf2","@id":"https:\/\/cmvsf2.org\/web\/#\/schema\/person\/46ea3630099a4a3df8d89f07cf5f7520"},"headline":"\u00bfSab\u00eda usted que no a todos los perros se les puede dar un tranquilizante?","datePublished":"2020-12-21T17:35:53+00:00","dateModified":"2020-12-22T11:04:37+00:00","mainEntityOfPage":{"@id":"https:\/\/cmvsf2.org\/web\/2020\/12\/21\/sabia-usted-que-no-a-todos-los-perros-se-les-puede-dar-un-tranquilizante\/"},"wordCount":226,"commentCount":0,"publisher":{"@id":"https:\/\/cmvsf2.org\/web\/#organization"},"image":{"@id":"https:\/\/cmvsf2.org\/web\/2020\/12\/21\/sabia-usted-que-no-a-todos-los-perros-se-les-puede-dar-un-tranquilizante\/#primaryimage"},"thumbnailUrl":"https:\/\/cmvsf2.org\/web\/wp-content\/uploads\/2020\/12\/recortada-2.jpg","articleSection":["Animales de Compan\u00eda","Destacada"],"inLanguage":"es"},{"@type":"WebPage","@id":"https:\/\/cmvsf2.org\/web\/2020\/12\/21\/sabia-usted-que-no-a-todos-los-perros-se-les-puede-dar-un-tranquilizante\/","url":"https:\/\/cmvsf2.org\/web\/2020\/12\/21\/sabia-usted-que-no-a-todos-los-perros-se-les-puede-dar-un-tranquilizante\/","name":"\u00bfSab\u00eda usted que no a todos los perros se les puede dar un tranquilizante? - Colegio De Veterinarios De Santa Fe 2da. Circunscripci\u00f3n","isPartOf":{"@id":"https:\/\/cmvsf2.org\/web\/#website"},"primaryImageOfPage":{"@id":"https:\/\/cmvsf2.org\/web\/2020\/12\/21\/sabia-usted-que-no-a-todos-los-perros-se-les-puede-dar-un-tranquilizante\/#primaryimage"},"image":{"@id":"https:\/\/cmvsf2.org\/web\/2020\/12\/21\/sabia-usted-que-no-a-todos-los-perros-se-les-puede-dar-un-tranquilizante\/#primaryimage"},"thumbnailUrl":"https:\/\/cmvsf2.org\/web\/wp-content\/uploads\/2020\/12\/recortada-2.jpg","datePublished":"2020-12-21T17:35:53+00:00","dateModified":"2020-12-22T11:04:37+00:00","description":"Ante la llegada de las Fiestas de Navidad y A\u00f1o Nuevo, el CMVSF2 lanz\u00f3 un comunicado advirtiendo sobre el uso de tranquilizantes en perros, una pr\u00e1ctica","breadcrumb":{"@id":"https:\/\/cmvsf2.org\/web\/2020\/12\/21\/sabia-usted-que-no-a-todos-los-perros-se-les-puede-dar-un-tranquilizante\/#breadcrumb"},"inLanguage":"es","potentialAction":[{"@type":"ReadAction","target":["https:\/\/cmvsf2.org\/web\/2020\/12\/21\/sabia-usted-que-no-a-todos-los-perros-se-les-puede-dar-un-tranquilizante\/"]}]},{"@type":"ImageObject","inLanguage":"es","@id":"https:\/\/cmvsf2.org\/web\/2020\/12\/21\/sabia-usted-que-no-a-todos-los-perros-se-les-puede-dar-un-tranquilizante\/#primaryimage","url":"https:\/\/cmvsf2.org\/web\/wp-content\/uploads\/2020\/12\/recortada-2.jpg","contentUrl":"https:\/\/cmvsf2.org\/web\/wp-content\/uploads\/2020\/12\/recortada-2.jpg","width":2500,"height":1668},{"@type":"BreadcrumbList","@id":"https:\/\/cmvsf2.org\/web\/2020\/12\/21\/sabia-usted-que-no-a-todos-los-perros-se-les-puede-dar-un-tranquilizante\/#breadcrumb","itemListElement":[{"@type":"ListItem","position":1,"name":"Portada","item":"https:\/\/cmvsf2.org\/web\/"},{"@type":"ListItem","position":2,"name":"\u00bfSab\u00eda usted que no a todos los perros se les puede dar un tranquilizante?"}]},{"@type":"WebSite","@id":"https:\/\/cmvsf2.org\/web\/#website","url":"https:\/\/cmvsf2.org\/web\/","name":"Colegio De Veterinarios De Santa Fe 2da. Circunscripci\u00f3n","description":"Sitio institucional del Colegio de M\u00e9dicos Veterinario de Santa Fe 2da. Circunscripci\u00f3n","publisher":{"@id":"https:\/\/cmvsf2.org\/web\/#organization"},"potentialAction":[{"@type":"SearchAction","target":{"@type":"EntryPoint","urlTemplate":"https:\/\/cmvsf2.org\/web\/?s={search_term_string}"},"query-input":{"@type":"PropertyValueSpecification","valueRequired":true,"valueName":"search_term_string"}}],"inLanguage":"es"},{"@type":"Organization","@id":"https:\/\/cmvsf2.org\/web\/#organization","name":"Colegio De Veterinarios De Santa Fe 2da. Circunscripci\u00f3n","url":"https:\/\/cmvsf2.org\/web\/","logo":{"@type":"ImageObject","inLanguage":"es","@id":"https:\/\/cmvsf2.org\/web\/#\/schema\/logo\/image\/","url":"http:\/\/cmvsf2.org\/web\/wp-content\/uploads\/2020\/03\/vector-logo-02.png","contentUrl":"http:\/\/cmvsf2.org\/web\/wp-content\/uploads\/2020\/03\/vector-logo-02.png","width":2750,"height":642,"caption":"Colegio De Veterinarios De Santa Fe 2da. Circunscripci\u00f3n"},"image":{"@id":"https:\/\/cmvsf2.org\/web\/#\/schema\/logo\/image\/"}},{"@type":"Person","@id":"https:\/\/cmvsf2.org\/web\/#\/schema\/person\/46ea3630099a4a3df8d89f07cf5f7520","name":"cmvsf2","image":{"@type":"ImageObject","inLanguage":"es","@id":"https:\/\/secure.gravatar.com\/avatar\/669647b61c77f28f1aa51df04174a5ecb296e9988b4a93d2870666cd1f502cd7?s=96&d=mm&r=g","url":"https:\/\/secure.gravatar.com\/avatar\/669647b61c77f28f1aa51df04174a5ecb296e9988b4a93d2870666cd1f502cd7?s=96&d=mm&r=g","contentUrl":"https:\/\/secure.gravatar.com\/avatar\/669647b61c77f28f1aa51df04174a5ecb296e9988b4a93d2870666cd1f502cd7?s=96&d=mm&r=g","caption":"cmvsf2"}}]}},"_links":{"self":[{"href":"https:\/\/cmvsf2.org\/web\/wp-json\/wp\/v2\/posts\/31394","targetHints":{"allow":["GET"]}}],"collection":[{"href":"https:\/\/cmvsf2.org\/web\/wp-json\/wp\/v2\/posts"}],"about":[{"href":"https:\/\/cmvsf2.org\/web\/wp-json\/wp\/v2\/types\/post"}],"author":[{"embeddable":true,"href":"https:\/\/cmvsf2.org\/web\/wp-json\/wp\/v2\/users\/3"}],"replies":[{"embeddable":true,"href":"https:\/\/cmvsf2.org\/web\/wp-json\/wp\/v2\/comments?post=31394"}],"version-history":[{"count":2,"href":"https:\/\/cmvsf2.org\/web\/wp-json\/wp\/v2\/posts\/31394\/revisions"}],"predecessor-version":[{"id":31397,"href":"https:\/\/cmvsf2.org\/web\/wp-json\/wp\/v2\/posts\/31394\/revisions\/31397"}],"wp:featuredmedia":[{"embeddable":true,"href":"https:\/\/cmvsf2.org\/web\/wp-json\/wp\/v2\/media\/31395"}],"wp:attachment":[{"href":"https:\/\/cmvsf2.org\/web\/wp-json\/wp\/v2\/media?parent=31394"}],"wp:term":[{"taxonomy":"category","embeddable":true,"href":"https:\/\/cmvsf2.org\/web\/wp-json\/wp\/v2\/categories?post=31394"},{"taxonomy":"post_tag","embeddable":true,"href":"https:\/\/cmvsf2.org\/web\/wp-json\/wp\/v2\/tags?post=31394"}],"curies":[{"name":"wp","href":"https:\/\/api.w.org\/{rel}","templated":true}]}}