{"id":31390,"date":"2020-12-17T18:34:22","date_gmt":"2020-12-17T18:34:22","guid":{"rendered":"http:\/\/cmvsf2.org\/web\/?p=31390"},"modified":"2020-12-17T18:34:22","modified_gmt":"2020-12-17T18:34:22","slug":"relaciones-laborales-entre-profesionales","status":"publish","type":"post","link":"https:\/\/cmvsf2.org\/web\/2020\/12\/17\/relaciones-laborales-entre-profesionales\/","title":{"rendered":"Relaciones laborales entre profesionales"},"content":{"rendered":"<p>Las relaciones laborales (<em>como un cap\u00edtulo m\u00e1s de las relaciones humanas<\/em>) son tema de creciente complejidad en los tiempos que corren. Requieren por ello especial atenci\u00f3n por parte de todas las organizaciones, incluido el CMVSF2.<\/p>\n<p>Lo primero que nos viene a la mente cuando hablamos de <strong>RELACIONES LABORALES <\/strong>y pensamos en el tema, es diferenciar si tal o cual situaci\u00f3n se trata de un contrato de trabajo o una locaci\u00f3n de servicios, dado que tal vez sean estas dos, las formas m\u00e1s comunes de relaci\u00f3n laboral.<\/p>\n<p>No obstante, existe una variada gama de formas de relaciones laborales entre profesionales. A modo de ejemplo podemos citar:<\/p>\n<ul>\n<li>Contrato de Trabajo<strong>(Art. 4 Ley 20744)<\/strong><\/li>\n<li>Locaci\u00f3n de servicios <strong>(C\u00f3digo Civil Art. N\u00b0 1251)<\/strong><\/li>\n<li>Sociedades comerciales comprendidas en la <strong>Ley N\u00b0 19950<\/strong> y sus modificatorias y ampliaciones (Soc. Simple -ex de hecho-, S.R.L., S.A., etc.)<\/li>\n<li>Contrataci\u00f3n para locaci\u00f3n de espacios de trabajo en forma mancomunada. (varios profesionales alquilan una propiedad y en ella cada uno dispone de su propio espacio para realizar su actividad profesional)<\/li>\n<li>Contrataci\u00f3n para compartir un mismo espacio de trabajo (situaci\u00f3n donde un espacio de trabajo com\u00fan se comparte entre varios profesionales en distintos d\u00edas y horarios, pudiendo ser propietario o inquilino alguno de ellos en particular).<\/li>\n<li>Franquicia de empresas (empresas, normalmente multinacionales que permiten la utilizaci\u00f3n de su nombre o marca para la instalaci\u00f3n de consultorios, cl\u00ednicas, hospitales, pet shops).<\/li>\n<\/ul>\n<p>Los dos contextos que a entender de los autores constituyen los elementos centrales a tener en cuenta para la discusi\u00f3n de la problem\u00e1tica de relaciones laborales interprofesionales son:<\/p>\n<ol>\n<li>Las <strong>obligaciones de ley<\/strong> del profesional, que aparecen al comienzo de su ejercicio laboral (matricula profesional, seguridad social, aspectos impositivos).<\/li>\n<li>Los <strong>honorarios profesionales <\/strong>que son los que con criterio profesional y \u00e9tico, fija el organismo estatutario y cuyo acatamiento y respeto, permitir\u00e1 el cumplimiento de las obligaciones de ley.<\/li>\n<\/ol>\n<p><strong><u>Diferencias entre Contrato de Trabajo y Locaci\u00f3n de Servicios.<\/u><\/strong><\/p>\n<p>A los efectos de definir cu\u00e1les son los requisitos o condiciones para que una relaci\u00f3n contractual sea considerada contrato de trabajo cabe tener en cuenta, entre otras, las siguientes consideraciones:<\/p>\n<p>La ley de Contrato de Trabajo N\u00b0 20.744 en su Art. 4 define al trabajo de la siguiente manera:\u00a0 \u00a0<strong>\u00ab<em>Constituye trabajo, a los fines de esta ley, toda actividad l\u00edcita que se preste en favor de quien tiene la facultad de dirigirla, mediante una remuneraci\u00f3n.\u00bb\u00a0\u00a0 <\/em><\/strong><\/p>\n<p>Lo que define al sujeto trabajador, es su condici\u00f3n de fuerza de trabajo personal, en una organizaci\u00f3n empresaria ajena. De modo que en situaciones dudosas, es menester ubicar d\u00f3nde se encuentra la organizaci\u00f3n empresarial, quien es el titular, esto es, quien corre los riesgos empresariales y se apropia de los frutos de la actividad y cu\u00e1l es el rol, que la persona trabajadora desempe\u00f1a en el proceso productivo. Es dable hacer la salvedad, de que la prestaci\u00f3n de servicios personales hace presumir, que la obligaci\u00f3n de prestarlos reconoce su fuente en un contrato de trabajo, a\u00fan cuando se hayan utilizado figuras no laborables para caracterizar la relaci\u00f3n (iuris tantum).<\/p>\n<p>Dicho esto, pasamos a detallar cuales son los requisitos m\u00e1s comunes tenidos en cuenta por la jurisprudencia para considerar a una relaci\u00f3n laboral contrato de trabajo o no, dado que existen situaciones calificables como fronterizas o dudosas que exigen un riguroso an\u00e1lisis de cada caso.<\/p>\n<p>Para poder determinar si se est\u00e1 frente a una verdadera relaci\u00f3n laboral o no, debido a que no hay un \u00fanico modelo debe tenerse en cuenta lo siguiente para el correcto encuadre de cada situaci\u00f3n:<\/p>\n<p>a).-Si la persona cumple \u00f3rdenes para quienes brinda el servicio o existe un n\u00famero de indicios de una relaci\u00f3n de autoridad.<\/p>\n<p>b).-Si la persona cumple horarios fijos determinados.<\/p>\n<p>c).-Si la persona percibe una prestaci\u00f3n fija mensual.<\/p>\n<p>d).-Si la persona tiene exclusividad en la actividad laboral.<\/p>\n<p>e).-Si la persona asiste al establecimiento a quien presta el servicio.<\/p>\n<p>f).-Si la persona queda totalmente al margen del riesgo empresario.<\/p>\n<p><strong>Cabe aclarar que ninguno de estos indicios por s\u00ed mismo puede ser considerado como determinante para calificar la relaci\u00f3n. La suma de varios de ellos es la que califica la naturaleza de la relaci\u00f3n como laboral.<\/strong><\/p>\n<p>El nuevo C\u00f3digo Civil en su art\u00edculo 1251 define el <strong>contrato de locaci\u00f3n de servicios <\/strong>de la siguiente manera:<\/p>\n<p><strong><em>\u00abHay contrato de obra o de servicios cuando una persona, seg\u00fan el caso el contratista o prestador de servicios, actuando independientemente, se obliga a favor de otra, llamada comitente, a realizar una obra material o intelectual, \u00a0o a proveer un servicio mediante una retribuci\u00f3n.\u00bb <\/em><\/strong><\/p>\n<p>El\u00a0 Art. 1252 distingue la calificaci\u00f3n, sosteniendo <strong><em>\u00abse entiende que hay contrato de servicios cuando la obligaci\u00f3n de hacer consiste en realizar cierta actividad independientemente de su eficacia.\u00bb <\/em><\/strong><\/p>\n<p><strong>Luego expresa \u00bb <em>Los servicios prestados en relaci\u00f3n de dependencia se rigen por las normas del derecho laboral\u00bb\u00a0\u00a0\u00a0\u00a0\u00a0 <\/em><\/strong><\/p>\n<p>Es por ello, que cualquier contrataci\u00f3n de servicios, debe tener en cuenta estas situaciones para diferenciar si estamos ante un contrato de trabajo o una locaci\u00f3n de servicios u obra.<\/p>\n<p><strong><u>Otras formas de relaci\u00f3n laboral entre profesionales<\/u><\/strong><\/p>\n<p>Independientemente de lo referenciado precedentemente entre locaci\u00f3n de servicios y contrato de trabajo, los profesionales pueden establecer otras formas de relaci\u00f3n laboral mencionadas precedentemente en los puntos 3,4,5 y 6.<\/p>\n<p>Los profesionales pueden adem\u00e1s, para el trabajo compartido, constituir sociedades con la finalidad de desarrollar la profesi\u00f3n limitando su responsabilidad dentro de los fines de la sociedad (entre las m\u00e1s usuales SAS, SRL, SA).<\/p>\n<p>En los \u00faltimos a\u00f1os con la finalidad de reducir costos, optimizar recursos y maximizar ganancias se han desarrollado nuevas formas de relacionarse como: Contrataci\u00f3n de espacios comunes de trabajo para compartir, alquiler de espacio, infraestructura e instrumental para el desarrollo del trabajo profesional.<\/p>\n<p>Tambi\u00e9n pueden compartirse lugares de trabajo con igual o en distintos d\u00edas y horarios, sin que esto genere responsabilidad rec\u00edproca entre los profesionales que lo hagan, m\u00e1s all\u00e1 de los que puedan generarse hacia terceros.<\/p>\n<p>Todas estas formas deben dar lugar a contratos de alquiler, estableciendo titularidad de instalaciones y figuras de locador y locatario de un profesional a otro con independencia de trabajo, de facturaci\u00f3n de honorarios y de relaciones laborales entre ellos.<\/p>\n<p>Es recomendable siempre tratar de establecer documentos entre las partes que claramente establezcan las circunstancias reinantes y modificarlas cuando las mismas cambien.<\/p>\n<p><strong><u>Nota final<\/u><\/strong><\/p>\n<p>Este trabajo tiene como objetivo b\u00e1sico servir de gu\u00eda para que los profesionales puedan conocer las formas de relaci\u00f3n laboral. Profundizando los conceptos aqu\u00ed vertidos, descubrir nuevas formas de relaci\u00f3n y adelantarse a situaciones judicializables en las que puedan verse inmersos, si act\u00faan desconociendo los preceptos de ley.<\/p>\n<p><strong>Dres. Oscar Arce, David Boselli y Horacio Mezzadra <\/strong><\/p>\n<p>&nbsp;<\/p>\n<p>&nbsp;<\/p>\n","protected":false},"excerpt":{"rendered":"<p>Las relaciones laborales (como un cap\u00edtulo m\u00e1s de las relaciones humanas) son tema de creciente complejidad en los tiempos que corren. Requieren por ello especial atenci\u00f3n por parte de todas las organizaciones, incluido el CMVSF2. Lo primero que nos viene a la mente cuando hablamos de RELACIONES LABORALES y pensamos en el tema, es diferenciar si tal o cual situaci\u00f3n se trata de un [&hellip;]<\/p>\n","protected":false},"author":3,"featured_media":31391,"comment_status":"open","ping_status":"open","sticky":false,"template":"","format":"standard","meta":{"_acf_changed":false,"footnotes":""},"categories":[343,345],"tags":[],"class_list":["post-31390","post","type-post","status-publish","format-standard","has-post-thumbnail","hentry","category-destacada","category-institucionales"],"acf":[],"yoast_head":"<!-- This site is optimized with the Yoast SEO plugin v28.2 - https:\/\/yoast.com\/product\/yoast-seo-wordpress\/ -->\n<title>Relaciones laborales entre profesionales - Colegio De Veterinarios De Santa Fe 2da. Circunscripci\u00f3n<\/title>\n<meta name=\"description\" content=\"Las relaciones laborales (como un cap\u00edtulo m\u00e1s de las relaciones humanas) son tema de creciente complejidad en los tiempos que corren. Requieren por ello\" \/>\n<meta name=\"robots\" content=\"index, follow, max-snippet:-1, max-image-preview:large, max-video-preview:-1\" \/>\n<link rel=\"canonical\" href=\"https:\/\/cmvsf2.org\/web\/2020\/12\/17\/relaciones-laborales-entre-profesionales\/\" \/>\n<meta property=\"og:locale\" content=\"es_ES\" \/>\n<meta property=\"og:type\" content=\"article\" \/>\n<meta property=\"og:title\" content=\"Relaciones laborales entre profesionales - Colegio De Veterinarios De Santa Fe 2da. Circunscripci\u00f3n\" \/>\n<meta property=\"og:description\" content=\"Las relaciones laborales (como un cap\u00edtulo m\u00e1s de las relaciones humanas) son tema de creciente complejidad en los tiempos que corren. Requieren por ello\" \/>\n<meta property=\"og:url\" content=\"https:\/\/cmvsf2.org\/web\/2020\/12\/17\/relaciones-laborales-entre-profesionales\/\" \/>\n<meta property=\"og:site_name\" content=\"Colegio De Veterinarios De Santa Fe 2da. Circunscripci\u00f3n\" \/>\n<meta property=\"article:published_time\" content=\"2020-12-17T18:34:22+00:00\" \/>\n<meta property=\"og:image\" content=\"https:\/\/cmvsf2.org\/web\/wp-content\/uploads\/2020\/12\/AuxVet_W.png\" \/>\n\t<meta property=\"og:image:width\" content=\"800\" \/>\n\t<meta property=\"og:image:height\" content=\"600\" \/>\n\t<meta property=\"og:image:type\" content=\"image\/png\" \/>\n<meta name=\"author\" content=\"cmvsf2\" \/>\n<meta name=\"twitter:card\" content=\"summary_large_image\" \/>\n<meta name=\"twitter:label1\" content=\"Escrito por\" \/>\n\t<meta name=\"twitter:data1\" content=\"cmvsf2\" \/>\n\t<meta name=\"twitter:label2\" content=\"Tiempo de lectura\" \/>\n\t<meta name=\"twitter:data2\" content=\"6 minutos\" \/>\n<script type=\"application\/ld+json\" class=\"yoast-schema-graph\">{\"@context\":\"https:\\\/\\\/schema.org\",\"@graph\":[{\"@type\":\"Article\",\"@id\":\"https:\\\/\\\/cmvsf2.org\\\/web\\\/2020\\\/12\\\/17\\\/relaciones-laborales-entre-profesionales\\\/#article\",\"isPartOf\":{\"@id\":\"https:\\\/\\\/cmvsf2.org\\\/web\\\/2020\\\/12\\\/17\\\/relaciones-laborales-entre-profesionales\\\/\"},\"author\":{\"name\":\"cmvsf2\",\"@id\":\"https:\\\/\\\/cmvsf2.org\\\/web\\\/#\\\/schema\\\/person\\\/46ea3630099a4a3df8d89f07cf5f7520\"},\"headline\":\"Relaciones laborales entre profesionales\",\"datePublished\":\"2020-12-17T18:34:22+00:00\",\"mainEntityOfPage\":{\"@id\":\"https:\\\/\\\/cmvsf2.org\\\/web\\\/2020\\\/12\\\/17\\\/relaciones-laborales-entre-profesionales\\\/\"},\"wordCount\":1166,\"commentCount\":0,\"publisher\":{\"@id\":\"https:\\\/\\\/cmvsf2.org\\\/web\\\/#organization\"},\"image\":{\"@id\":\"https:\\\/\\\/cmvsf2.org\\\/web\\\/2020\\\/12\\\/17\\\/relaciones-laborales-entre-profesionales\\\/#primaryimage\"},\"thumbnailUrl\":\"https:\\\/\\\/cmvsf2.org\\\/web\\\/wp-content\\\/uploads\\\/2020\\\/12\\\/AuxVet_W.png\",\"articleSection\":[\"Destacada\",\"Institucionales\"],\"inLanguage\":\"es\"},{\"@type\":\"WebPage\",\"@id\":\"https:\\\/\\\/cmvsf2.org\\\/web\\\/2020\\\/12\\\/17\\\/relaciones-laborales-entre-profesionales\\\/\",\"url\":\"https:\\\/\\\/cmvsf2.org\\\/web\\\/2020\\\/12\\\/17\\\/relaciones-laborales-entre-profesionales\\\/\",\"name\":\"Relaciones laborales entre profesionales - Colegio De Veterinarios De Santa Fe 2da. Circunscripci\u00f3n\",\"isPartOf\":{\"@id\":\"https:\\\/\\\/cmvsf2.org\\\/web\\\/#website\"},\"primaryImageOfPage\":{\"@id\":\"https:\\\/\\\/cmvsf2.org\\\/web\\\/2020\\\/12\\\/17\\\/relaciones-laborales-entre-profesionales\\\/#primaryimage\"},\"image\":{\"@id\":\"https:\\\/\\\/cmvsf2.org\\\/web\\\/2020\\\/12\\\/17\\\/relaciones-laborales-entre-profesionales\\\/#primaryimage\"},\"thumbnailUrl\":\"https:\\\/\\\/cmvsf2.org\\\/web\\\/wp-content\\\/uploads\\\/2020\\\/12\\\/AuxVet_W.png\",\"datePublished\":\"2020-12-17T18:34:22+00:00\",\"description\":\"Las relaciones laborales (como un cap\u00edtulo m\u00e1s de las relaciones humanas) son tema de creciente complejidad en los tiempos que corren. Requieren por ello\",\"breadcrumb\":{\"@id\":\"https:\\\/\\\/cmvsf2.org\\\/web\\\/2020\\\/12\\\/17\\\/relaciones-laborales-entre-profesionales\\\/#breadcrumb\"},\"inLanguage\":\"es\",\"potentialAction\":[{\"@type\":\"ReadAction\",\"target\":[\"https:\\\/\\\/cmvsf2.org\\\/web\\\/2020\\\/12\\\/17\\\/relaciones-laborales-entre-profesionales\\\/\"]}]},{\"@type\":\"ImageObject\",\"inLanguage\":\"es\",\"@id\":\"https:\\\/\\\/cmvsf2.org\\\/web\\\/2020\\\/12\\\/17\\\/relaciones-laborales-entre-profesionales\\\/#primaryimage\",\"url\":\"https:\\\/\\\/cmvsf2.org\\\/web\\\/wp-content\\\/uploads\\\/2020\\\/12\\\/AuxVet_W.png\",\"contentUrl\":\"https:\\\/\\\/cmvsf2.org\\\/web\\\/wp-content\\\/uploads\\\/2020\\\/12\\\/AuxVet_W.png\",\"width\":800,\"height\":600},{\"@type\":\"BreadcrumbList\",\"@id\":\"https:\\\/\\\/cmvsf2.org\\\/web\\\/2020\\\/12\\\/17\\\/relaciones-laborales-entre-profesionales\\\/#breadcrumb\",\"itemListElement\":[{\"@type\":\"ListItem\",\"position\":1,\"name\":\"Portada\",\"item\":\"https:\\\/\\\/cmvsf2.org\\\/web\\\/\"},{\"@type\":\"ListItem\",\"position\":2,\"name\":\"Relaciones laborales entre profesionales\"}]},{\"@type\":\"WebSite\",\"@id\":\"https:\\\/\\\/cmvsf2.org\\\/web\\\/#website\",\"url\":\"https:\\\/\\\/cmvsf2.org\\\/web\\\/\",\"name\":\"Colegio De Veterinarios De Santa Fe 2da. Circunscripci\u00f3n\",\"description\":\"Sitio institucional del Colegio de M\u00e9dicos Veterinario de Santa Fe 2da. Circunscripci\u00f3n\",\"publisher\":{\"@id\":\"https:\\\/\\\/cmvsf2.org\\\/web\\\/#organization\"},\"potentialAction\":[{\"@type\":\"SearchAction\",\"target\":{\"@type\":\"EntryPoint\",\"urlTemplate\":\"https:\\\/\\\/cmvsf2.org\\\/web\\\/?s={search_term_string}\"},\"query-input\":{\"@type\":\"PropertyValueSpecification\",\"valueRequired\":true,\"valueName\":\"search_term_string\"}}],\"inLanguage\":\"es\"},{\"@type\":\"Organization\",\"@id\":\"https:\\\/\\\/cmvsf2.org\\\/web\\\/#organization\",\"name\":\"Colegio De Veterinarios De Santa Fe 2da. Circunscripci\u00f3n\",\"url\":\"https:\\\/\\\/cmvsf2.org\\\/web\\\/\",\"logo\":{\"@type\":\"ImageObject\",\"inLanguage\":\"es\",\"@id\":\"https:\\\/\\\/cmvsf2.org\\\/web\\\/#\\\/schema\\\/logo\\\/image\\\/\",\"url\":\"http:\\\/\\\/cmvsf2.org\\\/web\\\/wp-content\\\/uploads\\\/2020\\\/03\\\/vector-logo-02.png\",\"contentUrl\":\"http:\\\/\\\/cmvsf2.org\\\/web\\\/wp-content\\\/uploads\\\/2020\\\/03\\\/vector-logo-02.png\",\"width\":2750,\"height\":642,\"caption\":\"Colegio De Veterinarios De Santa Fe 2da. Circunscripci\u00f3n\"},\"image\":{\"@id\":\"https:\\\/\\\/cmvsf2.org\\\/web\\\/#\\\/schema\\\/logo\\\/image\\\/\"}},{\"@type\":\"Person\",\"@id\":\"https:\\\/\\\/cmvsf2.org\\\/web\\\/#\\\/schema\\\/person\\\/46ea3630099a4a3df8d89f07cf5f7520\",\"name\":\"cmvsf2\",\"image\":{\"@type\":\"ImageObject\",\"inLanguage\":\"es\",\"@id\":\"https:\\\/\\\/secure.gravatar.com\\\/avatar\\\/669647b61c77f28f1aa51df04174a5ecb296e9988b4a93d2870666cd1f502cd7?s=96&d=mm&r=g\",\"url\":\"https:\\\/\\\/secure.gravatar.com\\\/avatar\\\/669647b61c77f28f1aa51df04174a5ecb296e9988b4a93d2870666cd1f502cd7?s=96&d=mm&r=g\",\"contentUrl\":\"https:\\\/\\\/secure.gravatar.com\\\/avatar\\\/669647b61c77f28f1aa51df04174a5ecb296e9988b4a93d2870666cd1f502cd7?s=96&d=mm&r=g\",\"caption\":\"cmvsf2\"}}]}<\/script>\n<!-- \/ Yoast SEO plugin. -->","yoast_head_json":{"title":"Relaciones laborales entre profesionales - Colegio De Veterinarios De Santa Fe 2da. Circunscripci\u00f3n","description":"Las relaciones laborales (como un cap\u00edtulo m\u00e1s de las relaciones humanas) son tema de creciente complejidad en los tiempos que corren. Requieren por ello","robots":{"index":"index","follow":"follow","max-snippet":"max-snippet:-1","max-image-preview":"max-image-preview:large","max-video-preview":"max-video-preview:-1"},"canonical":"https:\/\/cmvsf2.org\/web\/2020\/12\/17\/relaciones-laborales-entre-profesionales\/","og_locale":"es_ES","og_type":"article","og_title":"Relaciones laborales entre profesionales - Colegio De Veterinarios De Santa Fe 2da. Circunscripci\u00f3n","og_description":"Las relaciones laborales (como un cap\u00edtulo m\u00e1s de las relaciones humanas) son tema de creciente complejidad en los tiempos que corren. Requieren por ello","og_url":"https:\/\/cmvsf2.org\/web\/2020\/12\/17\/relaciones-laborales-entre-profesionales\/","og_site_name":"Colegio De Veterinarios De Santa Fe 2da. Circunscripci\u00f3n","article_published_time":"2020-12-17T18:34:22+00:00","og_image":[{"width":800,"height":600,"url":"https:\/\/cmvsf2.org\/web\/wp-content\/uploads\/2020\/12\/AuxVet_W.png","type":"image\/png"}],"author":"cmvsf2","twitter_card":"summary_large_image","twitter_misc":{"Escrito por":"cmvsf2","Tiempo de lectura":"6 minutos"},"schema":{"@context":"https:\/\/schema.org","@graph":[{"@type":"Article","@id":"https:\/\/cmvsf2.org\/web\/2020\/12\/17\/relaciones-laborales-entre-profesionales\/#article","isPartOf":{"@id":"https:\/\/cmvsf2.org\/web\/2020\/12\/17\/relaciones-laborales-entre-profesionales\/"},"author":{"name":"cmvsf2","@id":"https:\/\/cmvsf2.org\/web\/#\/schema\/person\/46ea3630099a4a3df8d89f07cf5f7520"},"headline":"Relaciones laborales entre profesionales","datePublished":"2020-12-17T18:34:22+00:00","mainEntityOfPage":{"@id":"https:\/\/cmvsf2.org\/web\/2020\/12\/17\/relaciones-laborales-entre-profesionales\/"},"wordCount":1166,"commentCount":0,"publisher":{"@id":"https:\/\/cmvsf2.org\/web\/#organization"},"image":{"@id":"https:\/\/cmvsf2.org\/web\/2020\/12\/17\/relaciones-laborales-entre-profesionales\/#primaryimage"},"thumbnailUrl":"https:\/\/cmvsf2.org\/web\/wp-content\/uploads\/2020\/12\/AuxVet_W.png","articleSection":["Destacada","Institucionales"],"inLanguage":"es"},{"@type":"WebPage","@id":"https:\/\/cmvsf2.org\/web\/2020\/12\/17\/relaciones-laborales-entre-profesionales\/","url":"https:\/\/cmvsf2.org\/web\/2020\/12\/17\/relaciones-laborales-entre-profesionales\/","name":"Relaciones laborales entre profesionales - Colegio De Veterinarios De Santa Fe 2da. Circunscripci\u00f3n","isPartOf":{"@id":"https:\/\/cmvsf2.org\/web\/#website"},"primaryImageOfPage":{"@id":"https:\/\/cmvsf2.org\/web\/2020\/12\/17\/relaciones-laborales-entre-profesionales\/#primaryimage"},"image":{"@id":"https:\/\/cmvsf2.org\/web\/2020\/12\/17\/relaciones-laborales-entre-profesionales\/#primaryimage"},"thumbnailUrl":"https:\/\/cmvsf2.org\/web\/wp-content\/uploads\/2020\/12\/AuxVet_W.png","datePublished":"2020-12-17T18:34:22+00:00","description":"Las relaciones laborales (como un cap\u00edtulo m\u00e1s de las relaciones humanas) son tema de creciente complejidad en los tiempos que corren. Requieren por ello","breadcrumb":{"@id":"https:\/\/cmvsf2.org\/web\/2020\/12\/17\/relaciones-laborales-entre-profesionales\/#breadcrumb"},"inLanguage":"es","potentialAction":[{"@type":"ReadAction","target":["https:\/\/cmvsf2.org\/web\/2020\/12\/17\/relaciones-laborales-entre-profesionales\/"]}]},{"@type":"ImageObject","inLanguage":"es","@id":"https:\/\/cmvsf2.org\/web\/2020\/12\/17\/relaciones-laborales-entre-profesionales\/#primaryimage","url":"https:\/\/cmvsf2.org\/web\/wp-content\/uploads\/2020\/12\/AuxVet_W.png","contentUrl":"https:\/\/cmvsf2.org\/web\/wp-content\/uploads\/2020\/12\/AuxVet_W.png","width":800,"height":600},{"@type":"BreadcrumbList","@id":"https:\/\/cmvsf2.org\/web\/2020\/12\/17\/relaciones-laborales-entre-profesionales\/#breadcrumb","itemListElement":[{"@type":"ListItem","position":1,"name":"Portada","item":"https:\/\/cmvsf2.org\/web\/"},{"@type":"ListItem","position":2,"name":"Relaciones laborales entre profesionales"}]},{"@type":"WebSite","@id":"https:\/\/cmvsf2.org\/web\/#website","url":"https:\/\/cmvsf2.org\/web\/","name":"Colegio De Veterinarios De Santa Fe 2da. Circunscripci\u00f3n","description":"Sitio institucional del Colegio de M\u00e9dicos Veterinario de Santa Fe 2da. Circunscripci\u00f3n","publisher":{"@id":"https:\/\/cmvsf2.org\/web\/#organization"},"potentialAction":[{"@type":"SearchAction","target":{"@type":"EntryPoint","urlTemplate":"https:\/\/cmvsf2.org\/web\/?s={search_term_string}"},"query-input":{"@type":"PropertyValueSpecification","valueRequired":true,"valueName":"search_term_string"}}],"inLanguage":"es"},{"@type":"Organization","@id":"https:\/\/cmvsf2.org\/web\/#organization","name":"Colegio De Veterinarios De Santa Fe 2da. Circunscripci\u00f3n","url":"https:\/\/cmvsf2.org\/web\/","logo":{"@type":"ImageObject","inLanguage":"es","@id":"https:\/\/cmvsf2.org\/web\/#\/schema\/logo\/image\/","url":"http:\/\/cmvsf2.org\/web\/wp-content\/uploads\/2020\/03\/vector-logo-02.png","contentUrl":"http:\/\/cmvsf2.org\/web\/wp-content\/uploads\/2020\/03\/vector-logo-02.png","width":2750,"height":642,"caption":"Colegio De Veterinarios De Santa Fe 2da. Circunscripci\u00f3n"},"image":{"@id":"https:\/\/cmvsf2.org\/web\/#\/schema\/logo\/image\/"}},{"@type":"Person","@id":"https:\/\/cmvsf2.org\/web\/#\/schema\/person\/46ea3630099a4a3df8d89f07cf5f7520","name":"cmvsf2","image":{"@type":"ImageObject","inLanguage":"es","@id":"https:\/\/secure.gravatar.com\/avatar\/669647b61c77f28f1aa51df04174a5ecb296e9988b4a93d2870666cd1f502cd7?s=96&d=mm&r=g","url":"https:\/\/secure.gravatar.com\/avatar\/669647b61c77f28f1aa51df04174a5ecb296e9988b4a93d2870666cd1f502cd7?s=96&d=mm&r=g","contentUrl":"https:\/\/secure.gravatar.com\/avatar\/669647b61c77f28f1aa51df04174a5ecb296e9988b4a93d2870666cd1f502cd7?s=96&d=mm&r=g","caption":"cmvsf2"}}]}},"_links":{"self":[{"href":"https:\/\/cmvsf2.org\/web\/wp-json\/wp\/v2\/posts\/31390","targetHints":{"allow":["GET"]}}],"collection":[{"href":"https:\/\/cmvsf2.org\/web\/wp-json\/wp\/v2\/posts"}],"about":[{"href":"https:\/\/cmvsf2.org\/web\/wp-json\/wp\/v2\/types\/post"}],"author":[{"embeddable":true,"href":"https:\/\/cmvsf2.org\/web\/wp-json\/wp\/v2\/users\/3"}],"replies":[{"embeddable":true,"href":"https:\/\/cmvsf2.org\/web\/wp-json\/wp\/v2\/comments?post=31390"}],"version-history":[{"count":1,"href":"https:\/\/cmvsf2.org\/web\/wp-json\/wp\/v2\/posts\/31390\/revisions"}],"predecessor-version":[{"id":31392,"href":"https:\/\/cmvsf2.org\/web\/wp-json\/wp\/v2\/posts\/31390\/revisions\/31392"}],"wp:featuredmedia":[{"embeddable":true,"href":"https:\/\/cmvsf2.org\/web\/wp-json\/wp\/v2\/media\/31391"}],"wp:attachment":[{"href":"https:\/\/cmvsf2.org\/web\/wp-json\/wp\/v2\/media?parent=31390"}],"wp:term":[{"taxonomy":"category","embeddable":true,"href":"https:\/\/cmvsf2.org\/web\/wp-json\/wp\/v2\/categories?post=31390"},{"taxonomy":"post_tag","embeddable":true,"href":"https:\/\/cmvsf2.org\/web\/wp-json\/wp\/v2\/tags?post=31390"}],"curies":[{"name":"wp","href":"https:\/\/api.w.org\/{rel}","templated":true}]}}