{"id":31000,"date":"2020-09-02T18:50:26","date_gmt":"2020-09-02T18:50:26","guid":{"rendered":"http:\/\/cmvsf2.org\/web\/?p=31000"},"modified":"2020-09-02T18:50:26","modified_gmt":"2020-09-02T18:50:26","slug":"nueva-jornada-de-educacion-continua-para-corresponsables-sanitarios","status":"publish","type":"post","link":"https:\/\/cmvsf2.org\/web\/2020\/09\/02\/nueva-jornada-de-educacion-continua-para-corresponsables-sanitarios\/","title":{"rendered":"Nueva Jornada de Educaci\u00f3n Continua para Corresponsables Sanitarios"},"content":{"rendered":"<p>El Colegio de M\u00e9dicos de la Provincia de Santa Fe invita a participar de una nueva Jornada de Educaci\u00f3n Continua para Corresponsables Sanitarios. La misma tendr\u00e1 lugar el jueves 10 de setiembre a las 18.30 a trav\u00e9s de la plataforma Zoom.<\/p>\n<p><img loading=\"lazy\" decoding=\"async\" class=\"aligncenter wp-image-31002 size-jeg-750x536\" src=\"https:\/\/cmvsf2.org\/web\/wp-content\/uploads\/2020\/09\/unnamed-750x536.jpg\" alt=\"\" width=\"750\" height=\"536\" \/><\/p>\n<p><em><strong>Las inscripciones ya est\u00e1n abiertas y pueden realizarse a trav\u00e9s de siguiente link:<\/strong><\/em><br \/>\nhttps:\/\/us02web.zoom.us\/webinar\/register\/WN_bCg68vSpRmymp71sSVGMFg<\/p>\n<p>Luego de completar el formulario online, recibir\u00e1n un correo electr\u00f3nico de confirmaci\u00f3n con informaci\u00f3n para unirse al seminario web.<\/p>\n<p>Se recuerda que est\u00e1 en vigencia la Resoluci\u00f3n N\u00ba 004\/2016 del Ministerio de la Producci\u00f3n (Registro de Corresponsables Sanitarios) y Resol. N\u00ba100\/2016 de CD del CMVSF. Uno de los requisitos para integrar dicho registro es que el profesional deber\u00e1 cumplir como m\u00ednimo con el 75% del programa establecido en los dos a\u00f1os anteriores a la fecha de actualizaci\u00f3n del padr\u00f3n, al 31 de diciembre de cada a\u00f1o calendario (o sea 3 de 4).<\/p>\n<p>Debido a los motivos que son de p\u00fablico conocimiento y por disposici\u00f3n del Gobierno Nacional del Aislamiento Social Preventivo y Obligatorio (ASPO) las Jornadas para Corresponsables Sanitarios se dictan en la modalidad Online con plataforma Zoom.<\/p>\n<p><strong>Pautas para tener en cuenta en el momento de la inscripci\u00f3n a las pr\u00f3ximas jornadas para Corresponsables Sanitarios:<\/strong><\/p>\n<p>\u2022 Deber\u00e1 tener presente el n\u00famero de matr\u00edcula, en caso de que coloque un n\u00famero equivocado la participaci\u00f3n en la jornada quedar\u00eda cargada en otro profesional.<br \/>\n\u2022 La conexi\u00f3n el d\u00eda de la jornada debe hacerla con la misma direcci\u00f3n de correo cargada en la inscripci\u00f3n, preferentemente la que figura en su legajo profesional.<\/p>\n<p><strong>Ante este nuevo escenario hemos adaptado la reglamentaci\u00f3n vigente:<\/strong><\/p>\n<p>a) Se realizan por plataforma Zoom para todos los matriculados corresponsables sanitarios, las cuales ser\u00e1n dos disertaciones por cada semestre.<br \/>\nb) En el transcurso de la disertaci\u00f3n se efectuar\u00e1n 2 (dos) cuestionarios aleatorios de 10\u2019 c\/u en la misma plataforma en el momento de la conferencia.<br \/>\nc) Para poder contar con la asistencia se computar\u00e1 adem\u00e1s de la evaluaci\u00f3n, el tiempo de conexi\u00f3n que deber\u00e1 ser como m\u00ednimo del 75% del tiempo de conferencia.<br \/>\nd) En casos excepcionales, por razones de fuerza mayor y previamente autorizados, los corresponsables sanitarios que lo realicen en grupo, deber\u00e1n enviar con antelaci\u00f3n el listado de los participantes y se acreditar\u00e1 la asistencia con una foto enviada al WhatsApp del Colegio. Ser\u00e1 tomada la evaluaci\u00f3n del corresponsable que est\u00e1 conectado.<br \/>\ne) Las jornadas son de diferentes tem\u00e1ticas y organizadas por 1\u00b0 y 2\u00b0 Circunscripci\u00f3n del Colegio. El corresponsable sanitario que desea asistir a las dos lo podr\u00e1 hacer inscribi\u00e9ndose en cada una, comput\u00e1ndole solamente una asistencia.<\/p>\n<p>En esta oportunidad aquellos profesionales que hasta el momento hayan participado s\u00f3lo a una jornada contabilizando las de junio y septiembre del 2019 y junio del 2020, por lo que no estar\u00edan alcanzando el m\u00ednimo exigido por la Resoluci\u00f3n n\u00ba 004, tendr\u00e1n la posibilidad de que, participando de las dos disertaciones, se les compute doble y as\u00ed poder lograr el 75% de asistencia.<\/p>\n","protected":false},"excerpt":{"rendered":"<p>El Colegio de M\u00e9dicos de la Provincia de Santa Fe invita a participar de una nueva Jornada de Educaci\u00f3n Continua para Corresponsables Sanitarios. La misma tendr\u00e1 lugar el jueves 10 de setiembre a las 18.30 a trav\u00e9s de la plataforma Zoom. Las inscripciones ya est\u00e1n abiertas y pueden realizarse a trav\u00e9s de siguiente link: https:\/\/us02web.zoom.us\/webinar\/register\/WN_bCg68vSpRmymp71sSVGMFg Luego de completar el formulario online, recibir\u00e1n un correo [&hellip;]<\/p>\n","protected":false},"author":3,"featured_media":31003,"comment_status":"open","ping_status":"open","sticky":false,"template":"","format":"standard","meta":{"_acf_changed":false,"footnotes":""},"categories":[343,35,451],"tags":[278,289,497],"class_list":["post-31000","post","type-post","status-publish","format-standard","has-post-thumbnail","hentry","category-destacada","category-formacion","category-sanidad-animal","tag-corresponsables-sanitarios","tag-inmunologia","tag-vacunologia"],"acf":[],"yoast_head":"<!-- This site is optimized with the Yoast SEO plugin v28.2 - https:\/\/yoast.com\/product\/yoast-seo-wordpress\/ -->\n<title>Nueva Jornada de Educaci\u00f3n Continua para Corresponsables Sanitarios - Colegio De Veterinarios De Santa Fe 2da. Circunscripci\u00f3n<\/title>\n<meta name=\"description\" content=\"El Colegio de M\u00e9dicos de la Provincia de Santa Fe invita a participar de una nueva Jornada de Educaci\u00f3n Continua para Corresponsables Sanitarios. La misma\" \/>\n<meta name=\"robots\" content=\"index, follow, max-snippet:-1, max-image-preview:large, max-video-preview:-1\" \/>\n<link rel=\"canonical\" href=\"https:\/\/cmvsf2.org\/web\/2020\/09\/02\/nueva-jornada-de-educacion-continua-para-corresponsables-sanitarios\/\" \/>\n<meta property=\"og:locale\" content=\"es_ES\" \/>\n<meta property=\"og:type\" content=\"article\" \/>\n<meta property=\"og:title\" content=\"Nueva Jornada de Educaci\u00f3n Continua para Corresponsables Sanitarios - Colegio De Veterinarios De Santa Fe 2da. Circunscripci\u00f3n\" \/>\n<meta property=\"og:description\" content=\"El Colegio de M\u00e9dicos de la Provincia de Santa Fe invita a participar de una nueva Jornada de Educaci\u00f3n Continua para Corresponsables Sanitarios. La misma\" \/>\n<meta property=\"og:url\" content=\"https:\/\/cmvsf2.org\/web\/2020\/09\/02\/nueva-jornada-de-educacion-continua-para-corresponsables-sanitarios\/\" \/>\n<meta property=\"og:site_name\" content=\"Colegio De Veterinarios De Santa Fe 2da. Circunscripci\u00f3n\" \/>\n<meta property=\"article:published_time\" content=\"2020-09-02T18:50:26+00:00\" \/>\n<meta property=\"og:image\" content=\"https:\/\/cmvsf2.org\/web\/wp-content\/uploads\/2020\/09\/veterinario.jpg\" \/>\n\t<meta property=\"og:image:width\" content=\"800\" \/>\n\t<meta property=\"og:image:height\" content=\"500\" \/>\n\t<meta property=\"og:image:type\" content=\"image\/jpeg\" \/>\n<meta name=\"author\" content=\"cmvsf2\" \/>\n<meta name=\"twitter:card\" content=\"summary_large_image\" \/>\n<meta name=\"twitter:label1\" content=\"Escrito por\" \/>\n\t<meta name=\"twitter:data1\" content=\"cmvsf2\" \/>\n\t<meta name=\"twitter:label2\" content=\"Tiempo de lectura\" \/>\n\t<meta name=\"twitter:data2\" content=\"3 minutos\" \/>\n<script type=\"application\/ld+json\" class=\"yoast-schema-graph\">{\"@context\":\"https:\\\/\\\/schema.org\",\"@graph\":[{\"@type\":\"Article\",\"@id\":\"https:\\\/\\\/cmvsf2.org\\\/web\\\/2020\\\/09\\\/02\\\/nueva-jornada-de-educacion-continua-para-corresponsables-sanitarios\\\/#article\",\"isPartOf\":{\"@id\":\"https:\\\/\\\/cmvsf2.org\\\/web\\\/2020\\\/09\\\/02\\\/nueva-jornada-de-educacion-continua-para-corresponsables-sanitarios\\\/\"},\"author\":{\"name\":\"cmvsf2\",\"@id\":\"https:\\\/\\\/cmvsf2.org\\\/web\\\/#\\\/schema\\\/person\\\/46ea3630099a4a3df8d89f07cf5f7520\"},\"headline\":\"Nueva Jornada de Educaci\u00f3n Continua para Corresponsables Sanitarios\",\"datePublished\":\"2020-09-02T18:50:26+00:00\",\"mainEntityOfPage\":{\"@id\":\"https:\\\/\\\/cmvsf2.org\\\/web\\\/2020\\\/09\\\/02\\\/nueva-jornada-de-educacion-continua-para-corresponsables-sanitarios\\\/\"},\"wordCount\":539,\"commentCount\":0,\"publisher\":{\"@id\":\"https:\\\/\\\/cmvsf2.org\\\/web\\\/#organization\"},\"image\":{\"@id\":\"https:\\\/\\\/cmvsf2.org\\\/web\\\/2020\\\/09\\\/02\\\/nueva-jornada-de-educacion-continua-para-corresponsables-sanitarios\\\/#primaryimage\"},\"thumbnailUrl\":\"https:\\\/\\\/cmvsf2.org\\\/web\\\/wp-content\\\/uploads\\\/2020\\\/09\\\/veterinario.jpg\",\"keywords\":[\"corresponsables sanitarios\",\"inmunolog\u00eda\",\"vacunolog\u00eda\"],\"articleSection\":[\"Destacada\",\"Formaci\u00f3n\",\"Sanidad animal\"],\"inLanguage\":\"es\"},{\"@type\":\"WebPage\",\"@id\":\"https:\\\/\\\/cmvsf2.org\\\/web\\\/2020\\\/09\\\/02\\\/nueva-jornada-de-educacion-continua-para-corresponsables-sanitarios\\\/\",\"url\":\"https:\\\/\\\/cmvsf2.org\\\/web\\\/2020\\\/09\\\/02\\\/nueva-jornada-de-educacion-continua-para-corresponsables-sanitarios\\\/\",\"name\":\"Nueva Jornada de Educaci\u00f3n Continua para Corresponsables Sanitarios - Colegio De Veterinarios De Santa Fe 2da. Circunscripci\u00f3n\",\"isPartOf\":{\"@id\":\"https:\\\/\\\/cmvsf2.org\\\/web\\\/#website\"},\"primaryImageOfPage\":{\"@id\":\"https:\\\/\\\/cmvsf2.org\\\/web\\\/2020\\\/09\\\/02\\\/nueva-jornada-de-educacion-continua-para-corresponsables-sanitarios\\\/#primaryimage\"},\"image\":{\"@id\":\"https:\\\/\\\/cmvsf2.org\\\/web\\\/2020\\\/09\\\/02\\\/nueva-jornada-de-educacion-continua-para-corresponsables-sanitarios\\\/#primaryimage\"},\"thumbnailUrl\":\"https:\\\/\\\/cmvsf2.org\\\/web\\\/wp-content\\\/uploads\\\/2020\\\/09\\\/veterinario.jpg\",\"datePublished\":\"2020-09-02T18:50:26+00:00\",\"description\":\"El Colegio de M\u00e9dicos de la Provincia de Santa Fe invita a participar de una nueva Jornada de Educaci\u00f3n Continua para Corresponsables Sanitarios. La misma\",\"breadcrumb\":{\"@id\":\"https:\\\/\\\/cmvsf2.org\\\/web\\\/2020\\\/09\\\/02\\\/nueva-jornada-de-educacion-continua-para-corresponsables-sanitarios\\\/#breadcrumb\"},\"inLanguage\":\"es\",\"potentialAction\":[{\"@type\":\"ReadAction\",\"target\":[\"https:\\\/\\\/cmvsf2.org\\\/web\\\/2020\\\/09\\\/02\\\/nueva-jornada-de-educacion-continua-para-corresponsables-sanitarios\\\/\"]}]},{\"@type\":\"ImageObject\",\"inLanguage\":\"es\",\"@id\":\"https:\\\/\\\/cmvsf2.org\\\/web\\\/2020\\\/09\\\/02\\\/nueva-jornada-de-educacion-continua-para-corresponsables-sanitarios\\\/#primaryimage\",\"url\":\"https:\\\/\\\/cmvsf2.org\\\/web\\\/wp-content\\\/uploads\\\/2020\\\/09\\\/veterinario.jpg\",\"contentUrl\":\"https:\\\/\\\/cmvsf2.org\\\/web\\\/wp-content\\\/uploads\\\/2020\\\/09\\\/veterinario.jpg\",\"width\":800,\"height\":500},{\"@type\":\"BreadcrumbList\",\"@id\":\"https:\\\/\\\/cmvsf2.org\\\/web\\\/2020\\\/09\\\/02\\\/nueva-jornada-de-educacion-continua-para-corresponsables-sanitarios\\\/#breadcrumb\",\"itemListElement\":[{\"@type\":\"ListItem\",\"position\":1,\"name\":\"Portada\",\"item\":\"https:\\\/\\\/cmvsf2.org\\\/web\\\/\"},{\"@type\":\"ListItem\",\"position\":2,\"name\":\"Nueva Jornada de Educaci\u00f3n Continua para Corresponsables Sanitarios\"}]},{\"@type\":\"WebSite\",\"@id\":\"https:\\\/\\\/cmvsf2.org\\\/web\\\/#website\",\"url\":\"https:\\\/\\\/cmvsf2.org\\\/web\\\/\",\"name\":\"Colegio De Veterinarios De Santa Fe 2da. Circunscripci\u00f3n\",\"description\":\"Sitio institucional del Colegio de M\u00e9dicos Veterinario de Santa Fe 2da. Circunscripci\u00f3n\",\"publisher\":{\"@id\":\"https:\\\/\\\/cmvsf2.org\\\/web\\\/#organization\"},\"potentialAction\":[{\"@type\":\"SearchAction\",\"target\":{\"@type\":\"EntryPoint\",\"urlTemplate\":\"https:\\\/\\\/cmvsf2.org\\\/web\\\/?s={search_term_string}\"},\"query-input\":{\"@type\":\"PropertyValueSpecification\",\"valueRequired\":true,\"valueName\":\"search_term_string\"}}],\"inLanguage\":\"es\"},{\"@type\":\"Organization\",\"@id\":\"https:\\\/\\\/cmvsf2.org\\\/web\\\/#organization\",\"name\":\"Colegio De Veterinarios De Santa Fe 2da. Circunscripci\u00f3n\",\"url\":\"https:\\\/\\\/cmvsf2.org\\\/web\\\/\",\"logo\":{\"@type\":\"ImageObject\",\"inLanguage\":\"es\",\"@id\":\"https:\\\/\\\/cmvsf2.org\\\/web\\\/#\\\/schema\\\/logo\\\/image\\\/\",\"url\":\"http:\\\/\\\/cmvsf2.org\\\/web\\\/wp-content\\\/uploads\\\/2020\\\/03\\\/vector-logo-02.png\",\"contentUrl\":\"http:\\\/\\\/cmvsf2.org\\\/web\\\/wp-content\\\/uploads\\\/2020\\\/03\\\/vector-logo-02.png\",\"width\":2750,\"height\":642,\"caption\":\"Colegio De Veterinarios De Santa Fe 2da. Circunscripci\u00f3n\"},\"image\":{\"@id\":\"https:\\\/\\\/cmvsf2.org\\\/web\\\/#\\\/schema\\\/logo\\\/image\\\/\"}},{\"@type\":\"Person\",\"@id\":\"https:\\\/\\\/cmvsf2.org\\\/web\\\/#\\\/schema\\\/person\\\/46ea3630099a4a3df8d89f07cf5f7520\",\"name\":\"cmvsf2\",\"image\":{\"@type\":\"ImageObject\",\"inLanguage\":\"es\",\"@id\":\"https:\\\/\\\/secure.gravatar.com\\\/avatar\\\/669647b61c77f28f1aa51df04174a5ecb296e9988b4a93d2870666cd1f502cd7?s=96&d=mm&r=g\",\"url\":\"https:\\\/\\\/secure.gravatar.com\\\/avatar\\\/669647b61c77f28f1aa51df04174a5ecb296e9988b4a93d2870666cd1f502cd7?s=96&d=mm&r=g\",\"contentUrl\":\"https:\\\/\\\/secure.gravatar.com\\\/avatar\\\/669647b61c77f28f1aa51df04174a5ecb296e9988b4a93d2870666cd1f502cd7?s=96&d=mm&r=g\",\"caption\":\"cmvsf2\"}}]}<\/script>\n<!-- \/ Yoast SEO plugin. -->","yoast_head_json":{"title":"Nueva Jornada de Educaci\u00f3n Continua para Corresponsables Sanitarios - Colegio De Veterinarios De Santa Fe 2da. Circunscripci\u00f3n","description":"El Colegio de M\u00e9dicos de la Provincia de Santa Fe invita a participar de una nueva Jornada de Educaci\u00f3n Continua para Corresponsables Sanitarios. La misma","robots":{"index":"index","follow":"follow","max-snippet":"max-snippet:-1","max-image-preview":"max-image-preview:large","max-video-preview":"max-video-preview:-1"},"canonical":"https:\/\/cmvsf2.org\/web\/2020\/09\/02\/nueva-jornada-de-educacion-continua-para-corresponsables-sanitarios\/","og_locale":"es_ES","og_type":"article","og_title":"Nueva Jornada de Educaci\u00f3n Continua para Corresponsables Sanitarios - Colegio De Veterinarios De Santa Fe 2da. Circunscripci\u00f3n","og_description":"El Colegio de M\u00e9dicos de la Provincia de Santa Fe invita a participar de una nueva Jornada de Educaci\u00f3n Continua para Corresponsables Sanitarios. La misma","og_url":"https:\/\/cmvsf2.org\/web\/2020\/09\/02\/nueva-jornada-de-educacion-continua-para-corresponsables-sanitarios\/","og_site_name":"Colegio De Veterinarios De Santa Fe 2da. Circunscripci\u00f3n","article_published_time":"2020-09-02T18:50:26+00:00","og_image":[{"width":800,"height":500,"url":"https:\/\/cmvsf2.org\/web\/wp-content\/uploads\/2020\/09\/veterinario.jpg","type":"image\/jpeg"}],"author":"cmvsf2","twitter_card":"summary_large_image","twitter_misc":{"Escrito por":"cmvsf2","Tiempo de lectura":"3 minutos"},"schema":{"@context":"https:\/\/schema.org","@graph":[{"@type":"Article","@id":"https:\/\/cmvsf2.org\/web\/2020\/09\/02\/nueva-jornada-de-educacion-continua-para-corresponsables-sanitarios\/#article","isPartOf":{"@id":"https:\/\/cmvsf2.org\/web\/2020\/09\/02\/nueva-jornada-de-educacion-continua-para-corresponsables-sanitarios\/"},"author":{"name":"cmvsf2","@id":"https:\/\/cmvsf2.org\/web\/#\/schema\/person\/46ea3630099a4a3df8d89f07cf5f7520"},"headline":"Nueva Jornada de Educaci\u00f3n Continua para Corresponsables Sanitarios","datePublished":"2020-09-02T18:50:26+00:00","mainEntityOfPage":{"@id":"https:\/\/cmvsf2.org\/web\/2020\/09\/02\/nueva-jornada-de-educacion-continua-para-corresponsables-sanitarios\/"},"wordCount":539,"commentCount":0,"publisher":{"@id":"https:\/\/cmvsf2.org\/web\/#organization"},"image":{"@id":"https:\/\/cmvsf2.org\/web\/2020\/09\/02\/nueva-jornada-de-educacion-continua-para-corresponsables-sanitarios\/#primaryimage"},"thumbnailUrl":"https:\/\/cmvsf2.org\/web\/wp-content\/uploads\/2020\/09\/veterinario.jpg","keywords":["corresponsables sanitarios","inmunolog\u00eda","vacunolog\u00eda"],"articleSection":["Destacada","Formaci\u00f3n","Sanidad animal"],"inLanguage":"es"},{"@type":"WebPage","@id":"https:\/\/cmvsf2.org\/web\/2020\/09\/02\/nueva-jornada-de-educacion-continua-para-corresponsables-sanitarios\/","url":"https:\/\/cmvsf2.org\/web\/2020\/09\/02\/nueva-jornada-de-educacion-continua-para-corresponsables-sanitarios\/","name":"Nueva Jornada de Educaci\u00f3n Continua para Corresponsables Sanitarios - Colegio De Veterinarios De Santa Fe 2da. Circunscripci\u00f3n","isPartOf":{"@id":"https:\/\/cmvsf2.org\/web\/#website"},"primaryImageOfPage":{"@id":"https:\/\/cmvsf2.org\/web\/2020\/09\/02\/nueva-jornada-de-educacion-continua-para-corresponsables-sanitarios\/#primaryimage"},"image":{"@id":"https:\/\/cmvsf2.org\/web\/2020\/09\/02\/nueva-jornada-de-educacion-continua-para-corresponsables-sanitarios\/#primaryimage"},"thumbnailUrl":"https:\/\/cmvsf2.org\/web\/wp-content\/uploads\/2020\/09\/veterinario.jpg","datePublished":"2020-09-02T18:50:26+00:00","description":"El Colegio de M\u00e9dicos de la Provincia de Santa Fe invita a participar de una nueva Jornada de Educaci\u00f3n Continua para Corresponsables Sanitarios. La misma","breadcrumb":{"@id":"https:\/\/cmvsf2.org\/web\/2020\/09\/02\/nueva-jornada-de-educacion-continua-para-corresponsables-sanitarios\/#breadcrumb"},"inLanguage":"es","potentialAction":[{"@type":"ReadAction","target":["https:\/\/cmvsf2.org\/web\/2020\/09\/02\/nueva-jornada-de-educacion-continua-para-corresponsables-sanitarios\/"]}]},{"@type":"ImageObject","inLanguage":"es","@id":"https:\/\/cmvsf2.org\/web\/2020\/09\/02\/nueva-jornada-de-educacion-continua-para-corresponsables-sanitarios\/#primaryimage","url":"https:\/\/cmvsf2.org\/web\/wp-content\/uploads\/2020\/09\/veterinario.jpg","contentUrl":"https:\/\/cmvsf2.org\/web\/wp-content\/uploads\/2020\/09\/veterinario.jpg","width":800,"height":500},{"@type":"BreadcrumbList","@id":"https:\/\/cmvsf2.org\/web\/2020\/09\/02\/nueva-jornada-de-educacion-continua-para-corresponsables-sanitarios\/#breadcrumb","itemListElement":[{"@type":"ListItem","position":1,"name":"Portada","item":"https:\/\/cmvsf2.org\/web\/"},{"@type":"ListItem","position":2,"name":"Nueva Jornada de Educaci\u00f3n Continua para Corresponsables Sanitarios"}]},{"@type":"WebSite","@id":"https:\/\/cmvsf2.org\/web\/#website","url":"https:\/\/cmvsf2.org\/web\/","name":"Colegio De Veterinarios De Santa Fe 2da. Circunscripci\u00f3n","description":"Sitio institucional del Colegio de M\u00e9dicos Veterinario de Santa Fe 2da. Circunscripci\u00f3n","publisher":{"@id":"https:\/\/cmvsf2.org\/web\/#organization"},"potentialAction":[{"@type":"SearchAction","target":{"@type":"EntryPoint","urlTemplate":"https:\/\/cmvsf2.org\/web\/?s={search_term_string}"},"query-input":{"@type":"PropertyValueSpecification","valueRequired":true,"valueName":"search_term_string"}}],"inLanguage":"es"},{"@type":"Organization","@id":"https:\/\/cmvsf2.org\/web\/#organization","name":"Colegio De Veterinarios De Santa Fe 2da. Circunscripci\u00f3n","url":"https:\/\/cmvsf2.org\/web\/","logo":{"@type":"ImageObject","inLanguage":"es","@id":"https:\/\/cmvsf2.org\/web\/#\/schema\/logo\/image\/","url":"http:\/\/cmvsf2.org\/web\/wp-content\/uploads\/2020\/03\/vector-logo-02.png","contentUrl":"http:\/\/cmvsf2.org\/web\/wp-content\/uploads\/2020\/03\/vector-logo-02.png","width":2750,"height":642,"caption":"Colegio De Veterinarios De Santa Fe 2da. Circunscripci\u00f3n"},"image":{"@id":"https:\/\/cmvsf2.org\/web\/#\/schema\/logo\/image\/"}},{"@type":"Person","@id":"https:\/\/cmvsf2.org\/web\/#\/schema\/person\/46ea3630099a4a3df8d89f07cf5f7520","name":"cmvsf2","image":{"@type":"ImageObject","inLanguage":"es","@id":"https:\/\/secure.gravatar.com\/avatar\/669647b61c77f28f1aa51df04174a5ecb296e9988b4a93d2870666cd1f502cd7?s=96&d=mm&r=g","url":"https:\/\/secure.gravatar.com\/avatar\/669647b61c77f28f1aa51df04174a5ecb296e9988b4a93d2870666cd1f502cd7?s=96&d=mm&r=g","contentUrl":"https:\/\/secure.gravatar.com\/avatar\/669647b61c77f28f1aa51df04174a5ecb296e9988b4a93d2870666cd1f502cd7?s=96&d=mm&r=g","caption":"cmvsf2"}}]}},"_links":{"self":[{"href":"https:\/\/cmvsf2.org\/web\/wp-json\/wp\/v2\/posts\/31000","targetHints":{"allow":["GET"]}}],"collection":[{"href":"https:\/\/cmvsf2.org\/web\/wp-json\/wp\/v2\/posts"}],"about":[{"href":"https:\/\/cmvsf2.org\/web\/wp-json\/wp\/v2\/types\/post"}],"author":[{"embeddable":true,"href":"https:\/\/cmvsf2.org\/web\/wp-json\/wp\/v2\/users\/3"}],"replies":[{"embeddable":true,"href":"https:\/\/cmvsf2.org\/web\/wp-json\/wp\/v2\/comments?post=31000"}],"version-history":[{"count":1,"href":"https:\/\/cmvsf2.org\/web\/wp-json\/wp\/v2\/posts\/31000\/revisions"}],"predecessor-version":[{"id":31005,"href":"https:\/\/cmvsf2.org\/web\/wp-json\/wp\/v2\/posts\/31000\/revisions\/31005"}],"wp:featuredmedia":[{"embeddable":true,"href":"https:\/\/cmvsf2.org\/web\/wp-json\/wp\/v2\/media\/31003"}],"wp:attachment":[{"href":"https:\/\/cmvsf2.org\/web\/wp-json\/wp\/v2\/media?parent=31000"}],"wp:term":[{"taxonomy":"category","embeddable":true,"href":"https:\/\/cmvsf2.org\/web\/wp-json\/wp\/v2\/categories?post=31000"},{"taxonomy":"post_tag","embeddable":true,"href":"https:\/\/cmvsf2.org\/web\/wp-json\/wp\/v2\/tags?post=31000"}],"curies":[{"name":"wp","href":"https:\/\/api.w.org\/{rel}","templated":true}]}}