{"id":29573,"date":"2017-01-13T16:43:43","date_gmt":"2017-01-13T16:43:43","guid":{"rendered":"http:\/\/sessionstudio.ar\/vet\/web\/?p=3146"},"modified":"2017-01-13T16:43:43","modified_gmt":"2017-01-13T16:43:43","slug":"vacaciones-con-nuestro-perro","status":"publish","type":"post","link":"https:\/\/cmvsf2.org\/web\/2017\/01\/13\/vacaciones-con-nuestro-perro\/","title":{"rendered":"Vacaciones con nuestro perro"},"content":{"rendered":"<p><em><a href=\"https:\/\/profesionales.lacapital.com.ar\/Veterinaria\/14\/334_De_vacaciones_con_nuestro_perro\">Art\u00edculo publicado en el Diario La Capital<\/a><\/em><\/p>\n<h2>Si ha decido viajar en estas vacaciones con su perro, debe tener en cuanta algunos detalles para poder disfrutar a pleno con su compa\u00f1ero peludo.<\/h2>\n<h2><img loading=\"lazy\" decoding=\"async\" class=\"size-full wp-image-3147 alignright\" src=\"https:\/\/cmvsf2.org\/web\/wp-content\/uploads\/2017\/01\/Very-Calm-Dog-1.jpg\" alt=\"\" width=\"369\" height=\"277\" srcset=\"https:\/\/cmvsf2.org\/web\/wp-content\/uploads\/2017\/01\/Very-Calm-Dog-1.jpg 369w, https:\/\/cmvsf2.org\/web\/wp-content\/uploads\/2017\/01\/Very-Calm-Dog-1-300x225.jpg 300w\" sizes=\"auto, (max-width: 369px) 100vw, 369px\" \/><\/h2>\n<h5>?\u00a0Recuerde que EL ANIMAL NUNCA PUEDE VIJAR SUELTO DENTRO DEL HABIT\u00c1CULO DEL AUTO.<\/h5>\n<p>El mismo, debe ir en el asiento de atr\u00e1s sujetado con un arn\u00e9s o pretal a los dispositivos de seguridad del autom\u00f3vil. Otra opci\u00f3n es dentro de un canil que ubicar\u00e1 en el suelo detr\u00e1s del asiento del conductor. En cualquier caso, debe asegurarse de que el animal no obstaculice la visi\u00f3n de la persona al volante.<br \/>\nAdem\u00e1s, tenga en cuenta que\u00a0los animales sueltos en el auto, en caso de colisi\u00f3n, se comportan como bultos. Para hacernos una idea,\u00a0un perro de 20 kilos de peso, golpear\u00e1 a los pasajeros con una fuerza equivalente a 600 kilos.<\/p>\n<h5>?\u00a0No permita que el animal saque la cabeza por las ventanillas.<\/h5>\n<p>El mismo puede golpearse con otro veh\u00edculo y afectar sus o\u00eddos.<\/p>\n<h5>?\u00a0Realice varias paradas en el camino para que el animal haga sus necesidades fisiol\u00f3gicas y estire sus patas. A su vez, ofr\u00e9zcale agua\u00a0peri\u00f3dicamente.<\/h5>\n<h5>?\u00a0Nunca deje al animal dentro de un veh\u00edculo expuesto al sol.<\/h5>\n<p>Su mascota puede deshidratarse en muy poco tiempo y ocasionarle incluso la muerte.<\/p>\n<h5>?\u00a0Si se trata de un animal muy ansioso, consulte con su M\u00e9dico Veterinario de confianza para la administraci\u00f3n de tranquilizantes. No lo medique por su cuenta.<\/h5>\n<h5>?\u00a0Col\u00f3quele un collar o pretal con correa y medalla identificatoria con un n\u00famero telef\u00f3nico, detallando c\u00f3digo de pa\u00eds y de \u00e1rea.<\/h5>\n<h5>?\u00a0Es imprescindible llevar la documentaci\u00f3n extendida por su Veterinario de confianza.<\/h5>\n<p>Debe garantizar el estado de salud y certificar las medidas de prevenci\u00f3n exigidos por los organismos de control. De acuerdo al pa\u00eds de procedencia y destino podr\u00e1 consultar los diferentes requisitos <a href=\"http:\/\/sessionstudio.ar\/vet\/web\/viajas-con-tu-mascota\/\">haciendo click aqu\u00ed<\/a><\/p>\n<h5>?\u00a0Si viaja al Norte de nuestro pa\u00eds, Sur de Brasil o Uruguay.<\/h5>\n<p>Es aconsejable colocar al animal pipeta contra mosquitos o collar repelente. Debido a que en \u00e9stas zonas se han reportado casos de Leishmaniosis. Enfermedad que en el sur de Santa Fe no se ha registrado.<br \/>\nEn este sentido, cabe destacar que a partir del 1 de diciembre de 2016 todos los perros procedentes de la Argentina que ingresen a la Rep\u00fablica Oriental del Uruguay, por el paso de frontera del Departamento de Salto (Puente Concordia-Salto), deber\u00e1n portar un collar. Se trata de un repelente contra el insecto transmisor de Leishmania a base de\u00a0deltametrina o de imidacloprid \/ flumetrina,\u00a0aprobado por SENASA, que se puede adquirir en cualquier veterinaria.<br \/>\n&nbsp;<\/p>\n","protected":false},"excerpt":{"rendered":"<p>Art\u00edculo publicado en el Diario La Capital Si ha decido viajar en estas vacaciones con su perro, debe tener en cuanta algunos detalles para poder disfrutar a pleno con su compa\u00f1ero peludo. ?\u00a0Recuerde que EL ANIMAL NUNCA PUEDE VIJAR SUELTO DENTRO DEL HABIT\u00c1CULO DEL AUTO. El mismo, debe ir en el asiento de atr\u00e1s sujetado con un arn\u00e9s o pretal a los dispositivos de [&hellip;]<\/p>\n","protected":false},"author":3,"featured_media":3077,"comment_status":"open","ping_status":"open","sticky":false,"template":"","format":"standard","meta":{"_acf_changed":false,"footnotes":""},"categories":[1],"tags":[121,131,132,44,133,134,135,124],"class_list":["post-29573","post","type-post","status-publish","format-standard","has-post-thumbnail","hentry","category-sin-categoria","tag-mascota","tag-mascotas","tag-perro","tag-perros","tag-recomendaciones","tag-vacaciones","tag-viajar","tag-viaje"],"acf":[],"yoast_head":"<!-- This site is optimized with the Yoast SEO plugin v28.2 - https:\/\/yoast.com\/product\/yoast-seo-wordpress\/ -->\n<title>Vacaciones con nuestro perro - Colegio De Veterinarios De Santa Fe 2da. Circunscripci\u00f3n<\/title>\n<meta name=\"description\" content=\"Art\u00edculo publicado en el Diario La Capital Si ha decido viajar en estas vacaciones con su perro, debe tener en cuanta algunos detalles para poder\" \/>\n<meta name=\"robots\" content=\"index, follow, max-snippet:-1, max-image-preview:large, max-video-preview:-1\" \/>\n<link rel=\"canonical\" href=\"https:\/\/cmvsf2.org\/web\/2017\/01\/13\/vacaciones-con-nuestro-perro\/\" \/>\n<meta property=\"og:locale\" content=\"es_ES\" \/>\n<meta property=\"og:type\" content=\"article\" \/>\n<meta property=\"og:title\" content=\"Vacaciones con nuestro perro - Colegio De Veterinarios De Santa Fe 2da. Circunscripci\u00f3n\" \/>\n<meta property=\"og:description\" content=\"Art\u00edculo publicado en el Diario La Capital Si ha decido viajar en estas vacaciones con su perro, debe tener en cuanta algunos detalles para poder\" \/>\n<meta property=\"og:url\" content=\"https:\/\/cmvsf2.org\/web\/2017\/01\/13\/vacaciones-con-nuestro-perro\/\" \/>\n<meta property=\"og:site_name\" content=\"Colegio De Veterinarios De Santa Fe 2da. Circunscripci\u00f3n\" \/>\n<meta property=\"article:published_time\" content=\"2017-01-13T16:43:43+00:00\" \/>\n<meta property=\"og:image\" content=\"https:\/\/cmvsf2.org\/web\/wp-content\/uploads\/2016\/08\/vacation-1.png\" \/>\n\t<meta property=\"og:image:width\" content=\"1725\" \/>\n\t<meta property=\"og:image:height\" content=\"810\" \/>\n\t<meta property=\"og:image:type\" content=\"image\/png\" \/>\n<meta name=\"author\" content=\"cmvsf2\" \/>\n<meta name=\"twitter:card\" content=\"summary_large_image\" \/>\n<meta name=\"twitter:label1\" content=\"Escrito por\" \/>\n\t<meta name=\"twitter:data1\" content=\"cmvsf2\" \/>\n\t<meta name=\"twitter:label2\" content=\"Tiempo de lectura\" \/>\n\t<meta name=\"twitter:data2\" content=\"2 minutos\" \/>\n<script type=\"application\/ld+json\" class=\"yoast-schema-graph\">{\"@context\":\"https:\\\/\\\/schema.org\",\"@graph\":[{\"@type\":\"Article\",\"@id\":\"https:\\\/\\\/cmvsf2.org\\\/web\\\/2017\\\/01\\\/13\\\/vacaciones-con-nuestro-perro\\\/#article\",\"isPartOf\":{\"@id\":\"https:\\\/\\\/cmvsf2.org\\\/web\\\/2017\\\/01\\\/13\\\/vacaciones-con-nuestro-perro\\\/\"},\"author\":{\"name\":\"cmvsf2\",\"@id\":\"https:\\\/\\\/cmvsf2.org\\\/web\\\/#\\\/schema\\\/person\\\/46ea3630099a4a3df8d89f07cf5f7520\"},\"headline\":\"Vacaciones con nuestro perro\",\"datePublished\":\"2017-01-13T16:43:43+00:00\",\"mainEntityOfPage\":{\"@id\":\"https:\\\/\\\/cmvsf2.org\\\/web\\\/2017\\\/01\\\/13\\\/vacaciones-con-nuestro-perro\\\/\"},\"wordCount\":456,\"commentCount\":0,\"publisher\":{\"@id\":\"https:\\\/\\\/cmvsf2.org\\\/web\\\/#organization\"},\"image\":{\"@id\":\"https:\\\/\\\/cmvsf2.org\\\/web\\\/2017\\\/01\\\/13\\\/vacaciones-con-nuestro-perro\\\/#primaryimage\"},\"thumbnailUrl\":\"https:\\\/\\\/cmvsf2.org\\\/web\\\/wp-content\\\/uploads\\\/2016\\\/08\\\/vacation-1.png\",\"keywords\":[\"mascota\",\"mascotas\",\"perro\",\"perros\",\"recomendaciones\",\"vacaciones\",\"viajar\",\"viaje\"],\"inLanguage\":\"es\"},{\"@type\":\"WebPage\",\"@id\":\"https:\\\/\\\/cmvsf2.org\\\/web\\\/2017\\\/01\\\/13\\\/vacaciones-con-nuestro-perro\\\/\",\"url\":\"https:\\\/\\\/cmvsf2.org\\\/web\\\/2017\\\/01\\\/13\\\/vacaciones-con-nuestro-perro\\\/\",\"name\":\"Vacaciones con nuestro perro - Colegio De Veterinarios De Santa Fe 2da. Circunscripci\u00f3n\",\"isPartOf\":{\"@id\":\"https:\\\/\\\/cmvsf2.org\\\/web\\\/#website\"},\"primaryImageOfPage\":{\"@id\":\"https:\\\/\\\/cmvsf2.org\\\/web\\\/2017\\\/01\\\/13\\\/vacaciones-con-nuestro-perro\\\/#primaryimage\"},\"image\":{\"@id\":\"https:\\\/\\\/cmvsf2.org\\\/web\\\/2017\\\/01\\\/13\\\/vacaciones-con-nuestro-perro\\\/#primaryimage\"},\"thumbnailUrl\":\"https:\\\/\\\/cmvsf2.org\\\/web\\\/wp-content\\\/uploads\\\/2016\\\/08\\\/vacation-1.png\",\"datePublished\":\"2017-01-13T16:43:43+00:00\",\"description\":\"Art\u00edculo publicado en el Diario La Capital Si ha decido viajar en estas vacaciones con su perro, debe tener en cuanta algunos detalles para poder\",\"breadcrumb\":{\"@id\":\"https:\\\/\\\/cmvsf2.org\\\/web\\\/2017\\\/01\\\/13\\\/vacaciones-con-nuestro-perro\\\/#breadcrumb\"},\"inLanguage\":\"es\",\"potentialAction\":[{\"@type\":\"ReadAction\",\"target\":[\"https:\\\/\\\/cmvsf2.org\\\/web\\\/2017\\\/01\\\/13\\\/vacaciones-con-nuestro-perro\\\/\"]}]},{\"@type\":\"ImageObject\",\"inLanguage\":\"es\",\"@id\":\"https:\\\/\\\/cmvsf2.org\\\/web\\\/2017\\\/01\\\/13\\\/vacaciones-con-nuestro-perro\\\/#primaryimage\",\"url\":\"https:\\\/\\\/cmvsf2.org\\\/web\\\/wp-content\\\/uploads\\\/2016\\\/08\\\/vacation-1.png\",\"contentUrl\":\"https:\\\/\\\/cmvsf2.org\\\/web\\\/wp-content\\\/uploads\\\/2016\\\/08\\\/vacation-1.png\",\"width\":1725,\"height\":810},{\"@type\":\"BreadcrumbList\",\"@id\":\"https:\\\/\\\/cmvsf2.org\\\/web\\\/2017\\\/01\\\/13\\\/vacaciones-con-nuestro-perro\\\/#breadcrumb\",\"itemListElement\":[{\"@type\":\"ListItem\",\"position\":1,\"name\":\"Portada\",\"item\":\"https:\\\/\\\/cmvsf2.org\\\/web\\\/\"},{\"@type\":\"ListItem\",\"position\":2,\"name\":\"Vacaciones con nuestro perro\"}]},{\"@type\":\"WebSite\",\"@id\":\"https:\\\/\\\/cmvsf2.org\\\/web\\\/#website\",\"url\":\"https:\\\/\\\/cmvsf2.org\\\/web\\\/\",\"name\":\"Colegio De Veterinarios De Santa Fe 2da. Circunscripci\u00f3n\",\"description\":\"Sitio institucional del Colegio de M\u00e9dicos Veterinario de Santa Fe 2da. Circunscripci\u00f3n\",\"publisher\":{\"@id\":\"https:\\\/\\\/cmvsf2.org\\\/web\\\/#organization\"},\"potentialAction\":[{\"@type\":\"SearchAction\",\"target\":{\"@type\":\"EntryPoint\",\"urlTemplate\":\"https:\\\/\\\/cmvsf2.org\\\/web\\\/?s={search_term_string}\"},\"query-input\":{\"@type\":\"PropertyValueSpecification\",\"valueRequired\":true,\"valueName\":\"search_term_string\"}}],\"inLanguage\":\"es\"},{\"@type\":\"Organization\",\"@id\":\"https:\\\/\\\/cmvsf2.org\\\/web\\\/#organization\",\"name\":\"Colegio De Veterinarios De Santa Fe 2da. Circunscripci\u00f3n\",\"url\":\"https:\\\/\\\/cmvsf2.org\\\/web\\\/\",\"logo\":{\"@type\":\"ImageObject\",\"inLanguage\":\"es\",\"@id\":\"https:\\\/\\\/cmvsf2.org\\\/web\\\/#\\\/schema\\\/logo\\\/image\\\/\",\"url\":\"http:\\\/\\\/cmvsf2.org\\\/web\\\/wp-content\\\/uploads\\\/2020\\\/03\\\/vector-logo-02.png\",\"contentUrl\":\"http:\\\/\\\/cmvsf2.org\\\/web\\\/wp-content\\\/uploads\\\/2020\\\/03\\\/vector-logo-02.png\",\"width\":2750,\"height\":642,\"caption\":\"Colegio De Veterinarios De Santa Fe 2da. Circunscripci\u00f3n\"},\"image\":{\"@id\":\"https:\\\/\\\/cmvsf2.org\\\/web\\\/#\\\/schema\\\/logo\\\/image\\\/\"}},{\"@type\":\"Person\",\"@id\":\"https:\\\/\\\/cmvsf2.org\\\/web\\\/#\\\/schema\\\/person\\\/46ea3630099a4a3df8d89f07cf5f7520\",\"name\":\"cmvsf2\",\"image\":{\"@type\":\"ImageObject\",\"inLanguage\":\"es\",\"@id\":\"https:\\\/\\\/secure.gravatar.com\\\/avatar\\\/669647b61c77f28f1aa51df04174a5ecb296e9988b4a93d2870666cd1f502cd7?s=96&d=mm&r=g\",\"url\":\"https:\\\/\\\/secure.gravatar.com\\\/avatar\\\/669647b61c77f28f1aa51df04174a5ecb296e9988b4a93d2870666cd1f502cd7?s=96&d=mm&r=g\",\"contentUrl\":\"https:\\\/\\\/secure.gravatar.com\\\/avatar\\\/669647b61c77f28f1aa51df04174a5ecb296e9988b4a93d2870666cd1f502cd7?s=96&d=mm&r=g\",\"caption\":\"cmvsf2\"}}]}<\/script>\n<!-- \/ Yoast SEO plugin. -->","yoast_head_json":{"title":"Vacaciones con nuestro perro - Colegio De Veterinarios De Santa Fe 2da. Circunscripci\u00f3n","description":"Art\u00edculo publicado en el Diario La Capital Si ha decido viajar en estas vacaciones con su perro, debe tener en cuanta algunos detalles para poder","robots":{"index":"index","follow":"follow","max-snippet":"max-snippet:-1","max-image-preview":"max-image-preview:large","max-video-preview":"max-video-preview:-1"},"canonical":"https:\/\/cmvsf2.org\/web\/2017\/01\/13\/vacaciones-con-nuestro-perro\/","og_locale":"es_ES","og_type":"article","og_title":"Vacaciones con nuestro perro - Colegio De Veterinarios De Santa Fe 2da. Circunscripci\u00f3n","og_description":"Art\u00edculo publicado en el Diario La Capital Si ha decido viajar en estas vacaciones con su perro, debe tener en cuanta algunos detalles para poder","og_url":"https:\/\/cmvsf2.org\/web\/2017\/01\/13\/vacaciones-con-nuestro-perro\/","og_site_name":"Colegio De Veterinarios De Santa Fe 2da. Circunscripci\u00f3n","article_published_time":"2017-01-13T16:43:43+00:00","og_image":[{"width":1725,"height":810,"url":"https:\/\/cmvsf2.org\/web\/wp-content\/uploads\/2016\/08\/vacation-1.png","type":"image\/png"}],"author":"cmvsf2","twitter_card":"summary_large_image","twitter_misc":{"Escrito por":"cmvsf2","Tiempo de lectura":"2 minutos"},"schema":{"@context":"https:\/\/schema.org","@graph":[{"@type":"Article","@id":"https:\/\/cmvsf2.org\/web\/2017\/01\/13\/vacaciones-con-nuestro-perro\/#article","isPartOf":{"@id":"https:\/\/cmvsf2.org\/web\/2017\/01\/13\/vacaciones-con-nuestro-perro\/"},"author":{"name":"cmvsf2","@id":"https:\/\/cmvsf2.org\/web\/#\/schema\/person\/46ea3630099a4a3df8d89f07cf5f7520"},"headline":"Vacaciones con nuestro perro","datePublished":"2017-01-13T16:43:43+00:00","mainEntityOfPage":{"@id":"https:\/\/cmvsf2.org\/web\/2017\/01\/13\/vacaciones-con-nuestro-perro\/"},"wordCount":456,"commentCount":0,"publisher":{"@id":"https:\/\/cmvsf2.org\/web\/#organization"},"image":{"@id":"https:\/\/cmvsf2.org\/web\/2017\/01\/13\/vacaciones-con-nuestro-perro\/#primaryimage"},"thumbnailUrl":"https:\/\/cmvsf2.org\/web\/wp-content\/uploads\/2016\/08\/vacation-1.png","keywords":["mascota","mascotas","perro","perros","recomendaciones","vacaciones","viajar","viaje"],"inLanguage":"es"},{"@type":"WebPage","@id":"https:\/\/cmvsf2.org\/web\/2017\/01\/13\/vacaciones-con-nuestro-perro\/","url":"https:\/\/cmvsf2.org\/web\/2017\/01\/13\/vacaciones-con-nuestro-perro\/","name":"Vacaciones con nuestro perro - Colegio De Veterinarios De Santa Fe 2da. Circunscripci\u00f3n","isPartOf":{"@id":"https:\/\/cmvsf2.org\/web\/#website"},"primaryImageOfPage":{"@id":"https:\/\/cmvsf2.org\/web\/2017\/01\/13\/vacaciones-con-nuestro-perro\/#primaryimage"},"image":{"@id":"https:\/\/cmvsf2.org\/web\/2017\/01\/13\/vacaciones-con-nuestro-perro\/#primaryimage"},"thumbnailUrl":"https:\/\/cmvsf2.org\/web\/wp-content\/uploads\/2016\/08\/vacation-1.png","datePublished":"2017-01-13T16:43:43+00:00","description":"Art\u00edculo publicado en el Diario La Capital Si ha decido viajar en estas vacaciones con su perro, debe tener en cuanta algunos detalles para poder","breadcrumb":{"@id":"https:\/\/cmvsf2.org\/web\/2017\/01\/13\/vacaciones-con-nuestro-perro\/#breadcrumb"},"inLanguage":"es","potentialAction":[{"@type":"ReadAction","target":["https:\/\/cmvsf2.org\/web\/2017\/01\/13\/vacaciones-con-nuestro-perro\/"]}]},{"@type":"ImageObject","inLanguage":"es","@id":"https:\/\/cmvsf2.org\/web\/2017\/01\/13\/vacaciones-con-nuestro-perro\/#primaryimage","url":"https:\/\/cmvsf2.org\/web\/wp-content\/uploads\/2016\/08\/vacation-1.png","contentUrl":"https:\/\/cmvsf2.org\/web\/wp-content\/uploads\/2016\/08\/vacation-1.png","width":1725,"height":810},{"@type":"BreadcrumbList","@id":"https:\/\/cmvsf2.org\/web\/2017\/01\/13\/vacaciones-con-nuestro-perro\/#breadcrumb","itemListElement":[{"@type":"ListItem","position":1,"name":"Portada","item":"https:\/\/cmvsf2.org\/web\/"},{"@type":"ListItem","position":2,"name":"Vacaciones con nuestro perro"}]},{"@type":"WebSite","@id":"https:\/\/cmvsf2.org\/web\/#website","url":"https:\/\/cmvsf2.org\/web\/","name":"Colegio De Veterinarios De Santa Fe 2da. Circunscripci\u00f3n","description":"Sitio institucional del Colegio de M\u00e9dicos Veterinario de Santa Fe 2da. Circunscripci\u00f3n","publisher":{"@id":"https:\/\/cmvsf2.org\/web\/#organization"},"potentialAction":[{"@type":"SearchAction","target":{"@type":"EntryPoint","urlTemplate":"https:\/\/cmvsf2.org\/web\/?s={search_term_string}"},"query-input":{"@type":"PropertyValueSpecification","valueRequired":true,"valueName":"search_term_string"}}],"inLanguage":"es"},{"@type":"Organization","@id":"https:\/\/cmvsf2.org\/web\/#organization","name":"Colegio De Veterinarios De Santa Fe 2da. Circunscripci\u00f3n","url":"https:\/\/cmvsf2.org\/web\/","logo":{"@type":"ImageObject","inLanguage":"es","@id":"https:\/\/cmvsf2.org\/web\/#\/schema\/logo\/image\/","url":"http:\/\/cmvsf2.org\/web\/wp-content\/uploads\/2020\/03\/vector-logo-02.png","contentUrl":"http:\/\/cmvsf2.org\/web\/wp-content\/uploads\/2020\/03\/vector-logo-02.png","width":2750,"height":642,"caption":"Colegio De Veterinarios De Santa Fe 2da. Circunscripci\u00f3n"},"image":{"@id":"https:\/\/cmvsf2.org\/web\/#\/schema\/logo\/image\/"}},{"@type":"Person","@id":"https:\/\/cmvsf2.org\/web\/#\/schema\/person\/46ea3630099a4a3df8d89f07cf5f7520","name":"cmvsf2","image":{"@type":"ImageObject","inLanguage":"es","@id":"https:\/\/secure.gravatar.com\/avatar\/669647b61c77f28f1aa51df04174a5ecb296e9988b4a93d2870666cd1f502cd7?s=96&d=mm&r=g","url":"https:\/\/secure.gravatar.com\/avatar\/669647b61c77f28f1aa51df04174a5ecb296e9988b4a93d2870666cd1f502cd7?s=96&d=mm&r=g","contentUrl":"https:\/\/secure.gravatar.com\/avatar\/669647b61c77f28f1aa51df04174a5ecb296e9988b4a93d2870666cd1f502cd7?s=96&d=mm&r=g","caption":"cmvsf2"}}]}},"_links":{"self":[{"href":"https:\/\/cmvsf2.org\/web\/wp-json\/wp\/v2\/posts\/29573","targetHints":{"allow":["GET"]}}],"collection":[{"href":"https:\/\/cmvsf2.org\/web\/wp-json\/wp\/v2\/posts"}],"about":[{"href":"https:\/\/cmvsf2.org\/web\/wp-json\/wp\/v2\/types\/post"}],"author":[{"embeddable":true,"href":"https:\/\/cmvsf2.org\/web\/wp-json\/wp\/v2\/users\/3"}],"replies":[{"embeddable":true,"href":"https:\/\/cmvsf2.org\/web\/wp-json\/wp\/v2\/comments?post=29573"}],"version-history":[{"count":0,"href":"https:\/\/cmvsf2.org\/web\/wp-json\/wp\/v2\/posts\/29573\/revisions"}],"wp:featuredmedia":[{"embeddable":true,"href":"https:\/\/cmvsf2.org\/web\/wp-json\/wp\/v2\/media\/3077"}],"wp:attachment":[{"href":"https:\/\/cmvsf2.org\/web\/wp-json\/wp\/v2\/media?parent=29573"}],"wp:term":[{"taxonomy":"category","embeddable":true,"href":"https:\/\/cmvsf2.org\/web\/wp-json\/wp\/v2\/categories?post=29573"},{"taxonomy":"post_tag","embeddable":true,"href":"https:\/\/cmvsf2.org\/web\/wp-json\/wp\/v2\/tags?post=29573"}],"curies":[{"name":"wp","href":"https:\/\/api.w.org\/{rel}","templated":true}]}}