{"id":2688,"date":"2016-10-04T14:18:20","date_gmt":"2016-10-04T14:18:20","guid":{"rendered":"http:\/\/sessionstudio.ar\/vet\/web\/?p=2688"},"modified":"2016-10-04T14:18:20","modified_gmt":"2016-10-04T14:18:20","slug":"se-realizo-entrenamiento-vigilancia-epidemiologica-tbc-la-provincia-santa-fe","status":"publish","type":"post","link":"https:\/\/cmvsf2.org\/web\/2016\/10\/04\/se-realizo-entrenamiento-vigilancia-epidemiologica-tbc-la-provincia-santa-fe\/","title":{"rendered":"Se realiz\u00f3 un entrenamiento sobre vigilancia epidemiol\u00f3gica para Tuberculosis en la Provincia de Santa Fe"},"content":{"rendered":"<h2 class=\"null\" style=\"text-align: left;\"><span class=\"mc-toc-title\">Tuberculosis Bovina: Entrenamiento sobre vigilancia epidemiol\u00f3gica en provincia de Santa Fe.<\/span><\/h2>\n<h6 style=\"text-align: justify;\">Se dictaron cursos en Rosario, en el Colegio de M\u00e9dicos Veterinarios de la provincia de Santa fe 2\u00b0 Circunscripci\u00f3n y en Santa Fe Capital, de actualizaci\u00f3n a veterinarios sobre vigilancia epidemiol\u00f3gica, prevenci\u00f3n, control y erradicaci\u00f3n de la tuberculosis bovina<strong>.<\/strong><\/h6>\n<p><img loading=\"lazy\" decoding=\"async\" class=\"wp-image-2689 size-full aligncenter\" src=\"https:\/\/cmvsf2.org\/web\/wp-content\/uploads\/2016\/10\/TBC-5-1.jpg\" alt=\"tbc-5\" width=\"800\" height=\"556\" srcset=\"https:\/\/cmvsf2.org\/web\/wp-content\/uploads\/2016\/10\/TBC-5-1.jpg 800w, https:\/\/cmvsf2.org\/web\/wp-content\/uploads\/2016\/10\/TBC-5-1-300x209.jpg 300w, https:\/\/cmvsf2.org\/web\/wp-content\/uploads\/2016\/10\/TBC-5-1-768x534.jpg 768w\" sizes=\"auto, (max-width: 800px) 100vw, 800px\" \/><br \/>\n&nbsp;<\/p>\n<p style=\"text-align: justify;\">El Servicio Nacional de Sanidad y Calidad Agroalimentaria (Senasa) dict\u00f3 cursos de capacitaci\u00f3n sobre la implementaci\u00f3n del sistema de vigilancia epidemiol\u00f3gica mediante la detecci\u00f3n en faena de la tuberculosis bovina en la provincia de Santa Fe.<\/p>\n<p style=\"text-align: justify;\">En Rosario se realiz\u00f3 el d\u00eda 21 de setiembre, en las instalaciones del Colegio de M\u00e9dicos Veterinarios (2da. Circunscripci\u00f3n), y en Santa Fe, en el frigor\u00edfico Recreo y en el Centro Regional Santa Fe. Participaron profesionales de las coordinaciones de Sanidad Animal e Inocuidad y Calidad Agroalimentaria del Centro Regional y Corresponsables Sanitarios.<\/p>\n<p style=\"text-align: justify;\">Esta capacitaci\u00f3n de actualizaci\u00f3n fue dictada en representaci\u00f3n de la Facultad de Ciencias Veterinarias de la Universidad Nacional del Litoral, por la Dra. Ana Mar\u00eda Canal, por el Jefe del Programa de Tuberculosis, Pedro Torres, y por la Coordinaci\u00f3n General de Desarrollo y Planificaci\u00f3n Estrat\u00e9gica del Senasa, Emiliano Gr\u00e4ve.<\/p>\n<p style=\"text-align: justify;\">El objetivo del curso fue actualizar a los profesionales para llevar a cabo el control de las acciones de vigilancia epidemiol\u00f3gica, de prevenci\u00f3n, control y erradicaci\u00f3n de la tuberculosis bovina, enumeradas en el Plan Nacional y Programas provinciales aprobados y homologados por el Senasa y en el Sistema Integrado de Gesti\u00f3n en Calidad Agroalimentaria (SIGICA).<\/p>\n<p style=\"text-align: justify;\">En la jornada formativa se repasaron las medidas preventivas y de bioseguridad que debe tomar el personal en el campo y en frigor\u00edficos para evitar la infecci\u00f3n tuberculosa humana de origen bovino, y los aspectos legales del Plan Nacional de Control y Erradicaci\u00f3n de la TBC, y la notificaci\u00f3n y registro en el sistema de los hallazgos en faena.<\/p>\n<p style=\"text-align: justify;\">La parte pr\u00e1ctica consisti\u00f3 en un entrenamiento en la detecci\u00f3n y mejoramiento de la eficacia del diagn\u00f3stico de lesiones tuberculosas, adem\u00e1s se aunaron criterios respecto del diagn\u00f3stico diferencial con otras enfermedades granulomatosas.<\/p>\n<hr \/>\n<h4 style=\"text-align: justify;\"><strong>El comunicado de la realizaci\u00f3n de este encuentro arrib\u00f3 al Colegio el d\u00eda Lunes 19 de Septiembre.\u00a0Lamentamos el poco tiempo de antelaci\u00f3n con que hemos recibido la informaci\u00f3n de este curso y que muchos colegas no hayan podido asistir.<\/strong><\/h4>\n","protected":false},"excerpt":{"rendered":"<p>Tuberculosis Bovina: Entrenamiento sobre vigilancia epidemiol\u00f3gica en provincia de Santa Fe. Se dictaron cursos en Rosario, en el Colegio de M\u00e9dicos Veterinarios de la provincia de Santa fe 2\u00b0 Circunscripci\u00f3n y en Santa Fe Capital, de actualizaci\u00f3n a veterinarios sobre vigilancia epidemiol\u00f3gica, prevenci\u00f3n, control y erradicaci\u00f3n de la tuberculosis bovina. &nbsp; El Servicio Nacional de Sanidad y Calidad Agroalimentaria (Senasa) dict\u00f3 cursos de capacitaci\u00f3n [&hellip;]<\/p>\n","protected":false},"author":3,"featured_media":2689,"comment_status":"open","ping_status":"open","sticky":false,"template":"","format":"standard","meta":{"_acf_changed":false,"footnotes":""},"categories":[1],"tags":[101],"class_list":["post-2688","post","type-post","status-publish","format-standard","has-post-thumbnail","hentry","category-sin-categoria","tag-tuberculosis"],"acf":[],"yoast_head":"<!-- This site is optimized with the Yoast SEO plugin v28.2 - https:\/\/yoast.com\/product\/yoast-seo-wordpress\/ -->\n<title>Se realiz\u00f3 un entrenamiento sobre vigilancia epidemiol\u00f3gica para Tuberculosis en la Provincia de Santa Fe - Colegio De Veterinarios De Santa Fe 2da. Circunscripci\u00f3n<\/title>\n<meta name=\"description\" content=\"Tuberculosis Bovina: Entrenamiento sobre vigilancia epidemiol\u00f3gica en provincia de Santa Fe. Se dictaron cursos en Rosario, en el Colegio de M\u00e9dicos\" \/>\n<meta name=\"robots\" content=\"index, follow, max-snippet:-1, max-image-preview:large, max-video-preview:-1\" \/>\n<link rel=\"canonical\" href=\"https:\/\/cmvsf2.org\/web\/2016\/10\/04\/se-realizo-entrenamiento-vigilancia-epidemiologica-tbc-la-provincia-santa-fe\/\" \/>\n<meta property=\"og:locale\" content=\"es_ES\" \/>\n<meta property=\"og:type\" content=\"article\" \/>\n<meta property=\"og:title\" content=\"Se realiz\u00f3 un entrenamiento sobre vigilancia epidemiol\u00f3gica para Tuberculosis en la Provincia de Santa Fe - Colegio De Veterinarios De Santa Fe 2da. Circunscripci\u00f3n\" \/>\n<meta property=\"og:description\" content=\"Tuberculosis Bovina: Entrenamiento sobre vigilancia epidemiol\u00f3gica en provincia de Santa Fe. Se dictaron cursos en Rosario, en el Colegio de M\u00e9dicos\" \/>\n<meta property=\"og:url\" content=\"https:\/\/cmvsf2.org\/web\/2016\/10\/04\/se-realizo-entrenamiento-vigilancia-epidemiologica-tbc-la-provincia-santa-fe\/\" \/>\n<meta property=\"og:site_name\" content=\"Colegio De Veterinarios De Santa Fe 2da. Circunscripci\u00f3n\" \/>\n<meta property=\"article:published_time\" content=\"2016-10-04T14:18:20+00:00\" \/>\n<meta property=\"og:image\" content=\"https:\/\/cmvsf2.org\/web\/wp-content\/uploads\/2016\/10\/TBC-5-1.jpg\" \/>\n\t<meta property=\"og:image:width\" content=\"800\" \/>\n\t<meta property=\"og:image:height\" content=\"556\" \/>\n\t<meta property=\"og:image:type\" content=\"image\/jpeg\" \/>\n<meta name=\"author\" content=\"cmvsf2\" \/>\n<meta name=\"twitter:card\" content=\"summary_large_image\" \/>\n<meta name=\"twitter:label1\" content=\"Escrito por\" \/>\n\t<meta name=\"twitter:data1\" content=\"cmvsf2\" \/>\n\t<meta name=\"twitter:label2\" content=\"Tiempo de lectura\" \/>\n\t<meta name=\"twitter:data2\" content=\"2 minutos\" \/>\n<script type=\"application\/ld+json\" class=\"yoast-schema-graph\">{\"@context\":\"https:\\\/\\\/schema.org\",\"@graph\":[{\"@type\":\"Article\",\"@id\":\"https:\\\/\\\/cmvsf2.org\\\/web\\\/2016\\\/10\\\/04\\\/se-realizo-entrenamiento-vigilancia-epidemiologica-tbc-la-provincia-santa-fe\\\/#article\",\"isPartOf\":{\"@id\":\"https:\\\/\\\/cmvsf2.org\\\/web\\\/2016\\\/10\\\/04\\\/se-realizo-entrenamiento-vigilancia-epidemiologica-tbc-la-provincia-santa-fe\\\/\"},\"author\":{\"name\":\"cmvsf2\",\"@id\":\"https:\\\/\\\/cmvsf2.org\\\/web\\\/#\\\/schema\\\/person\\\/46ea3630099a4a3df8d89f07cf5f7520\"},\"headline\":\"Se realiz\u00f3 un entrenamiento sobre vigilancia epidemiol\u00f3gica para Tuberculosis en la Provincia de Santa Fe\",\"datePublished\":\"2016-10-04T14:18:20+00:00\",\"mainEntityOfPage\":{\"@id\":\"https:\\\/\\\/cmvsf2.org\\\/web\\\/2016\\\/10\\\/04\\\/se-realizo-entrenamiento-vigilancia-epidemiologica-tbc-la-provincia-santa-fe\\\/\"},\"wordCount\":428,\"commentCount\":0,\"publisher\":{\"@id\":\"https:\\\/\\\/cmvsf2.org\\\/web\\\/#organization\"},\"image\":{\"@id\":\"https:\\\/\\\/cmvsf2.org\\\/web\\\/2016\\\/10\\\/04\\\/se-realizo-entrenamiento-vigilancia-epidemiologica-tbc-la-provincia-santa-fe\\\/#primaryimage\"},\"thumbnailUrl\":\"https:\\\/\\\/cmvsf2.org\\\/web\\\/wp-content\\\/uploads\\\/2016\\\/10\\\/TBC-5-1.jpg\",\"keywords\":[\"tuberculosis\"],\"inLanguage\":\"es\"},{\"@type\":\"WebPage\",\"@id\":\"https:\\\/\\\/cmvsf2.org\\\/web\\\/2016\\\/10\\\/04\\\/se-realizo-entrenamiento-vigilancia-epidemiologica-tbc-la-provincia-santa-fe\\\/\",\"url\":\"https:\\\/\\\/cmvsf2.org\\\/web\\\/2016\\\/10\\\/04\\\/se-realizo-entrenamiento-vigilancia-epidemiologica-tbc-la-provincia-santa-fe\\\/\",\"name\":\"Se realiz\u00f3 un entrenamiento sobre vigilancia epidemiol\u00f3gica para Tuberculosis en la Provincia de Santa Fe - Colegio De Veterinarios De Santa Fe 2da. Circunscripci\u00f3n\",\"isPartOf\":{\"@id\":\"https:\\\/\\\/cmvsf2.org\\\/web\\\/#website\"},\"primaryImageOfPage\":{\"@id\":\"https:\\\/\\\/cmvsf2.org\\\/web\\\/2016\\\/10\\\/04\\\/se-realizo-entrenamiento-vigilancia-epidemiologica-tbc-la-provincia-santa-fe\\\/#primaryimage\"},\"image\":{\"@id\":\"https:\\\/\\\/cmvsf2.org\\\/web\\\/2016\\\/10\\\/04\\\/se-realizo-entrenamiento-vigilancia-epidemiologica-tbc-la-provincia-santa-fe\\\/#primaryimage\"},\"thumbnailUrl\":\"https:\\\/\\\/cmvsf2.org\\\/web\\\/wp-content\\\/uploads\\\/2016\\\/10\\\/TBC-5-1.jpg\",\"datePublished\":\"2016-10-04T14:18:20+00:00\",\"description\":\"Tuberculosis Bovina: Entrenamiento sobre vigilancia epidemiol\u00f3gica en provincia de Santa Fe. Se dictaron cursos en Rosario, en el Colegio de M\u00e9dicos\",\"breadcrumb\":{\"@id\":\"https:\\\/\\\/cmvsf2.org\\\/web\\\/2016\\\/10\\\/04\\\/se-realizo-entrenamiento-vigilancia-epidemiologica-tbc-la-provincia-santa-fe\\\/#breadcrumb\"},\"inLanguage\":\"es\",\"potentialAction\":[{\"@type\":\"ReadAction\",\"target\":[\"https:\\\/\\\/cmvsf2.org\\\/web\\\/2016\\\/10\\\/04\\\/se-realizo-entrenamiento-vigilancia-epidemiologica-tbc-la-provincia-santa-fe\\\/\"]}]},{\"@type\":\"ImageObject\",\"inLanguage\":\"es\",\"@id\":\"https:\\\/\\\/cmvsf2.org\\\/web\\\/2016\\\/10\\\/04\\\/se-realizo-entrenamiento-vigilancia-epidemiologica-tbc-la-provincia-santa-fe\\\/#primaryimage\",\"url\":\"https:\\\/\\\/cmvsf2.org\\\/web\\\/wp-content\\\/uploads\\\/2016\\\/10\\\/TBC-5-1.jpg\",\"contentUrl\":\"https:\\\/\\\/cmvsf2.org\\\/web\\\/wp-content\\\/uploads\\\/2016\\\/10\\\/TBC-5-1.jpg\",\"width\":800,\"height\":556},{\"@type\":\"BreadcrumbList\",\"@id\":\"https:\\\/\\\/cmvsf2.org\\\/web\\\/2016\\\/10\\\/04\\\/se-realizo-entrenamiento-vigilancia-epidemiologica-tbc-la-provincia-santa-fe\\\/#breadcrumb\",\"itemListElement\":[{\"@type\":\"ListItem\",\"position\":1,\"name\":\"Portada\",\"item\":\"https:\\\/\\\/cmvsf2.org\\\/web\\\/\"},{\"@type\":\"ListItem\",\"position\":2,\"name\":\"Se realiz\u00f3 un entrenamiento sobre vigilancia epidemiol\u00f3gica para Tuberculosis en la Provincia de Santa Fe\"}]},{\"@type\":\"WebSite\",\"@id\":\"https:\\\/\\\/cmvsf2.org\\\/web\\\/#website\",\"url\":\"https:\\\/\\\/cmvsf2.org\\\/web\\\/\",\"name\":\"Colegio De Veterinarios De Santa Fe 2da. Circunscripci\u00f3n\",\"description\":\"Sitio institucional del Colegio de M\u00e9dicos Veterinario de Santa Fe 2da. Circunscripci\u00f3n\",\"publisher\":{\"@id\":\"https:\\\/\\\/cmvsf2.org\\\/web\\\/#organization\"},\"potentialAction\":[{\"@type\":\"SearchAction\",\"target\":{\"@type\":\"EntryPoint\",\"urlTemplate\":\"https:\\\/\\\/cmvsf2.org\\\/web\\\/?s={search_term_string}\"},\"query-input\":{\"@type\":\"PropertyValueSpecification\",\"valueRequired\":true,\"valueName\":\"search_term_string\"}}],\"inLanguage\":\"es\"},{\"@type\":\"Organization\",\"@id\":\"https:\\\/\\\/cmvsf2.org\\\/web\\\/#organization\",\"name\":\"Colegio De Veterinarios De Santa Fe 2da. Circunscripci\u00f3n\",\"url\":\"https:\\\/\\\/cmvsf2.org\\\/web\\\/\",\"logo\":{\"@type\":\"ImageObject\",\"inLanguage\":\"es\",\"@id\":\"https:\\\/\\\/cmvsf2.org\\\/web\\\/#\\\/schema\\\/logo\\\/image\\\/\",\"url\":\"http:\\\/\\\/cmvsf2.org\\\/web\\\/wp-content\\\/uploads\\\/2020\\\/03\\\/vector-logo-02.png\",\"contentUrl\":\"http:\\\/\\\/cmvsf2.org\\\/web\\\/wp-content\\\/uploads\\\/2020\\\/03\\\/vector-logo-02.png\",\"width\":2750,\"height\":642,\"caption\":\"Colegio De Veterinarios De Santa Fe 2da. Circunscripci\u00f3n\"},\"image\":{\"@id\":\"https:\\\/\\\/cmvsf2.org\\\/web\\\/#\\\/schema\\\/logo\\\/image\\\/\"}},{\"@type\":\"Person\",\"@id\":\"https:\\\/\\\/cmvsf2.org\\\/web\\\/#\\\/schema\\\/person\\\/46ea3630099a4a3df8d89f07cf5f7520\",\"name\":\"cmvsf2\",\"image\":{\"@type\":\"ImageObject\",\"inLanguage\":\"es\",\"@id\":\"https:\\\/\\\/secure.gravatar.com\\\/avatar\\\/669647b61c77f28f1aa51df04174a5ecb296e9988b4a93d2870666cd1f502cd7?s=96&d=mm&r=g\",\"url\":\"https:\\\/\\\/secure.gravatar.com\\\/avatar\\\/669647b61c77f28f1aa51df04174a5ecb296e9988b4a93d2870666cd1f502cd7?s=96&d=mm&r=g\",\"contentUrl\":\"https:\\\/\\\/secure.gravatar.com\\\/avatar\\\/669647b61c77f28f1aa51df04174a5ecb296e9988b4a93d2870666cd1f502cd7?s=96&d=mm&r=g\",\"caption\":\"cmvsf2\"}}]}<\/script>\n<!-- \/ Yoast SEO plugin. -->","yoast_head_json":{"title":"Se realiz\u00f3 un entrenamiento sobre vigilancia epidemiol\u00f3gica para Tuberculosis en la Provincia de Santa Fe - Colegio De Veterinarios De Santa Fe 2da. Circunscripci\u00f3n","description":"Tuberculosis Bovina: Entrenamiento sobre vigilancia epidemiol\u00f3gica en provincia de Santa Fe. Se dictaron cursos en Rosario, en el Colegio de M\u00e9dicos","robots":{"index":"index","follow":"follow","max-snippet":"max-snippet:-1","max-image-preview":"max-image-preview:large","max-video-preview":"max-video-preview:-1"},"canonical":"https:\/\/cmvsf2.org\/web\/2016\/10\/04\/se-realizo-entrenamiento-vigilancia-epidemiologica-tbc-la-provincia-santa-fe\/","og_locale":"es_ES","og_type":"article","og_title":"Se realiz\u00f3 un entrenamiento sobre vigilancia epidemiol\u00f3gica para Tuberculosis en la Provincia de Santa Fe - Colegio De Veterinarios De Santa Fe 2da. Circunscripci\u00f3n","og_description":"Tuberculosis Bovina: Entrenamiento sobre vigilancia epidemiol\u00f3gica en provincia de Santa Fe. Se dictaron cursos en Rosario, en el Colegio de M\u00e9dicos","og_url":"https:\/\/cmvsf2.org\/web\/2016\/10\/04\/se-realizo-entrenamiento-vigilancia-epidemiologica-tbc-la-provincia-santa-fe\/","og_site_name":"Colegio De Veterinarios De Santa Fe 2da. Circunscripci\u00f3n","article_published_time":"2016-10-04T14:18:20+00:00","og_image":[{"width":800,"height":556,"url":"https:\/\/cmvsf2.org\/web\/wp-content\/uploads\/2016\/10\/TBC-5-1.jpg","type":"image\/jpeg"}],"author":"cmvsf2","twitter_card":"summary_large_image","twitter_misc":{"Escrito por":"cmvsf2","Tiempo de lectura":"2 minutos"},"schema":{"@context":"https:\/\/schema.org","@graph":[{"@type":"Article","@id":"https:\/\/cmvsf2.org\/web\/2016\/10\/04\/se-realizo-entrenamiento-vigilancia-epidemiologica-tbc-la-provincia-santa-fe\/#article","isPartOf":{"@id":"https:\/\/cmvsf2.org\/web\/2016\/10\/04\/se-realizo-entrenamiento-vigilancia-epidemiologica-tbc-la-provincia-santa-fe\/"},"author":{"name":"cmvsf2","@id":"https:\/\/cmvsf2.org\/web\/#\/schema\/person\/46ea3630099a4a3df8d89f07cf5f7520"},"headline":"Se realiz\u00f3 un entrenamiento sobre vigilancia epidemiol\u00f3gica para Tuberculosis en la Provincia de Santa Fe","datePublished":"2016-10-04T14:18:20+00:00","mainEntityOfPage":{"@id":"https:\/\/cmvsf2.org\/web\/2016\/10\/04\/se-realizo-entrenamiento-vigilancia-epidemiologica-tbc-la-provincia-santa-fe\/"},"wordCount":428,"commentCount":0,"publisher":{"@id":"https:\/\/cmvsf2.org\/web\/#organization"},"image":{"@id":"https:\/\/cmvsf2.org\/web\/2016\/10\/04\/se-realizo-entrenamiento-vigilancia-epidemiologica-tbc-la-provincia-santa-fe\/#primaryimage"},"thumbnailUrl":"https:\/\/cmvsf2.org\/web\/wp-content\/uploads\/2016\/10\/TBC-5-1.jpg","keywords":["tuberculosis"],"inLanguage":"es"},{"@type":"WebPage","@id":"https:\/\/cmvsf2.org\/web\/2016\/10\/04\/se-realizo-entrenamiento-vigilancia-epidemiologica-tbc-la-provincia-santa-fe\/","url":"https:\/\/cmvsf2.org\/web\/2016\/10\/04\/se-realizo-entrenamiento-vigilancia-epidemiologica-tbc-la-provincia-santa-fe\/","name":"Se realiz\u00f3 un entrenamiento sobre vigilancia epidemiol\u00f3gica para Tuberculosis en la Provincia de Santa Fe - Colegio De Veterinarios De Santa Fe 2da. Circunscripci\u00f3n","isPartOf":{"@id":"https:\/\/cmvsf2.org\/web\/#website"},"primaryImageOfPage":{"@id":"https:\/\/cmvsf2.org\/web\/2016\/10\/04\/se-realizo-entrenamiento-vigilancia-epidemiologica-tbc-la-provincia-santa-fe\/#primaryimage"},"image":{"@id":"https:\/\/cmvsf2.org\/web\/2016\/10\/04\/se-realizo-entrenamiento-vigilancia-epidemiologica-tbc-la-provincia-santa-fe\/#primaryimage"},"thumbnailUrl":"https:\/\/cmvsf2.org\/web\/wp-content\/uploads\/2016\/10\/TBC-5-1.jpg","datePublished":"2016-10-04T14:18:20+00:00","description":"Tuberculosis Bovina: Entrenamiento sobre vigilancia epidemiol\u00f3gica en provincia de Santa Fe. Se dictaron cursos en Rosario, en el Colegio de M\u00e9dicos","breadcrumb":{"@id":"https:\/\/cmvsf2.org\/web\/2016\/10\/04\/se-realizo-entrenamiento-vigilancia-epidemiologica-tbc-la-provincia-santa-fe\/#breadcrumb"},"inLanguage":"es","potentialAction":[{"@type":"ReadAction","target":["https:\/\/cmvsf2.org\/web\/2016\/10\/04\/se-realizo-entrenamiento-vigilancia-epidemiologica-tbc-la-provincia-santa-fe\/"]}]},{"@type":"ImageObject","inLanguage":"es","@id":"https:\/\/cmvsf2.org\/web\/2016\/10\/04\/se-realizo-entrenamiento-vigilancia-epidemiologica-tbc-la-provincia-santa-fe\/#primaryimage","url":"https:\/\/cmvsf2.org\/web\/wp-content\/uploads\/2016\/10\/TBC-5-1.jpg","contentUrl":"https:\/\/cmvsf2.org\/web\/wp-content\/uploads\/2016\/10\/TBC-5-1.jpg","width":800,"height":556},{"@type":"BreadcrumbList","@id":"https:\/\/cmvsf2.org\/web\/2016\/10\/04\/se-realizo-entrenamiento-vigilancia-epidemiologica-tbc-la-provincia-santa-fe\/#breadcrumb","itemListElement":[{"@type":"ListItem","position":1,"name":"Portada","item":"https:\/\/cmvsf2.org\/web\/"},{"@type":"ListItem","position":2,"name":"Se realiz\u00f3 un entrenamiento sobre vigilancia epidemiol\u00f3gica para Tuberculosis en la Provincia de Santa Fe"}]},{"@type":"WebSite","@id":"https:\/\/cmvsf2.org\/web\/#website","url":"https:\/\/cmvsf2.org\/web\/","name":"Colegio De Veterinarios De Santa Fe 2da. Circunscripci\u00f3n","description":"Sitio institucional del Colegio de M\u00e9dicos Veterinario de Santa Fe 2da. Circunscripci\u00f3n","publisher":{"@id":"https:\/\/cmvsf2.org\/web\/#organization"},"potentialAction":[{"@type":"SearchAction","target":{"@type":"EntryPoint","urlTemplate":"https:\/\/cmvsf2.org\/web\/?s={search_term_string}"},"query-input":{"@type":"PropertyValueSpecification","valueRequired":true,"valueName":"search_term_string"}}],"inLanguage":"es"},{"@type":"Organization","@id":"https:\/\/cmvsf2.org\/web\/#organization","name":"Colegio De Veterinarios De Santa Fe 2da. Circunscripci\u00f3n","url":"https:\/\/cmvsf2.org\/web\/","logo":{"@type":"ImageObject","inLanguage":"es","@id":"https:\/\/cmvsf2.org\/web\/#\/schema\/logo\/image\/","url":"http:\/\/cmvsf2.org\/web\/wp-content\/uploads\/2020\/03\/vector-logo-02.png","contentUrl":"http:\/\/cmvsf2.org\/web\/wp-content\/uploads\/2020\/03\/vector-logo-02.png","width":2750,"height":642,"caption":"Colegio De Veterinarios De Santa Fe 2da. Circunscripci\u00f3n"},"image":{"@id":"https:\/\/cmvsf2.org\/web\/#\/schema\/logo\/image\/"}},{"@type":"Person","@id":"https:\/\/cmvsf2.org\/web\/#\/schema\/person\/46ea3630099a4a3df8d89f07cf5f7520","name":"cmvsf2","image":{"@type":"ImageObject","inLanguage":"es","@id":"https:\/\/secure.gravatar.com\/avatar\/669647b61c77f28f1aa51df04174a5ecb296e9988b4a93d2870666cd1f502cd7?s=96&d=mm&r=g","url":"https:\/\/secure.gravatar.com\/avatar\/669647b61c77f28f1aa51df04174a5ecb296e9988b4a93d2870666cd1f502cd7?s=96&d=mm&r=g","contentUrl":"https:\/\/secure.gravatar.com\/avatar\/669647b61c77f28f1aa51df04174a5ecb296e9988b4a93d2870666cd1f502cd7?s=96&d=mm&r=g","caption":"cmvsf2"}}]}},"_links":{"self":[{"href":"https:\/\/cmvsf2.org\/web\/wp-json\/wp\/v2\/posts\/2688","targetHints":{"allow":["GET"]}}],"collection":[{"href":"https:\/\/cmvsf2.org\/web\/wp-json\/wp\/v2\/posts"}],"about":[{"href":"https:\/\/cmvsf2.org\/web\/wp-json\/wp\/v2\/types\/post"}],"author":[{"embeddable":true,"href":"https:\/\/cmvsf2.org\/web\/wp-json\/wp\/v2\/users\/3"}],"replies":[{"embeddable":true,"href":"https:\/\/cmvsf2.org\/web\/wp-json\/wp\/v2\/comments?post=2688"}],"version-history":[{"count":0,"href":"https:\/\/cmvsf2.org\/web\/wp-json\/wp\/v2\/posts\/2688\/revisions"}],"wp:featuredmedia":[{"embeddable":true,"href":"https:\/\/cmvsf2.org\/web\/wp-json\/wp\/v2\/media\/2689"}],"wp:attachment":[{"href":"https:\/\/cmvsf2.org\/web\/wp-json\/wp\/v2\/media?parent=2688"}],"wp:term":[{"taxonomy":"category","embeddable":true,"href":"https:\/\/cmvsf2.org\/web\/wp-json\/wp\/v2\/categories?post=2688"},{"taxonomy":"post_tag","embeddable":true,"href":"https:\/\/cmvsf2.org\/web\/wp-json\/wp\/v2\/tags?post=2688"}],"curies":[{"name":"wp","href":"https:\/\/api.w.org\/{rel}","templated":true}]}}