{"id":2626,"date":"2016-09-28T16:00:01","date_gmt":"2016-09-28T16:00:01","guid":{"rendered":"http:\/\/sessionstudio.ar\/vet\/web\/?p=2626"},"modified":"2016-09-28T16:00:01","modified_gmt":"2016-09-28T16:00:01","slug":"jornadas-de-actualizacion-en-engorde-a-corral","status":"publish","type":"post","link":"https:\/\/cmvsf2.org\/web\/2016\/09\/28\/jornadas-de-actualizacion-en-engorde-a-corral\/","title":{"rendered":"Jornadas de Actualizaci\u00f3n en Engorde a Corral"},"content":{"rendered":"<div class=\"wpb-content-wrapper\"><p>[vc_row][vc_column][vc_column_text]<\/p>\n<h3><span style=\"text-decoration: underline;\">Ciclo de formaci\u00f3n continua 2016<\/span><\/h3>\n<p>Actualizaci\u00f3n en <span class=\"highlightNode\">Engorde<\/span> a Corral. Alimentaci\u00f3n, planteos productivos y pespectivas de la actualidad<br \/>\nPrograma: <a href=\"https:\/\/goo.gl\/grULKl\" target=\"_blank\" rel=\"nofollow noopener noreferrer\">https:\/\/goo.gl\/grULKl<\/a><br \/>\n[\/vc_column_text][\/vc_column][\/vc_row][vc_row][vc_column][vc_images_carousel images=\u00bb2628,2629,2630,2631,2632&#8243; img_size=\u00bb700&#215;500&#8243; title=\u00bbIm\u00e1genes de las Jornadas\u00bb][\/vc_column][\/vc_row]<\/p>\n<\/div>","protected":false},"excerpt":{"rendered":"<p>[vc_row][vc_column][vc_column_text] Ciclo de formaci\u00f3n continua 2016 Actualizaci\u00f3n en Engorde a Corral. Alimentaci\u00f3n, planteos productivos y pespectivas de la actualidad Programa: https:\/\/goo.gl\/grULKl [\/vc_column_text][\/vc_column][\/vc_row][vc_row][vc_column][vc_images_carousel images=\u00bb2628,2629,2630,2631,2632&#8243; img_size=\u00bb700&#215;500&#8243; title=\u00bbIm\u00e1genes de las Jornadas\u00bb][\/vc_column][\/vc_row]<\/p>\n","protected":false},"author":3,"featured_media":2627,"comment_status":"open","ping_status":"open","sticky":false,"template":"","format":"standard","meta":{"_acf_changed":false,"footnotes":""},"categories":[1],"tags":[],"class_list":["post-2626","post","type-post","status-publish","format-standard","has-post-thumbnail","hentry","category-sin-categoria"],"acf":[],"yoast_head":"<!-- This site is optimized with the Yoast SEO plugin v28.2 - https:\/\/yoast.com\/product\/yoast-seo-wordpress\/ -->\n<title>Jornadas de Actualizaci\u00f3n en Engorde a Corral - Colegio De Veterinarios De Santa Fe 2da. Circunscripci\u00f3n<\/title>\n<meta name=\"description\" content=\"Ciclo de formaci\u00f3n continua 2016 Actualizaci\u00f3n en Engorde a Corral. Alimentaci\u00f3n, planteos productivos y pespectivas de la actualidad Programa:\" \/>\n<meta name=\"robots\" content=\"index, follow, max-snippet:-1, max-image-preview:large, max-video-preview:-1\" \/>\n<link rel=\"canonical\" href=\"https:\/\/cmvsf2.org\/web\/2016\/09\/28\/jornadas-de-actualizacion-en-engorde-a-corral\/\" \/>\n<meta property=\"og:locale\" content=\"es_ES\" \/>\n<meta property=\"og:type\" content=\"article\" \/>\n<meta property=\"og:title\" content=\"Jornadas de Actualizaci\u00f3n en Engorde a Corral - Colegio De Veterinarios De Santa Fe 2da. Circunscripci\u00f3n\" \/>\n<meta property=\"og:description\" content=\"Ciclo de formaci\u00f3n continua 2016 Actualizaci\u00f3n en Engorde a Corral. Alimentaci\u00f3n, planteos productivos y pespectivas de la actualidad Programa:\" \/>\n<meta property=\"og:url\" content=\"https:\/\/cmvsf2.org\/web\/2016\/09\/28\/jornadas-de-actualizacion-en-engorde-a-corral\/\" \/>\n<meta property=\"og:site_name\" content=\"Colegio De Veterinarios De Santa Fe 2da. Circunscripci\u00f3n\" \/>\n<meta property=\"article:published_time\" content=\"2016-09-28T16:00:01+00:00\" \/>\n<meta property=\"og:image\" content=\"https:\/\/cmvsf2.org\/web\/wp-content\/uploads\/2016\/09\/engorde-a-corral-finalll-04-1-scaled.jpg\" \/>\n\t<meta property=\"og:image:width\" content=\"2560\" \/>\n\t<meta property=\"og:image:height\" content=\"2245\" \/>\n\t<meta property=\"og:image:type\" content=\"image\/jpeg\" \/>\n<meta name=\"author\" content=\"cmvsf2\" \/>\n<meta name=\"twitter:card\" content=\"summary_large_image\" \/>\n<meta name=\"twitter:label1\" content=\"Escrito por\" \/>\n\t<meta name=\"twitter:data1\" content=\"cmvsf2\" \/>\n<script type=\"application\/ld+json\" class=\"yoast-schema-graph\">{\"@context\":\"https:\\\/\\\/schema.org\",\"@graph\":[{\"@type\":\"Article\",\"@id\":\"https:\\\/\\\/cmvsf2.org\\\/web\\\/2016\\\/09\\\/28\\\/jornadas-de-actualizacion-en-engorde-a-corral\\\/#article\",\"isPartOf\":{\"@id\":\"https:\\\/\\\/cmvsf2.org\\\/web\\\/2016\\\/09\\\/28\\\/jornadas-de-actualizacion-en-engorde-a-corral\\\/\"},\"author\":{\"name\":\"cmvsf2\",\"@id\":\"https:\\\/\\\/cmvsf2.org\\\/web\\\/#\\\/schema\\\/person\\\/46ea3630099a4a3df8d89f07cf5f7520\"},\"headline\":\"Jornadas de Actualizaci\u00f3n en Engorde a Corral\",\"datePublished\":\"2016-09-28T16:00:01+00:00\",\"mainEntityOfPage\":{\"@id\":\"https:\\\/\\\/cmvsf2.org\\\/web\\\/2016\\\/09\\\/28\\\/jornadas-de-actualizacion-en-engorde-a-corral\\\/\"},\"wordCount\":68,\"commentCount\":0,\"publisher\":{\"@id\":\"https:\\\/\\\/cmvsf2.org\\\/web\\\/#organization\"},\"image\":{\"@id\":\"https:\\\/\\\/cmvsf2.org\\\/web\\\/2016\\\/09\\\/28\\\/jornadas-de-actualizacion-en-engorde-a-corral\\\/#primaryimage\"},\"thumbnailUrl\":\"https:\\\/\\\/cmvsf2.org\\\/web\\\/wp-content\\\/uploads\\\/2016\\\/09\\\/engorde-a-corral-finalll-04-1-scaled.jpg\",\"inLanguage\":\"es\"},{\"@type\":\"WebPage\",\"@id\":\"https:\\\/\\\/cmvsf2.org\\\/web\\\/2016\\\/09\\\/28\\\/jornadas-de-actualizacion-en-engorde-a-corral\\\/\",\"url\":\"https:\\\/\\\/cmvsf2.org\\\/web\\\/2016\\\/09\\\/28\\\/jornadas-de-actualizacion-en-engorde-a-corral\\\/\",\"name\":\"Jornadas de Actualizaci\u00f3n en Engorde a Corral - Colegio De Veterinarios De Santa Fe 2da. Circunscripci\u00f3n\",\"isPartOf\":{\"@id\":\"https:\\\/\\\/cmvsf2.org\\\/web\\\/#website\"},\"primaryImageOfPage\":{\"@id\":\"https:\\\/\\\/cmvsf2.org\\\/web\\\/2016\\\/09\\\/28\\\/jornadas-de-actualizacion-en-engorde-a-corral\\\/#primaryimage\"},\"image\":{\"@id\":\"https:\\\/\\\/cmvsf2.org\\\/web\\\/2016\\\/09\\\/28\\\/jornadas-de-actualizacion-en-engorde-a-corral\\\/#primaryimage\"},\"thumbnailUrl\":\"https:\\\/\\\/cmvsf2.org\\\/web\\\/wp-content\\\/uploads\\\/2016\\\/09\\\/engorde-a-corral-finalll-04-1-scaled.jpg\",\"datePublished\":\"2016-09-28T16:00:01+00:00\",\"description\":\"Ciclo de formaci\u00f3n continua 2016 Actualizaci\u00f3n en Engorde a Corral. Alimentaci\u00f3n, planteos productivos y pespectivas de la actualidad Programa:\",\"breadcrumb\":{\"@id\":\"https:\\\/\\\/cmvsf2.org\\\/web\\\/2016\\\/09\\\/28\\\/jornadas-de-actualizacion-en-engorde-a-corral\\\/#breadcrumb\"},\"inLanguage\":\"es\",\"potentialAction\":[{\"@type\":\"ReadAction\",\"target\":[\"https:\\\/\\\/cmvsf2.org\\\/web\\\/2016\\\/09\\\/28\\\/jornadas-de-actualizacion-en-engorde-a-corral\\\/\"]}]},{\"@type\":\"ImageObject\",\"inLanguage\":\"es\",\"@id\":\"https:\\\/\\\/cmvsf2.org\\\/web\\\/2016\\\/09\\\/28\\\/jornadas-de-actualizacion-en-engorde-a-corral\\\/#primaryimage\",\"url\":\"https:\\\/\\\/cmvsf2.org\\\/web\\\/wp-content\\\/uploads\\\/2016\\\/09\\\/engorde-a-corral-finalll-04-1-scaled.jpg\",\"contentUrl\":\"https:\\\/\\\/cmvsf2.org\\\/web\\\/wp-content\\\/uploads\\\/2016\\\/09\\\/engorde-a-corral-finalll-04-1-scaled.jpg\",\"width\":2560,\"height\":2245},{\"@type\":\"BreadcrumbList\",\"@id\":\"https:\\\/\\\/cmvsf2.org\\\/web\\\/2016\\\/09\\\/28\\\/jornadas-de-actualizacion-en-engorde-a-corral\\\/#breadcrumb\",\"itemListElement\":[{\"@type\":\"ListItem\",\"position\":1,\"name\":\"Portada\",\"item\":\"https:\\\/\\\/cmvsf2.org\\\/web\\\/\"},{\"@type\":\"ListItem\",\"position\":2,\"name\":\"Jornadas de Actualizaci\u00f3n en Engorde a Corral\"}]},{\"@type\":\"WebSite\",\"@id\":\"https:\\\/\\\/cmvsf2.org\\\/web\\\/#website\",\"url\":\"https:\\\/\\\/cmvsf2.org\\\/web\\\/\",\"name\":\"Colegio De Veterinarios De Santa Fe 2da. Circunscripci\u00f3n\",\"description\":\"Sitio institucional del Colegio de M\u00e9dicos Veterinario de Santa Fe 2da. Circunscripci\u00f3n\",\"publisher\":{\"@id\":\"https:\\\/\\\/cmvsf2.org\\\/web\\\/#organization\"},\"potentialAction\":[{\"@type\":\"SearchAction\",\"target\":{\"@type\":\"EntryPoint\",\"urlTemplate\":\"https:\\\/\\\/cmvsf2.org\\\/web\\\/?s={search_term_string}\"},\"query-input\":{\"@type\":\"PropertyValueSpecification\",\"valueRequired\":true,\"valueName\":\"search_term_string\"}}],\"inLanguage\":\"es\"},{\"@type\":\"Organization\",\"@id\":\"https:\\\/\\\/cmvsf2.org\\\/web\\\/#organization\",\"name\":\"Colegio De Veterinarios De Santa Fe 2da. Circunscripci\u00f3n\",\"url\":\"https:\\\/\\\/cmvsf2.org\\\/web\\\/\",\"logo\":{\"@type\":\"ImageObject\",\"inLanguage\":\"es\",\"@id\":\"https:\\\/\\\/cmvsf2.org\\\/web\\\/#\\\/schema\\\/logo\\\/image\\\/\",\"url\":\"http:\\\/\\\/cmvsf2.org\\\/web\\\/wp-content\\\/uploads\\\/2020\\\/03\\\/vector-logo-02.png\",\"contentUrl\":\"http:\\\/\\\/cmvsf2.org\\\/web\\\/wp-content\\\/uploads\\\/2020\\\/03\\\/vector-logo-02.png\",\"width\":2750,\"height\":642,\"caption\":\"Colegio De Veterinarios De Santa Fe 2da. Circunscripci\u00f3n\"},\"image\":{\"@id\":\"https:\\\/\\\/cmvsf2.org\\\/web\\\/#\\\/schema\\\/logo\\\/image\\\/\"}},{\"@type\":\"Person\",\"@id\":\"https:\\\/\\\/cmvsf2.org\\\/web\\\/#\\\/schema\\\/person\\\/46ea3630099a4a3df8d89f07cf5f7520\",\"name\":\"cmvsf2\",\"image\":{\"@type\":\"ImageObject\",\"inLanguage\":\"es\",\"@id\":\"https:\\\/\\\/secure.gravatar.com\\\/avatar\\\/669647b61c77f28f1aa51df04174a5ecb296e9988b4a93d2870666cd1f502cd7?s=96&d=mm&r=g\",\"url\":\"https:\\\/\\\/secure.gravatar.com\\\/avatar\\\/669647b61c77f28f1aa51df04174a5ecb296e9988b4a93d2870666cd1f502cd7?s=96&d=mm&r=g\",\"contentUrl\":\"https:\\\/\\\/secure.gravatar.com\\\/avatar\\\/669647b61c77f28f1aa51df04174a5ecb296e9988b4a93d2870666cd1f502cd7?s=96&d=mm&r=g\",\"caption\":\"cmvsf2\"}}]}<\/script>\n<!-- \/ Yoast SEO plugin. -->","yoast_head_json":{"title":"Jornadas de Actualizaci\u00f3n en Engorde a Corral - Colegio De Veterinarios De Santa Fe 2da. Circunscripci\u00f3n","description":"Ciclo de formaci\u00f3n continua 2016 Actualizaci\u00f3n en Engorde a Corral. Alimentaci\u00f3n, planteos productivos y pespectivas de la actualidad Programa:","robots":{"index":"index","follow":"follow","max-snippet":"max-snippet:-1","max-image-preview":"max-image-preview:large","max-video-preview":"max-video-preview:-1"},"canonical":"https:\/\/cmvsf2.org\/web\/2016\/09\/28\/jornadas-de-actualizacion-en-engorde-a-corral\/","og_locale":"es_ES","og_type":"article","og_title":"Jornadas de Actualizaci\u00f3n en Engorde a Corral - Colegio De Veterinarios De Santa Fe 2da. Circunscripci\u00f3n","og_description":"Ciclo de formaci\u00f3n continua 2016 Actualizaci\u00f3n en Engorde a Corral. Alimentaci\u00f3n, planteos productivos y pespectivas de la actualidad Programa:","og_url":"https:\/\/cmvsf2.org\/web\/2016\/09\/28\/jornadas-de-actualizacion-en-engorde-a-corral\/","og_site_name":"Colegio De Veterinarios De Santa Fe 2da. Circunscripci\u00f3n","article_published_time":"2016-09-28T16:00:01+00:00","og_image":[{"width":2560,"height":2245,"url":"https:\/\/cmvsf2.org\/web\/wp-content\/uploads\/2016\/09\/engorde-a-corral-finalll-04-1-scaled.jpg","type":"image\/jpeg"}],"author":"cmvsf2","twitter_card":"summary_large_image","twitter_misc":{"Escrito por":"cmvsf2"},"schema":{"@context":"https:\/\/schema.org","@graph":[{"@type":"Article","@id":"https:\/\/cmvsf2.org\/web\/2016\/09\/28\/jornadas-de-actualizacion-en-engorde-a-corral\/#article","isPartOf":{"@id":"https:\/\/cmvsf2.org\/web\/2016\/09\/28\/jornadas-de-actualizacion-en-engorde-a-corral\/"},"author":{"name":"cmvsf2","@id":"https:\/\/cmvsf2.org\/web\/#\/schema\/person\/46ea3630099a4a3df8d89f07cf5f7520"},"headline":"Jornadas de Actualizaci\u00f3n en Engorde a Corral","datePublished":"2016-09-28T16:00:01+00:00","mainEntityOfPage":{"@id":"https:\/\/cmvsf2.org\/web\/2016\/09\/28\/jornadas-de-actualizacion-en-engorde-a-corral\/"},"wordCount":68,"commentCount":0,"publisher":{"@id":"https:\/\/cmvsf2.org\/web\/#organization"},"image":{"@id":"https:\/\/cmvsf2.org\/web\/2016\/09\/28\/jornadas-de-actualizacion-en-engorde-a-corral\/#primaryimage"},"thumbnailUrl":"https:\/\/cmvsf2.org\/web\/wp-content\/uploads\/2016\/09\/engorde-a-corral-finalll-04-1-scaled.jpg","inLanguage":"es"},{"@type":"WebPage","@id":"https:\/\/cmvsf2.org\/web\/2016\/09\/28\/jornadas-de-actualizacion-en-engorde-a-corral\/","url":"https:\/\/cmvsf2.org\/web\/2016\/09\/28\/jornadas-de-actualizacion-en-engorde-a-corral\/","name":"Jornadas de Actualizaci\u00f3n en Engorde a Corral - Colegio De Veterinarios De Santa Fe 2da. Circunscripci\u00f3n","isPartOf":{"@id":"https:\/\/cmvsf2.org\/web\/#website"},"primaryImageOfPage":{"@id":"https:\/\/cmvsf2.org\/web\/2016\/09\/28\/jornadas-de-actualizacion-en-engorde-a-corral\/#primaryimage"},"image":{"@id":"https:\/\/cmvsf2.org\/web\/2016\/09\/28\/jornadas-de-actualizacion-en-engorde-a-corral\/#primaryimage"},"thumbnailUrl":"https:\/\/cmvsf2.org\/web\/wp-content\/uploads\/2016\/09\/engorde-a-corral-finalll-04-1-scaled.jpg","datePublished":"2016-09-28T16:00:01+00:00","description":"Ciclo de formaci\u00f3n continua 2016 Actualizaci\u00f3n en Engorde a Corral. Alimentaci\u00f3n, planteos productivos y pespectivas de la actualidad Programa:","breadcrumb":{"@id":"https:\/\/cmvsf2.org\/web\/2016\/09\/28\/jornadas-de-actualizacion-en-engorde-a-corral\/#breadcrumb"},"inLanguage":"es","potentialAction":[{"@type":"ReadAction","target":["https:\/\/cmvsf2.org\/web\/2016\/09\/28\/jornadas-de-actualizacion-en-engorde-a-corral\/"]}]},{"@type":"ImageObject","inLanguage":"es","@id":"https:\/\/cmvsf2.org\/web\/2016\/09\/28\/jornadas-de-actualizacion-en-engorde-a-corral\/#primaryimage","url":"https:\/\/cmvsf2.org\/web\/wp-content\/uploads\/2016\/09\/engorde-a-corral-finalll-04-1-scaled.jpg","contentUrl":"https:\/\/cmvsf2.org\/web\/wp-content\/uploads\/2016\/09\/engorde-a-corral-finalll-04-1-scaled.jpg","width":2560,"height":2245},{"@type":"BreadcrumbList","@id":"https:\/\/cmvsf2.org\/web\/2016\/09\/28\/jornadas-de-actualizacion-en-engorde-a-corral\/#breadcrumb","itemListElement":[{"@type":"ListItem","position":1,"name":"Portada","item":"https:\/\/cmvsf2.org\/web\/"},{"@type":"ListItem","position":2,"name":"Jornadas de Actualizaci\u00f3n en Engorde a Corral"}]},{"@type":"WebSite","@id":"https:\/\/cmvsf2.org\/web\/#website","url":"https:\/\/cmvsf2.org\/web\/","name":"Colegio De Veterinarios De Santa Fe 2da. Circunscripci\u00f3n","description":"Sitio institucional del Colegio de M\u00e9dicos Veterinario de Santa Fe 2da. Circunscripci\u00f3n","publisher":{"@id":"https:\/\/cmvsf2.org\/web\/#organization"},"potentialAction":[{"@type":"SearchAction","target":{"@type":"EntryPoint","urlTemplate":"https:\/\/cmvsf2.org\/web\/?s={search_term_string}"},"query-input":{"@type":"PropertyValueSpecification","valueRequired":true,"valueName":"search_term_string"}}],"inLanguage":"es"},{"@type":"Organization","@id":"https:\/\/cmvsf2.org\/web\/#organization","name":"Colegio De Veterinarios De Santa Fe 2da. Circunscripci\u00f3n","url":"https:\/\/cmvsf2.org\/web\/","logo":{"@type":"ImageObject","inLanguage":"es","@id":"https:\/\/cmvsf2.org\/web\/#\/schema\/logo\/image\/","url":"http:\/\/cmvsf2.org\/web\/wp-content\/uploads\/2020\/03\/vector-logo-02.png","contentUrl":"http:\/\/cmvsf2.org\/web\/wp-content\/uploads\/2020\/03\/vector-logo-02.png","width":2750,"height":642,"caption":"Colegio De Veterinarios De Santa Fe 2da. Circunscripci\u00f3n"},"image":{"@id":"https:\/\/cmvsf2.org\/web\/#\/schema\/logo\/image\/"}},{"@type":"Person","@id":"https:\/\/cmvsf2.org\/web\/#\/schema\/person\/46ea3630099a4a3df8d89f07cf5f7520","name":"cmvsf2","image":{"@type":"ImageObject","inLanguage":"es","@id":"https:\/\/secure.gravatar.com\/avatar\/669647b61c77f28f1aa51df04174a5ecb296e9988b4a93d2870666cd1f502cd7?s=96&d=mm&r=g","url":"https:\/\/secure.gravatar.com\/avatar\/669647b61c77f28f1aa51df04174a5ecb296e9988b4a93d2870666cd1f502cd7?s=96&d=mm&r=g","contentUrl":"https:\/\/secure.gravatar.com\/avatar\/669647b61c77f28f1aa51df04174a5ecb296e9988b4a93d2870666cd1f502cd7?s=96&d=mm&r=g","caption":"cmvsf2"}}]}},"_links":{"self":[{"href":"https:\/\/cmvsf2.org\/web\/wp-json\/wp\/v2\/posts\/2626","targetHints":{"allow":["GET"]}}],"collection":[{"href":"https:\/\/cmvsf2.org\/web\/wp-json\/wp\/v2\/posts"}],"about":[{"href":"https:\/\/cmvsf2.org\/web\/wp-json\/wp\/v2\/types\/post"}],"author":[{"embeddable":true,"href":"https:\/\/cmvsf2.org\/web\/wp-json\/wp\/v2\/users\/3"}],"replies":[{"embeddable":true,"href":"https:\/\/cmvsf2.org\/web\/wp-json\/wp\/v2\/comments?post=2626"}],"version-history":[{"count":0,"href":"https:\/\/cmvsf2.org\/web\/wp-json\/wp\/v2\/posts\/2626\/revisions"}],"wp:featuredmedia":[{"embeddable":true,"href":"https:\/\/cmvsf2.org\/web\/wp-json\/wp\/v2\/media\/2627"}],"wp:attachment":[{"href":"https:\/\/cmvsf2.org\/web\/wp-json\/wp\/v2\/media?parent=2626"}],"wp:term":[{"taxonomy":"category","embeddable":true,"href":"https:\/\/cmvsf2.org\/web\/wp-json\/wp\/v2\/categories?post=2626"},{"taxonomy":"post_tag","embeddable":true,"href":"https:\/\/cmvsf2.org\/web\/wp-json\/wp\/v2\/tags?post=2626"}],"curies":[{"name":"wp","href":"https:\/\/api.w.org\/{rel}","templated":true}]}}