{"id":2559,"date":"2016-09-28T12:33:24","date_gmt":"2016-09-28T12:33:24","guid":{"rendered":"http:\/\/sessionstudio.ar\/vet\/web\/?p=2559"},"modified":"2016-09-28T12:33:24","modified_gmt":"2016-09-28T12:33:24","slug":"reduccion-de-las-deudas-de-obra-social-en-cpac","status":"publish","type":"post","link":"https:\/\/cmvsf2.org\/web\/2016\/09\/28\/reduccion-de-las-deudas-de-obra-social-en-cpac\/","title":{"rendered":"REDUCCI\u00d3N DE LAS DEUDAS DE OBRA SOCIAL EN CPAC"},"content":{"rendered":"<div class=\"wpb-content-wrapper\"><p>[vc_row][vc_column][vc_column_text]<\/p>\n<p style=\"text-align: justify;\"><img loading=\"lazy\" decoding=\"async\" class=\"size-full wp-image-2555 aligncenter\" src=\"http:\/\/sessionstudio.ar\/vet\/web\/wp-content\/uploads\/2016\/09\/p\u00e1gina-web.jpg\" alt=\"pagina-web\" width=\"793\" height=\"466\" \/><\/p>\n<p style=\"text-align: justify;\">En cumplimiento de los consensos alcanzados en la Comisi\u00f3n de Acuerdo- Compromiso, integrada por representantes\u00a0de los Colegios del Arte de Curar de la primera y segunda circunscripci\u00f3n de la Provincia (Entre los que se encuentra nuestro Colegio). En conjunto con los directores de la CPAC (Caja de Seguridad Social para los Profesionales del Arte de Curar de la Provincia de Santa Fe). Han presentado y gestionado un proyecto de ley para atender la situaci\u00f3n de deuda de Obra Social de los afilados por per\u00edodos no gozados. De esta manera, atento a la mencionada solicitud, se sancion\u00f3 la Ley N\u00ba 13.554. La misma entr\u00f3\u00a0en vigencia a partir del 15\/09\/16.<\/p>\n<p style=\"text-align: justify;\"><strong>Per\u00edodos: <\/strong>1\/01\/2013 al 31\/12\/2015<br \/>\n<strong>Se financiar\u00e1 <\/strong>el 25% de lo adeudado &#8211; El 75% restante no se abona y se condonar\u00e1 una vez cancelado el contrato de financiaci\u00f3n. Deudas posteriores al 31\/12\/2015 ser\u00e1n consideradas en su totalidad, sin condonaci\u00f3n.<br \/>\n<strong>Forma de pago:\u00a0<\/strong>SIEMPRE POR D\u00c9BITO AUTOM\u00c1TICO.<br \/>\n<strong>Cuotas:\u00a0<\/strong>la cantidad de cuotas corresponder\u00e1 a los meses adeudados (ej: 36 meses de deuda=36 cuotas)<\/p>\n<p>[\/vc_column_text][\/vc_column][\/vc_row][vc_row][vc_column][vc_message message_box_color=\u00bbalert-info\u00bb]<\/p>\n<h4 style=\"text-align: center;\">SE RECOMIENDA ASISTIR EN EL TURNO TARDE A UNA CONSULTA CON LA SRA. ADRIANA DEPEGO, CONCRETANDO EL TURNO SOLICITADO CON ANTELACI\u00d3N<\/h4>\n<h5 style=\"text-align: center;\">Turnos al: <a href=\"mailto:moratoriaro@cpac.org.ar\">moratoriaros@cpac.org.ar<\/a> \/\/ 341- 425 1158 (int. 319,320,329)<br \/>\nCaja de Seguridad Social para los Profesionales del Arte de Curar de la Provincia de Santa Fe<br \/>\n<a href=\"http:\/\/www.cpac.org.ar\/cpac\/Novedades.aspx#articulo200\">M\u00e1s informaci\u00f3n en el sitio web<\/a><\/h5>\n<p>[\/vc_message][\/vc_column][\/vc_row][vc_row][vc_column][vc_column_text]<img loading=\"lazy\" decoding=\"async\" class=\"aligncenter wp-image-2586 size-full\" src=\"https:\/\/cmvsf2.org\/web\/wp-content\/uploads\/2016\/09\/moratoria-cpac-1-1.jpg\" alt=\"moratoria-cpac\" width=\"793\" height=\"1122\" srcset=\"https:\/\/cmvsf2.org\/web\/wp-content\/uploads\/2016\/09\/moratoria-cpac-1-1.jpg 793w, https:\/\/cmvsf2.org\/web\/wp-content\/uploads\/2016\/09\/moratoria-cpac-1-1-212x300.jpg 212w, https:\/\/cmvsf2.org\/web\/wp-content\/uploads\/2016\/09\/moratoria-cpac-1-1-724x1024.jpg 724w, https:\/\/cmvsf2.org\/web\/wp-content\/uploads\/2016\/09\/moratoria-cpac-1-1-768x1087.jpg 768w\" sizes=\"auto, (max-width: 793px) 100vw, 793px\" \/>[\/vc_column_text][\/vc_column][\/vc_row]<\/p>\n<\/div>","protected":false},"excerpt":{"rendered":"<p>[vc_row][vc_column][vc_column_text] En cumplimiento de los consensos alcanzados en la Comisi\u00f3n de Acuerdo- Compromiso, integrada por representantes\u00a0de los Colegios del Arte de Curar de la primera y segunda circunscripci\u00f3n de la Provincia (Entre los que se encuentra nuestro Colegio). En conjunto con los directores de la CPAC (Caja de Seguridad Social para los Profesionales del Arte de Curar de la Provincia de Santa Fe). Han [&hellip;]<\/p>\n","protected":false},"author":3,"featured_media":2552,"comment_status":"open","ping_status":"open","sticky":false,"template":"","format":"standard","meta":{"_acf_changed":false,"footnotes":""},"categories":[1],"tags":[95,96,97,98,99],"class_list":["post-2559","post","type-post","status-publish","format-standard","has-post-thumbnail","hentry","category-sin-categoria","tag-condonacion","tag-cpac","tag-deuda","tag-financiacion","tag-obrasocial"],"acf":[],"yoast_head":"<!-- This site is optimized with the Yoast SEO plugin v28.2 - https:\/\/yoast.com\/product\/yoast-seo-wordpress\/ -->\n<title>REDUCCI\u00d3N DE LAS DEUDAS DE OBRA SOCIAL EN CPAC - Colegio De Veterinarios De Santa Fe 2da. Circunscripci\u00f3n<\/title>\n<meta name=\"description\" content=\"En cumplimiento de los consensos alcanzados en la Comisi\u00f3n de Acuerdo- Compromiso, integrada por representantes\u00a0de los Colegios del Arte de Curar de la\" \/>\n<meta name=\"robots\" content=\"index, follow, max-snippet:-1, max-image-preview:large, max-video-preview:-1\" \/>\n<link rel=\"canonical\" href=\"https:\/\/cmvsf2.org\/web\/2016\/09\/28\/reduccion-de-las-deudas-de-obra-social-en-cpac\/\" \/>\n<meta property=\"og:locale\" content=\"es_ES\" \/>\n<meta property=\"og:type\" content=\"article\" \/>\n<meta property=\"og:title\" content=\"REDUCCI\u00d3N DE LAS DEUDAS DE OBRA SOCIAL EN CPAC - Colegio De Veterinarios De Santa Fe 2da. Circunscripci\u00f3n\" \/>\n<meta property=\"og:description\" content=\"En cumplimiento de los consensos alcanzados en la Comisi\u00f3n de Acuerdo- Compromiso, integrada por representantes\u00a0de los Colegios del Arte de Curar de la\" \/>\n<meta property=\"og:url\" content=\"https:\/\/cmvsf2.org\/web\/2016\/09\/28\/reduccion-de-las-deudas-de-obra-social-en-cpac\/\" \/>\n<meta property=\"og:site_name\" content=\"Colegio De Veterinarios De Santa Fe 2da. Circunscripci\u00f3n\" \/>\n<meta property=\"article:published_time\" content=\"2016-09-28T12:33:24+00:00\" \/>\n<meta property=\"og:image\" content=\"https:\/\/cmvsf2.org\/web\/wp-content\/uploads\/2016\/09\/para-whapp-1.jpg\" \/>\n\t<meta property=\"og:image:width\" content=\"1024\" \/>\n\t<meta property=\"og:image:height\" content=\"1024\" \/>\n\t<meta property=\"og:image:type\" content=\"image\/jpeg\" \/>\n<meta name=\"author\" content=\"cmvsf2\" \/>\n<meta name=\"twitter:card\" content=\"summary_large_image\" \/>\n<meta name=\"twitter:label1\" content=\"Escrito por\" \/>\n\t<meta name=\"twitter:data1\" content=\"cmvsf2\" \/>\n\t<meta name=\"twitter:label2\" content=\"Tiempo de lectura\" \/>\n\t<meta name=\"twitter:data2\" content=\"1 minuto\" \/>\n<script type=\"application\/ld+json\" class=\"yoast-schema-graph\">{\"@context\":\"https:\\\/\\\/schema.org\",\"@graph\":[{\"@type\":\"Article\",\"@id\":\"https:\\\/\\\/cmvsf2.org\\\/web\\\/2016\\\/09\\\/28\\\/reduccion-de-las-deudas-de-obra-social-en-cpac\\\/#article\",\"isPartOf\":{\"@id\":\"https:\\\/\\\/cmvsf2.org\\\/web\\\/2016\\\/09\\\/28\\\/reduccion-de-las-deudas-de-obra-social-en-cpac\\\/\"},\"author\":{\"name\":\"cmvsf2\",\"@id\":\"https:\\\/\\\/cmvsf2.org\\\/web\\\/#\\\/schema\\\/person\\\/46ea3630099a4a3df8d89f07cf5f7520\"},\"headline\":\"REDUCCI\u00d3N DE LAS DEUDAS DE OBRA SOCIAL EN CPAC\",\"datePublished\":\"2016-09-28T12:33:24+00:00\",\"mainEntityOfPage\":{\"@id\":\"https:\\\/\\\/cmvsf2.org\\\/web\\\/2016\\\/09\\\/28\\\/reduccion-de-las-deudas-de-obra-social-en-cpac\\\/\"},\"wordCount\":283,\"commentCount\":0,\"publisher\":{\"@id\":\"https:\\\/\\\/cmvsf2.org\\\/web\\\/#organization\"},\"image\":{\"@id\":\"https:\\\/\\\/cmvsf2.org\\\/web\\\/2016\\\/09\\\/28\\\/reduccion-de-las-deudas-de-obra-social-en-cpac\\\/#primaryimage\"},\"thumbnailUrl\":\"https:\\\/\\\/cmvsf2.org\\\/web\\\/wp-content\\\/uploads\\\/2016\\\/09\\\/para-whapp-1.jpg\",\"keywords\":[\"condonaci\u00f3n\",\"cpac\",\"deuda\",\"financiaci\u00f3n\",\"obrasocial\"],\"inLanguage\":\"es\"},{\"@type\":\"WebPage\",\"@id\":\"https:\\\/\\\/cmvsf2.org\\\/web\\\/2016\\\/09\\\/28\\\/reduccion-de-las-deudas-de-obra-social-en-cpac\\\/\",\"url\":\"https:\\\/\\\/cmvsf2.org\\\/web\\\/2016\\\/09\\\/28\\\/reduccion-de-las-deudas-de-obra-social-en-cpac\\\/\",\"name\":\"REDUCCI\u00d3N DE LAS DEUDAS DE OBRA SOCIAL EN CPAC - Colegio De Veterinarios De Santa Fe 2da. Circunscripci\u00f3n\",\"isPartOf\":{\"@id\":\"https:\\\/\\\/cmvsf2.org\\\/web\\\/#website\"},\"primaryImageOfPage\":{\"@id\":\"https:\\\/\\\/cmvsf2.org\\\/web\\\/2016\\\/09\\\/28\\\/reduccion-de-las-deudas-de-obra-social-en-cpac\\\/#primaryimage\"},\"image\":{\"@id\":\"https:\\\/\\\/cmvsf2.org\\\/web\\\/2016\\\/09\\\/28\\\/reduccion-de-las-deudas-de-obra-social-en-cpac\\\/#primaryimage\"},\"thumbnailUrl\":\"https:\\\/\\\/cmvsf2.org\\\/web\\\/wp-content\\\/uploads\\\/2016\\\/09\\\/para-whapp-1.jpg\",\"datePublished\":\"2016-09-28T12:33:24+00:00\",\"description\":\"En cumplimiento de los consensos alcanzados en la Comisi\u00f3n de Acuerdo- Compromiso, integrada por representantes\u00a0de los Colegios del Arte de Curar de la\",\"breadcrumb\":{\"@id\":\"https:\\\/\\\/cmvsf2.org\\\/web\\\/2016\\\/09\\\/28\\\/reduccion-de-las-deudas-de-obra-social-en-cpac\\\/#breadcrumb\"},\"inLanguage\":\"es\",\"potentialAction\":[{\"@type\":\"ReadAction\",\"target\":[\"https:\\\/\\\/cmvsf2.org\\\/web\\\/2016\\\/09\\\/28\\\/reduccion-de-las-deudas-de-obra-social-en-cpac\\\/\"]}]},{\"@type\":\"ImageObject\",\"inLanguage\":\"es\",\"@id\":\"https:\\\/\\\/cmvsf2.org\\\/web\\\/2016\\\/09\\\/28\\\/reduccion-de-las-deudas-de-obra-social-en-cpac\\\/#primaryimage\",\"url\":\"https:\\\/\\\/cmvsf2.org\\\/web\\\/wp-content\\\/uploads\\\/2016\\\/09\\\/para-whapp-1.jpg\",\"contentUrl\":\"https:\\\/\\\/cmvsf2.org\\\/web\\\/wp-content\\\/uploads\\\/2016\\\/09\\\/para-whapp-1.jpg\",\"width\":1024,\"height\":1024},{\"@type\":\"BreadcrumbList\",\"@id\":\"https:\\\/\\\/cmvsf2.org\\\/web\\\/2016\\\/09\\\/28\\\/reduccion-de-las-deudas-de-obra-social-en-cpac\\\/#breadcrumb\",\"itemListElement\":[{\"@type\":\"ListItem\",\"position\":1,\"name\":\"Portada\",\"item\":\"https:\\\/\\\/cmvsf2.org\\\/web\\\/\"},{\"@type\":\"ListItem\",\"position\":2,\"name\":\"REDUCCI\u00d3N DE LAS DEUDAS DE OBRA SOCIAL EN CPAC\"}]},{\"@type\":\"WebSite\",\"@id\":\"https:\\\/\\\/cmvsf2.org\\\/web\\\/#website\",\"url\":\"https:\\\/\\\/cmvsf2.org\\\/web\\\/\",\"name\":\"Colegio De Veterinarios De Santa Fe 2da. Circunscripci\u00f3n\",\"description\":\"Sitio institucional del Colegio de M\u00e9dicos Veterinario de Santa Fe 2da. Circunscripci\u00f3n\",\"publisher\":{\"@id\":\"https:\\\/\\\/cmvsf2.org\\\/web\\\/#organization\"},\"potentialAction\":[{\"@type\":\"SearchAction\",\"target\":{\"@type\":\"EntryPoint\",\"urlTemplate\":\"https:\\\/\\\/cmvsf2.org\\\/web\\\/?s={search_term_string}\"},\"query-input\":{\"@type\":\"PropertyValueSpecification\",\"valueRequired\":true,\"valueName\":\"search_term_string\"}}],\"inLanguage\":\"es\"},{\"@type\":\"Organization\",\"@id\":\"https:\\\/\\\/cmvsf2.org\\\/web\\\/#organization\",\"name\":\"Colegio De Veterinarios De Santa Fe 2da. Circunscripci\u00f3n\",\"url\":\"https:\\\/\\\/cmvsf2.org\\\/web\\\/\",\"logo\":{\"@type\":\"ImageObject\",\"inLanguage\":\"es\",\"@id\":\"https:\\\/\\\/cmvsf2.org\\\/web\\\/#\\\/schema\\\/logo\\\/image\\\/\",\"url\":\"http:\\\/\\\/cmvsf2.org\\\/web\\\/wp-content\\\/uploads\\\/2020\\\/03\\\/vector-logo-02.png\",\"contentUrl\":\"http:\\\/\\\/cmvsf2.org\\\/web\\\/wp-content\\\/uploads\\\/2020\\\/03\\\/vector-logo-02.png\",\"width\":2750,\"height\":642,\"caption\":\"Colegio De Veterinarios De Santa Fe 2da. Circunscripci\u00f3n\"},\"image\":{\"@id\":\"https:\\\/\\\/cmvsf2.org\\\/web\\\/#\\\/schema\\\/logo\\\/image\\\/\"}},{\"@type\":\"Person\",\"@id\":\"https:\\\/\\\/cmvsf2.org\\\/web\\\/#\\\/schema\\\/person\\\/46ea3630099a4a3df8d89f07cf5f7520\",\"name\":\"cmvsf2\",\"image\":{\"@type\":\"ImageObject\",\"inLanguage\":\"es\",\"@id\":\"https:\\\/\\\/secure.gravatar.com\\\/avatar\\\/669647b61c77f28f1aa51df04174a5ecb296e9988b4a93d2870666cd1f502cd7?s=96&d=mm&r=g\",\"url\":\"https:\\\/\\\/secure.gravatar.com\\\/avatar\\\/669647b61c77f28f1aa51df04174a5ecb296e9988b4a93d2870666cd1f502cd7?s=96&d=mm&r=g\",\"contentUrl\":\"https:\\\/\\\/secure.gravatar.com\\\/avatar\\\/669647b61c77f28f1aa51df04174a5ecb296e9988b4a93d2870666cd1f502cd7?s=96&d=mm&r=g\",\"caption\":\"cmvsf2\"}}]}<\/script>\n<!-- \/ Yoast SEO plugin. -->","yoast_head_json":{"title":"REDUCCI\u00d3N DE LAS DEUDAS DE OBRA SOCIAL EN CPAC - Colegio De Veterinarios De Santa Fe 2da. Circunscripci\u00f3n","description":"En cumplimiento de los consensos alcanzados en la Comisi\u00f3n de Acuerdo- Compromiso, integrada por representantes\u00a0de los Colegios del Arte de Curar de la","robots":{"index":"index","follow":"follow","max-snippet":"max-snippet:-1","max-image-preview":"max-image-preview:large","max-video-preview":"max-video-preview:-1"},"canonical":"https:\/\/cmvsf2.org\/web\/2016\/09\/28\/reduccion-de-las-deudas-de-obra-social-en-cpac\/","og_locale":"es_ES","og_type":"article","og_title":"REDUCCI\u00d3N DE LAS DEUDAS DE OBRA SOCIAL EN CPAC - Colegio De Veterinarios De Santa Fe 2da. Circunscripci\u00f3n","og_description":"En cumplimiento de los consensos alcanzados en la Comisi\u00f3n de Acuerdo- Compromiso, integrada por representantes\u00a0de los Colegios del Arte de Curar de la","og_url":"https:\/\/cmvsf2.org\/web\/2016\/09\/28\/reduccion-de-las-deudas-de-obra-social-en-cpac\/","og_site_name":"Colegio De Veterinarios De Santa Fe 2da. Circunscripci\u00f3n","article_published_time":"2016-09-28T12:33:24+00:00","og_image":[{"width":1024,"height":1024,"url":"https:\/\/cmvsf2.org\/web\/wp-content\/uploads\/2016\/09\/para-whapp-1.jpg","type":"image\/jpeg"}],"author":"cmvsf2","twitter_card":"summary_large_image","twitter_misc":{"Escrito por":"cmvsf2","Tiempo de lectura":"1 minuto"},"schema":{"@context":"https:\/\/schema.org","@graph":[{"@type":"Article","@id":"https:\/\/cmvsf2.org\/web\/2016\/09\/28\/reduccion-de-las-deudas-de-obra-social-en-cpac\/#article","isPartOf":{"@id":"https:\/\/cmvsf2.org\/web\/2016\/09\/28\/reduccion-de-las-deudas-de-obra-social-en-cpac\/"},"author":{"name":"cmvsf2","@id":"https:\/\/cmvsf2.org\/web\/#\/schema\/person\/46ea3630099a4a3df8d89f07cf5f7520"},"headline":"REDUCCI\u00d3N DE LAS DEUDAS DE OBRA SOCIAL EN CPAC","datePublished":"2016-09-28T12:33:24+00:00","mainEntityOfPage":{"@id":"https:\/\/cmvsf2.org\/web\/2016\/09\/28\/reduccion-de-las-deudas-de-obra-social-en-cpac\/"},"wordCount":283,"commentCount":0,"publisher":{"@id":"https:\/\/cmvsf2.org\/web\/#organization"},"image":{"@id":"https:\/\/cmvsf2.org\/web\/2016\/09\/28\/reduccion-de-las-deudas-de-obra-social-en-cpac\/#primaryimage"},"thumbnailUrl":"https:\/\/cmvsf2.org\/web\/wp-content\/uploads\/2016\/09\/para-whapp-1.jpg","keywords":["condonaci\u00f3n","cpac","deuda","financiaci\u00f3n","obrasocial"],"inLanguage":"es"},{"@type":"WebPage","@id":"https:\/\/cmvsf2.org\/web\/2016\/09\/28\/reduccion-de-las-deudas-de-obra-social-en-cpac\/","url":"https:\/\/cmvsf2.org\/web\/2016\/09\/28\/reduccion-de-las-deudas-de-obra-social-en-cpac\/","name":"REDUCCI\u00d3N DE LAS DEUDAS DE OBRA SOCIAL EN CPAC - Colegio De Veterinarios De Santa Fe 2da. Circunscripci\u00f3n","isPartOf":{"@id":"https:\/\/cmvsf2.org\/web\/#website"},"primaryImageOfPage":{"@id":"https:\/\/cmvsf2.org\/web\/2016\/09\/28\/reduccion-de-las-deudas-de-obra-social-en-cpac\/#primaryimage"},"image":{"@id":"https:\/\/cmvsf2.org\/web\/2016\/09\/28\/reduccion-de-las-deudas-de-obra-social-en-cpac\/#primaryimage"},"thumbnailUrl":"https:\/\/cmvsf2.org\/web\/wp-content\/uploads\/2016\/09\/para-whapp-1.jpg","datePublished":"2016-09-28T12:33:24+00:00","description":"En cumplimiento de los consensos alcanzados en la Comisi\u00f3n de Acuerdo- Compromiso, integrada por representantes\u00a0de los Colegios del Arte de Curar de la","breadcrumb":{"@id":"https:\/\/cmvsf2.org\/web\/2016\/09\/28\/reduccion-de-las-deudas-de-obra-social-en-cpac\/#breadcrumb"},"inLanguage":"es","potentialAction":[{"@type":"ReadAction","target":["https:\/\/cmvsf2.org\/web\/2016\/09\/28\/reduccion-de-las-deudas-de-obra-social-en-cpac\/"]}]},{"@type":"ImageObject","inLanguage":"es","@id":"https:\/\/cmvsf2.org\/web\/2016\/09\/28\/reduccion-de-las-deudas-de-obra-social-en-cpac\/#primaryimage","url":"https:\/\/cmvsf2.org\/web\/wp-content\/uploads\/2016\/09\/para-whapp-1.jpg","contentUrl":"https:\/\/cmvsf2.org\/web\/wp-content\/uploads\/2016\/09\/para-whapp-1.jpg","width":1024,"height":1024},{"@type":"BreadcrumbList","@id":"https:\/\/cmvsf2.org\/web\/2016\/09\/28\/reduccion-de-las-deudas-de-obra-social-en-cpac\/#breadcrumb","itemListElement":[{"@type":"ListItem","position":1,"name":"Portada","item":"https:\/\/cmvsf2.org\/web\/"},{"@type":"ListItem","position":2,"name":"REDUCCI\u00d3N DE LAS DEUDAS DE OBRA SOCIAL EN CPAC"}]},{"@type":"WebSite","@id":"https:\/\/cmvsf2.org\/web\/#website","url":"https:\/\/cmvsf2.org\/web\/","name":"Colegio De Veterinarios De Santa Fe 2da. Circunscripci\u00f3n","description":"Sitio institucional del Colegio de M\u00e9dicos Veterinario de Santa Fe 2da. Circunscripci\u00f3n","publisher":{"@id":"https:\/\/cmvsf2.org\/web\/#organization"},"potentialAction":[{"@type":"SearchAction","target":{"@type":"EntryPoint","urlTemplate":"https:\/\/cmvsf2.org\/web\/?s={search_term_string}"},"query-input":{"@type":"PropertyValueSpecification","valueRequired":true,"valueName":"search_term_string"}}],"inLanguage":"es"},{"@type":"Organization","@id":"https:\/\/cmvsf2.org\/web\/#organization","name":"Colegio De Veterinarios De Santa Fe 2da. Circunscripci\u00f3n","url":"https:\/\/cmvsf2.org\/web\/","logo":{"@type":"ImageObject","inLanguage":"es","@id":"https:\/\/cmvsf2.org\/web\/#\/schema\/logo\/image\/","url":"http:\/\/cmvsf2.org\/web\/wp-content\/uploads\/2020\/03\/vector-logo-02.png","contentUrl":"http:\/\/cmvsf2.org\/web\/wp-content\/uploads\/2020\/03\/vector-logo-02.png","width":2750,"height":642,"caption":"Colegio De Veterinarios De Santa Fe 2da. Circunscripci\u00f3n"},"image":{"@id":"https:\/\/cmvsf2.org\/web\/#\/schema\/logo\/image\/"}},{"@type":"Person","@id":"https:\/\/cmvsf2.org\/web\/#\/schema\/person\/46ea3630099a4a3df8d89f07cf5f7520","name":"cmvsf2","image":{"@type":"ImageObject","inLanguage":"es","@id":"https:\/\/secure.gravatar.com\/avatar\/669647b61c77f28f1aa51df04174a5ecb296e9988b4a93d2870666cd1f502cd7?s=96&d=mm&r=g","url":"https:\/\/secure.gravatar.com\/avatar\/669647b61c77f28f1aa51df04174a5ecb296e9988b4a93d2870666cd1f502cd7?s=96&d=mm&r=g","contentUrl":"https:\/\/secure.gravatar.com\/avatar\/669647b61c77f28f1aa51df04174a5ecb296e9988b4a93d2870666cd1f502cd7?s=96&d=mm&r=g","caption":"cmvsf2"}}]}},"_links":{"self":[{"href":"https:\/\/cmvsf2.org\/web\/wp-json\/wp\/v2\/posts\/2559","targetHints":{"allow":["GET"]}}],"collection":[{"href":"https:\/\/cmvsf2.org\/web\/wp-json\/wp\/v2\/posts"}],"about":[{"href":"https:\/\/cmvsf2.org\/web\/wp-json\/wp\/v2\/types\/post"}],"author":[{"embeddable":true,"href":"https:\/\/cmvsf2.org\/web\/wp-json\/wp\/v2\/users\/3"}],"replies":[{"embeddable":true,"href":"https:\/\/cmvsf2.org\/web\/wp-json\/wp\/v2\/comments?post=2559"}],"version-history":[{"count":0,"href":"https:\/\/cmvsf2.org\/web\/wp-json\/wp\/v2\/posts\/2559\/revisions"}],"wp:featuredmedia":[{"embeddable":true,"href":"https:\/\/cmvsf2.org\/web\/wp-json\/wp\/v2\/media\/2552"}],"wp:attachment":[{"href":"https:\/\/cmvsf2.org\/web\/wp-json\/wp\/v2\/media?parent=2559"}],"wp:term":[{"taxonomy":"category","embeddable":true,"href":"https:\/\/cmvsf2.org\/web\/wp-json\/wp\/v2\/categories?post=2559"},{"taxonomy":"post_tag","embeddable":true,"href":"https:\/\/cmvsf2.org\/web\/wp-json\/wp\/v2\/tags?post=2559"}],"curies":[{"name":"wp","href":"https:\/\/api.w.org\/{rel}","templated":true}]}}