{"id":2493,"date":"2016-09-26T13:15:27","date_gmt":"2016-09-26T13:15:27","guid":{"rendered":"http:\/\/sessionstudio.ar\/vet\/web\/?p=2493"},"modified":"2016-09-26T13:15:27","modified_gmt":"2016-09-26T13:15:27","slug":"historial-de-las-jornadas-de-corresponsales-sanitarios","status":"publish","type":"post","link":"https:\/\/cmvsf2.org\/web\/2016\/09\/26\/historial-de-las-jornadas-de-corresponsales-sanitarios\/","title":{"rendered":"Historial de las Jornadas de Corresponsales Sanitarios"},"content":{"rendered":"<div class=\"wpb-content-wrapper\"><p>[vc_row][vc_column][vc_tta_accordion][vc_tta_section title=\u00bbXX Jornadas de Corresponsables Sanitarios &#8211; Mayo 2016&#8243; tab_id=\u00bb1474894539790-d33a34b0-bc4f\u00bb][vc_column_text]<span lang=\"ES\">TEMA:<\/span>\u201cPRESENTACI\u00d3N DEL BOT\u00d3N DE ALERTA SANITARIO -DISERTANTE<b>:<\/b> <b>DR. EDUARDO ELIZALDE<\/b>\u00a0 \u2013<span lang=\"ES\">TEMA:<\/span>\u201cINVERNADA \/ TERMINACI\u00d3N SOBRE SUELOS CON APTITUD AG\u00cdCOLA\u201d.DISERTANTE<b>:<\/b> <b><span lang=\"ES\">DR. N\u00c9STOR JUAN LATIMORI<\/span><\/b><span lang=\"ES\">\u00a0\u2013<\/span><span lang=\"ES\">\u00a0<\/span><span lang=\"ES\">FECHA:\u00a0<\/span><span lang=\"ES\">\u00a0<\/span>MAYO 2016<br \/>\n<a href=\"http:\/\/sessionstudio.ar\/vet\/web\/wp-content\/uploads\/2016\/08\/INVERNADAS-SOBRE-SUELOS-CON-APTITUD-AGR%C3%8DCOLA-DR.-N%C3%89STOR-LATIMORI-1.pdf\">INVERNADAS SOBRE SUELOS CON APTITUD AGR\u00cdCOLA \u2013 DR. N\u00c9STOR LATIMORI<\/a><br \/>\n[\/vc_column_text][\/vc_tta_section][vc_tta_section title=\u00bbXIX Jornadas de Corresponsables Sanitarios &#8211; Agosto 2015&#8243; tab_id=\u00bb1474894539870-387d288d-47e1&#8243;][vc_column_text]<b><span lang=\"ES\">TEMA:\u201cPROSPECTIVA Y DESAF\u00cdOS DE LA LECHERIA \u2013 DISERTANTE:ING. MIGUEL TAVERNA\u00a0 \u2013 TEMA:\u201cLA PRODUCCI\u00d3N BOVINA EN LA REGI\u00d3N\u201d. DISERTANTE: DR. N\u00c9STOR JUAN LATIMORI\u00a0\u2013TEMA:\u201cACTITUD INNOVACI\u00d3N Y CREATIVIDAD\u201d. DISERTANTE: DR. CARLOS PE\u00d1AFORT \u2013\u00a0FECHA:\u00a0\u00a0AGOSTO 2015<\/span><\/b>[\/vc_column_text][\/vc_tta_section][vc_tta_section title=\u00bbXVIII Jornadas de Corresponsables Sanitarios &#8211; Mayo 2015&#8243; tab_id=\u00bb1474894700845-85ef7a1b-d953&#8243;][vc_column_text]<b><span lang=\"ES\">JORNADA PARA CORRESPONSABLES SANITARIOS<\/span><\/b><span lang=\"ES\">\u2013 TEMA:<\/span>\u201cDIAGN\u00d3STICO Y PREENCI\u00d3N PREDIAL Y AN\u00c1LISIS DE SITUACIONES SANITARIAS \u2013 DISERTANTE<b>:<\/b> <b><span lang=\"ES\">DR. RICARDO SAGER<\/span><\/b>\u00a0 \u2013 <span lang=\"ES\">TEMA:<\/span>\u201cPREVENCI\u00d3N Y CONTROL DEL CARBUNCLO RURAL. APLICACI\u00d3N PR\u00c1CTICA DEL CONCEPTO: UNA SALUD\u201d. DISERTANTE<b>:<\/b> <b><span lang=\"ES\">DR. RAM\u00d3N NOSEDA<\/span><\/b><span lang=\"ES\">\u00a0<\/span><span lang=\"ES\">\u2013<\/span><span lang=\"ES\">FECHA:\u00a0<\/span><span lang=\"ES\">\u00a0<\/span>MAYO 2015.[\/vc_column_text][\/vc_tta_section][vc_tta_section title=\u00bbXVII Jornadas de Corresponsables Sanitarios &#8211; Noviembre 2014&#8243; tab_id=\u00bb1474894777092-8980d763-d1c0&#8243;][vc_column_text]<b><span lang=\"ES\">JORNADA PARA CORRESPONSABLES SANITARIOS<\/span><\/b><span lang=\"ES\">\u2013 TEMA:<\/span>\u201cACREDITACI\u00d3N DEL CORRESPONSABLE SANITARIO EN EL MARCO DEL PLAN DE ERRADICACI\u00d3N DE GARRAPATA DE LA PROV. DE SANTA FE\u201d \u2013 DISERTANTE<b>:<\/b> <b><span lang=\"ES\">DR. NICOL\u00c1S WINTER.<\/span><\/b>\u00a0 <span lang=\"ES\">TEMA:<\/span>\u00a0\u00a0 \u201cDISCUSI\u00d3N SOBRE DISTINTOS ASPECTOS DE LA VACUNACI\u00d3N SIMULT\u00c1NEA DE AFTOSA-BRUCELOSIS-CARCUNCLO\u201d.DISERTANTES: <b><span lang=\"ES\">DRA. CATALINA GUALTIERI \u2013 DR. LUIS E. SAMARTINO<\/span><\/b><span lang=\"ES\">\u00a0<\/span><span lang=\"ES\">\u2013<\/span><span lang=\"ES\">FECHA:\u00a0<\/span><span lang=\"ES\">\u00a0<\/span>NOVIEMBRE DE 2014<br \/>\n<a href=\"http:\/\/sessionstudio.ar\/vet\/web\/wp-content\/uploads\/2016\/08\/PLAN-GARRAPATA-SANTA-FE-VERSI%C3%93N-2014-PRESENTADA-POR-EL-DR.-NICOL%C3%81S-WINTER.pdf\">PLAN GARRAPATA SANTA FE \u2013 VERSI\u00d3N 2014 PRESENTADA POR EL DR. NICOL\u00c1S WINTER<\/a><br \/>\n[\/vc_column_text][\/vc_tta_section][vc_tta_section title=\u00bbXVI Jornadas de Corresponsables Sanitarios &#8211; Agosto 2014&#8243; tab_id=\u00bb1474894854583-4eb43153-c6fd\u00bb][vc_column_text]<b><span lang=\"ES\">JORNADA PARA CORRESPONSABLES SANITARIOS<\/span><\/b><span lang=\"ES\">\u2013 TEMA:<\/span>\u201cLA PRODUCCI\u00d3N DE ALIMENTOS INDUSTRIALES PARA LA NUTRICI\u00d3N ANIMAL\u201d \u2013 DISERTANTES<b>:<\/b> <b><span lang=\"ES\">LIC. JUAN MORENO Y DR. GABRIEL GUALDONI (CAENA)<\/span><\/b> \u2013 <span lang=\"ES\">TEMA:<\/span> \u201cLOS RIESGOS LABORALES EN LA PROFESI\u00d3N VETERINARIA\u201d \u2013 DISERTANTE<b>:<\/b><b><span lang=\"ES\">\u2013 DR. H\u00c9CTOR TARABLA \u2013<\/span><\/b><span lang=\"ES\">TEMA:<\/span> <b><span lang=\"ES\">\u00a0<\/span><\/b>\u00a0\u00a0\u201cMEDICINA AGR\u00cdCOLA\u201d.DISERTANTE<b>:<\/b><b><span lang=\"ES\">DR. MARCOS GRIOGIONI (M\u00c9DICO HUMANO)<\/span><\/b><span lang=\"ES\">\u00a0<\/span><span lang=\"ES\">\u2013<\/span> <span lang=\"ES\">FECHA:\u00a0<\/span><span lang=\"ES\">\u00a0<\/span>AGOSTO DE 2014[\/vc_column_text][\/vc_tta_section][vc_tta_section title=\u00bbXV Jornadas de Corresponsables Sanitarios &#8211; Octubre 2013&#8243; tab_id=\u00bb1474894909144-78eb1f46-4f36&#8243;][vc_column_text]<b><span lang=\"ES\">JORNADA PARA CORRESPONSABLES SANITARIOS<\/span><\/b><span lang=\"ES\">\u2013 TEMA:<\/span>\u201cBIENESTAR ANIMAL \u2013 IMPACTO EN LA PRODUCCI\u00d3N BOVINA\u201d. DISERTANTES<b>:<\/b> <b><span lang=\"ES\">DR. MARCELO GHEZZI \u2013 DRA. GRACIELA CAPPELLETTI<\/span><\/b><span lang=\"ES\">\u00a0<\/span><span lang=\"ES\">\u2013<\/span> <span lang=\"ES\">FECHA:\u00a0<\/span><span lang=\"ES\">\u00a0<\/span>OCTUBRE DE 2013<br \/>\n<a href=\"http:\/\/sessionstudio.ar\/vet\/web\/wp-content\/uploads\/2016\/08\/BIENESTAR-ANIMAL-IMPACTO-EN-LA-PODUCCI%C3%93N-BOVINA-M%C3%93DULO-I-DR.-MARCELO-GHEZZI.pdf\">BIENESTAR ANIMAL \u2013 IMPACTO EN LA PODUCCI\u00d3N BOVINA \u2013 M\u00d3DULO I \u2013 DR. MARCELO GHEZZI<\/a><br \/>\n<a href=\"http:\/\/sessionstudio.ar\/vet\/web\/wp-content\/uploads\/2016\/08\/BIENESTAR-ANIMAL-IMPACTO-EN-LA-PODUCCI%C3%93N-BOVINA-M%C3%93DULO-II-DR.-MARCELO-GHEZZI.pdf\">BIENESTAR ANIMAL \u2013 IMPACTO EN LA PODUCCI\u00d3N BOVINA \u2013 M\u00d3DULO II \u2013 DR. MARCELO GHEZZI<\/a><br \/>\n<a href=\"http:\/\/sessionstudio.ar\/vet\/web\/wp-content\/uploads\/2016\/08\/BIENESTAR-ANIMAL-IMPACTO-EN-LA-PODUCCI%C3%93N-BOVINA-M%C3%93DULO-III-DR.-MARCELO-GHEZZI.pdf\">BIENESTAR ANIMAL \u2013 IMPACTO EN LA PODUCCI\u00d3N BOVINA \u2013 M\u00d3DULO III \u2013 DR. MARCELO GHEZZI<\/a><br \/>\n[\/vc_column_text][\/vc_tta_section][vc_tta_section title=\u00bbXIV Jornadas de Corresponsables Sanitarios &#8211; Agosto 2013&#8243; tab_id=\u00bb1474894961888-e2e03c59-babe\u00bb][vc_column_text]<b><span lang=\"ES\">JORNADA PARA CORRESPONSABLES SANITARIOS<\/span><\/b><span lang=\"ES\">\u2013 TEMA:<\/span>\u201cRESISTENCIA ANTIHELM\u00c9TICA Y CONTROL PARASITOL\u00d3GICO SUSTENTABLE \/ FASCIOLOSIS BOVINA EN BAJOS DEL SUR DE LA PROV. DE SANTA FE\u201d. DISERTANTES<b>:<\/b> <b><span lang=\"ES\">DR. C\u00c9SAR FIEL \u2013 DR. PEDRO STEFFAN \u2013 CLAUDIO GIUDICI<\/span><\/b><span lang=\"ES\">\u00a0<\/span><span lang=\"ES\">\u2013<\/span> <span lang=\"ES\">FECHA:\u00a0<\/span><span lang=\"ES\">\u00a0<\/span>AGOSTO DE 2013<br \/>\n<a href=\"http:\/\/sessionstudio.ar\/vet\/web\/wp-content\/uploads\/2016\/08\/DIAGN%C3%93STICO-DE-LAS-PARASITOSIS-M%C3%81S-FRECUENTES-DE-LOS-RUMIANTES-DRES.-PEDRO-STEFFAN-C%C3%89SAR-FIEL-DIEGO-FERREYRA.pdf\">DIAGN\u00d3STICO DE LAS PARASITOSIS M\u00c1S FRECUENTES DE LOS RUMIANTES \u2013 DRES. PEDRO STEFFAN \u2013 C\u00c9SAR FIEL \u2013 DIEGO FERREYRA<\/a><br \/>\n<a href=\"http:\/\/sessionstudio.ar\/vet\/web\/wp-content\/uploads\/2016\/08\/ENDOPARASITOSIS-M%C3%81S-FRECUENTES-DE-LOS-RUMIANTES-EN-SISTEMAS-PASTORILES-DE-PRODUCCI%C3%93N-DRES.-PEDRO-STEFFAN-C%C3%89SAR-FIEL-DIEGO-FERREYRA.pdf\">ENDOPARASITOSIS M\u00c1S FRECUENTES DE LOS RUMIANTES EN SISTEMAS PASTORILES DE PRODUCCI\u00d3N \u2013 DRES. PEDRO STEFFAN \u2013 C\u00c9SAR FIEL \u2013 DIEGO FERREYRA<\/a><br \/>\n[\/vc_column_text][\/vc_tta_section][vc_tta_section title=\u00bbXIII Jornadas de Corresponsables Sanitarios &#8211; Diciembre 2012&#8243; tab_id=\u00bb1474895010903-f303fef0-1062&#8243;][vc_column_text]<b><span lang=\"ES\">JORNADA PARA CORRESPONSABLES SANITARIOS<\/span><\/b><span lang=\"ES\">\u2013 TEMA:<\/span>\u201cTUBERCULOSIS\u201d (RE-ACREDITACI\u00d3N). DISERTANTES<b>:<\/b><b><span lang=\"ES\">DR. PEDRO TORRES \u2013 DRA. ANA CANAL<\/span><\/b><span lang=\"ES\">\u00a0<\/span><span lang=\"ES\">\u2013<\/span> <span lang=\"ES\">FECHA:\u00a0<\/span><span lang=\"ES\">\u00a0<\/span>DICIEMBRE DE 2012[\/vc_column_text][\/vc_tta_section][vc_tta_section title=\u00bbXII Jornadas de Corresponsables Sanitarios &#8211; Junio 2012&#8243; tab_id=\u00bb1474895052583-c165a63d-cc75&#8243;][vc_column_text]<b><span lang=\"ES\">JORNADA PARA CORRESPONSABLES SANITARIOS<\/span><\/b> <span lang=\"ES\">\u2013 TEMA:<\/span>\u201cAGUAS\u201d DISERTANTE<b>:<\/b> <b><span lang=\"ES\">ING. GUILLERMO BAVERA<\/span><\/b> <span lang=\"ES\">\u2013<\/span><span lang=\"ES\">FECHA:\u00a0<\/span><span lang=\"ES\">\u00a0<\/span>JUNIO DE 2012<br \/>\n<a href=\"http:\/\/sessionstudio.ar\/vet\/web\/wp-content\/uploads\/2016\/08\/TENORES-M%C3%81XIMOS-DE-SALES-TOTALES-GUILLERMO-BAVERA.pdf\">TENORES M\u00c1XIMOS DE SALES TOTALES \u2013 GUILLERMO BAVERA<\/a><br \/>\n<a href=\"https:\/\/cmvsf2.org\/web\/wp-content\/uploads\/2016\/08\/TOMA-DE-MUESTRAS-DE-AGUA-BEBIDA-GUILLERMO-BAVERA-1.pdf\">TOMA DE MUESTRAS DE AGUA BEBIDA \u2013 GUILLERMO BAVERA<\/a><br \/>\n[\/vc_column_text][\/vc_tta_section][vc_tta_section title=\u00bbXI Jornadas de Corresponsables Sanitarios &#8211; Noviembre 2011&#8243; tab_id=\u00bb1474895113355-7186ab8e-06bb\u00bb][vc_column_text]<b><span lang=\"ES\">JORNADA PARA CORRESPONSABLES SANITARIOS<\/span><\/b> <span lang=\"ES\">\u2013 TEMA:<\/span> EN EL MARCO DEL PLAN FEDERAL DEL BICENTENARIO DE GANADOS Y CARNES: \u201cALIMENTACI\u00d3N DE LA VACA EN EL RODEO DE CR\u00cdA\u201d DISERTANTE<b>:<\/b><b><span lang=\"ES\">ING. OSCAR MELO<\/span><\/b> <span lang=\"ES\">\u2013<\/span><span lang=\"ES\">FECHA:\u00a0<\/span><span lang=\"ES\">\u00a0<\/span>NOVIEMBRE DE 2011<br \/>\n<a href=\"http:\/\/sessionstudio.ar\/vet\/web\/wp-content\/uploads\/2016\/08\/OPORTUNIDADES-Y-DESAF%C3%8DOS-PARA-LA-GANADER%C3%8DA-ARGENTINA-ING.-OSCAR-MELO-PARTE-1.pdf\">OPORTUNIDADES Y DESAF\u00cdOS PARA LA GANADER\u00cdA ARGENTINA \u2013 ING. OSCAR MELO \u2013 PARTE 1<\/a><br \/>\n<a href=\"https:\/\/cmvsf2.org\/web\/wp-content\/uploads\/2016\/08\/COMO-ENFRENTAR-LA-BAJA-OFERTA-DE-INVERNADA-ING.-OSCAR-MELO-PARTE-2-1.pdf\">COMO ENFRENTAR LA BAJA OFERTA DE INVERNADA \u2013 ING. OSCAR MELO \u2013 PARTE 2<\/a><br \/>\n[\/vc_column_text][\/vc_tta_section][vc_tta_section title=\u00bbX Jornadas de Corresponsables Sanitarios &#8211; Julio 2011&#8243; tab_id=\u00bb1474895155173-054ee3c3-03ce\u00bb][vc_column_text]<b><span lang=\"ES\">JORNADA PARA CORRESPONSABLES SANITARIOS<\/span><\/b> <span lang=\"ES\">\u2013 TEMA:<\/span> EN EL MARCO DEL PLAN FEDERAL DEL BICENTENARIO DE GANADOS Y CARNES \u201cCADENA FORRAJERA\u201d. DISERTANTES<b>:<\/b> <b>ING. AGR. MARIO MONTI \u2013<\/b> <b>M\u00c9D. VET. GUILLERMO DELGADO<\/b><span lang=\"ES\">\u2013<\/span><span lang=\"ES\">FECHA:\u00a0<\/span><span lang=\"ES\">\u00a0<\/span>JULIO DE 2011<br \/>\n<a href=\"http:\/\/sessionstudio.ar\/vet\/web\/wp-content\/uploads\/2016\/08\/X-JORNADAS-PARA-CORRESPONSABLES-SANITARIOS-EN-EL-MARCO-DEL-PLAN-FEDERAL-DEL-BICENTERIANRIO-DE-GANADOS-Y-CARNES-SUPLEMENTACI%C3%93N-DE-PASTURAS-DE-BAJA-CALIDAD.pdf\">X JORNADAS PARA CORRESPONSABLES SANITARIOS EN EL MARCO DEL PLAN FEDERAL DEL BICENTERIANRIO DE GANADOS Y CARNES \u2013 SUPLEMENTACI\u00d3N DE PASTURAS DE BAJA CALIDAD<\/a><br \/>\n<a href=\"http:\/\/sessionstudio.ar\/vet\/web\/wp-content\/uploads\/2016\/08\/X-JORNADAS-PARA-CORRESPONSABLES-SANITARIOS-EN-EL-MARCO-DEL-PLAN-FEDERAL-DEL-BICENTERIANRIO-DE-GANADOS-Y-CARNES-PLANIFICACI%C3%93N-FORRAJERA-PARTE-2.pdf\">X JORNADAS PARA CORRESPONSABLES SANITARIOS EN EL MARCO DEL PLAN FEDERAL DEL BICENTERIANRIO DE GANADOS Y CARNES \u2013 PLANIFICACI\u00d3N FORRAJERA \u2013 PARTE 2<\/a><br \/>\n<a href=\"http:\/\/sessionstudio.ar\/vet\/web\/wp-content\/uploads\/2016\/08\/X-JORNADAS-PARA-CORRESPONSABLES-SANITARIOS-EN-EL-MARCO-DEL-PLAN-FEDERAL-DEL-BICENTERIANRIO-DE-GANADOS-Y-CARNES-PLANIFICACI%C3%93N-FORRAJERA.pdf\">X JORNADAS PARA CORRESPONSABLES SANITARIOS EN EL MARCO DEL PLAN FEDERAL DEL BICENTERIANRIO DE GANADOS Y CARNES \u2013 PLANIFICACI\u00d3N FORRAJERA<\/a><br \/>\n[\/vc_column_text][\/vc_tta_section][vc_tta_section title=\u00bbIX Jornadas de Corresponsables Sanitarios &#8211; Abril 2011&#8243; tab_id=\u00bb1474895223156-27f349c9-ed3d\u00bb][vc_column_text]\u201cPROYECTO DE RECUPERACI\u00d3N GANADERA DE LA PROVINCIA DE SANTA FE 2011-2015, EN BASE A SANIDAD Y NUTRICI\u00d3N\u201d. DISERTANTES<b>:<\/b><b>ING. DANIEL REARTE<\/b>, JEFE DEL PROGRAMA NACIONAL DE CARNES DEL INTA Y EL <b>DR. ENRIQUE TRABATTONI<\/b>, ASESOR PRIVADO Y EX DOCENTE FACULTAD DE CIENCIAS VETERINARIAS DE ESPERANZA <span lang=\"ES\">\u2013<\/span><span lang=\"ES\">FECHA:\u00a0<\/span><span lang=\"ES\">\u00a0<\/span>ABRIL DE 2011<br \/>\n<a href=\"https:\/\/cmvsf2.org\/web\/wp-content\/uploads\/2016\/08\/ACTUALIZACION-DE-LA-SITUACION-GANADERA-20-DE-MARZO-DE-2010-ING.-DANIEL-REARTE-2.pdf\">ACTUALIZACION DE LA SITUACION GANADERA 20 DE MARZO DE 2010- ING. DANIEL REARTE<\/a><br \/>\n<a href=\"https:\/\/cmvsf2.org\/web\/wp-content\/uploads\/2016\/08\/DIAGNOSTICO-DIFERENCIAL-DEL-ABORTO-BOVINO-DR.-ENRIQUE-TRABATTONI-2.pdf\">DIAGNOSTICO DIFERENCIAL DEL ABORTO BOVINO \u2013 DR. ENRIQUE TRABATTONI<\/a><br \/>\n<a href=\"https:\/\/cmvsf2.org\/web\/wp-content\/uploads\/2016\/08\/DIAGNOSTICO-DIFERENCIAL-DEL-ABORTO-BOVINO-DR.-ENRIQUE-TRABATTONI-2-1-2.pdf\">DIAGNOSTICO DIFERENCIAL DEL ABORTO BOVINO \u2013 DR. ENRIQUE TRABATTONI \u2013 2 \u2013<\/a><br \/>\n[\/vc_column_text][\/vc_tta_section][vc_tta_section title=\u00bbVIII Jornadas de Corresponsables Sanitarios &#8211; Julio 2010&#8243; tab_id=\u00bb1474895279808-b0b60d2a-0999&#8243;][vc_column_text]<span lang=\"ES\">TEMA:<\/span><i><\/i><i>\u201c<\/i>ENGORDE A CORRAL\u201d. DISERTANTE<b>:<\/b> \u00a0<b><span lang=\"ES\">ING. AGR\u00d3NOMO JUAN ELIZALDE<\/span><\/b><span lang=\"ES\">\u00a0\u00a0<\/span><span lang=\"ES\">\u2013<\/span> <span lang=\"ES\">FECHA:\u00a0<\/span><span lang=\"ES\">\u00a0<\/span>JULIO DE 2010[\/vc_column_text][\/vc_tta_section][vc_tta_section title=\u00bbVII Jornadas de Corresponsables Sanitarios &#8211; Julio 2009&#8243; tab_id=\u00bb1474895330258-1ad18d94-9677&#8243;][vc_column_text]<span lang=\"ES\">TEMA:<\/span><i>\u201c<\/i>GESTI\u00d3N EN EMPRESAS AGROPECUARIAS\u201d. \u00a0DISERTANTE<b>:<\/b><b>CONTADOR ENRIQUE RUDI<\/b> <span lang=\"ES\">\u2013<\/span> <span lang=\"ES\">FECHA:\u00a0<\/span><span lang=\"ES\">\u00a0<\/span>AGOSTO DE 2009[\/vc_column_text][\/vc_tta_section][vc_tta_section title=\u00bbVI Jornadas de Corresponsables Sanitarios &#8211; Agosto 2008&#8243; tab_id=\u00bb1474895367329-d0ba893a-e521&#8243;][vc_column_text]<span lang=\"ES\">TEMA:<\/span><i><\/i>\u201cROL DEL CORRESPONSABLE SANITARIO EN LA APLICACI\u00d3N DE LAS BUENAS PR\u00c1CTICAS EN LA CADENA AGRALIMENTARIA\u201d.\u00a0 DISERTANTES<b>:<\/b><b>DR. ENRIQUE P\u00c9REZ<\/b> PARTE I\u00a0 \/\u00a0 <b>DR. CELSO RODR\u00cdGUEZ<\/b> PARTE II \u2013 PLAN DE CONTROL Y ERRADICACI\u00d3N DE LA GARRAPATA EN LA PROVINCIA DE SANTA FE (*). SENASA REGIONAL SANTA FE.<i><\/i>(*) LA ASISTENCIA A ESTA DISERTACI\u00d3N SERVIR\u00c1 PARA LA ACREDITACI\u00d3N POR PARTE DE SENASA PARA LOS QUE LOS CORRESPONSABLES SANITARIOS PUEDAN PARTICIPAR DE DICHO PLAN. <span lang=\"ES\">\u2013<\/span> <span lang=\"ES\">FECHA:\u00a0<\/span><span lang=\"ES\">\u00a0<\/span>AGOSTO DE 2008[\/vc_column_text][\/vc_tta_section][vc_tta_section title=\u00bbV Jornadas de Corresponsables Sanitarios &#8211; Noviembre 2007&#8243; tab_id=\u00bb1474895422803-87bd6b2c-fd41&#8243;][vc_column_text]<span lang=\"ES\">TEMA:<\/span> \u201cDIAGN\u00d3STICOS DIFERENCIALES EN ENFERMEDADES INFECCIOSAS, T\u00d3XICAS, METAB\u00d3LICAS Y PARASITARIAS M\u00c1S COMUNES EN BOVINOS\u201d. \u00a0DISERTANTE<b>:<\/b><b><\/b><b>DR. ERNESTO ODRIOZOLA<\/b><span lang=\"ES\">\u2013<\/span> <span lang=\"ES\">FECHA:\u00a0<\/span><span lang=\"ES\">\u00a0<\/span>NOVIEMBRE DE 2007[\/vc_column_text][\/vc_tta_section][vc_tta_section title=\u00bbIV Jornadas de Corresponsables Sanitarios &#8211; Mayo 2007&#8243; tab_id=\u00bb1474895478058-6a8a3797-3d80&#8243;][vc_column_text]<span lang=\"ES\">TEMA:<\/span> \u201cPREVENCI\u00d3N, CONTROL Y ERRADICACI\u00d3N DE ENFERMEDADES INFECCIOSAS Y PARASITARIAS QUE AFECTAN A LA REPRODUCCI\u00d3N\u201d. DISERTANTE<b>:<\/b><b>DR. CARLOS CAMPERO<\/b> <span lang=\"ES\">\u2013<\/span><span lang=\"ES\">FECHA:\u00a0<\/span><span lang=\"ES\">MAYO DE 2007<\/span>[\/vc_column_text][\/vc_tta_section][vc_tta_section title=\u00bbIII Jornadas de Corresponsables Sanitarios &#8211; Julio 2006&#8243; tab_id=\u00bb1474895532072-f9ca5347-fb6a\u00bb][vc_column_text]<span lang=\"ES\">TEMA:<\/span> \u201cLEUCOSIS BOVINA ENZO\u00d3TICA\u201d DISERTANTE: \u00a0<b>DR. EDUARDO ESTEBAN<\/b> <span lang=\"ES\">\u2013<\/span> <span lang=\"ES\">TEMA:<\/span><span lang=\"ES\">\u201c<\/span>EQUINOS DE TRABAJO EN LA REP\u00daBLICA ARGENTINA \/ ASPECTOS PRODUCTIVOS Y SANITARIOS\u201d.DISERTANTE<b>:<\/b><b>DRA. MAR\u00cdA DE LA LUZ DUCOMMUN<\/b> <span lang=\"ES\">\u2013<\/span> <span lang=\"ES\">FECHA:\u00a0<\/span><span lang=\"ES\">JULIO DE 2006<\/span>[\/vc_column_text][\/vc_tta_section][vc_tta_section title=\u00bbII Jornadas de Corresponsables Sanitarios &#8211; Abril 2006&#8243; tab_id=\u00bb1474895619527-696af41a-6a1f\u00bb][vc_column_text]<span lang=\"ES\">TEMA: \u201c<\/span>EFECTOS DE PARASITOS INTERNOS EN HEMBRAS DE REPOSICI\u00d3N DE CARNE Y LECHE: DIAGN\u00d3STICO Y CONTROL CONSIDERANDO LA RESISTENCIA PARASITARIA A LAS DROGAS.\u201d \u00a0DISERTANTE: <b>DR. CARLOS ENTROCASSO<\/b>\u00a0 <span lang=\"ES\">\u2013 TEMA:<\/span>\u201cTUBERCULOSIS\u201d. \u00a0DISERTANTE<b>: \u00a0<\/b><b>DRA. ANA CANAL<\/b> <span lang=\"ES\">\u2013<\/span> <span lang=\"ES\">FECHA:\u00a0<\/span><span lang=\"ES\">ABRIL DE 2006<\/span>[\/vc_column_text][\/vc_tta_section][vc_tta_section title=\u00bbI Jornadas de Corresponsables Sanitarios &#8211; 2005&#8243; tab_id=\u00bb1474895651268-cdb92114-e511&#8243;][vc_column_text]<span lang=\"ES\">TEMA:<\/span>\u201cMANEJO SIST\u00c9MICO DE LA GANADER\u00cdA DE CR\u00cdA. DE LA PRODUCCI\u00d3N AL MERCADO.\u201d\u00a0 \u00a0DISERTANTE: <b>DR. JARDIM BARCELLOS<\/b>. UNIVERSIDAD PORTO ALEGRE. BRASIL \u2013 <span lang=\"ES\">TEMA:<\/span>\u201cMANEJO DE LA VAQUILLONA DE CARNE.\u00a0 DE LA RECR\u00cdA HASTA LA PUBERTAD Y\u00a0 PRIMER Y SEGUNDO ENTORE\u201d. DISERTANTE:<b>DR. JARDIM BARCELLOS<\/b> \u2013<span lang=\"ES\">TEMA:<\/span><span lang=\"ES\">\u201c<\/span>VACUNAS Y VACUNACIONES EN BOVINOS\u201d. \u00a0DISERTANTE: <b>DR. ENRIQUE TRABATTONI<\/b>. (ARGENTINA)<span lang=\"ES\">FECHA:<\/span>\u00a0OCTUBRE DE 2005<br \/>\n\u00b7\u201cPRIMER CURSO DE ACREDITACION PARA CORRESPONSABLES SANITARIOS EN CONTROL Y ERRADICACI\u00d3N DE ENFERMEDADES DE LOS EQUINOS\u201d. <span lang=\"ES\">FECHA:\u00a0<\/span><span lang=\"ES\">NOVIEMBRE DE<\/span>2005 (NO FUE UNA JORNADA DE FORMACI\u00d3N CONTINUA).<br \/>\n[\/vc_column_text][\/vc_tta_section][\/vc_tta_accordion][\/vc_column][\/vc_row]<\/p>\n<\/div>","protected":false},"excerpt":{"rendered":"<p>[vc_row][vc_column][vc_tta_accordion][vc_tta_section title=\u00bbXX Jornadas de Corresponsables Sanitarios &#8211; Mayo 2016&#8243; tab_id=\u00bb1474894539790-d33a34b0-bc4f\u00bb][vc_column_text]TEMA:\u201cPRESENTACI\u00d3N DEL BOT\u00d3N DE ALERTA SANITARIO -DISERTANTE: DR. EDUARDO ELIZALDE\u00a0 \u2013TEMA:\u201cINVERNADA \/ TERMINACI\u00d3N SOBRE SUELOS CON APTITUD AG\u00cdCOLA\u201d.DISERTANTE: DR. N\u00c9STOR JUAN LATIMORI\u00a0\u2013\u00a0FECHA:\u00a0\u00a0MAYO 2016 INVERNADAS SOBRE SUELOS CON APTITUD AGR\u00cdCOLA \u2013 DR. N\u00c9STOR LATIMORI [\/vc_column_text][\/vc_tta_section][vc_tta_section title=\u00bbXIX Jornadas de Corresponsables Sanitarios &#8211; Agosto 2015&#8243; tab_id=\u00bb1474894539870-387d288d-47e1&#8243;][vc_column_text]TEMA:\u201cPROSPECTIVA Y DESAF\u00cdOS DE LA LECHERIA \u2013 DISERTANTE:ING. MIGUEL TAVERNA\u00a0 \u2013 TEMA:\u201cLA PRODUCCI\u00d3N [&hellip;]<\/p>\n","protected":false},"author":3,"featured_media":2124,"comment_status":"open","ping_status":"open","sticky":false,"template":"","format":"standard","meta":{"_acf_changed":false,"footnotes":""},"categories":[1],"tags":[],"class_list":["post-2493","post","type-post","status-publish","format-standard","has-post-thumbnail","hentry","category-sin-categoria"],"acf":[],"yoast_head":"<!-- This site is optimized with the Yoast SEO plugin v28.2 - https:\/\/yoast.com\/product\/yoast-seo-wordpress\/ -->\n<title>Historial de las Jornadas de Corresponsales Sanitarios - Colegio De Veterinarios De Santa Fe 2da. Circunscripci\u00f3n<\/title>\n<meta name=\"description\" content=\"TEMA:\u201cPRESENTACI\u00d3N DEL BOT\u00d3N DE ALERTA SANITARIO -DISERTANTE: DR. EDUARDO ELIZALDE\u00a0 \u2013TEMA:\u201cINVERNADA \/ TERMINACI\u00d3N SOBRE SUELOS CON APTITUD\" \/>\n<meta name=\"robots\" content=\"index, follow, max-snippet:-1, max-image-preview:large, max-video-preview:-1\" \/>\n<link rel=\"canonical\" href=\"https:\/\/cmvsf2.org\/web\/2016\/09\/26\/historial-de-las-jornadas-de-corresponsales-sanitarios\/\" \/>\n<meta property=\"og:locale\" content=\"es_ES\" \/>\n<meta property=\"og:type\" content=\"article\" \/>\n<meta property=\"og:title\" content=\"Historial de las Jornadas de Corresponsales Sanitarios - Colegio De Veterinarios De Santa Fe 2da. Circunscripci\u00f3n\" \/>\n<meta property=\"og:description\" content=\"TEMA:\u201cPRESENTACI\u00d3N DEL BOT\u00d3N DE ALERTA SANITARIO -DISERTANTE: DR. EDUARDO ELIZALDE\u00a0 \u2013TEMA:\u201cINVERNADA \/ TERMINACI\u00d3N SOBRE SUELOS CON APTITUD\" \/>\n<meta property=\"og:url\" content=\"https:\/\/cmvsf2.org\/web\/2016\/09\/26\/historial-de-las-jornadas-de-corresponsales-sanitarios\/\" \/>\n<meta property=\"og:site_name\" content=\"Colegio De Veterinarios De Santa Fe 2da. Circunscripci\u00f3n\" \/>\n<meta property=\"article:published_time\" content=\"2016-09-26T13:15:27+00:00\" \/>\n<meta property=\"og:image\" content=\"https:\/\/cmvsf2.org\/web\/wp-content\/uploads\/2016\/09\/DSCN5739-1.jpg\" \/>\n\t<meta property=\"og:image:width\" content=\"2000\" \/>\n\t<meta property=\"og:image:height\" content=\"1282\" \/>\n\t<meta property=\"og:image:type\" content=\"image\/jpeg\" \/>\n<meta name=\"author\" content=\"cmvsf2\" \/>\n<meta name=\"twitter:card\" content=\"summary_large_image\" \/>\n<meta name=\"twitter:label1\" content=\"Escrito por\" \/>\n\t<meta name=\"twitter:data1\" content=\"cmvsf2\" \/>\n\t<meta name=\"twitter:label2\" content=\"Tiempo de lectura\" \/>\n\t<meta name=\"twitter:data2\" content=\"8 minutos\" \/>\n<script type=\"application\/ld+json\" class=\"yoast-schema-graph\">{\"@context\":\"https:\\\/\\\/schema.org\",\"@graph\":[{\"@type\":\"Article\",\"@id\":\"https:\\\/\\\/cmvsf2.org\\\/web\\\/2016\\\/09\\\/26\\\/historial-de-las-jornadas-de-corresponsales-sanitarios\\\/#article\",\"isPartOf\":{\"@id\":\"https:\\\/\\\/cmvsf2.org\\\/web\\\/2016\\\/09\\\/26\\\/historial-de-las-jornadas-de-corresponsales-sanitarios\\\/\"},\"author\":{\"name\":\"cmvsf2\",\"@id\":\"https:\\\/\\\/cmvsf2.org\\\/web\\\/#\\\/schema\\\/person\\\/46ea3630099a4a3df8d89f07cf5f7520\"},\"headline\":\"Historial de las Jornadas de Corresponsales Sanitarios\",\"datePublished\":\"2016-09-26T13:15:27+00:00\",\"mainEntityOfPage\":{\"@id\":\"https:\\\/\\\/cmvsf2.org\\\/web\\\/2016\\\/09\\\/26\\\/historial-de-las-jornadas-de-corresponsales-sanitarios\\\/\"},\"wordCount\":1529,\"commentCount\":0,\"publisher\":{\"@id\":\"https:\\\/\\\/cmvsf2.org\\\/web\\\/#organization\"},\"image\":{\"@id\":\"https:\\\/\\\/cmvsf2.org\\\/web\\\/2016\\\/09\\\/26\\\/historial-de-las-jornadas-de-corresponsales-sanitarios\\\/#primaryimage\"},\"thumbnailUrl\":\"https:\\\/\\\/cmvsf2.org\\\/web\\\/wp-content\\\/uploads\\\/2016\\\/09\\\/DSCN5739-1.jpg\",\"inLanguage\":\"es\"},{\"@type\":\"WebPage\",\"@id\":\"https:\\\/\\\/cmvsf2.org\\\/web\\\/2016\\\/09\\\/26\\\/historial-de-las-jornadas-de-corresponsales-sanitarios\\\/\",\"url\":\"https:\\\/\\\/cmvsf2.org\\\/web\\\/2016\\\/09\\\/26\\\/historial-de-las-jornadas-de-corresponsales-sanitarios\\\/\",\"name\":\"Historial de las Jornadas de Corresponsales Sanitarios - Colegio De Veterinarios De Santa Fe 2da. Circunscripci\u00f3n\",\"isPartOf\":{\"@id\":\"https:\\\/\\\/cmvsf2.org\\\/web\\\/#website\"},\"primaryImageOfPage\":{\"@id\":\"https:\\\/\\\/cmvsf2.org\\\/web\\\/2016\\\/09\\\/26\\\/historial-de-las-jornadas-de-corresponsales-sanitarios\\\/#primaryimage\"},\"image\":{\"@id\":\"https:\\\/\\\/cmvsf2.org\\\/web\\\/2016\\\/09\\\/26\\\/historial-de-las-jornadas-de-corresponsales-sanitarios\\\/#primaryimage\"},\"thumbnailUrl\":\"https:\\\/\\\/cmvsf2.org\\\/web\\\/wp-content\\\/uploads\\\/2016\\\/09\\\/DSCN5739-1.jpg\",\"datePublished\":\"2016-09-26T13:15:27+00:00\",\"description\":\"TEMA:\u201cPRESENTACI\u00d3N DEL BOT\u00d3N DE ALERTA SANITARIO -DISERTANTE: DR. EDUARDO ELIZALDE\u00a0 \u2013TEMA:\u201cINVERNADA \\\/ TERMINACI\u00d3N SOBRE SUELOS CON APTITUD\",\"breadcrumb\":{\"@id\":\"https:\\\/\\\/cmvsf2.org\\\/web\\\/2016\\\/09\\\/26\\\/historial-de-las-jornadas-de-corresponsales-sanitarios\\\/#breadcrumb\"},\"inLanguage\":\"es\",\"potentialAction\":[{\"@type\":\"ReadAction\",\"target\":[\"https:\\\/\\\/cmvsf2.org\\\/web\\\/2016\\\/09\\\/26\\\/historial-de-las-jornadas-de-corresponsales-sanitarios\\\/\"]}]},{\"@type\":\"ImageObject\",\"inLanguage\":\"es\",\"@id\":\"https:\\\/\\\/cmvsf2.org\\\/web\\\/2016\\\/09\\\/26\\\/historial-de-las-jornadas-de-corresponsales-sanitarios\\\/#primaryimage\",\"url\":\"https:\\\/\\\/cmvsf2.org\\\/web\\\/wp-content\\\/uploads\\\/2016\\\/09\\\/DSCN5739-1.jpg\",\"contentUrl\":\"https:\\\/\\\/cmvsf2.org\\\/web\\\/wp-content\\\/uploads\\\/2016\\\/09\\\/DSCN5739-1.jpg\",\"width\":2000,\"height\":1282},{\"@type\":\"BreadcrumbList\",\"@id\":\"https:\\\/\\\/cmvsf2.org\\\/web\\\/2016\\\/09\\\/26\\\/historial-de-las-jornadas-de-corresponsales-sanitarios\\\/#breadcrumb\",\"itemListElement\":[{\"@type\":\"ListItem\",\"position\":1,\"name\":\"Portada\",\"item\":\"https:\\\/\\\/cmvsf2.org\\\/web\\\/\"},{\"@type\":\"ListItem\",\"position\":2,\"name\":\"Historial de las Jornadas de Corresponsales Sanitarios\"}]},{\"@type\":\"WebSite\",\"@id\":\"https:\\\/\\\/cmvsf2.org\\\/web\\\/#website\",\"url\":\"https:\\\/\\\/cmvsf2.org\\\/web\\\/\",\"name\":\"Colegio De Veterinarios De Santa Fe 2da. Circunscripci\u00f3n\",\"description\":\"Sitio institucional del Colegio de M\u00e9dicos Veterinario de Santa Fe 2da. Circunscripci\u00f3n\",\"publisher\":{\"@id\":\"https:\\\/\\\/cmvsf2.org\\\/web\\\/#organization\"},\"potentialAction\":[{\"@type\":\"SearchAction\",\"target\":{\"@type\":\"EntryPoint\",\"urlTemplate\":\"https:\\\/\\\/cmvsf2.org\\\/web\\\/?s={search_term_string}\"},\"query-input\":{\"@type\":\"PropertyValueSpecification\",\"valueRequired\":true,\"valueName\":\"search_term_string\"}}],\"inLanguage\":\"es\"},{\"@type\":\"Organization\",\"@id\":\"https:\\\/\\\/cmvsf2.org\\\/web\\\/#organization\",\"name\":\"Colegio De Veterinarios De Santa Fe 2da. Circunscripci\u00f3n\",\"url\":\"https:\\\/\\\/cmvsf2.org\\\/web\\\/\",\"logo\":{\"@type\":\"ImageObject\",\"inLanguage\":\"es\",\"@id\":\"https:\\\/\\\/cmvsf2.org\\\/web\\\/#\\\/schema\\\/logo\\\/image\\\/\",\"url\":\"http:\\\/\\\/cmvsf2.org\\\/web\\\/wp-content\\\/uploads\\\/2020\\\/03\\\/vector-logo-02.png\",\"contentUrl\":\"http:\\\/\\\/cmvsf2.org\\\/web\\\/wp-content\\\/uploads\\\/2020\\\/03\\\/vector-logo-02.png\",\"width\":2750,\"height\":642,\"caption\":\"Colegio De Veterinarios De Santa Fe 2da. Circunscripci\u00f3n\"},\"image\":{\"@id\":\"https:\\\/\\\/cmvsf2.org\\\/web\\\/#\\\/schema\\\/logo\\\/image\\\/\"}},{\"@type\":\"Person\",\"@id\":\"https:\\\/\\\/cmvsf2.org\\\/web\\\/#\\\/schema\\\/person\\\/46ea3630099a4a3df8d89f07cf5f7520\",\"name\":\"cmvsf2\",\"image\":{\"@type\":\"ImageObject\",\"inLanguage\":\"es\",\"@id\":\"https:\\\/\\\/secure.gravatar.com\\\/avatar\\\/669647b61c77f28f1aa51df04174a5ecb296e9988b4a93d2870666cd1f502cd7?s=96&d=mm&r=g\",\"url\":\"https:\\\/\\\/secure.gravatar.com\\\/avatar\\\/669647b61c77f28f1aa51df04174a5ecb296e9988b4a93d2870666cd1f502cd7?s=96&d=mm&r=g\",\"contentUrl\":\"https:\\\/\\\/secure.gravatar.com\\\/avatar\\\/669647b61c77f28f1aa51df04174a5ecb296e9988b4a93d2870666cd1f502cd7?s=96&d=mm&r=g\",\"caption\":\"cmvsf2\"}}]}<\/script>\n<!-- \/ Yoast SEO plugin. -->","yoast_head_json":{"title":"Historial de las Jornadas de Corresponsales Sanitarios - Colegio De Veterinarios De Santa Fe 2da. Circunscripci\u00f3n","description":"TEMA:\u201cPRESENTACI\u00d3N DEL BOT\u00d3N DE ALERTA SANITARIO -DISERTANTE: DR. EDUARDO ELIZALDE\u00a0 \u2013TEMA:\u201cINVERNADA \/ TERMINACI\u00d3N SOBRE SUELOS CON APTITUD","robots":{"index":"index","follow":"follow","max-snippet":"max-snippet:-1","max-image-preview":"max-image-preview:large","max-video-preview":"max-video-preview:-1"},"canonical":"https:\/\/cmvsf2.org\/web\/2016\/09\/26\/historial-de-las-jornadas-de-corresponsales-sanitarios\/","og_locale":"es_ES","og_type":"article","og_title":"Historial de las Jornadas de Corresponsales Sanitarios - Colegio De Veterinarios De Santa Fe 2da. Circunscripci\u00f3n","og_description":"TEMA:\u201cPRESENTACI\u00d3N DEL BOT\u00d3N DE ALERTA SANITARIO -DISERTANTE: DR. EDUARDO ELIZALDE\u00a0 \u2013TEMA:\u201cINVERNADA \/ TERMINACI\u00d3N SOBRE SUELOS CON APTITUD","og_url":"https:\/\/cmvsf2.org\/web\/2016\/09\/26\/historial-de-las-jornadas-de-corresponsales-sanitarios\/","og_site_name":"Colegio De Veterinarios De Santa Fe 2da. Circunscripci\u00f3n","article_published_time":"2016-09-26T13:15:27+00:00","og_image":[{"width":2000,"height":1282,"url":"https:\/\/cmvsf2.org\/web\/wp-content\/uploads\/2016\/09\/DSCN5739-1.jpg","type":"image\/jpeg"}],"author":"cmvsf2","twitter_card":"summary_large_image","twitter_misc":{"Escrito por":"cmvsf2","Tiempo de lectura":"8 minutos"},"schema":{"@context":"https:\/\/schema.org","@graph":[{"@type":"Article","@id":"https:\/\/cmvsf2.org\/web\/2016\/09\/26\/historial-de-las-jornadas-de-corresponsales-sanitarios\/#article","isPartOf":{"@id":"https:\/\/cmvsf2.org\/web\/2016\/09\/26\/historial-de-las-jornadas-de-corresponsales-sanitarios\/"},"author":{"name":"cmvsf2","@id":"https:\/\/cmvsf2.org\/web\/#\/schema\/person\/46ea3630099a4a3df8d89f07cf5f7520"},"headline":"Historial de las Jornadas de Corresponsales Sanitarios","datePublished":"2016-09-26T13:15:27+00:00","mainEntityOfPage":{"@id":"https:\/\/cmvsf2.org\/web\/2016\/09\/26\/historial-de-las-jornadas-de-corresponsales-sanitarios\/"},"wordCount":1529,"commentCount":0,"publisher":{"@id":"https:\/\/cmvsf2.org\/web\/#organization"},"image":{"@id":"https:\/\/cmvsf2.org\/web\/2016\/09\/26\/historial-de-las-jornadas-de-corresponsales-sanitarios\/#primaryimage"},"thumbnailUrl":"https:\/\/cmvsf2.org\/web\/wp-content\/uploads\/2016\/09\/DSCN5739-1.jpg","inLanguage":"es"},{"@type":"WebPage","@id":"https:\/\/cmvsf2.org\/web\/2016\/09\/26\/historial-de-las-jornadas-de-corresponsales-sanitarios\/","url":"https:\/\/cmvsf2.org\/web\/2016\/09\/26\/historial-de-las-jornadas-de-corresponsales-sanitarios\/","name":"Historial de las Jornadas de Corresponsales Sanitarios - Colegio De Veterinarios De Santa Fe 2da. Circunscripci\u00f3n","isPartOf":{"@id":"https:\/\/cmvsf2.org\/web\/#website"},"primaryImageOfPage":{"@id":"https:\/\/cmvsf2.org\/web\/2016\/09\/26\/historial-de-las-jornadas-de-corresponsales-sanitarios\/#primaryimage"},"image":{"@id":"https:\/\/cmvsf2.org\/web\/2016\/09\/26\/historial-de-las-jornadas-de-corresponsales-sanitarios\/#primaryimage"},"thumbnailUrl":"https:\/\/cmvsf2.org\/web\/wp-content\/uploads\/2016\/09\/DSCN5739-1.jpg","datePublished":"2016-09-26T13:15:27+00:00","description":"TEMA:\u201cPRESENTACI\u00d3N DEL BOT\u00d3N DE ALERTA SANITARIO -DISERTANTE: DR. EDUARDO ELIZALDE\u00a0 \u2013TEMA:\u201cINVERNADA \/ TERMINACI\u00d3N SOBRE SUELOS CON APTITUD","breadcrumb":{"@id":"https:\/\/cmvsf2.org\/web\/2016\/09\/26\/historial-de-las-jornadas-de-corresponsales-sanitarios\/#breadcrumb"},"inLanguage":"es","potentialAction":[{"@type":"ReadAction","target":["https:\/\/cmvsf2.org\/web\/2016\/09\/26\/historial-de-las-jornadas-de-corresponsales-sanitarios\/"]}]},{"@type":"ImageObject","inLanguage":"es","@id":"https:\/\/cmvsf2.org\/web\/2016\/09\/26\/historial-de-las-jornadas-de-corresponsales-sanitarios\/#primaryimage","url":"https:\/\/cmvsf2.org\/web\/wp-content\/uploads\/2016\/09\/DSCN5739-1.jpg","contentUrl":"https:\/\/cmvsf2.org\/web\/wp-content\/uploads\/2016\/09\/DSCN5739-1.jpg","width":2000,"height":1282},{"@type":"BreadcrumbList","@id":"https:\/\/cmvsf2.org\/web\/2016\/09\/26\/historial-de-las-jornadas-de-corresponsales-sanitarios\/#breadcrumb","itemListElement":[{"@type":"ListItem","position":1,"name":"Portada","item":"https:\/\/cmvsf2.org\/web\/"},{"@type":"ListItem","position":2,"name":"Historial de las Jornadas de Corresponsales Sanitarios"}]},{"@type":"WebSite","@id":"https:\/\/cmvsf2.org\/web\/#website","url":"https:\/\/cmvsf2.org\/web\/","name":"Colegio De Veterinarios De Santa Fe 2da. Circunscripci\u00f3n","description":"Sitio institucional del Colegio de M\u00e9dicos Veterinario de Santa Fe 2da. Circunscripci\u00f3n","publisher":{"@id":"https:\/\/cmvsf2.org\/web\/#organization"},"potentialAction":[{"@type":"SearchAction","target":{"@type":"EntryPoint","urlTemplate":"https:\/\/cmvsf2.org\/web\/?s={search_term_string}"},"query-input":{"@type":"PropertyValueSpecification","valueRequired":true,"valueName":"search_term_string"}}],"inLanguage":"es"},{"@type":"Organization","@id":"https:\/\/cmvsf2.org\/web\/#organization","name":"Colegio De Veterinarios De Santa Fe 2da. Circunscripci\u00f3n","url":"https:\/\/cmvsf2.org\/web\/","logo":{"@type":"ImageObject","inLanguage":"es","@id":"https:\/\/cmvsf2.org\/web\/#\/schema\/logo\/image\/","url":"http:\/\/cmvsf2.org\/web\/wp-content\/uploads\/2020\/03\/vector-logo-02.png","contentUrl":"http:\/\/cmvsf2.org\/web\/wp-content\/uploads\/2020\/03\/vector-logo-02.png","width":2750,"height":642,"caption":"Colegio De Veterinarios De Santa Fe 2da. Circunscripci\u00f3n"},"image":{"@id":"https:\/\/cmvsf2.org\/web\/#\/schema\/logo\/image\/"}},{"@type":"Person","@id":"https:\/\/cmvsf2.org\/web\/#\/schema\/person\/46ea3630099a4a3df8d89f07cf5f7520","name":"cmvsf2","image":{"@type":"ImageObject","inLanguage":"es","@id":"https:\/\/secure.gravatar.com\/avatar\/669647b61c77f28f1aa51df04174a5ecb296e9988b4a93d2870666cd1f502cd7?s=96&d=mm&r=g","url":"https:\/\/secure.gravatar.com\/avatar\/669647b61c77f28f1aa51df04174a5ecb296e9988b4a93d2870666cd1f502cd7?s=96&d=mm&r=g","contentUrl":"https:\/\/secure.gravatar.com\/avatar\/669647b61c77f28f1aa51df04174a5ecb296e9988b4a93d2870666cd1f502cd7?s=96&d=mm&r=g","caption":"cmvsf2"}}]}},"_links":{"self":[{"href":"https:\/\/cmvsf2.org\/web\/wp-json\/wp\/v2\/posts\/2493","targetHints":{"allow":["GET"]}}],"collection":[{"href":"https:\/\/cmvsf2.org\/web\/wp-json\/wp\/v2\/posts"}],"about":[{"href":"https:\/\/cmvsf2.org\/web\/wp-json\/wp\/v2\/types\/post"}],"author":[{"embeddable":true,"href":"https:\/\/cmvsf2.org\/web\/wp-json\/wp\/v2\/users\/3"}],"replies":[{"embeddable":true,"href":"https:\/\/cmvsf2.org\/web\/wp-json\/wp\/v2\/comments?post=2493"}],"version-history":[{"count":0,"href":"https:\/\/cmvsf2.org\/web\/wp-json\/wp\/v2\/posts\/2493\/revisions"}],"wp:featuredmedia":[{"embeddable":true,"href":"https:\/\/cmvsf2.org\/web\/wp-json\/wp\/v2\/media\/2124"}],"wp:attachment":[{"href":"https:\/\/cmvsf2.org\/web\/wp-json\/wp\/v2\/media?parent=2493"}],"wp:term":[{"taxonomy":"category","embeddable":true,"href":"https:\/\/cmvsf2.org\/web\/wp-json\/wp\/v2\/categories?post=2493"},{"taxonomy":"post_tag","embeddable":true,"href":"https:\/\/cmvsf2.org\/web\/wp-json\/wp\/v2\/tags?post=2493"}],"curies":[{"name":"wp","href":"https:\/\/api.w.org\/{rel}","templated":true}]}}