{"id":2463,"date":"2016-09-22T13:51:32","date_gmt":"2016-09-22T13:51:32","guid":{"rendered":"http:\/\/sessionstudio.ar\/vet\/web\/?p=2463"},"modified":"2016-09-22T13:51:32","modified_gmt":"2016-09-22T13:51:32","slug":"lanzamiento-vetmedin-boehringer-ingelheim","status":"publish","type":"post","link":"https:\/\/cmvsf2.org\/web\/2016\/09\/22\/lanzamiento-vetmedin-boehringer-ingelheim\/","title":{"rendered":"Lanzamiento VETMEDIN &#8211; Boehringer Ingelheim"},"content":{"rendered":"<p><img loading=\"lazy\" decoding=\"async\" class=\"size-full wp-image-2456 aligncenter\" src=\"https:\/\/cmvsf2.org\/web\/wp-content\/uploads\/2016\/09\/image-11.jpeg\" alt=\"image1\" width=\"600\" height=\"800\" \/><br \/>\n&nbsp;<br \/>\n<strong>Disertante Dr. Germ\u00e1n Santamarina Pernas\u00a0<\/strong><\/p>\n<hr \/>\n<p style=\"text-align: justify;\">Licenciado en Veterinaria en la Facultad de Veterinaria de Lugo de la Universidad de\u00a0Santiago de Compostela en 1989, obtuvo el t\u00edtulo de Doctor en Veterinaria en la misma\u00a0Universidad en 1993. Ha realizado estancias formativas en el campo de la Cardiolog\u00eda y\u00a0la Medicina Interna en las facultades de Davis (EEUU), Bolonia (Italia), Alfort\u00a0(Francia) y Lyon (Francia). Acreditado AVEPA en Medicina Interna y Cardiolog\u00eda. En\u00a0la actualidad es Profesor Titular de Patolog\u00eda M\u00e9dica en el Departamento de Ciencias\u00a0Cl\u00ednicas Veterinarias de la Facultad de Veterinaria de Lugo de la USC y desarrolla su\u00a0actividad cl\u00ednico-asistencial en el Servicio de Medicina Interna del Hospital Veterinario\u00a0Universitario Rof Codina.<\/p>\n","protected":false},"excerpt":{"rendered":"<p>&nbsp; Disertante Dr. Germ\u00e1n Santamarina Pernas\u00a0 Licenciado en Veterinaria en la Facultad de Veterinaria de Lugo de la Universidad de\u00a0Santiago de Compostela en 1989, obtuvo el t\u00edtulo de Doctor en Veterinaria en la misma\u00a0Universidad en 1993. Ha realizado estancias formativas en el campo de la Cardiolog\u00eda y\u00a0la Medicina Interna en las facultades de Davis (EEUU), Bolonia (Italia), Alfort\u00a0(Francia) y Lyon (Francia). Acreditado AVEPA en [&hellip;]<\/p>\n","protected":false},"author":3,"featured_media":2456,"comment_status":"open","ping_status":"open","sticky":false,"template":"","format":"standard","meta":{"_acf_changed":false,"footnotes":""},"categories":[1],"tags":[],"class_list":["post-2463","post","type-post","status-publish","format-standard","has-post-thumbnail","hentry","category-sin-categoria"],"acf":[],"yoast_head":"<!-- This site is optimized with the Yoast SEO plugin v28.2 - https:\/\/yoast.com\/product\/yoast-seo-wordpress\/ -->\n<title>Lanzamiento VETMEDIN - Boehringer Ingelheim - Colegio De Veterinarios De Santa Fe 2da. Circunscripci\u00f3n<\/title>\n<meta name=\"description\" content=\"&nbsp; Disertante Dr. Germ\u00e1n Santamarina Pernas\u00a0 Licenciado en Veterinaria en la Facultad de Veterinaria de Lugo de la Universidad de\u00a0Santiago de\" \/>\n<meta name=\"robots\" content=\"index, follow, max-snippet:-1, max-image-preview:large, max-video-preview:-1\" \/>\n<link rel=\"canonical\" href=\"https:\/\/cmvsf2.org\/web\/2016\/09\/22\/lanzamiento-vetmedin-boehringer-ingelheim\/\" \/>\n<meta property=\"og:locale\" content=\"es_ES\" \/>\n<meta property=\"og:type\" content=\"article\" \/>\n<meta property=\"og:title\" content=\"Lanzamiento VETMEDIN - Boehringer Ingelheim - Colegio De Veterinarios De Santa Fe 2da. Circunscripci\u00f3n\" \/>\n<meta property=\"og:description\" content=\"&nbsp; Disertante Dr. Germ\u00e1n Santamarina Pernas\u00a0 Licenciado en Veterinaria en la Facultad de Veterinaria de Lugo de la Universidad de\u00a0Santiago de\" \/>\n<meta property=\"og:url\" content=\"https:\/\/cmvsf2.org\/web\/2016\/09\/22\/lanzamiento-vetmedin-boehringer-ingelheim\/\" \/>\n<meta property=\"og:site_name\" content=\"Colegio De Veterinarios De Santa Fe 2da. Circunscripci\u00f3n\" \/>\n<meta property=\"article:published_time\" content=\"2016-09-22T13:51:32+00:00\" \/>\n<meta property=\"og:image\" content=\"https:\/\/cmvsf2.org\/web\/wp-content\/uploads\/2020\/09\/logo.png\" \/>\n\t<meta property=\"og:image:width\" content=\"441\" \/>\n\t<meta property=\"og:image:height\" content=\"100\" \/>\n\t<meta property=\"og:image:type\" content=\"image\/png\" \/>\n<meta name=\"author\" content=\"cmvsf2\" \/>\n<meta name=\"twitter:card\" content=\"summary_large_image\" \/>\n<meta name=\"twitter:label1\" content=\"Escrito por\" \/>\n\t<meta name=\"twitter:data1\" content=\"cmvsf2\" \/>\n\t<meta name=\"twitter:label2\" content=\"Tiempo de lectura\" \/>\n\t<meta name=\"twitter:data2\" content=\"1 minuto\" \/>\n<script type=\"application\/ld+json\" class=\"yoast-schema-graph\">{\"@context\":\"https:\\\/\\\/schema.org\",\"@graph\":[{\"@type\":\"Article\",\"@id\":\"https:\\\/\\\/cmvsf2.org\\\/web\\\/2016\\\/09\\\/22\\\/lanzamiento-vetmedin-boehringer-ingelheim\\\/#article\",\"isPartOf\":{\"@id\":\"https:\\\/\\\/cmvsf2.org\\\/web\\\/2016\\\/09\\\/22\\\/lanzamiento-vetmedin-boehringer-ingelheim\\\/\"},\"author\":{\"name\":\"cmvsf2\",\"@id\":\"https:\\\/\\\/cmvsf2.org\\\/web\\\/#\\\/schema\\\/person\\\/46ea3630099a4a3df8d89f07cf5f7520\"},\"headline\":\"Lanzamiento VETMEDIN &#8211; Boehringer Ingelheim\",\"datePublished\":\"2016-09-22T13:51:32+00:00\",\"mainEntityOfPage\":{\"@id\":\"https:\\\/\\\/cmvsf2.org\\\/web\\\/2016\\\/09\\\/22\\\/lanzamiento-vetmedin-boehringer-ingelheim\\\/\"},\"wordCount\":126,\"commentCount\":0,\"publisher\":{\"@id\":\"https:\\\/\\\/cmvsf2.org\\\/web\\\/#organization\"},\"image\":{\"@id\":\"https:\\\/\\\/cmvsf2.org\\\/web\\\/2016\\\/09\\\/22\\\/lanzamiento-vetmedin-boehringer-ingelheim\\\/#primaryimage\"},\"thumbnailUrl\":\"\",\"inLanguage\":\"es\"},{\"@type\":\"WebPage\",\"@id\":\"https:\\\/\\\/cmvsf2.org\\\/web\\\/2016\\\/09\\\/22\\\/lanzamiento-vetmedin-boehringer-ingelheim\\\/\",\"url\":\"https:\\\/\\\/cmvsf2.org\\\/web\\\/2016\\\/09\\\/22\\\/lanzamiento-vetmedin-boehringer-ingelheim\\\/\",\"name\":\"Lanzamiento VETMEDIN - Boehringer Ingelheim - Colegio De Veterinarios De Santa Fe 2da. Circunscripci\u00f3n\",\"isPartOf\":{\"@id\":\"https:\\\/\\\/cmvsf2.org\\\/web\\\/#website\"},\"primaryImageOfPage\":{\"@id\":\"https:\\\/\\\/cmvsf2.org\\\/web\\\/2016\\\/09\\\/22\\\/lanzamiento-vetmedin-boehringer-ingelheim\\\/#primaryimage\"},\"image\":{\"@id\":\"https:\\\/\\\/cmvsf2.org\\\/web\\\/2016\\\/09\\\/22\\\/lanzamiento-vetmedin-boehringer-ingelheim\\\/#primaryimage\"},\"thumbnailUrl\":\"\",\"datePublished\":\"2016-09-22T13:51:32+00:00\",\"description\":\"&nbsp; Disertante Dr. Germ\u00e1n Santamarina Pernas\u00a0 Licenciado en Veterinaria en la Facultad de Veterinaria de Lugo de la Universidad de\u00a0Santiago de\",\"breadcrumb\":{\"@id\":\"https:\\\/\\\/cmvsf2.org\\\/web\\\/2016\\\/09\\\/22\\\/lanzamiento-vetmedin-boehringer-ingelheim\\\/#breadcrumb\"},\"inLanguage\":\"es\",\"potentialAction\":[{\"@type\":\"ReadAction\",\"target\":[\"https:\\\/\\\/cmvsf2.org\\\/web\\\/2016\\\/09\\\/22\\\/lanzamiento-vetmedin-boehringer-ingelheim\\\/\"]}]},{\"@type\":\"ImageObject\",\"inLanguage\":\"es\",\"@id\":\"https:\\\/\\\/cmvsf2.org\\\/web\\\/2016\\\/09\\\/22\\\/lanzamiento-vetmedin-boehringer-ingelheim\\\/#primaryimage\",\"url\":\"\",\"contentUrl\":\"\"},{\"@type\":\"BreadcrumbList\",\"@id\":\"https:\\\/\\\/cmvsf2.org\\\/web\\\/2016\\\/09\\\/22\\\/lanzamiento-vetmedin-boehringer-ingelheim\\\/#breadcrumb\",\"itemListElement\":[{\"@type\":\"ListItem\",\"position\":1,\"name\":\"Portada\",\"item\":\"https:\\\/\\\/cmvsf2.org\\\/web\\\/\"},{\"@type\":\"ListItem\",\"position\":2,\"name\":\"Lanzamiento VETMEDIN &#8211; Boehringer Ingelheim\"}]},{\"@type\":\"WebSite\",\"@id\":\"https:\\\/\\\/cmvsf2.org\\\/web\\\/#website\",\"url\":\"https:\\\/\\\/cmvsf2.org\\\/web\\\/\",\"name\":\"Colegio De Veterinarios De Santa Fe 2da. Circunscripci\u00f3n\",\"description\":\"Sitio institucional del Colegio de M\u00e9dicos Veterinario de Santa Fe 2da. Circunscripci\u00f3n\",\"publisher\":{\"@id\":\"https:\\\/\\\/cmvsf2.org\\\/web\\\/#organization\"},\"potentialAction\":[{\"@type\":\"SearchAction\",\"target\":{\"@type\":\"EntryPoint\",\"urlTemplate\":\"https:\\\/\\\/cmvsf2.org\\\/web\\\/?s={search_term_string}\"},\"query-input\":{\"@type\":\"PropertyValueSpecification\",\"valueRequired\":true,\"valueName\":\"search_term_string\"}}],\"inLanguage\":\"es\"},{\"@type\":\"Organization\",\"@id\":\"https:\\\/\\\/cmvsf2.org\\\/web\\\/#organization\",\"name\":\"Colegio De Veterinarios De Santa Fe 2da. Circunscripci\u00f3n\",\"url\":\"https:\\\/\\\/cmvsf2.org\\\/web\\\/\",\"logo\":{\"@type\":\"ImageObject\",\"inLanguage\":\"es\",\"@id\":\"https:\\\/\\\/cmvsf2.org\\\/web\\\/#\\\/schema\\\/logo\\\/image\\\/\",\"url\":\"http:\\\/\\\/cmvsf2.org\\\/web\\\/wp-content\\\/uploads\\\/2020\\\/03\\\/vector-logo-02.png\",\"contentUrl\":\"http:\\\/\\\/cmvsf2.org\\\/web\\\/wp-content\\\/uploads\\\/2020\\\/03\\\/vector-logo-02.png\",\"width\":2750,\"height\":642,\"caption\":\"Colegio De Veterinarios De Santa Fe 2da. Circunscripci\u00f3n\"},\"image\":{\"@id\":\"https:\\\/\\\/cmvsf2.org\\\/web\\\/#\\\/schema\\\/logo\\\/image\\\/\"}},{\"@type\":\"Person\",\"@id\":\"https:\\\/\\\/cmvsf2.org\\\/web\\\/#\\\/schema\\\/person\\\/46ea3630099a4a3df8d89f07cf5f7520\",\"name\":\"cmvsf2\",\"image\":{\"@type\":\"ImageObject\",\"inLanguage\":\"es\",\"@id\":\"https:\\\/\\\/secure.gravatar.com\\\/avatar\\\/669647b61c77f28f1aa51df04174a5ecb296e9988b4a93d2870666cd1f502cd7?s=96&d=mm&r=g\",\"url\":\"https:\\\/\\\/secure.gravatar.com\\\/avatar\\\/669647b61c77f28f1aa51df04174a5ecb296e9988b4a93d2870666cd1f502cd7?s=96&d=mm&r=g\",\"contentUrl\":\"https:\\\/\\\/secure.gravatar.com\\\/avatar\\\/669647b61c77f28f1aa51df04174a5ecb296e9988b4a93d2870666cd1f502cd7?s=96&d=mm&r=g\",\"caption\":\"cmvsf2\"}}]}<\/script>\n<!-- \/ Yoast SEO plugin. -->","yoast_head_json":{"title":"Lanzamiento VETMEDIN - Boehringer Ingelheim - Colegio De Veterinarios De Santa Fe 2da. Circunscripci\u00f3n","description":"&nbsp; Disertante Dr. Germ\u00e1n Santamarina Pernas\u00a0 Licenciado en Veterinaria en la Facultad de Veterinaria de Lugo de la Universidad de\u00a0Santiago de","robots":{"index":"index","follow":"follow","max-snippet":"max-snippet:-1","max-image-preview":"max-image-preview:large","max-video-preview":"max-video-preview:-1"},"canonical":"https:\/\/cmvsf2.org\/web\/2016\/09\/22\/lanzamiento-vetmedin-boehringer-ingelheim\/","og_locale":"es_ES","og_type":"article","og_title":"Lanzamiento VETMEDIN - Boehringer Ingelheim - Colegio De Veterinarios De Santa Fe 2da. Circunscripci\u00f3n","og_description":"&nbsp; Disertante Dr. Germ\u00e1n Santamarina Pernas\u00a0 Licenciado en Veterinaria en la Facultad de Veterinaria de Lugo de la Universidad de\u00a0Santiago de","og_url":"https:\/\/cmvsf2.org\/web\/2016\/09\/22\/lanzamiento-vetmedin-boehringer-ingelheim\/","og_site_name":"Colegio De Veterinarios De Santa Fe 2da. Circunscripci\u00f3n","article_published_time":"2016-09-22T13:51:32+00:00","og_image":[{"width":441,"height":100,"url":"https:\/\/cmvsf2.org\/web\/wp-content\/uploads\/2020\/09\/logo.png","type":"image\/png"}],"author":"cmvsf2","twitter_card":"summary_large_image","twitter_misc":{"Escrito por":"cmvsf2","Tiempo de lectura":"1 minuto"},"schema":{"@context":"https:\/\/schema.org","@graph":[{"@type":"Article","@id":"https:\/\/cmvsf2.org\/web\/2016\/09\/22\/lanzamiento-vetmedin-boehringer-ingelheim\/#article","isPartOf":{"@id":"https:\/\/cmvsf2.org\/web\/2016\/09\/22\/lanzamiento-vetmedin-boehringer-ingelheim\/"},"author":{"name":"cmvsf2","@id":"https:\/\/cmvsf2.org\/web\/#\/schema\/person\/46ea3630099a4a3df8d89f07cf5f7520"},"headline":"Lanzamiento VETMEDIN &#8211; Boehringer Ingelheim","datePublished":"2016-09-22T13:51:32+00:00","mainEntityOfPage":{"@id":"https:\/\/cmvsf2.org\/web\/2016\/09\/22\/lanzamiento-vetmedin-boehringer-ingelheim\/"},"wordCount":126,"commentCount":0,"publisher":{"@id":"https:\/\/cmvsf2.org\/web\/#organization"},"image":{"@id":"https:\/\/cmvsf2.org\/web\/2016\/09\/22\/lanzamiento-vetmedin-boehringer-ingelheim\/#primaryimage"},"thumbnailUrl":"","inLanguage":"es"},{"@type":"WebPage","@id":"https:\/\/cmvsf2.org\/web\/2016\/09\/22\/lanzamiento-vetmedin-boehringer-ingelheim\/","url":"https:\/\/cmvsf2.org\/web\/2016\/09\/22\/lanzamiento-vetmedin-boehringer-ingelheim\/","name":"Lanzamiento VETMEDIN - Boehringer Ingelheim - Colegio De Veterinarios De Santa Fe 2da. Circunscripci\u00f3n","isPartOf":{"@id":"https:\/\/cmvsf2.org\/web\/#website"},"primaryImageOfPage":{"@id":"https:\/\/cmvsf2.org\/web\/2016\/09\/22\/lanzamiento-vetmedin-boehringer-ingelheim\/#primaryimage"},"image":{"@id":"https:\/\/cmvsf2.org\/web\/2016\/09\/22\/lanzamiento-vetmedin-boehringer-ingelheim\/#primaryimage"},"thumbnailUrl":"","datePublished":"2016-09-22T13:51:32+00:00","description":"&nbsp; Disertante Dr. Germ\u00e1n Santamarina Pernas\u00a0 Licenciado en Veterinaria en la Facultad de Veterinaria de Lugo de la Universidad de\u00a0Santiago de","breadcrumb":{"@id":"https:\/\/cmvsf2.org\/web\/2016\/09\/22\/lanzamiento-vetmedin-boehringer-ingelheim\/#breadcrumb"},"inLanguage":"es","potentialAction":[{"@type":"ReadAction","target":["https:\/\/cmvsf2.org\/web\/2016\/09\/22\/lanzamiento-vetmedin-boehringer-ingelheim\/"]}]},{"@type":"ImageObject","inLanguage":"es","@id":"https:\/\/cmvsf2.org\/web\/2016\/09\/22\/lanzamiento-vetmedin-boehringer-ingelheim\/#primaryimage","url":"","contentUrl":""},{"@type":"BreadcrumbList","@id":"https:\/\/cmvsf2.org\/web\/2016\/09\/22\/lanzamiento-vetmedin-boehringer-ingelheim\/#breadcrumb","itemListElement":[{"@type":"ListItem","position":1,"name":"Portada","item":"https:\/\/cmvsf2.org\/web\/"},{"@type":"ListItem","position":2,"name":"Lanzamiento VETMEDIN &#8211; Boehringer Ingelheim"}]},{"@type":"WebSite","@id":"https:\/\/cmvsf2.org\/web\/#website","url":"https:\/\/cmvsf2.org\/web\/","name":"Colegio De Veterinarios De Santa Fe 2da. Circunscripci\u00f3n","description":"Sitio institucional del Colegio de M\u00e9dicos Veterinario de Santa Fe 2da. Circunscripci\u00f3n","publisher":{"@id":"https:\/\/cmvsf2.org\/web\/#organization"},"potentialAction":[{"@type":"SearchAction","target":{"@type":"EntryPoint","urlTemplate":"https:\/\/cmvsf2.org\/web\/?s={search_term_string}"},"query-input":{"@type":"PropertyValueSpecification","valueRequired":true,"valueName":"search_term_string"}}],"inLanguage":"es"},{"@type":"Organization","@id":"https:\/\/cmvsf2.org\/web\/#organization","name":"Colegio De Veterinarios De Santa Fe 2da. Circunscripci\u00f3n","url":"https:\/\/cmvsf2.org\/web\/","logo":{"@type":"ImageObject","inLanguage":"es","@id":"https:\/\/cmvsf2.org\/web\/#\/schema\/logo\/image\/","url":"http:\/\/cmvsf2.org\/web\/wp-content\/uploads\/2020\/03\/vector-logo-02.png","contentUrl":"http:\/\/cmvsf2.org\/web\/wp-content\/uploads\/2020\/03\/vector-logo-02.png","width":2750,"height":642,"caption":"Colegio De Veterinarios De Santa Fe 2da. Circunscripci\u00f3n"},"image":{"@id":"https:\/\/cmvsf2.org\/web\/#\/schema\/logo\/image\/"}},{"@type":"Person","@id":"https:\/\/cmvsf2.org\/web\/#\/schema\/person\/46ea3630099a4a3df8d89f07cf5f7520","name":"cmvsf2","image":{"@type":"ImageObject","inLanguage":"es","@id":"https:\/\/secure.gravatar.com\/avatar\/669647b61c77f28f1aa51df04174a5ecb296e9988b4a93d2870666cd1f502cd7?s=96&d=mm&r=g","url":"https:\/\/secure.gravatar.com\/avatar\/669647b61c77f28f1aa51df04174a5ecb296e9988b4a93d2870666cd1f502cd7?s=96&d=mm&r=g","contentUrl":"https:\/\/secure.gravatar.com\/avatar\/669647b61c77f28f1aa51df04174a5ecb296e9988b4a93d2870666cd1f502cd7?s=96&d=mm&r=g","caption":"cmvsf2"}}]}},"_links":{"self":[{"href":"https:\/\/cmvsf2.org\/web\/wp-json\/wp\/v2\/posts\/2463","targetHints":{"allow":["GET"]}}],"collection":[{"href":"https:\/\/cmvsf2.org\/web\/wp-json\/wp\/v2\/posts"}],"about":[{"href":"https:\/\/cmvsf2.org\/web\/wp-json\/wp\/v2\/types\/post"}],"author":[{"embeddable":true,"href":"https:\/\/cmvsf2.org\/web\/wp-json\/wp\/v2\/users\/3"}],"replies":[{"embeddable":true,"href":"https:\/\/cmvsf2.org\/web\/wp-json\/wp\/v2\/comments?post=2463"}],"version-history":[{"count":0,"href":"https:\/\/cmvsf2.org\/web\/wp-json\/wp\/v2\/posts\/2463\/revisions"}],"wp:featuredmedia":[{"embeddable":true,"href":"https:\/\/cmvsf2.org\/web\/wp-json\/"}],"wp:attachment":[{"href":"https:\/\/cmvsf2.org\/web\/wp-json\/wp\/v2\/media?parent=2463"}],"wp:term":[{"taxonomy":"category","embeddable":true,"href":"https:\/\/cmvsf2.org\/web\/wp-json\/wp\/v2\/categories?post=2463"},{"taxonomy":"post_tag","embeddable":true,"href":"https:\/\/cmvsf2.org\/web\/wp-json\/wp\/v2\/tags?post=2463"}],"curies":[{"name":"wp","href":"https:\/\/api.w.org\/{rel}","templated":true}]}}